{"id":20177,"date":"2026-02-17T10:17:05","date_gmt":"2026-02-17T09:17:05","guid":{"rendered":"https:\/\/www.asajacyl.com\/salamanca\/?p=20177"},"modified":"2026-03-11T09:34:54","modified_gmt":"2026-03-11T08:34:54","slug":"ayudas-de-prevencion-de-danos-a-los-bosques-y-selvicultura-convocatoria-2026","status":"publish","type":"post","link":"https:\/\/www.asajacyl.com\/salamanca\/asaja-salamanca-informa\/noticias\/ayudas-de-prevencion-de-danos-a-los-bosques-y-selvicultura-convocatoria-2026","title":{"rendered":"Ayudas de Prevenci\u00f3n de Da\u00f1os a los Bosques y Selvicultura (Convocatoria 2026)"},"content":{"rendered":"\n<p>El pasado jueves, 29 de enero de 2026, se public\u00f3 en el Bolet\u00edn Oficial de Castilla y Le\u00f3n el&nbsp;<a href=\"https:\/\/bocyl.jcyl.es\/boletines\/2026\/01\/29\/pdf\/BOCYL-D-29012026-19-5.pdf\" target=\"_blank\" rel=\"noreferrer noopener\"><em>extracto de la Orden de 26 de enero de 2026<\/em><\/a>, de la Consejer\u00eda de Medio Ambiente, Vivienda y Ordenaci\u00f3n del Territorio, por la que se convocan las&nbsp;<strong>ayudas destinadas a la prevenci\u00f3n de da\u00f1os y selvicultura<\/strong>, cofinanciadas por el Fondo Europeo Agr\u00edcola de Desarrollo Rural (FEADER), en el marco del Plan Estrat\u00e9gico de la Pol\u00edtica Agr\u00edcola Com\u00fan (PEPAC) de Espa\u00f1a 2023-2027, para el a\u00f1o 2026.<\/p>\n\n\n\n<p>En esta entrada queremos comentar las principales caracter\u00edsticas de las ayudas respondiendo a las preguntas que nuestros clientes suelen hacernos en este tipo de convocatorias. Comenzamos\u2026<\/p>\n\n\n\n<h3 class=\"wp-block-heading\"><em>\u00bfQu\u00e9 persiguen estas ayudas?<\/em><\/h3>\n\n\n\n<p>La finalidad principal es financiar, por un lado, la redacci\u00f3n de un&nbsp;<strong>plan quinquenal de actuaciones selv\u00edcolas&nbsp;<\/strong>para prevenir los posibles da\u00f1os en las masas forestales causados por incendios forestales y\/u otros fen\u00f3menos clim\u00e1ticos adversos y, por otro, la&nbsp;<strong>ejecuci\u00f3n de las actuaciones propuestas<\/strong>&nbsp;en dicho plan.<\/p>\n\n\n\n<h3 class=\"wp-block-heading\"><em>\u00bfQui\u00e9n puede ser beneficiario?<\/em><\/h3>\n\n\n\n<p>Las personas y entidades que pueden solicitar la ayuda son las relacionadas en el Art\u00edculo 6.1 de las&nbsp;<a href=\"https:\/\/bocyl.jcyl.es\/boletines\/2025\/12\/30\/pdf\/BOCYL-D-30122025-10.pdf\" target=\"_blank\" rel=\"noreferrer noopener\"><em>bases reguladoras<\/em><\/a>:<\/p>\n\n\n\n<ul>\n<li>Personas f\u00edsicas o jur\u00eddicas titulares de explotaciones o terrenos forestales en r\u00e9gimen privado.<\/li>\n\n\n\n<li>Agrupaciones de varios titulares (sin necesidad de constituir una personalidad jur\u00eddica). Las entidades locales solo pueden agruparse entre s\u00ed.<\/li>\n\n\n\n<li>Comunidades de bienes.<\/li>\n<\/ul>\n\n\n\n<h3 class=\"wp-block-heading\"><strong><em>\u00bfQu\u00e9 terrenos pueden acogerse a la ayuda?<\/em><\/strong><\/h3>\n\n\n\n<p>Pueden ser beneficiarios los titulares de explotaciones o terrenos forestales en r\u00e9gimen privado que cumplan con las siguientes condiciones:<\/p>\n\n\n\n<ul>\n<li>Estar definidos como monte o terreno forestal, identificados en el Sistema de Identificaci\u00f3n Geogr\u00e1fica de las Parcelas Agr\u00edcolas (SIGPAC):\n<ul>\n<li>Forestal (FO)<\/li>\n\n\n\n<li>Pastizal (PS)<\/li>\n\n\n\n<li>Pasto arbustivo (PR)<\/li>\n\n\n\n<li>Pasto con arbolado (PA)<\/li>\n\n\n\n<li>Matorral (MT)<\/li>\n\n\n\n<li>Improductivo (IM).<\/li>\n<\/ul>\n<\/li>\n\n\n\n<li>Las explotaciones de 100 o m\u00e1s hect\u00e1reas deben tener un plan de gesti\u00f3n forestal aprobado y en vigor (se incluye bajo esta denominaci\u00f3n los llamados \u00ab<strong><a href=\"https:\/\/medioambiente.jcyl.es\/web\/jcyl\/MedioAmbiente\/es\/Plantilla100Detalle\/1235463972589\/Texto%20Generico\/1285390587232\/Texto\" target=\"_blank\" rel=\"noreferrer noopener\">referentes selv\u00edcolas<\/a><\/strong>\u00ab).<\/li>\n\n\n\n<li>Contar con una&nbsp;<strong>superficie m\u00ednima quinquenal de 25 hect\u00e1reas<\/strong>&nbsp;para la realizaci\u00f3n de tratamientos selv\u00edcolas.<\/li>\n\n\n\n<li>No se admiten terrenos que formen parte de Montes de Utilidad P\u00fablica o que hayan recibido subvenciones anteriores para trabajos similares en la misma superficie.<\/li>\n<\/ul>\n\n\n\n<h3 class=\"wp-block-heading\"><strong><em>\u00bfQu\u00e9 tipo de trabajo subvencionan?<\/em><\/strong><\/h3>\n\n\n\n<p>Las ayudas subvencionan la elaboraci\u00f3n del plan de prevenci\u00f3n y la ejecuci\u00f3n de diversas actuaciones, entre otras, las siguientes::<\/p>\n\n\n\n<ul>\n<li><strong>Planificaci\u00f3n forestal<\/strong>: redacci\u00f3n del plan de actuaciones preventivas.<\/li>\n\n\n\n<li><strong>Tratamientos selv\u00edcolas<\/strong>:\n<ul>\n<li>Poda<\/li>\n\n\n\n<li>Gradeo<\/li>\n\n\n\n<li>Clareo<\/li>\n\n\n\n<li>Desbroce<\/li>\n\n\n\n<li>Tratamiento de restos<\/li>\n\n\n\n<li>Protectores para densificaci\u00f3n de arbolado.<\/li>\n<\/ul>\n<\/li>\n\n\n\n<li><strong>Infraestructuras forestales<\/strong>:\n<ul>\n<li>Apertura y conservaci\u00f3n de cortafuegos<\/li>\n\n\n\n<li>Construcci\u00f3n de dep\u00f3sitos<\/li>\n\n\n\n<li>Construcci\u00f3n y conservaci\u00f3n de pistas<\/li>\n\n\n\n<li>Instalaci\u00f3n de pasos de agua.<\/li>\n<\/ul>\n<\/li>\n<\/ul>\n\n\n\n<h3 class=\"wp-block-heading\"><strong><em>\u00bfCu\u00e1les son los criterios de valoraci\u00f3n?<\/em><\/strong><\/h3>\n\n\n\n<p>Las solicitudes se seleccionan en r\u00e9gimen de&nbsp;<strong>concurrencia competitiva<\/strong>, por lo que la puntuaci\u00f3n es clave. \u00a1Ojo!&nbsp;Para ser seleccionado hay que obtener una&nbsp;<strong>puntuaci\u00f3n m\u00ednima igual o superior a 12 puntos<\/strong>&nbsp;y&nbsp;<strong>puntuar en al menos tres de los criterios<\/strong>:<\/p>\n\n\n\n<ul>\n<li><strong>CS1.- Tipo de labor<\/strong>, obteniendo mayor puntuaci\u00f3n a mayor importe en tratamientos selv\u00edcolas (m\u00e1ximo 18 puntos).<\/li>\n\n\n\n<li><strong>CS2.- Superficie contin\u00faa<\/strong>, con una mayor puntuaci\u00f3n cuanto mayor sea la superficie continua de actuaci\u00f3n (m\u00e1ximo 12 puntos).<\/li>\n\n\n\n<li><strong>CS3.- Agrupaci\u00f3n de titulares<\/strong>, obteniendo una mayor puntuaci\u00f3n aquellas solicitudes donde se agrupen un mayor n\u00famero de titulares (m\u00e1ximo 10 puntos).<\/li>\n\n\n\n<li><strong>CS4.- \u00c1reas de peligro de incendios forestales<\/strong>, tendr\u00e1n una mayor puntuaci\u00f3n las explotaciones ubicadas en \u00e1reas con mayor peligro de incendios forestales (m\u00e1ximo 10 puntos).<\/li>\n\n\n\n<li><strong>CS5.- Planificaci\u00f3n de la gesti\u00f3n<\/strong>, se dar\u00e1 prioridad aquellas solicitudes que cuenten con un plan de gesti\u00f3n forestal aprobado (m\u00e1ximo 8 puntos).<\/li>\n\n\n\n<li><strong>CS6.- Asociaci\u00f3n de propietarios forestales<\/strong>, ser miembro de una entidad de propietarios forestales (m\u00e1ximo 8 puntos).<\/li>\n\n\n\n<li><strong>CS7.- Procedencia de masas forestales<\/strong>, obteniendo una mayor puntuaci\u00f3n las explotaciones procedentes de forestaciones (m\u00e1ximo 6 puntos).<\/li>\n\n\n\n<li><strong>CS8.-Certificaci\u00f3n forestal<\/strong>, referente a que los terrenos de la explotaci\u00f3n forestal est\u00e9n adheridos a un sistema de certificaci\u00f3n de Gesti\u00f3n Forestal Sostenible, los cuales son PEFC o FSC (m\u00e1ximo 4 puntos).<\/li>\n\n\n\n<li><strong>CS9.- Ubicaci\u00f3n de los terrenos<\/strong>, hace referencia a la localizaci\u00f3n de los terrenos de la explotaci\u00f3n en Espacios Naturales Protegidos o Red Natura 2000 (m\u00e1ximo 3 puntos).<\/li>\n\n\n\n<li><strong>CS10.- Integraci\u00f3n de las personas con discapacidad<\/strong>&nbsp;(m\u00e1ximo 1 punto).<\/li>\n<\/ul>\n\n\n\n<h3 class=\"wp-block-heading\"><strong><em>\u00bfHasta cu\u00e1ndo se pueden presentar solicitudes?<\/em><\/strong><\/h3>\n\n\n\n<p>El plazo de presentaci\u00f3n de solicitudes para esta convocatoria finaliza el&nbsp;<strong>20 de marzo de 2026<\/strong>&nbsp;(incluido).<\/p>\n\n\n\n<h3 class=\"wp-block-heading\"><strong><em>\u00bfCu\u00e1les son los importes que subvencionan?<\/em><\/strong><\/h3>\n\n\n\n<p>El importe total de la ayuda por expediente oscila entre un m\u00ednimo de&nbsp;<strong>30.000 euros<\/strong>&nbsp;y un m\u00e1ximo de&nbsp;<strong>90.000 euros<\/strong>, repartidos durante los 5 a\u00f1os de duraci\u00f3n del plan de prevenci\u00f3n, equivalentes a 6.000 y 18.000 euros cada anualidad. Los importes de cada uno de los expedientes se calcula mediante un sistema de m\u00f3dulos o costes est\u00e1ndar detallados en el Anexo II de las bases reguladoras.&nbsp;<strong>Se financia hasta el 100% del importe solicitado<\/strong>.&nbsp;<\/p>\n\n\n\n<h3 class=\"wp-block-heading\"><strong><em>En definitiva\u2026<\/em><\/strong><\/h3>\n\n\n\n<p>Estas ayudas establece un marco integral para fomentar la gesti\u00f3n forestal activa en terrenos particulares o privados de Castilla y Le\u00f3n, con un fuerte enfoque en la&nbsp;<strong>prevenci\u00f3n de incendios forestales<\/strong>. La financiaci\u00f3n a cinco a\u00f1os y el uso de m\u00f3dulos de costes estandarizados buscan dar estabilidad a las inversiones, incentivando la agrupaci\u00f3n de propietarios y la certificaci\u00f3n forestal mediante criterios de valoraci\u00f3n espec\u00edficos.<\/p>\n\n\n\n<p>Si tu explotaci\u00f3n forestal cumple con las condiciones que hemos expuesto, esta convocatoria es el punto de partida que necesitas para realizar trabajos selv\u00edcolas en t\u00fa monte.&nbsp;Los&nbsp;<strong>45.000.000 \u20ac&nbsp;<\/strong>de presupuesto&nbsp;con los que se ha iniciado esta convocatoria, desde nuestro punto de vista, permite ser optimistas de cara a que seas beneficiario.<\/p>\n\n\n\n<p>Ponte en\u00a0contacto con ASAJA Salamanca para asesorarte y que puedas concurrir a ellas con las mejores garant\u00edas de resultar beneficiario.<\/p>\n","protected":false},"excerpt":{"rendered":"<p>El pasado jueves, 29 de enero de 2026, se public\u00f3 en el Bolet\u00edn Oficial de Castilla y Le\u00f3n el&nbsp;extracto de la Orden de 26 de enero de 2026, de la Consejer\u00eda de Medio Ambiente, Vivienda y Ordenaci\u00f3n del Territorio, por la que se convocan las&nbsp;ayudas destinadas a la prevenci\u00f3n de da\u00f1os y selvicultura, cofinanciadas por [&hellip;]<\/p>\n","protected":false},"author":10,"featured_media":20180,"comment_status":"open","ping_status":"open","sticky":false,"template":"","format":"standard","meta":{"footnotes":""},"categories":[510],"tags":[],"yoast_head":"<!-- This site is optimized with the Yoast SEO plugin v24.5 - https:\/\/yoast.com\/wordpress\/plugins\/seo\/ -->\n<title>Ayudas de Prevenci\u00f3n de Da\u00f1os a los Bosques y Selvicultura (Convocatoria 2026) - ASAJA Salamanca<\/title>\n<meta name=\"description\" content=\"El pasado jueves, 29 de enero de 2026, se public\u00f3 en el Bolet\u00edn Oficial de Castilla y Le\u00f3n el&nbsp;extracto de la Orden de 26 de enero de 2026, de la\" \/>\n<meta name=\"robots\" content=\"index, follow, max-snippet:-1, max-image-preview:large, max-video-preview:-1\" \/>\n<link rel=\"canonical\" href=\"https:\/\/www.asajacyl.com\/salamanca\/asaja-salamanca-informa\/noticias\/ayudas-de-prevencion-de-danos-a-los-bosques-y-selvicultura-convocatoria-2026\" \/>\n<meta property=\"og:locale\" content=\"es_ES\" \/>\n<meta property=\"og:type\" content=\"article\" \/>\n<meta property=\"og:title\" content=\"Ayudas de Prevenci\u00f3n de Da\u00f1os a los Bosques y Selvicultura (Convocatoria 2026) - ASAJA Salamanca\" \/>\n<meta property=\"og:description\" content=\"El pasado jueves, 29 de enero de 2026, se public\u00f3 en el Bolet\u00edn Oficial de Castilla y Le\u00f3n el&nbsp;extracto de la Orden de 26 de enero de 2026, de la\" \/>\n<meta property=\"og:url\" content=\"https:\/\/www.asajacyl.com\/salamanca\/asaja-salamanca-informa\/noticias\/ayudas-de-prevencion-de-danos-a-los-bosques-y-selvicultura-convocatoria-2026\" \/>\n<meta property=\"og:site_name\" content=\"ASAJA Salamanca\" \/>\n<meta property=\"article:published_time\" content=\"2026-02-17T09:17:05+00:00\" \/>\n<meta property=\"article:modified_time\" content=\"2026-03-11T08:34:54+00:00\" \/>\n<meta property=\"og:image\" content=\"https:\/\/www.asajacyl.com\/salamanca\/wp-content\/uploads\/sites\/7\/2026\/02\/GlBqC5TWoAA7Mbu.jpg\" \/>\n\t<meta property=\"og:image:width\" content=\"935\" \/>\n\t<meta property=\"og:image:height\" content=\"567\" \/>\n\t<meta property=\"og:image:type\" content=\"image\/jpeg\" \/>\n<meta name=\"author\" content=\"Sonia\" \/>\n<meta name=\"twitter:card\" content=\"summary_large_image\" \/>\n<meta name=\"twitter:label1\" content=\"Escrito por\" \/>\n\t<meta name=\"twitter:data1\" content=\"Sonia\" \/>\n\t<meta name=\"twitter:label2\" content=\"Tiempo de lectura\" \/>\n\t<meta name=\"twitter:data2\" content=\"5 minutos\" \/>\n<script type=\"application\/ld+json\" class=\"yoast-schema-graph\">{\"@context\":\"https:\/\/schema.org\",\"@graph\":[{\"@type\":\"WebPage\",\"@id\":\"https:\/\/www.asajacyl.com\/salamanca\/asaja-salamanca-informa\/noticias\/ayudas-de-prevencion-de-danos-a-los-bosques-y-selvicultura-convocatoria-2026\",\"url\":\"https:\/\/www.asajacyl.com\/salamanca\/asaja-salamanca-informa\/noticias\/ayudas-de-prevencion-de-danos-a-los-bosques-y-selvicultura-convocatoria-2026\",\"name\":\"Ayudas de Prevenci\u00f3n de Da\u00f1os a los Bosques y Selvicultura (Convocatoria 2026) - ASAJA Salamanca\",\"isPartOf\":{\"@id\":\"https:\/\/www.asajacyl.com\/salamanca\/#website\"},\"primaryImageOfPage\":{\"@id\":\"https:\/\/www.asajacyl.com\/salamanca\/asaja-salamanca-informa\/noticias\/ayudas-de-prevencion-de-danos-a-los-bosques-y-selvicultura-convocatoria-2026#primaryimage\"},\"image\":{\"@id\":\"https:\/\/www.asajacyl.com\/salamanca\/asaja-salamanca-informa\/noticias\/ayudas-de-prevencion-de-danos-a-los-bosques-y-selvicultura-convocatoria-2026#primaryimage\"},\"thumbnailUrl\":\"https:\/\/www.asajacyl.com\/salamanca\/wp-content\/uploads\/sites\/7\/2026\/02\/GlBqC5TWoAA7Mbu.jpg\",\"datePublished\":\"2026-02-17T09:17:05+00:00\",\"dateModified\":\"2026-03-11T08:34:54+00:00\",\"author\":{\"@id\":\"https:\/\/www.asajacyl.com\/salamanca\/#\/schema\/person\/2bfc7da09988e1087e6291fafe99b67f\"},\"description\":\"El pasado jueves, 29 de enero de 2026, se public\u00f3 en el Bolet\u00edn Oficial de Castilla y Le\u00f3n el&nbsp;extracto de la Orden de 26 de enero de 2026, de la\",\"breadcrumb\":{\"@id\":\"https:\/\/www.asajacyl.com\/salamanca\/asaja-salamanca-informa\/noticias\/ayudas-de-prevencion-de-danos-a-los-bosques-y-selvicultura-convocatoria-2026#breadcrumb\"},\"inLanguage\":\"es\",\"potentialAction\":[{\"@type\":\"ReadAction\",\"target\":[\"https:\/\/www.asajacyl.com\/salamanca\/asaja-salamanca-informa\/noticias\/ayudas-de-prevencion-de-danos-a-los-bosques-y-selvicultura-convocatoria-2026\"]}]},{\"@type\":\"ImageObject\",\"inLanguage\":\"es\",\"@id\":\"https:\/\/www.asajacyl.com\/salamanca\/asaja-salamanca-informa\/noticias\/ayudas-de-prevencion-de-danos-a-los-bosques-y-selvicultura-convocatoria-2026#primaryimage\",\"url\":\"https:\/\/www.asajacyl.com\/salamanca\/wp-content\/uploads\/sites\/7\/2026\/02\/GlBqC5TWoAA7Mbu.jpg\",\"contentUrl\":\"https:\/\/www.asajacyl.com\/salamanca\/wp-content\/uploads\/sites\/7\/2026\/02\/GlBqC5TWoAA7Mbu.jpg\",\"width\":935,\"height\":567},{\"@type\":\"BreadcrumbList\",\"@id\":\"https:\/\/www.asajacyl.com\/salamanca\/asaja-salamanca-informa\/noticias\/ayudas-de-prevencion-de-danos-a-los-bosques-y-selvicultura-convocatoria-2026#breadcrumb\",\"itemListElement\":[{\"@type\":\"ListItem\",\"position\":1,\"name\":\"Portada\",\"item\":\"https:\/\/www.asajacyl.com\/salamanca\/\"},{\"@type\":\"ListItem\",\"position\":2,\"name\":\"Ayudas de Prevenci\u00f3n de Da\u00f1os a los Bosques y Selvicultura (Convocatoria 2026)\"}]},{\"@type\":\"WebSite\",\"@id\":\"https:\/\/www.asajacyl.com\/salamanca\/#website\",\"url\":\"https:\/\/www.asajacyl.com\/salamanca\/\",\"name\":\"ASAJA Salamanca\",\"description\":\"Otro sitio m\u00e1s de Provincias ASAJA Castilla y Le\u00f3n\",\"potentialAction\":[{\"@type\":\"SearchAction\",\"target\":{\"@type\":\"EntryPoint\",\"urlTemplate\":\"https:\/\/www.asajacyl.com\/salamanca\/?s={search_term_string}\"},\"query-input\":{\"@type\":\"PropertyValueSpecification\",\"valueRequired\":true,\"valueName\":\"search_term_string\"}}],\"inLanguage\":\"es\"},{\"@type\":\"Person\",\"@id\":\"https:\/\/www.asajacyl.com\/salamanca\/#\/schema\/person\/2bfc7da09988e1087e6291fafe99b67f\",\"name\":\"Sonia\",\"image\":{\"@type\":\"ImageObject\",\"inLanguage\":\"es\",\"@id\":\"https:\/\/www.asajacyl.com\/salamanca\/#\/schema\/person\/image\/\",\"url\":\"https:\/\/secure.gravatar.com\/avatar\/6b0d6eb461a1e3687cc023d59022ef0d?s=96&d=mm&r=g\",\"contentUrl\":\"https:\/\/secure.gravatar.com\/avatar\/6b0d6eb461a1e3687cc023d59022ef0d?s=96&d=mm&r=g\",\"caption\":\"Sonia\"},\"url\":\"https:\/\/www.asajacyl.com\/salamanca\/author\/juanluisde\"}]}<\/script>\n<!-- \/ Yoast SEO plugin. -->","yoast_head_json":{"title":"Ayudas de Prevenci\u00f3n de Da\u00f1os a los Bosques y Selvicultura (Convocatoria 2026) - ASAJA Salamanca","description":"El pasado jueves, 29 de enero de 2026, se public\u00f3 en el Bolet\u00edn Oficial de Castilla y Le\u00f3n el&nbsp;extracto de la Orden de 26 de enero de 2026, de la","robots":{"index":"index","follow":"follow","max-snippet":"max-snippet:-1","max-image-preview":"max-image-preview:large","max-video-preview":"max-video-preview:-1"},"canonical":"https:\/\/www.asajacyl.com\/salamanca\/asaja-salamanca-informa\/noticias\/ayudas-de-prevencion-de-danos-a-los-bosques-y-selvicultura-convocatoria-2026","og_locale":"es_ES","og_type":"article","og_title":"Ayudas de Prevenci\u00f3n de Da\u00f1os a los Bosques y Selvicultura (Convocatoria 2026) - ASAJA Salamanca","og_description":"El pasado jueves, 29 de enero de 2026, se public\u00f3 en el Bolet\u00edn Oficial de Castilla y Le\u00f3n el&nbsp;extracto de la Orden de 26 de enero de 2026, de la","og_url":"https:\/\/www.asajacyl.com\/salamanca\/asaja-salamanca-informa\/noticias\/ayudas-de-prevencion-de-danos-a-los-bosques-y-selvicultura-convocatoria-2026","og_site_name":"ASAJA Salamanca","article_published_time":"2026-02-17T09:17:05+00:00","article_modified_time":"2026-03-11T08:34:54+00:00","og_image":[{"width":935,"height":567,"url":"https:\/\/www.asajacyl.com\/salamanca\/wp-content\/uploads\/sites\/7\/2026\/02\/GlBqC5TWoAA7Mbu.jpg","type":"image\/jpeg"}],"author":"Sonia","twitter_card":"summary_large_image","twitter_misc":{"Escrito por":"Sonia","Tiempo de lectura":"5 minutos"},"schema":{"@context":"https:\/\/schema.org","@graph":[{"@type":"WebPage","@id":"https:\/\/www.asajacyl.com\/salamanca\/asaja-salamanca-informa\/noticias\/ayudas-de-prevencion-de-danos-a-los-bosques-y-selvicultura-convocatoria-2026","url":"https:\/\/www.asajacyl.com\/salamanca\/asaja-salamanca-informa\/noticias\/ayudas-de-prevencion-de-danos-a-los-bosques-y-selvicultura-convocatoria-2026","name":"Ayudas de Prevenci\u00f3n de Da\u00f1os a los Bosques y Selvicultura (Convocatoria 2026) - ASAJA Salamanca","isPartOf":{"@id":"https:\/\/www.asajacyl.com\/salamanca\/#website"},"primaryImageOfPage":{"@id":"https:\/\/www.asajacyl.com\/salamanca\/asaja-salamanca-informa\/noticias\/ayudas-de-prevencion-de-danos-a-los-bosques-y-selvicultura-convocatoria-2026#primaryimage"},"image":{"@id":"https:\/\/www.asajacyl.com\/salamanca\/asaja-salamanca-informa\/noticias\/ayudas-de-prevencion-de-danos-a-los-bosques-y-selvicultura-convocatoria-2026#primaryimage"},"thumbnailUrl":"https:\/\/www.asajacyl.com\/salamanca\/wp-content\/uploads\/sites\/7\/2026\/02\/GlBqC5TWoAA7Mbu.jpg","datePublished":"2026-02-17T09:17:05+00:00","dateModified":"2026-03-11T08:34:54+00:00","author":{"@id":"https:\/\/www.asajacyl.com\/salamanca\/#\/schema\/person\/2bfc7da09988e1087e6291fafe99b67f"},"description":"El pasado jueves, 29 de enero de 2026, se public\u00f3 en el Bolet\u00edn Oficial de Castilla y Le\u00f3n el&nbsp;extracto de la Orden de 26 de enero de 2026, de la","breadcrumb":{"@id":"https:\/\/www.asajacyl.com\/salamanca\/asaja-salamanca-informa\/noticias\/ayudas-de-prevencion-de-danos-a-los-bosques-y-selvicultura-convocatoria-2026#breadcrumb"},"inLanguage":"es","potentialAction":[{"@type":"ReadAction","target":["https:\/\/www.asajacyl.com\/salamanca\/asaja-salamanca-informa\/noticias\/ayudas-de-prevencion-de-danos-a-los-bosques-y-selvicultura-convocatoria-2026"]}]},{"@type":"ImageObject","inLanguage":"es","@id":"https:\/\/www.asajacyl.com\/salamanca\/asaja-salamanca-informa\/noticias\/ayudas-de-prevencion-de-danos-a-los-bosques-y-selvicultura-convocatoria-2026#primaryimage","url":"https:\/\/www.asajacyl.com\/salamanca\/wp-content\/uploads\/sites\/7\/2026\/02\/GlBqC5TWoAA7Mbu.jpg","contentUrl":"https:\/\/www.asajacyl.com\/salamanca\/wp-content\/uploads\/sites\/7\/2026\/02\/GlBqC5TWoAA7Mbu.jpg","width":935,"height":567},{"@type":"BreadcrumbList","@id":"https:\/\/www.asajacyl.com\/salamanca\/asaja-salamanca-informa\/noticias\/ayudas-de-prevencion-de-danos-a-los-bosques-y-selvicultura-convocatoria-2026#breadcrumb","itemListElement":[{"@type":"ListItem","position":1,"name":"Portada","item":"https:\/\/www.asajacyl.com\/salamanca\/"},{"@type":"ListItem","position":2,"name":"Ayudas de Prevenci\u00f3n de Da\u00f1os a los Bosques y Selvicultura (Convocatoria 2026)"}]},{"@type":"WebSite","@id":"https:\/\/www.asajacyl.com\/salamanca\/#website","url":"https:\/\/www.asajacyl.com\/salamanca\/","name":"ASAJA Salamanca","description":"Otro sitio m\u00e1s de Provincias ASAJA Castilla y Le\u00f3n","potentialAction":[{"@type":"SearchAction","target":{"@type":"EntryPoint","urlTemplate":"https:\/\/www.asajacyl.com\/salamanca\/?s={search_term_string}"},"query-input":{"@type":"PropertyValueSpecification","valueRequired":true,"valueName":"search_term_string"}}],"inLanguage":"es"},{"@type":"Person","@id":"https:\/\/www.asajacyl.com\/salamanca\/#\/schema\/person\/2bfc7da09988e1087e6291fafe99b67f","name":"Sonia","image":{"@type":"ImageObject","inLanguage":"es","@id":"https:\/\/www.asajacyl.com\/salamanca\/#\/schema\/person\/image\/","url":"https:\/\/secure.gravatar.com\/avatar\/6b0d6eb461a1e3687cc023d59022ef0d?s=96&d=mm&r=g","contentUrl":"https:\/\/secure.gravatar.com\/avatar\/6b0d6eb461a1e3687cc023d59022ef0d?s=96&d=mm&r=g","caption":"Sonia"},"url":"https:\/\/www.asajacyl.com\/salamanca\/author\/juanluisde"}]}},"_links":{"self":[{"href":"https:\/\/www.asajacyl.com\/salamanca\/wp-json\/wp\/v2\/posts\/20177"}],"collection":[{"href":"https:\/\/www.asajacyl.com\/salamanca\/wp-json\/wp\/v2\/posts"}],"about":[{"href":"https:\/\/www.asajacyl.com\/salamanca\/wp-json\/wp\/v2\/types\/post"}],"author":[{"embeddable":true,"href":"https:\/\/www.asajacyl.com\/salamanca\/wp-json\/wp\/v2\/users\/10"}],"replies":[{"embeddable":true,"href":"https:\/\/www.asajacyl.com\/salamanca\/wp-json\/wp\/v2\/comments?post=20177"}],"version-history":[{"count":3,"href":"https:\/\/www.asajacyl.com\/salamanca\/wp-json\/wp\/v2\/posts\/20177\/revisions"}],"predecessor-version":[{"id":20183,"href":"https:\/\/www.asajacyl.com\/salamanca\/wp-json\/wp\/v2\/posts\/20177\/revisions\/20183"}],"wp:featuredmedia":[{"embeddable":true,"href":"https:\/\/www.asajacyl.com\/salamanca\/wp-json\/wp\/v2\/media\/20180"}],"wp:attachment":[{"href":"https:\/\/www.asajacyl.com\/salamanca\/wp-json\/wp\/v2\/media?parent=20177"}],"wp:term":[{"taxonomy":"category","embeddable":true,"href":"https:\/\/www.asajacyl.com\/salamanca\/wp-json\/wp\/v2\/categories?post=20177"},{"taxonomy":"post_tag","embeddable":true,"href":"https:\/\/www.asajacyl.com\/salamanca\/wp-json\/wp\/v2\/tags?post=20177"}],"curies":[{"name":"wp","href":"https:\/\/api.w.org\/{rel}","templated":true}]}}