{"id":20184,"date":"2026-02-18T13:00:30","date_gmt":"2026-02-18T12:00:30","guid":{"rendered":"https:\/\/www.asajacyl.com\/salamanca\/?p=20184"},"modified":"2026-03-11T09:34:44","modified_gmt":"2026-03-11T08:34:44","slug":"flexibilizados-los-requisitos-de-la-pac-ante-las-adversidades-meteorologicas","status":"publish","type":"post","link":"https:\/\/www.asajacyl.com\/salamanca\/asaja-salamanca-informa\/destacados\/flexibilizados-los-requisitos-de-la-pac-ante-las-adversidades-meteorologicas","title":{"rendered":"Flexibilizados determinados requisitos de la PAC ante las adversidades meteorol\u00f3gicas"},"content":{"rendered":"\n<p>La <strong>Junta de Castilla y Le\u00f3n<\/strong> ha aprobado una resoluci\u00f3n para <strong>facilitar el acceso a determinadas ayudas de la Pol\u00edtica Agraria Com\u00fan (PAC)<\/strong> tras los efectos adversos de las condiciones meteorol\u00f3gicas registradas durante la \u00faltima campa\u00f1a agr\u00edcola.<\/p>\n\n\n\n<p>Esta medida, publicada oficialmente este <strong>18 de febrero de 2026<\/strong>, responde a la declaraci\u00f3n de excepcionalidad de la campa\u00f1a agr\u00edcola por parte del Gobierno auton\u00f3mico, debido a los continuos episodios de lluvia que han afectado de forma notable a las explotaciones agrarias de la regi\u00f3n.<\/p>\n\n\n\n<h3 class=\"wp-block-heading\"><strong>\u00bfQu\u00e9 cambios introducen las nuevas medidas?<\/strong><\/h3>\n\n\n\n<p>Ante las dificultades para realizar determinadas pr\u00e1cticas agr\u00edcolas \u2014como la rotaci\u00f3n de cultivos o la siembra directa\u2014 la Junta ha establecido <strong>excepciones temporales en el cumplimiento de requisitos relacionados con los ecorreg\u00edmenes<\/strong>, que forman parte de los compromisos medioambientales y de bienestar animal exigidos para acceder a ayudas de la PAC.<\/p>\n\n\n\n<p>En el caso de los&nbsp;ecorreg\u00edmenes, se flexibilizan&nbsp;las pr\u00e1cticas de rotaci\u00f3n de cultivos con especies mejorantes y la de siembra directa:&nbsp;&nbsp;<\/p>\n\n\n\n<ul>\n<li>En rotaci\u00f3n de cultivos, se reduce la rotaci\u00f3n obligatoria del 50 al 25%. Adem\u00e1s, se permite la rotaci\u00f3n con barbecho tras un cultivo de leguminosas. El porcentaje de cultivos mejorantes se mantiene en el 10%, pero el porcentaje de leguminosas se reduce de forma general del 5 al 2,5%.\u00a0<\/li>\n\n\n\n<li>En la pr\u00e1ctica de siembra directa, se reduce el porcentaje de rotaci\u00f3n del 40 al 25% de la superficie acogida a la pr\u00e1ctica. Igualmente se permite la rotaci\u00f3n con barbecho tras un cultivo de leguminosas en 2025.\u00a0\u00a0<\/li>\n<\/ul>\n\n\n\n<p>Por su parte, en las intervenciones medioambientales y clim\u00e1ticas&nbsp;de desarrollo rural:&nbsp;&nbsp;<\/p>\n\n\n\n<ul>\n<li>En la intervenci\u00f3n de agricultura ecol\u00f3gica,\u00a0la certificaci\u00f3n de la producci\u00f3n obtenida se estimar\u00e1 en funci\u00f3n de la media de la zona.\u00a0<\/li>\n\n\n\n<li>En cultivos agroindustriales sostenibles (remolacha azucarera), si la\u00a0siembra\u00a0es menor\u00a0al 80% de la superficie de contrato,\u00a0se deber\u00e1\u00a0presentar\u00a0una alegaci\u00f3n y aportar dos fotograf\u00edas georreferenciadas\u00a0posteriores al 15 de marzo\u00a0con la situaci\u00f3n de la parcela donde se preve\u00eda la siembra de remolacha.\u00a0<\/li>\n<\/ul>\n\n\n\n<p>ASAJA valora que se publiquen ya estas excepciones -que afectan a los ecorreg\u00edmenes de rotaci\u00f3n de cultivos y siembra directa, y a las intervenciones de agricultura ecol\u00f3gica y a la ayuda agroambiental de remolacha-, ya que esta informaci\u00f3n es necesaria para que los agricultores completen sus planes de siembra en una campa\u00f1a que viene muy retrasada. No obstante, la Organizaci\u00f3n Profesional Agraria advierte que todav\u00eda es imposible entrar en muchas fincas por lo que es probable que en pr\u00f3ximas semanas se comprueben da\u00f1os y p\u00e9rdidas que deber\u00edan ser recogidas en una pr\u00f3xima revisi\u00f3n de esta primera resoluci\u00f3n de la Consejer\u00eda.<\/p>\n\n\n\n<p>Desde la organizaci\u00f3n se recuerda a todos los agricultores y ganaderos de la provincia la importancia de revisar c\u00f3mo afectan estas flexibilizaciones a sus solicitudes de la PAC y, en caso de duda, contactar con los servicios t\u00e9cnicos de la organizaci\u00f3n para garantizar que puedan acogerse correctamente a estas excepciones y evitar posibles incidencias en la tramitaci\u00f3n de sus ayudas.<\/p>\n","protected":false},"excerpt":{"rendered":"<p>La Junta de Castilla y Le\u00f3n ha aprobado una resoluci\u00f3n para facilitar el acceso a determinadas ayudas de la Pol\u00edtica Agraria Com\u00fan (PAC) tras los efectos adversos de las condiciones meteorol\u00f3gicas registradas durante la \u00faltima campa\u00f1a agr\u00edcola. Esta medida, publicada oficialmente este 18 de febrero de 2026, responde a la declaraci\u00f3n de excepcionalidad de la [&hellip;]<\/p>\n","protected":false},"author":10,"featured_media":20190,"comment_status":"open","ping_status":"open","sticky":false,"template":"","format":"standard","meta":{"footnotes":""},"categories":[31,510],"tags":[],"yoast_head":"<!-- This site is optimized with the Yoast SEO plugin v24.5 - https:\/\/yoast.com\/wordpress\/plugins\/seo\/ -->\n<title>Flexibilizados determinados requisitos de la PAC ante las adversidades meteorol\u00f3gicas - ASAJA Salamanca<\/title>\n<meta name=\"description\" content=\"La Junta de Castilla y Le\u00f3n ha aprobado una resoluci\u00f3n para facilitar el acceso a determinadas ayudas de la Pol\u00edtica Agraria Com\u00fan (PAC) tras los efectos\" \/>\n<meta name=\"robots\" content=\"index, follow, max-snippet:-1, max-image-preview:large, max-video-preview:-1\" \/>\n<link rel=\"canonical\" href=\"https:\/\/www.asajacyl.com\/salamanca\/asaja-salamanca-informa\/destacados\/flexibilizados-los-requisitos-de-la-pac-ante-las-adversidades-meteorologicas\" \/>\n<meta property=\"og:locale\" content=\"es_ES\" \/>\n<meta property=\"og:type\" content=\"article\" \/>\n<meta property=\"og:title\" content=\"Flexibilizados determinados requisitos de la PAC ante las adversidades meteorol\u00f3gicas - ASAJA Salamanca\" \/>\n<meta property=\"og:description\" content=\"La Junta de Castilla y Le\u00f3n ha aprobado una resoluci\u00f3n para facilitar el acceso a determinadas ayudas de la Pol\u00edtica Agraria Com\u00fan (PAC) tras los efectos\" \/>\n<meta property=\"og:url\" content=\"https:\/\/www.asajacyl.com\/salamanca\/asaja-salamanca-informa\/destacados\/flexibilizados-los-requisitos-de-la-pac-ante-las-adversidades-meteorologicas\" \/>\n<meta property=\"og:site_name\" content=\"ASAJA Salamanca\" \/>\n<meta property=\"article:published_time\" content=\"2026-02-18T12:00:30+00:00\" \/>\n<meta property=\"article:modified_time\" content=\"2026-03-11T08:34:44+00:00\" \/>\n<meta property=\"og:image\" content=\"https:\/\/www.asajacyl.com\/salamanca\/wp-content\/uploads\/sites\/7\/2026\/02\/pacx.jpg\" \/>\n\t<meta property=\"og:image:width\" content=\"550\" \/>\n\t<meta property=\"og:image:height\" content=\"367\" \/>\n\t<meta property=\"og:image:type\" content=\"image\/jpeg\" \/>\n<meta name=\"author\" content=\"Sonia\" \/>\n<meta name=\"twitter:card\" content=\"summary_large_image\" \/>\n<meta name=\"twitter:label1\" content=\"Escrito por\" \/>\n\t<meta name=\"twitter:data1\" content=\"Sonia\" \/>\n\t<meta name=\"twitter:label2\" content=\"Tiempo de lectura\" \/>\n\t<meta name=\"twitter:data2\" content=\"3 minutos\" \/>\n<script type=\"application\/ld+json\" class=\"yoast-schema-graph\">{\"@context\":\"https:\/\/schema.org\",\"@graph\":[{\"@type\":\"WebPage\",\"@id\":\"https:\/\/www.asajacyl.com\/salamanca\/asaja-salamanca-informa\/destacados\/flexibilizados-los-requisitos-de-la-pac-ante-las-adversidades-meteorologicas\",\"url\":\"https:\/\/www.asajacyl.com\/salamanca\/asaja-salamanca-informa\/destacados\/flexibilizados-los-requisitos-de-la-pac-ante-las-adversidades-meteorologicas\",\"name\":\"Flexibilizados determinados requisitos de la PAC ante las adversidades meteorol\u00f3gicas - ASAJA Salamanca\",\"isPartOf\":{\"@id\":\"https:\/\/www.asajacyl.com\/salamanca\/#website\"},\"primaryImageOfPage\":{\"@id\":\"https:\/\/www.asajacyl.com\/salamanca\/asaja-salamanca-informa\/destacados\/flexibilizados-los-requisitos-de-la-pac-ante-las-adversidades-meteorologicas#primaryimage\"},\"image\":{\"@id\":\"https:\/\/www.asajacyl.com\/salamanca\/asaja-salamanca-informa\/destacados\/flexibilizados-los-requisitos-de-la-pac-ante-las-adversidades-meteorologicas#primaryimage\"},\"thumbnailUrl\":\"https:\/\/www.asajacyl.com\/salamanca\/wp-content\/uploads\/sites\/7\/2026\/02\/pacx.jpg\",\"datePublished\":\"2026-02-18T12:00:30+00:00\",\"dateModified\":\"2026-03-11T08:34:44+00:00\",\"author\":{\"@id\":\"https:\/\/www.asajacyl.com\/salamanca\/#\/schema\/person\/2bfc7da09988e1087e6291fafe99b67f\"},\"description\":\"La Junta de Castilla y Le\u00f3n ha aprobado una resoluci\u00f3n para facilitar el acceso a determinadas ayudas de la Pol\u00edtica Agraria Com\u00fan (PAC) tras los efectos\",\"breadcrumb\":{\"@id\":\"https:\/\/www.asajacyl.com\/salamanca\/asaja-salamanca-informa\/destacados\/flexibilizados-los-requisitos-de-la-pac-ante-las-adversidades-meteorologicas#breadcrumb\"},\"inLanguage\":\"es\",\"potentialAction\":[{\"@type\":\"ReadAction\",\"target\":[\"https:\/\/www.asajacyl.com\/salamanca\/asaja-salamanca-informa\/destacados\/flexibilizados-los-requisitos-de-la-pac-ante-las-adversidades-meteorologicas\"]}]},{\"@type\":\"ImageObject\",\"inLanguage\":\"es\",\"@id\":\"https:\/\/www.asajacyl.com\/salamanca\/asaja-salamanca-informa\/destacados\/flexibilizados-los-requisitos-de-la-pac-ante-las-adversidades-meteorologicas#primaryimage\",\"url\":\"https:\/\/www.asajacyl.com\/salamanca\/wp-content\/uploads\/sites\/7\/2026\/02\/pacx.jpg\",\"contentUrl\":\"https:\/\/www.asajacyl.com\/salamanca\/wp-content\/uploads\/sites\/7\/2026\/02\/pacx.jpg\",\"width\":550,\"height\":367,\"caption\":\"Created with GIMP\"},{\"@type\":\"BreadcrumbList\",\"@id\":\"https:\/\/www.asajacyl.com\/salamanca\/asaja-salamanca-informa\/destacados\/flexibilizados-los-requisitos-de-la-pac-ante-las-adversidades-meteorologicas#breadcrumb\",\"itemListElement\":[{\"@type\":\"ListItem\",\"position\":1,\"name\":\"Portada\",\"item\":\"https:\/\/www.asajacyl.com\/salamanca\/\"},{\"@type\":\"ListItem\",\"position\":2,\"name\":\"Flexibilizados determinados requisitos de la PAC ante las adversidades meteorol\u00f3gicas\"}]},{\"@type\":\"WebSite\",\"@id\":\"https:\/\/www.asajacyl.com\/salamanca\/#website\",\"url\":\"https:\/\/www.asajacyl.com\/salamanca\/\",\"name\":\"ASAJA Salamanca\",\"description\":\"Otro sitio m\u00e1s de Provincias ASAJA Castilla y Le\u00f3n\",\"potentialAction\":[{\"@type\":\"SearchAction\",\"target\":{\"@type\":\"EntryPoint\",\"urlTemplate\":\"https:\/\/www.asajacyl.com\/salamanca\/?s={search_term_string}\"},\"query-input\":{\"@type\":\"PropertyValueSpecification\",\"valueRequired\":true,\"valueName\":\"search_term_string\"}}],\"inLanguage\":\"es\"},{\"@type\":\"Person\",\"@id\":\"https:\/\/www.asajacyl.com\/salamanca\/#\/schema\/person\/2bfc7da09988e1087e6291fafe99b67f\",\"name\":\"Sonia\",\"image\":{\"@type\":\"ImageObject\",\"inLanguage\":\"es\",\"@id\":\"https:\/\/www.asajacyl.com\/salamanca\/#\/schema\/person\/image\/\",\"url\":\"https:\/\/secure.gravatar.com\/avatar\/6b0d6eb461a1e3687cc023d59022ef0d?s=96&d=mm&r=g\",\"contentUrl\":\"https:\/\/secure.gravatar.com\/avatar\/6b0d6eb461a1e3687cc023d59022ef0d?s=96&d=mm&r=g\",\"caption\":\"Sonia\"},\"url\":\"https:\/\/www.asajacyl.com\/salamanca\/author\/juanluisde\"}]}<\/script>\n<!-- \/ Yoast SEO plugin. -->","yoast_head_json":{"title":"Flexibilizados determinados requisitos de la PAC ante las adversidades meteorol\u00f3gicas - ASAJA Salamanca","description":"La Junta de Castilla y Le\u00f3n ha aprobado una resoluci\u00f3n para facilitar el acceso a determinadas ayudas de la Pol\u00edtica Agraria Com\u00fan (PAC) tras los efectos","robots":{"index":"index","follow":"follow","max-snippet":"max-snippet:-1","max-image-preview":"max-image-preview:large","max-video-preview":"max-video-preview:-1"},"canonical":"https:\/\/www.asajacyl.com\/salamanca\/asaja-salamanca-informa\/destacados\/flexibilizados-los-requisitos-de-la-pac-ante-las-adversidades-meteorologicas","og_locale":"es_ES","og_type":"article","og_title":"Flexibilizados determinados requisitos de la PAC ante las adversidades meteorol\u00f3gicas - ASAJA Salamanca","og_description":"La Junta de Castilla y Le\u00f3n ha aprobado una resoluci\u00f3n para facilitar el acceso a determinadas ayudas de la Pol\u00edtica Agraria Com\u00fan (PAC) tras los efectos","og_url":"https:\/\/www.asajacyl.com\/salamanca\/asaja-salamanca-informa\/destacados\/flexibilizados-los-requisitos-de-la-pac-ante-las-adversidades-meteorologicas","og_site_name":"ASAJA Salamanca","article_published_time":"2026-02-18T12:00:30+00:00","article_modified_time":"2026-03-11T08:34:44+00:00","og_image":[{"width":550,"height":367,"url":"https:\/\/www.asajacyl.com\/salamanca\/wp-content\/uploads\/sites\/7\/2026\/02\/pacx.jpg","type":"image\/jpeg"}],"author":"Sonia","twitter_card":"summary_large_image","twitter_misc":{"Escrito por":"Sonia","Tiempo de lectura":"3 minutos"},"schema":{"@context":"https:\/\/schema.org","@graph":[{"@type":"WebPage","@id":"https:\/\/www.asajacyl.com\/salamanca\/asaja-salamanca-informa\/destacados\/flexibilizados-los-requisitos-de-la-pac-ante-las-adversidades-meteorologicas","url":"https:\/\/www.asajacyl.com\/salamanca\/asaja-salamanca-informa\/destacados\/flexibilizados-los-requisitos-de-la-pac-ante-las-adversidades-meteorologicas","name":"Flexibilizados determinados requisitos de la PAC ante las adversidades meteorol\u00f3gicas - ASAJA Salamanca","isPartOf":{"@id":"https:\/\/www.asajacyl.com\/salamanca\/#website"},"primaryImageOfPage":{"@id":"https:\/\/www.asajacyl.com\/salamanca\/asaja-salamanca-informa\/destacados\/flexibilizados-los-requisitos-de-la-pac-ante-las-adversidades-meteorologicas#primaryimage"},"image":{"@id":"https:\/\/www.asajacyl.com\/salamanca\/asaja-salamanca-informa\/destacados\/flexibilizados-los-requisitos-de-la-pac-ante-las-adversidades-meteorologicas#primaryimage"},"thumbnailUrl":"https:\/\/www.asajacyl.com\/salamanca\/wp-content\/uploads\/sites\/7\/2026\/02\/pacx.jpg","datePublished":"2026-02-18T12:00:30+00:00","dateModified":"2026-03-11T08:34:44+00:00","author":{"@id":"https:\/\/www.asajacyl.com\/salamanca\/#\/schema\/person\/2bfc7da09988e1087e6291fafe99b67f"},"description":"La Junta de Castilla y Le\u00f3n ha aprobado una resoluci\u00f3n para facilitar el acceso a determinadas ayudas de la Pol\u00edtica Agraria Com\u00fan (PAC) tras los efectos","breadcrumb":{"@id":"https:\/\/www.asajacyl.com\/salamanca\/asaja-salamanca-informa\/destacados\/flexibilizados-los-requisitos-de-la-pac-ante-las-adversidades-meteorologicas#breadcrumb"},"inLanguage":"es","potentialAction":[{"@type":"ReadAction","target":["https:\/\/www.asajacyl.com\/salamanca\/asaja-salamanca-informa\/destacados\/flexibilizados-los-requisitos-de-la-pac-ante-las-adversidades-meteorologicas"]}]},{"@type":"ImageObject","inLanguage":"es","@id":"https:\/\/www.asajacyl.com\/salamanca\/asaja-salamanca-informa\/destacados\/flexibilizados-los-requisitos-de-la-pac-ante-las-adversidades-meteorologicas#primaryimage","url":"https:\/\/www.asajacyl.com\/salamanca\/wp-content\/uploads\/sites\/7\/2026\/02\/pacx.jpg","contentUrl":"https:\/\/www.asajacyl.com\/salamanca\/wp-content\/uploads\/sites\/7\/2026\/02\/pacx.jpg","width":550,"height":367,"caption":"Created with GIMP"},{"@type":"BreadcrumbList","@id":"https:\/\/www.asajacyl.com\/salamanca\/asaja-salamanca-informa\/destacados\/flexibilizados-los-requisitos-de-la-pac-ante-las-adversidades-meteorologicas#breadcrumb","itemListElement":[{"@type":"ListItem","position":1,"name":"Portada","item":"https:\/\/www.asajacyl.com\/salamanca\/"},{"@type":"ListItem","position":2,"name":"Flexibilizados determinados requisitos de la PAC ante las adversidades meteorol\u00f3gicas"}]},{"@type":"WebSite","@id":"https:\/\/www.asajacyl.com\/salamanca\/#website","url":"https:\/\/www.asajacyl.com\/salamanca\/","name":"ASAJA Salamanca","description":"Otro sitio m\u00e1s de Provincias ASAJA Castilla y Le\u00f3n","potentialAction":[{"@type":"SearchAction","target":{"@type":"EntryPoint","urlTemplate":"https:\/\/www.asajacyl.com\/salamanca\/?s={search_term_string}"},"query-input":{"@type":"PropertyValueSpecification","valueRequired":true,"valueName":"search_term_string"}}],"inLanguage":"es"},{"@type":"Person","@id":"https:\/\/www.asajacyl.com\/salamanca\/#\/schema\/person\/2bfc7da09988e1087e6291fafe99b67f","name":"Sonia","image":{"@type":"ImageObject","inLanguage":"es","@id":"https:\/\/www.asajacyl.com\/salamanca\/#\/schema\/person\/image\/","url":"https:\/\/secure.gravatar.com\/avatar\/6b0d6eb461a1e3687cc023d59022ef0d?s=96&d=mm&r=g","contentUrl":"https:\/\/secure.gravatar.com\/avatar\/6b0d6eb461a1e3687cc023d59022ef0d?s=96&d=mm&r=g","caption":"Sonia"},"url":"https:\/\/www.asajacyl.com\/salamanca\/author\/juanluisde"}]}},"_links":{"self":[{"href":"https:\/\/www.asajacyl.com\/salamanca\/wp-json\/wp\/v2\/posts\/20184"}],"collection":[{"href":"https:\/\/www.asajacyl.com\/salamanca\/wp-json\/wp\/v2\/posts"}],"about":[{"href":"https:\/\/www.asajacyl.com\/salamanca\/wp-json\/wp\/v2\/types\/post"}],"author":[{"embeddable":true,"href":"https:\/\/www.asajacyl.com\/salamanca\/wp-json\/wp\/v2\/users\/10"}],"replies":[{"embeddable":true,"href":"https:\/\/www.asajacyl.com\/salamanca\/wp-json\/wp\/v2\/comments?post=20184"}],"version-history":[{"count":4,"href":"https:\/\/www.asajacyl.com\/salamanca\/wp-json\/wp\/v2\/posts\/20184\/revisions"}],"predecessor-version":[{"id":20189,"href":"https:\/\/www.asajacyl.com\/salamanca\/wp-json\/wp\/v2\/posts\/20184\/revisions\/20189"}],"wp:featuredmedia":[{"embeddable":true,"href":"https:\/\/www.asajacyl.com\/salamanca\/wp-json\/wp\/v2\/media\/20190"}],"wp:attachment":[{"href":"https:\/\/www.asajacyl.com\/salamanca\/wp-json\/wp\/v2\/media?parent=20184"}],"wp:term":[{"taxonomy":"category","embeddable":true,"href":"https:\/\/www.asajacyl.com\/salamanca\/wp-json\/wp\/v2\/categories?post=20184"},{"taxonomy":"post_tag","embeddable":true,"href":"https:\/\/www.asajacyl.com\/salamanca\/wp-json\/wp\/v2\/tags?post=20184"}],"curies":[{"name":"wp","href":"https:\/\/api.w.org\/{rel}","templated":true}]}}