{"id":20201,"date":"2026-02-20T08:28:14","date_gmt":"2026-02-20T07:28:14","guid":{"rendered":"https:\/\/www.asajacyl.com\/salamanca\/?p=20201"},"modified":"2026-02-20T08:39:47","modified_gmt":"2026-02-20T07:39:47","slug":"asaja-salamanca-valora-la-premura-de-la-junta-en-aprobar-las-flexibilizaciones-de-la-pac-2026-como-consecuencia-de-las-adversidades-meteorologicas-aunque-advierte-que-no-son-suficientes","status":"publish","type":"post","link":"https:\/\/www.asajacyl.com\/salamanca\/asaja-salamanca-informa\/notas-de-prensa\/asaja-salamanca-valora-la-premura-de-la-junta-en-aprobar-las-flexibilizaciones-de-la-pac-2026-como-consecuencia-de-las-adversidades-meteorologicas-aunque-advierte-que-no-son-suficientes","title":{"rendered":"ASAJA Salamanca valora la premura de la Junta en aprobar las flexibilizaciones de la PAC 2026 como consecuencia de las adversidades meteorol\u00f3gicas, aunque advierte que no son suficientes"},"content":{"rendered":"\n<p>Salamanca, 18 de febrero de 2026| ASAJA Salamanca valora la premura de la publicaci\u00f3n de flexibilizaciones de la PAC 2026 publicadas hoy por la Junta de Castilla y Le\u00f3n para hacer frente a las adversidades meteorol\u00f3gicas que han condicionado la planificaci\u00f3n y el desarrollo de las siembras en la presente campa\u00f1a. Pero, no obstante, la organizaci\u00f3n advierte que estas nuevas medidas pueden no ser suficientes ya que todav\u00eda es imposible entrar en muchas fincas y es probable que en pr\u00f3ximas semanas los agricultores verifiquen parcelas de imposible acceso con zonas encharcadas y blandas. Adem\u00e1s, los t\u00e9cnicos de ASAJA Salamanca aseguran que \u201clas labores est\u00e1n muy retrasadas y que en muchos casos no se podr\u00e1n cumplir los planes de siembra. Las explotaciones de secano se han visto gravemente afectadas en el desarrollo de los cultivos e incluso se llegar\u00e1 a perder plantas en zonas anegadas, y en las zonas de regad\u00edo, bien por siembras fuera de fecha o bien porque ser\u00e1 imposible sembrar, las perdidas ser\u00e1n tambi\u00e9n significativas. Uno de los cultivos afectados en secano es el garbanzo, ya que la siembra se realiza en el mes de marzo. \u201c<br>Como consecuencia de esta pluviometr\u00eda excepcional, las solicitudes \u00fanicas (PAC) se ven afectadas fundamentalmente en el apartado de ecorreg\u00edmenes, cuyo planteamiento inicial puede ser de un tipo y posteriormente sea necesario modificarlo.<br>Desde ASAJA Salamanca se insiste en que este tipo de flexibilizaciones deber\u00edan aplicarse de manera estructural y permanente dentro de la PAC, dotando al sistema de mayor realismo y adaptaci\u00f3n a la realidad productiva del campo, que depende directamente de factores meteorol\u00f3gicos diversos e imprevisibles.<\/p>\n\n\n\n<p><strong>\u00bfQu\u00e9 cambios introducen las nuevas medidas?<\/strong><\/p>\n\n\n\n<p>En el caso de los ecorreg\u00edmenes, se flexibilizan las pr\u00e1cticas de rotaci\u00f3n de cultivos con especies mejorantes (P3) y la de siembra directa (P4):<br>En la pr\u00e1ctica de rotaci\u00f3n de cultivos, se reduce la rotaci\u00f3n obligatoria del 50 al 25%. Adem\u00e1s, se permite la rotaci\u00f3n con barbecho tras un cultivo de leguminosas. El porcentaje de cultivos mejorantes se mantiene en el 10%, pero el porcentaje de leguminosas se reduce de forma general del 5 al 2,5%.<br>En la pr\u00e1ctica de siembra directa, se reduce el porcentaje de rotaci\u00f3n del 40 al 25% de la superficie acogida a la pr\u00e1ctica, siempre que esta se ubique en superficie donde se hace siembra directa. Igualmente se permite la rotaci\u00f3n con barbecho tras un cultivo de leguminosas en 2025.<br>Por su parte, en las intervenciones medioambientales y clim\u00e1ticas de desarrollo rural:<br>En la intervenci\u00f3n de agricultura ecol\u00f3gica, la certificaci\u00f3n de la producci\u00f3n obtenida se estimar\u00e1 en funci\u00f3n de la media de la zona.<br>En cultivos agroindustriales sostenibles (remolacha azucarera), si la siembra es menor al 80% de la superficie de contrato, se deber\u00e1 presentar una alegaci\u00f3n y aportar dos fotograf\u00edas georreferenciadas posteriores al 15 de marzo con la situaci\u00f3n de la parcela donde se preve\u00eda la siembra de remolacha.<\/p>\n\n\n\n<p>ASAJA Salamanca advierte de que los agricultores de remolacha asumen un elevado riesgo ante la volatilidad del mercado y consideran que los precios actuales no compensan suficientemente ese riesgo productivo.<br>La organizaci\u00f3n contin\u00faa pidiendo a las administraciones ayudas directas que ayuden a paliar todos los da\u00f1os sufridos por nuestros agricultores y ganaderos.<\/p>\n","protected":false},"excerpt":{"rendered":"<p>Salamanca, 18 de febrero de 2026| ASAJA Salamanca valora la premura de la publicaci\u00f3n de flexibilizaciones de la PAC 2026 publicadas hoy por la Junta de Castilla y Le\u00f3n para hacer frente a las adversidades meteorol\u00f3gicas que han condicionado la planificaci\u00f3n y el desarrollo de las siembras en la presente campa\u00f1a. Pero, no obstante, la [&hellip;]<\/p>\n","protected":false},"author":10,"featured_media":20203,"comment_status":"open","ping_status":"open","sticky":false,"template":"","format":"standard","meta":{"footnotes":""},"categories":[28],"tags":[],"yoast_head":"<!-- This site is optimized with the Yoast SEO plugin v24.5 - https:\/\/yoast.com\/wordpress\/plugins\/seo\/ -->\n<title>ASAJA Salamanca valora la premura de la Junta en aprobar las flexibilizaciones de la PAC 2026 como consecuencia de las adversidades meteorol\u00f3gicas, aunque advierte que no son suficientes - ASAJA Salamanca<\/title>\n<meta name=\"description\" content=\"Salamanca, 18 de febrero de 2026| ASAJA Salamanca valora la premura de la publicaci\u00f3n de flexibilizaciones de la PAC 2026 publicadas hoy por la Junta de\" \/>\n<meta name=\"robots\" content=\"index, follow, max-snippet:-1, max-image-preview:large, max-video-preview:-1\" \/>\n<link rel=\"canonical\" href=\"https:\/\/www.asajacyl.com\/salamanca\/asaja-salamanca-informa\/notas-de-prensa\/asaja-salamanca-valora-la-premura-de-la-junta-en-aprobar-las-flexibilizaciones-de-la-pac-2026-como-consecuencia-de-las-adversidades-meteorologicas-aunque-advierte-que-no-son-suficientes\" \/>\n<meta property=\"og:locale\" content=\"es_ES\" \/>\n<meta property=\"og:type\" content=\"article\" \/>\n<meta property=\"og:title\" content=\"ASAJA Salamanca valora la premura de la Junta en aprobar las flexibilizaciones de la PAC 2026 como consecuencia de las adversidades meteorol\u00f3gicas, aunque advierte que no son suficientes - ASAJA Salamanca\" \/>\n<meta property=\"og:description\" content=\"Salamanca, 18 de febrero de 2026| ASAJA Salamanca valora la premura de la publicaci\u00f3n de flexibilizaciones de la PAC 2026 publicadas hoy por la Junta de\" \/>\n<meta property=\"og:url\" content=\"https:\/\/www.asajacyl.com\/salamanca\/asaja-salamanca-informa\/notas-de-prensa\/asaja-salamanca-valora-la-premura-de-la-junta-en-aprobar-las-flexibilizaciones-de-la-pac-2026-como-consecuencia-de-las-adversidades-meteorologicas-aunque-advierte-que-no-son-suficientes\" \/>\n<meta property=\"og:site_name\" content=\"ASAJA Salamanca\" \/>\n<meta property=\"article:published_time\" content=\"2026-02-20T07:28:14+00:00\" \/>\n<meta property=\"article:modified_time\" content=\"2026-02-20T07:39:47+00:00\" \/>\n<meta property=\"og:image\" content=\"https:\/\/www.asajacyl.com\/salamanca\/wp-content\/uploads\/sites\/7\/2026\/02\/el-nivel-de-sensibilizacion-de-la-pac-entre-los-ciudadanos-europeos-alcanza-maximos-historicos.jpg\" \/>\n\t<meta property=\"og:image:width\" content=\"1920\" \/>\n\t<meta property=\"og:image:height\" content=\"1080\" \/>\n\t<meta property=\"og:image:type\" content=\"image\/jpeg\" \/>\n<meta name=\"author\" content=\"Sonia\" \/>\n<meta name=\"twitter:card\" content=\"summary_large_image\" \/>\n<meta name=\"twitter:label1\" content=\"Escrito por\" \/>\n\t<meta name=\"twitter:data1\" content=\"Sonia\" \/>\n\t<meta name=\"twitter:label2\" content=\"Tiempo de lectura\" \/>\n\t<meta name=\"twitter:data2\" content=\"3 minutos\" \/>\n<script type=\"application\/ld+json\" class=\"yoast-schema-graph\">{\"@context\":\"https:\/\/schema.org\",\"@graph\":[{\"@type\":\"WebPage\",\"@id\":\"https:\/\/www.asajacyl.com\/salamanca\/asaja-salamanca-informa\/notas-de-prensa\/asaja-salamanca-valora-la-premura-de-la-junta-en-aprobar-las-flexibilizaciones-de-la-pac-2026-como-consecuencia-de-las-adversidades-meteorologicas-aunque-advierte-que-no-son-suficientes\",\"url\":\"https:\/\/www.asajacyl.com\/salamanca\/asaja-salamanca-informa\/notas-de-prensa\/asaja-salamanca-valora-la-premura-de-la-junta-en-aprobar-las-flexibilizaciones-de-la-pac-2026-como-consecuencia-de-las-adversidades-meteorologicas-aunque-advierte-que-no-son-suficientes\",\"name\":\"ASAJA Salamanca valora la premura de la Junta en aprobar las flexibilizaciones de la PAC 2026 como consecuencia de las adversidades meteorol\u00f3gicas, aunque advierte que no son suficientes - ASAJA Salamanca\",\"isPartOf\":{\"@id\":\"https:\/\/www.asajacyl.com\/salamanca\/#website\"},\"primaryImageOfPage\":{\"@id\":\"https:\/\/www.asajacyl.com\/salamanca\/asaja-salamanca-informa\/notas-de-prensa\/asaja-salamanca-valora-la-premura-de-la-junta-en-aprobar-las-flexibilizaciones-de-la-pac-2026-como-consecuencia-de-las-adversidades-meteorologicas-aunque-advierte-que-no-son-suficientes#primaryimage\"},\"image\":{\"@id\":\"https:\/\/www.asajacyl.com\/salamanca\/asaja-salamanca-informa\/notas-de-prensa\/asaja-salamanca-valora-la-premura-de-la-junta-en-aprobar-las-flexibilizaciones-de-la-pac-2026-como-consecuencia-de-las-adversidades-meteorologicas-aunque-advierte-que-no-son-suficientes#primaryimage\"},\"thumbnailUrl\":\"https:\/\/www.asajacyl.com\/salamanca\/wp-content\/uploads\/sites\/7\/2026\/02\/el-nivel-de-sensibilizacion-de-la-pac-entre-los-ciudadanos-europeos-alcanza-maximos-historicos.jpg\",\"datePublished\":\"2026-02-20T07:28:14+00:00\",\"dateModified\":\"2026-02-20T07:39:47+00:00\",\"author\":{\"@id\":\"https:\/\/www.asajacyl.com\/salamanca\/#\/schema\/person\/2bfc7da09988e1087e6291fafe99b67f\"},\"description\":\"Salamanca, 18 de febrero de 2026| ASAJA Salamanca valora la premura de la publicaci\u00f3n de flexibilizaciones de la PAC 2026 publicadas hoy por la Junta de\",\"breadcrumb\":{\"@id\":\"https:\/\/www.asajacyl.com\/salamanca\/asaja-salamanca-informa\/notas-de-prensa\/asaja-salamanca-valora-la-premura-de-la-junta-en-aprobar-las-flexibilizaciones-de-la-pac-2026-como-consecuencia-de-las-adversidades-meteorologicas-aunque-advierte-que-no-son-suficientes#breadcrumb\"},\"inLanguage\":\"es\",\"potentialAction\":[{\"@type\":\"ReadAction\",\"target\":[\"https:\/\/www.asajacyl.com\/salamanca\/asaja-salamanca-informa\/notas-de-prensa\/asaja-salamanca-valora-la-premura-de-la-junta-en-aprobar-las-flexibilizaciones-de-la-pac-2026-como-consecuencia-de-las-adversidades-meteorologicas-aunque-advierte-que-no-son-suficientes\"]}]},{\"@type\":\"ImageObject\",\"inLanguage\":\"es\",\"@id\":\"https:\/\/www.asajacyl.com\/salamanca\/asaja-salamanca-informa\/notas-de-prensa\/asaja-salamanca-valora-la-premura-de-la-junta-en-aprobar-las-flexibilizaciones-de-la-pac-2026-como-consecuencia-de-las-adversidades-meteorologicas-aunque-advierte-que-no-son-suficientes#primaryimage\",\"url\":\"https:\/\/www.asajacyl.com\/salamanca\/wp-content\/uploads\/sites\/7\/2026\/02\/el-nivel-de-sensibilizacion-de-la-pac-entre-los-ciudadanos-europeos-alcanza-maximos-historicos.jpg\",\"contentUrl\":\"https:\/\/www.asajacyl.com\/salamanca\/wp-content\/uploads\/sites\/7\/2026\/02\/el-nivel-de-sensibilizacion-de-la-pac-entre-los-ciudadanos-europeos-alcanza-maximos-historicos.jpg\",\"width\":1920,\"height\":1080},{\"@type\":\"BreadcrumbList\",\"@id\":\"https:\/\/www.asajacyl.com\/salamanca\/asaja-salamanca-informa\/notas-de-prensa\/asaja-salamanca-valora-la-premura-de-la-junta-en-aprobar-las-flexibilizaciones-de-la-pac-2026-como-consecuencia-de-las-adversidades-meteorologicas-aunque-advierte-que-no-son-suficientes#breadcrumb\",\"itemListElement\":[{\"@type\":\"ListItem\",\"position\":1,\"name\":\"Portada\",\"item\":\"https:\/\/www.asajacyl.com\/salamanca\/\"},{\"@type\":\"ListItem\",\"position\":2,\"name\":\"ASAJA Salamanca valora la premura de la Junta en aprobar las flexibilizaciones de la PAC 2026 como consecuencia de las adversidades meteorol\u00f3gicas, aunque advierte que no son suficientes\"}]},{\"@type\":\"WebSite\",\"@id\":\"https:\/\/www.asajacyl.com\/salamanca\/#website\",\"url\":\"https:\/\/www.asajacyl.com\/salamanca\/\",\"name\":\"ASAJA Salamanca\",\"description\":\"Otro sitio m\u00e1s de Provincias ASAJA Castilla y Le\u00f3n\",\"potentialAction\":[{\"@type\":\"SearchAction\",\"target\":{\"@type\":\"EntryPoint\",\"urlTemplate\":\"https:\/\/www.asajacyl.com\/salamanca\/?s={search_term_string}\"},\"query-input\":{\"@type\":\"PropertyValueSpecification\",\"valueRequired\":true,\"valueName\":\"search_term_string\"}}],\"inLanguage\":\"es\"},{\"@type\":\"Person\",\"@id\":\"https:\/\/www.asajacyl.com\/salamanca\/#\/schema\/person\/2bfc7da09988e1087e6291fafe99b67f\",\"name\":\"Sonia\",\"image\":{\"@type\":\"ImageObject\",\"inLanguage\":\"es\",\"@id\":\"https:\/\/www.asajacyl.com\/salamanca\/#\/schema\/person\/image\/\",\"url\":\"https:\/\/secure.gravatar.com\/avatar\/6b0d6eb461a1e3687cc023d59022ef0d?s=96&d=mm&r=g\",\"contentUrl\":\"https:\/\/secure.gravatar.com\/avatar\/6b0d6eb461a1e3687cc023d59022ef0d?s=96&d=mm&r=g\",\"caption\":\"Sonia\"},\"url\":\"https:\/\/www.asajacyl.com\/salamanca\/author\/juanluisde\"}]}<\/script>\n<!-- \/ Yoast SEO plugin. -->","yoast_head_json":{"title":"ASAJA Salamanca valora la premura de la Junta en aprobar las flexibilizaciones de la PAC 2026 como consecuencia de las adversidades meteorol\u00f3gicas, aunque advierte que no son suficientes - ASAJA Salamanca","description":"Salamanca, 18 de febrero de 2026| ASAJA Salamanca valora la premura de la publicaci\u00f3n de flexibilizaciones de la PAC 2026 publicadas hoy por la Junta de","robots":{"index":"index","follow":"follow","max-snippet":"max-snippet:-1","max-image-preview":"max-image-preview:large","max-video-preview":"max-video-preview:-1"},"canonical":"https:\/\/www.asajacyl.com\/salamanca\/asaja-salamanca-informa\/notas-de-prensa\/asaja-salamanca-valora-la-premura-de-la-junta-en-aprobar-las-flexibilizaciones-de-la-pac-2026-como-consecuencia-de-las-adversidades-meteorologicas-aunque-advierte-que-no-son-suficientes","og_locale":"es_ES","og_type":"article","og_title":"ASAJA Salamanca valora la premura de la Junta en aprobar las flexibilizaciones de la PAC 2026 como consecuencia de las adversidades meteorol\u00f3gicas, aunque advierte que no son suficientes - ASAJA Salamanca","og_description":"Salamanca, 18 de febrero de 2026| ASAJA Salamanca valora la premura de la publicaci\u00f3n de flexibilizaciones de la PAC 2026 publicadas hoy por la Junta de","og_url":"https:\/\/www.asajacyl.com\/salamanca\/asaja-salamanca-informa\/notas-de-prensa\/asaja-salamanca-valora-la-premura-de-la-junta-en-aprobar-las-flexibilizaciones-de-la-pac-2026-como-consecuencia-de-las-adversidades-meteorologicas-aunque-advierte-que-no-son-suficientes","og_site_name":"ASAJA Salamanca","article_published_time":"2026-02-20T07:28:14+00:00","article_modified_time":"2026-02-20T07:39:47+00:00","og_image":[{"width":1920,"height":1080,"url":"https:\/\/www.asajacyl.com\/salamanca\/wp-content\/uploads\/sites\/7\/2026\/02\/el-nivel-de-sensibilizacion-de-la-pac-entre-los-ciudadanos-europeos-alcanza-maximos-historicos.jpg","type":"image\/jpeg"}],"author":"Sonia","twitter_card":"summary_large_image","twitter_misc":{"Escrito por":"Sonia","Tiempo de lectura":"3 minutos"},"schema":{"@context":"https:\/\/schema.org","@graph":[{"@type":"WebPage","@id":"https:\/\/www.asajacyl.com\/salamanca\/asaja-salamanca-informa\/notas-de-prensa\/asaja-salamanca-valora-la-premura-de-la-junta-en-aprobar-las-flexibilizaciones-de-la-pac-2026-como-consecuencia-de-las-adversidades-meteorologicas-aunque-advierte-que-no-son-suficientes","url":"https:\/\/www.asajacyl.com\/salamanca\/asaja-salamanca-informa\/notas-de-prensa\/asaja-salamanca-valora-la-premura-de-la-junta-en-aprobar-las-flexibilizaciones-de-la-pac-2026-como-consecuencia-de-las-adversidades-meteorologicas-aunque-advierte-que-no-son-suficientes","name":"ASAJA Salamanca valora la premura de la Junta en aprobar las flexibilizaciones de la PAC 2026 como consecuencia de las adversidades meteorol\u00f3gicas, aunque advierte que no son suficientes - ASAJA Salamanca","isPartOf":{"@id":"https:\/\/www.asajacyl.com\/salamanca\/#website"},"primaryImageOfPage":{"@id":"https:\/\/www.asajacyl.com\/salamanca\/asaja-salamanca-informa\/notas-de-prensa\/asaja-salamanca-valora-la-premura-de-la-junta-en-aprobar-las-flexibilizaciones-de-la-pac-2026-como-consecuencia-de-las-adversidades-meteorologicas-aunque-advierte-que-no-son-suficientes#primaryimage"},"image":{"@id":"https:\/\/www.asajacyl.com\/salamanca\/asaja-salamanca-informa\/notas-de-prensa\/asaja-salamanca-valora-la-premura-de-la-junta-en-aprobar-las-flexibilizaciones-de-la-pac-2026-como-consecuencia-de-las-adversidades-meteorologicas-aunque-advierte-que-no-son-suficientes#primaryimage"},"thumbnailUrl":"https:\/\/www.asajacyl.com\/salamanca\/wp-content\/uploads\/sites\/7\/2026\/02\/el-nivel-de-sensibilizacion-de-la-pac-entre-los-ciudadanos-europeos-alcanza-maximos-historicos.jpg","datePublished":"2026-02-20T07:28:14+00:00","dateModified":"2026-02-20T07:39:47+00:00","author":{"@id":"https:\/\/www.asajacyl.com\/salamanca\/#\/schema\/person\/2bfc7da09988e1087e6291fafe99b67f"},"description":"Salamanca, 18 de febrero de 2026| ASAJA Salamanca valora la premura de la publicaci\u00f3n de flexibilizaciones de la PAC 2026 publicadas hoy por la Junta de","breadcrumb":{"@id":"https:\/\/www.asajacyl.com\/salamanca\/asaja-salamanca-informa\/notas-de-prensa\/asaja-salamanca-valora-la-premura-de-la-junta-en-aprobar-las-flexibilizaciones-de-la-pac-2026-como-consecuencia-de-las-adversidades-meteorologicas-aunque-advierte-que-no-son-suficientes#breadcrumb"},"inLanguage":"es","potentialAction":[{"@type":"ReadAction","target":["https:\/\/www.asajacyl.com\/salamanca\/asaja-salamanca-informa\/notas-de-prensa\/asaja-salamanca-valora-la-premura-de-la-junta-en-aprobar-las-flexibilizaciones-de-la-pac-2026-como-consecuencia-de-las-adversidades-meteorologicas-aunque-advierte-que-no-son-suficientes"]}]},{"@type":"ImageObject","inLanguage":"es","@id":"https:\/\/www.asajacyl.com\/salamanca\/asaja-salamanca-informa\/notas-de-prensa\/asaja-salamanca-valora-la-premura-de-la-junta-en-aprobar-las-flexibilizaciones-de-la-pac-2026-como-consecuencia-de-las-adversidades-meteorologicas-aunque-advierte-que-no-son-suficientes#primaryimage","url":"https:\/\/www.asajacyl.com\/salamanca\/wp-content\/uploads\/sites\/7\/2026\/02\/el-nivel-de-sensibilizacion-de-la-pac-entre-los-ciudadanos-europeos-alcanza-maximos-historicos.jpg","contentUrl":"https:\/\/www.asajacyl.com\/salamanca\/wp-content\/uploads\/sites\/7\/2026\/02\/el-nivel-de-sensibilizacion-de-la-pac-entre-los-ciudadanos-europeos-alcanza-maximos-historicos.jpg","width":1920,"height":1080},{"@type":"BreadcrumbList","@id":"https:\/\/www.asajacyl.com\/salamanca\/asaja-salamanca-informa\/notas-de-prensa\/asaja-salamanca-valora-la-premura-de-la-junta-en-aprobar-las-flexibilizaciones-de-la-pac-2026-como-consecuencia-de-las-adversidades-meteorologicas-aunque-advierte-que-no-son-suficientes#breadcrumb","itemListElement":[{"@type":"ListItem","position":1,"name":"Portada","item":"https:\/\/www.asajacyl.com\/salamanca\/"},{"@type":"ListItem","position":2,"name":"ASAJA Salamanca valora la premura de la Junta en aprobar las flexibilizaciones de la PAC 2026 como consecuencia de las adversidades meteorol\u00f3gicas, aunque advierte que no son suficientes"}]},{"@type":"WebSite","@id":"https:\/\/www.asajacyl.com\/salamanca\/#website","url":"https:\/\/www.asajacyl.com\/salamanca\/","name":"ASAJA Salamanca","description":"Otro sitio m\u00e1s de Provincias ASAJA Castilla y Le\u00f3n","potentialAction":[{"@type":"SearchAction","target":{"@type":"EntryPoint","urlTemplate":"https:\/\/www.asajacyl.com\/salamanca\/?s={search_term_string}"},"query-input":{"@type":"PropertyValueSpecification","valueRequired":true,"valueName":"search_term_string"}}],"inLanguage":"es"},{"@type":"Person","@id":"https:\/\/www.asajacyl.com\/salamanca\/#\/schema\/person\/2bfc7da09988e1087e6291fafe99b67f","name":"Sonia","image":{"@type":"ImageObject","inLanguage":"es","@id":"https:\/\/www.asajacyl.com\/salamanca\/#\/schema\/person\/image\/","url":"https:\/\/secure.gravatar.com\/avatar\/6b0d6eb461a1e3687cc023d59022ef0d?s=96&d=mm&r=g","contentUrl":"https:\/\/secure.gravatar.com\/avatar\/6b0d6eb461a1e3687cc023d59022ef0d?s=96&d=mm&r=g","caption":"Sonia"},"url":"https:\/\/www.asajacyl.com\/salamanca\/author\/juanluisde"}]}},"_links":{"self":[{"href":"https:\/\/www.asajacyl.com\/salamanca\/wp-json\/wp\/v2\/posts\/20201"}],"collection":[{"href":"https:\/\/www.asajacyl.com\/salamanca\/wp-json\/wp\/v2\/posts"}],"about":[{"href":"https:\/\/www.asajacyl.com\/salamanca\/wp-json\/wp\/v2\/types\/post"}],"author":[{"embeddable":true,"href":"https:\/\/www.asajacyl.com\/salamanca\/wp-json\/wp\/v2\/users\/10"}],"replies":[{"embeddable":true,"href":"https:\/\/www.asajacyl.com\/salamanca\/wp-json\/wp\/v2\/comments?post=20201"}],"version-history":[{"count":1,"href":"https:\/\/www.asajacyl.com\/salamanca\/wp-json\/wp\/v2\/posts\/20201\/revisions"}],"predecessor-version":[{"id":20202,"href":"https:\/\/www.asajacyl.com\/salamanca\/wp-json\/wp\/v2\/posts\/20201\/revisions\/20202"}],"wp:featuredmedia":[{"embeddable":true,"href":"https:\/\/www.asajacyl.com\/salamanca\/wp-json\/wp\/v2\/media\/20203"}],"wp:attachment":[{"href":"https:\/\/www.asajacyl.com\/salamanca\/wp-json\/wp\/v2\/media?parent=20201"}],"wp:term":[{"taxonomy":"category","embeddable":true,"href":"https:\/\/www.asajacyl.com\/salamanca\/wp-json\/wp\/v2\/categories?post=20201"},{"taxonomy":"post_tag","embeddable":true,"href":"https:\/\/www.asajacyl.com\/salamanca\/wp-json\/wp\/v2\/tags?post=20201"}],"curies":[{"name":"wp","href":"https:\/\/api.w.org\/{rel}","templated":true}]}}