{"id":20248,"date":"2026-03-03T11:54:15","date_gmt":"2026-03-03T10:54:15","guid":{"rendered":"https:\/\/www.asajacyl.com\/salamanca\/?p=20248"},"modified":"2026-04-14T08:36:16","modified_gmt":"2026-04-14T06:36:16","slug":"nueva-relacion-de-39-agricultores-beneficiarios-en-la-linea-de-ayudas-por-superficie-sin-cosechar-tras-los-incendios-de-2025","status":"publish","type":"post","link":"https:\/\/www.asajacyl.com\/salamanca\/asaja-salamanca-informa\/noticias\/nueva-relacion-de-39-agricultores-beneficiarios-en-la-linea-de-ayudas-por-superficie-sin-cosechar-tras-los-incendios-de-2025","title":{"rendered":"Nueva relaci\u00f3n de 39 agricultores beneficiarios en la l\u00ednea de ayudas por superficie sin cosechar tras los incendios de 2025"},"content":{"rendered":"\n<p>La Consejer\u00eda de Agricultura, Ganader\u00eda y Desarrollo Rural ha publicado en el <em>Bolet\u00edn Oficial de Castilla y Le\u00f3n (BOCyL)<\/em> del 3 de marzo de 2026 la <strong>Orden AGR\/188\/2026<\/strong>, por la que se incorpora una <strong>nueva relaci\u00f3n de 39 agricultores beneficiarios<\/strong> dentro de la l\u00ednea de ayudas ya aprobada para compensar la p\u00e9rdida de superficie agr\u00edcola sin cosechar a consecuencia de los incendios forestales del verano de 2025.<\/p>\n\n\n\n<p>No se trata de una nueva convocatoria, sino de una <strong>ampliaci\u00f3n de beneficiarios dentro de las ayudas ya establecidas<\/strong>, una vez evaluados los da\u00f1os y completados los expedientes.<\/p>\n\n\n\n<h3 class=\"wp-block-heading\">Beneficiarios<\/h3>\n\n\n\n<ul>\n<li>Agricultores profesionales y no profesionales.<\/li>\n\n\n\n<li>Titulares de explotaciones con superficies agr\u00edcolas que no pudieron ser cosechadas como consecuencia directa de los incendios.<\/li>\n\n\n\n<li>Ubicadas en los municipios declarados afectados<\/li>\n<\/ul>\n\n\n\n<p>Total beneficiarios: <strong>39<\/strong><\/p>\n\n\n\n<h3 class=\"wp-block-heading\">Gastos subvencionables<\/h3>\n\n\n\n<p>Se consideran subvencionables las <strong>p\u00e9rdidas de producci\u00f3n derivadas de la imposibilidad de cosechar las superficies agr\u00edcolas afectadas por el incendio<\/strong>, diferenciando:<\/p>\n\n\n\n<ul>\n<li>Cultivos herb\u00e1ceos.<\/li>\n\n\n\n<li>Cultivos le\u00f1osos.<\/li>\n\n\n\n<li>Pastos.<\/li>\n<\/ul>\n\n\n\n<h3 class=\"wp-block-heading\">Cuant\u00eda de la ayuda<\/h3>\n\n\n\n<ul>\n<li><strong>Ayuda m\u00ednima de 5.500 \u20ac para agricultores profesionales.<\/strong><\/li>\n\n\n\n<li>Incrementos seg\u00fan superficie afectada:\n<ul>\n<li>130 \u20ac\/ha en cultivos herb\u00e1ceos.<\/li>\n\n\n\n<li>240 \u20ac\/ha en cultivos le\u00f1osos.<\/li>\n\n\n\n<li>18 \u20ac\/ha en pastos.<\/li>\n<\/ul>\n<\/li>\n\n\n\n<li>En el caso de agricultores no profesionales, la ayuda se calcula proporcionalmente seg\u00fan superficie da\u00f1ada.<\/li>\n<\/ul>\n\n\n\n<p>La ayuda tiene car\u00e1cter compensatorio por p\u00e9rdida de ingresos.<\/p>\n\n\n\n<h3 class=\"wp-block-heading\">Compatibilidad<\/h3>\n\n\n\n<p>Las ayudas son <strong>compatibles con otras subvenciones, indemnizaciones o ingresos p\u00fablicos o privados<\/strong>, siempre que la suma total <strong>no supere el valor del da\u00f1o sufrido<\/strong>, evitando la sobrefinanciaci\u00f3n.<\/p>\n\n\n\n<p>Consulta la lista de beneficiarios aqu\u00ed: <\/p>\n\n\n\n<p><\/p>\n","protected":false},"excerpt":{"rendered":"<p>La Consejer\u00eda de Agricultura, Ganader\u00eda y Desarrollo Rural ha publicado en el Bolet\u00edn Oficial de Castilla y Le\u00f3n (BOCyL) del 3 de marzo de 2026 la Orden AGR\/188\/2026, por la que se incorpora una nueva relaci\u00f3n de 39 agricultores beneficiarios dentro de la l\u00ednea de ayudas ya aprobada para compensar la p\u00e9rdida de superficie agr\u00edcola [&hellip;]<\/p>\n","protected":false},"author":10,"featured_media":20241,"comment_status":"open","ping_status":"open","sticky":false,"template":"","format":"standard","meta":{"footnotes":""},"categories":[510],"tags":[],"yoast_head":"<!-- This site is optimized with the Yoast SEO plugin v24.5 - https:\/\/yoast.com\/wordpress\/plugins\/seo\/ -->\n<title>Nueva relaci\u00f3n de 39 agricultores beneficiarios en la l\u00ednea de ayudas por superficie sin cosechar tras los incendios de 2025 - ASAJA Salamanca<\/title>\n<meta name=\"description\" content=\"La Consejer\u00eda de Agricultura, Ganader\u00eda y Desarrollo Rural ha publicado en el Bolet\u00edn Oficial de Castilla y Le\u00f3n (BOCyL) del 3 de marzo de 2026 la Orden\" \/>\n<meta name=\"robots\" content=\"index, follow, max-snippet:-1, max-image-preview:large, max-video-preview:-1\" \/>\n<link rel=\"canonical\" href=\"https:\/\/www.asajacyl.com\/salamanca\/asaja-salamanca-informa\/noticias\/nueva-relacion-de-39-agricultores-beneficiarios-en-la-linea-de-ayudas-por-superficie-sin-cosechar-tras-los-incendios-de-2025\" \/>\n<meta property=\"og:locale\" content=\"es_ES\" \/>\n<meta property=\"og:type\" content=\"article\" \/>\n<meta property=\"og:title\" content=\"Nueva relaci\u00f3n de 39 agricultores beneficiarios en la l\u00ednea de ayudas por superficie sin cosechar tras los incendios de 2025 - ASAJA Salamanca\" \/>\n<meta property=\"og:description\" content=\"La Consejer\u00eda de Agricultura, Ganader\u00eda y Desarrollo Rural ha publicado en el Bolet\u00edn Oficial de Castilla y Le\u00f3n (BOCyL) del 3 de marzo de 2026 la Orden\" \/>\n<meta property=\"og:url\" content=\"https:\/\/www.asajacyl.com\/salamanca\/asaja-salamanca-informa\/noticias\/nueva-relacion-de-39-agricultores-beneficiarios-en-la-linea-de-ayudas-por-superficie-sin-cosechar-tras-los-incendios-de-2025\" \/>\n<meta property=\"og:site_name\" content=\"ASAJA Salamanca\" \/>\n<meta property=\"article:published_time\" content=\"2026-03-03T10:54:15+00:00\" \/>\n<meta property=\"article:modified_time\" content=\"2026-04-14T06:36:16+00:00\" \/>\n<meta property=\"og:image\" content=\"https:\/\/www.asajacyl.com\/salamanca\/wp-content\/uploads\/sites\/7\/2026\/03\/fire-steppe-grass-is-burning-destroying-everything-its-path.jpg\" \/>\n\t<meta property=\"og:image:width\" content=\"2500\" \/>\n\t<meta property=\"og:image:height\" content=\"1667\" \/>\n\t<meta property=\"og:image:type\" content=\"image\/jpeg\" \/>\n<meta name=\"author\" content=\"Sonia\" \/>\n<meta name=\"twitter:card\" content=\"summary_large_image\" \/>\n<meta name=\"twitter:label1\" content=\"Escrito por\" \/>\n\t<meta name=\"twitter:data1\" content=\"Sonia\" \/>\n\t<meta name=\"twitter:label2\" content=\"Tiempo de lectura\" \/>\n\t<meta name=\"twitter:data2\" content=\"2 minutos\" \/>\n<script type=\"application\/ld+json\" class=\"yoast-schema-graph\">{\"@context\":\"https:\/\/schema.org\",\"@graph\":[{\"@type\":\"WebPage\",\"@id\":\"https:\/\/www.asajacyl.com\/salamanca\/asaja-salamanca-informa\/noticias\/nueva-relacion-de-39-agricultores-beneficiarios-en-la-linea-de-ayudas-por-superficie-sin-cosechar-tras-los-incendios-de-2025\",\"url\":\"https:\/\/www.asajacyl.com\/salamanca\/asaja-salamanca-informa\/noticias\/nueva-relacion-de-39-agricultores-beneficiarios-en-la-linea-de-ayudas-por-superficie-sin-cosechar-tras-los-incendios-de-2025\",\"name\":\"Nueva relaci\u00f3n de 39 agricultores beneficiarios en la l\u00ednea de ayudas por superficie sin cosechar tras los incendios de 2025 - ASAJA Salamanca\",\"isPartOf\":{\"@id\":\"https:\/\/www.asajacyl.com\/salamanca\/#website\"},\"primaryImageOfPage\":{\"@id\":\"https:\/\/www.asajacyl.com\/salamanca\/asaja-salamanca-informa\/noticias\/nueva-relacion-de-39-agricultores-beneficiarios-en-la-linea-de-ayudas-por-superficie-sin-cosechar-tras-los-incendios-de-2025#primaryimage\"},\"image\":{\"@id\":\"https:\/\/www.asajacyl.com\/salamanca\/asaja-salamanca-informa\/noticias\/nueva-relacion-de-39-agricultores-beneficiarios-en-la-linea-de-ayudas-por-superficie-sin-cosechar-tras-los-incendios-de-2025#primaryimage\"},\"thumbnailUrl\":\"https:\/\/www.asajacyl.com\/salamanca\/wp-content\/uploads\/sites\/7\/2026\/03\/fire-steppe-grass-is-burning-destroying-everything-its-path.jpg\",\"datePublished\":\"2026-03-03T10:54:15+00:00\",\"dateModified\":\"2026-04-14T06:36:16+00:00\",\"author\":{\"@id\":\"https:\/\/www.asajacyl.com\/salamanca\/#\/schema\/person\/2bfc7da09988e1087e6291fafe99b67f\"},\"description\":\"La Consejer\u00eda de Agricultura, Ganader\u00eda y Desarrollo Rural ha publicado en el Bolet\u00edn Oficial de Castilla y Le\u00f3n (BOCyL) del 3 de marzo de 2026 la Orden\",\"breadcrumb\":{\"@id\":\"https:\/\/www.asajacyl.com\/salamanca\/asaja-salamanca-informa\/noticias\/nueva-relacion-de-39-agricultores-beneficiarios-en-la-linea-de-ayudas-por-superficie-sin-cosechar-tras-los-incendios-de-2025#breadcrumb\"},\"inLanguage\":\"es\",\"potentialAction\":[{\"@type\":\"ReadAction\",\"target\":[\"https:\/\/www.asajacyl.com\/salamanca\/asaja-salamanca-informa\/noticias\/nueva-relacion-de-39-agricultores-beneficiarios-en-la-linea-de-ayudas-por-superficie-sin-cosechar-tras-los-incendios-de-2025\"]}]},{\"@type\":\"ImageObject\",\"inLanguage\":\"es\",\"@id\":\"https:\/\/www.asajacyl.com\/salamanca\/asaja-salamanca-informa\/noticias\/nueva-relacion-de-39-agricultores-beneficiarios-en-la-linea-de-ayudas-por-superficie-sin-cosechar-tras-los-incendios-de-2025#primaryimage\",\"url\":\"https:\/\/www.asajacyl.com\/salamanca\/wp-content\/uploads\/sites\/7\/2026\/03\/fire-steppe-grass-is-burning-destroying-everything-its-path.jpg\",\"contentUrl\":\"https:\/\/www.asajacyl.com\/salamanca\/wp-content\/uploads\/sites\/7\/2026\/03\/fire-steppe-grass-is-burning-destroying-everything-its-path.jpg\",\"width\":2500,\"height\":1667,\"caption\":\"Fire in the steppe, the grass is burning destroying everything in its path.\"},{\"@type\":\"BreadcrumbList\",\"@id\":\"https:\/\/www.asajacyl.com\/salamanca\/asaja-salamanca-informa\/noticias\/nueva-relacion-de-39-agricultores-beneficiarios-en-la-linea-de-ayudas-por-superficie-sin-cosechar-tras-los-incendios-de-2025#breadcrumb\",\"itemListElement\":[{\"@type\":\"ListItem\",\"position\":1,\"name\":\"Portada\",\"item\":\"https:\/\/www.asajacyl.com\/salamanca\/\"},{\"@type\":\"ListItem\",\"position\":2,\"name\":\"Nueva relaci\u00f3n de 39 agricultores beneficiarios en la l\u00ednea de ayudas por superficie sin cosechar tras los incendios de 2025\"}]},{\"@type\":\"WebSite\",\"@id\":\"https:\/\/www.asajacyl.com\/salamanca\/#website\",\"url\":\"https:\/\/www.asajacyl.com\/salamanca\/\",\"name\":\"ASAJA Salamanca\",\"description\":\"Otro sitio m\u00e1s de Provincias ASAJA Castilla y Le\u00f3n\",\"potentialAction\":[{\"@type\":\"SearchAction\",\"target\":{\"@type\":\"EntryPoint\",\"urlTemplate\":\"https:\/\/www.asajacyl.com\/salamanca\/?s={search_term_string}\"},\"query-input\":{\"@type\":\"PropertyValueSpecification\",\"valueRequired\":true,\"valueName\":\"search_term_string\"}}],\"inLanguage\":\"es\"},{\"@type\":\"Person\",\"@id\":\"https:\/\/www.asajacyl.com\/salamanca\/#\/schema\/person\/2bfc7da09988e1087e6291fafe99b67f\",\"name\":\"Sonia\",\"image\":{\"@type\":\"ImageObject\",\"inLanguage\":\"es\",\"@id\":\"https:\/\/www.asajacyl.com\/salamanca\/#\/schema\/person\/image\/\",\"url\":\"https:\/\/secure.gravatar.com\/avatar\/6b0d6eb461a1e3687cc023d59022ef0d?s=96&d=mm&r=g\",\"contentUrl\":\"https:\/\/secure.gravatar.com\/avatar\/6b0d6eb461a1e3687cc023d59022ef0d?s=96&d=mm&r=g\",\"caption\":\"Sonia\"},\"url\":\"https:\/\/www.asajacyl.com\/salamanca\/author\/juanluisde\"}]}<\/script>\n<!-- \/ Yoast SEO plugin. -->","yoast_head_json":{"title":"Nueva relaci\u00f3n de 39 agricultores beneficiarios en la l\u00ednea de ayudas por superficie sin cosechar tras los incendios de 2025 - ASAJA Salamanca","description":"La Consejer\u00eda de Agricultura, Ganader\u00eda y Desarrollo Rural ha publicado en el Bolet\u00edn Oficial de Castilla y Le\u00f3n (BOCyL) del 3 de marzo de 2026 la Orden","robots":{"index":"index","follow":"follow","max-snippet":"max-snippet:-1","max-image-preview":"max-image-preview:large","max-video-preview":"max-video-preview:-1"},"canonical":"https:\/\/www.asajacyl.com\/salamanca\/asaja-salamanca-informa\/noticias\/nueva-relacion-de-39-agricultores-beneficiarios-en-la-linea-de-ayudas-por-superficie-sin-cosechar-tras-los-incendios-de-2025","og_locale":"es_ES","og_type":"article","og_title":"Nueva relaci\u00f3n de 39 agricultores beneficiarios en la l\u00ednea de ayudas por superficie sin cosechar tras los incendios de 2025 - ASAJA Salamanca","og_description":"La Consejer\u00eda de Agricultura, Ganader\u00eda y Desarrollo Rural ha publicado en el Bolet\u00edn Oficial de Castilla y Le\u00f3n (BOCyL) del 3 de marzo de 2026 la Orden","og_url":"https:\/\/www.asajacyl.com\/salamanca\/asaja-salamanca-informa\/noticias\/nueva-relacion-de-39-agricultores-beneficiarios-en-la-linea-de-ayudas-por-superficie-sin-cosechar-tras-los-incendios-de-2025","og_site_name":"ASAJA Salamanca","article_published_time":"2026-03-03T10:54:15+00:00","article_modified_time":"2026-04-14T06:36:16+00:00","og_image":[{"width":2500,"height":1667,"url":"https:\/\/www.asajacyl.com\/salamanca\/wp-content\/uploads\/sites\/7\/2026\/03\/fire-steppe-grass-is-burning-destroying-everything-its-path.jpg","type":"image\/jpeg"}],"author":"Sonia","twitter_card":"summary_large_image","twitter_misc":{"Escrito por":"Sonia","Tiempo de lectura":"2 minutos"},"schema":{"@context":"https:\/\/schema.org","@graph":[{"@type":"WebPage","@id":"https:\/\/www.asajacyl.com\/salamanca\/asaja-salamanca-informa\/noticias\/nueva-relacion-de-39-agricultores-beneficiarios-en-la-linea-de-ayudas-por-superficie-sin-cosechar-tras-los-incendios-de-2025","url":"https:\/\/www.asajacyl.com\/salamanca\/asaja-salamanca-informa\/noticias\/nueva-relacion-de-39-agricultores-beneficiarios-en-la-linea-de-ayudas-por-superficie-sin-cosechar-tras-los-incendios-de-2025","name":"Nueva relaci\u00f3n de 39 agricultores beneficiarios en la l\u00ednea de ayudas por superficie sin cosechar tras los incendios de 2025 - ASAJA Salamanca","isPartOf":{"@id":"https:\/\/www.asajacyl.com\/salamanca\/#website"},"primaryImageOfPage":{"@id":"https:\/\/www.asajacyl.com\/salamanca\/asaja-salamanca-informa\/noticias\/nueva-relacion-de-39-agricultores-beneficiarios-en-la-linea-de-ayudas-por-superficie-sin-cosechar-tras-los-incendios-de-2025#primaryimage"},"image":{"@id":"https:\/\/www.asajacyl.com\/salamanca\/asaja-salamanca-informa\/noticias\/nueva-relacion-de-39-agricultores-beneficiarios-en-la-linea-de-ayudas-por-superficie-sin-cosechar-tras-los-incendios-de-2025#primaryimage"},"thumbnailUrl":"https:\/\/www.asajacyl.com\/salamanca\/wp-content\/uploads\/sites\/7\/2026\/03\/fire-steppe-grass-is-burning-destroying-everything-its-path.jpg","datePublished":"2026-03-03T10:54:15+00:00","dateModified":"2026-04-14T06:36:16+00:00","author":{"@id":"https:\/\/www.asajacyl.com\/salamanca\/#\/schema\/person\/2bfc7da09988e1087e6291fafe99b67f"},"description":"La Consejer\u00eda de Agricultura, Ganader\u00eda y Desarrollo Rural ha publicado en el Bolet\u00edn Oficial de Castilla y Le\u00f3n (BOCyL) del 3 de marzo de 2026 la Orden","breadcrumb":{"@id":"https:\/\/www.asajacyl.com\/salamanca\/asaja-salamanca-informa\/noticias\/nueva-relacion-de-39-agricultores-beneficiarios-en-la-linea-de-ayudas-por-superficie-sin-cosechar-tras-los-incendios-de-2025#breadcrumb"},"inLanguage":"es","potentialAction":[{"@type":"ReadAction","target":["https:\/\/www.asajacyl.com\/salamanca\/asaja-salamanca-informa\/noticias\/nueva-relacion-de-39-agricultores-beneficiarios-en-la-linea-de-ayudas-por-superficie-sin-cosechar-tras-los-incendios-de-2025"]}]},{"@type":"ImageObject","inLanguage":"es","@id":"https:\/\/www.asajacyl.com\/salamanca\/asaja-salamanca-informa\/noticias\/nueva-relacion-de-39-agricultores-beneficiarios-en-la-linea-de-ayudas-por-superficie-sin-cosechar-tras-los-incendios-de-2025#primaryimage","url":"https:\/\/www.asajacyl.com\/salamanca\/wp-content\/uploads\/sites\/7\/2026\/03\/fire-steppe-grass-is-burning-destroying-everything-its-path.jpg","contentUrl":"https:\/\/www.asajacyl.com\/salamanca\/wp-content\/uploads\/sites\/7\/2026\/03\/fire-steppe-grass-is-burning-destroying-everything-its-path.jpg","width":2500,"height":1667,"caption":"Fire in the steppe, the grass is burning destroying everything in its path."},{"@type":"BreadcrumbList","@id":"https:\/\/www.asajacyl.com\/salamanca\/asaja-salamanca-informa\/noticias\/nueva-relacion-de-39-agricultores-beneficiarios-en-la-linea-de-ayudas-por-superficie-sin-cosechar-tras-los-incendios-de-2025#breadcrumb","itemListElement":[{"@type":"ListItem","position":1,"name":"Portada","item":"https:\/\/www.asajacyl.com\/salamanca\/"},{"@type":"ListItem","position":2,"name":"Nueva relaci\u00f3n de 39 agricultores beneficiarios en la l\u00ednea de ayudas por superficie sin cosechar tras los incendios de 2025"}]},{"@type":"WebSite","@id":"https:\/\/www.asajacyl.com\/salamanca\/#website","url":"https:\/\/www.asajacyl.com\/salamanca\/","name":"ASAJA Salamanca","description":"Otro sitio m\u00e1s de Provincias ASAJA Castilla y Le\u00f3n","potentialAction":[{"@type":"SearchAction","target":{"@type":"EntryPoint","urlTemplate":"https:\/\/www.asajacyl.com\/salamanca\/?s={search_term_string}"},"query-input":{"@type":"PropertyValueSpecification","valueRequired":true,"valueName":"search_term_string"}}],"inLanguage":"es"},{"@type":"Person","@id":"https:\/\/www.asajacyl.com\/salamanca\/#\/schema\/person\/2bfc7da09988e1087e6291fafe99b67f","name":"Sonia","image":{"@type":"ImageObject","inLanguage":"es","@id":"https:\/\/www.asajacyl.com\/salamanca\/#\/schema\/person\/image\/","url":"https:\/\/secure.gravatar.com\/avatar\/6b0d6eb461a1e3687cc023d59022ef0d?s=96&d=mm&r=g","contentUrl":"https:\/\/secure.gravatar.com\/avatar\/6b0d6eb461a1e3687cc023d59022ef0d?s=96&d=mm&r=g","caption":"Sonia"},"url":"https:\/\/www.asajacyl.com\/salamanca\/author\/juanluisde"}]}},"_links":{"self":[{"href":"https:\/\/www.asajacyl.com\/salamanca\/wp-json\/wp\/v2\/posts\/20248"}],"collection":[{"href":"https:\/\/www.asajacyl.com\/salamanca\/wp-json\/wp\/v2\/posts"}],"about":[{"href":"https:\/\/www.asajacyl.com\/salamanca\/wp-json\/wp\/v2\/types\/post"}],"author":[{"embeddable":true,"href":"https:\/\/www.asajacyl.com\/salamanca\/wp-json\/wp\/v2\/users\/10"}],"replies":[{"embeddable":true,"href":"https:\/\/www.asajacyl.com\/salamanca\/wp-json\/wp\/v2\/comments?post=20248"}],"version-history":[{"count":1,"href":"https:\/\/www.asajacyl.com\/salamanca\/wp-json\/wp\/v2\/posts\/20248\/revisions"}],"predecessor-version":[{"id":20250,"href":"https:\/\/www.asajacyl.com\/salamanca\/wp-json\/wp\/v2\/posts\/20248\/revisions\/20250"}],"wp:featuredmedia":[{"embeddable":true,"href":"https:\/\/www.asajacyl.com\/salamanca\/wp-json\/wp\/v2\/media\/20241"}],"wp:attachment":[{"href":"https:\/\/www.asajacyl.com\/salamanca\/wp-json\/wp\/v2\/media?parent=20248"}],"wp:term":[{"taxonomy":"category","embeddable":true,"href":"https:\/\/www.asajacyl.com\/salamanca\/wp-json\/wp\/v2\/categories?post=20248"},{"taxonomy":"post_tag","embeddable":true,"href":"https:\/\/www.asajacyl.com\/salamanca\/wp-json\/wp\/v2\/tags?post=20248"}],"curies":[{"name":"wp","href":"https:\/\/api.w.org\/{rel}","templated":true}]}}