{"id":20251,"date":"2026-03-03T12:06:42","date_gmt":"2026-03-03T11:06:42","guid":{"rendered":"https:\/\/www.asajacyl.com\/salamanca\/?p=20251"},"modified":"2026-04-14T08:36:09","modified_gmt":"2026-04-14T06:36:09","slug":"incorporados-16-nuevos-beneficiarios-agricultores-y-apicultores-en-la-ampliacion-de-ayudas-por-los-incendios-de-2025","status":"publish","type":"post","link":"https:\/\/www.asajacyl.com\/salamanca\/asaja-salamanca-informa\/noticias\/incorporados-16-nuevos-beneficiarios-agricultores-y-apicultores-en-la-ampliacion-de-ayudas-por-los-incendios-de-2025","title":{"rendered":"Incorporados 16 nuevos beneficiarios \u2014 agricultores y apicultores \u2014 en la ampliaci\u00f3n de ayudas por los incendios de 2025"},"content":{"rendered":"\n<p>El BOCyL del 3 de marzo de 2026 publica la <strong>Orden AGR\/189\/2026<\/strong>, por la que se a\u00f1ade una <strong>nueva relaci\u00f3n de 16 beneficiarios<\/strong> dentro de la l\u00ednea de ayudas ya aprobada para agricultores y apicultores afectados por los incendios del verano de 2025.<\/p>\n\n\n\n<p><strong>No se trata de ayudas nuevas<\/strong>, sino de la ampliaci\u00f3n de las ya concedidas, incorporando nuevos expedientes resueltos favorablemente.<\/p>\n\n\n\n<h3 class=\"wp-block-heading\">Importe y beneficiarios<\/h3>\n\n\n\n<p>8 apicultores profesionales (5.500 \u20ac cada uno)<br>2 apicultores no profesionales por p\u00e9rdida de colmenas<br>5 agricultores profesionales con superficie sin cosechar<br>1 agricultor no profesional<\/p>\n\n\n\n<h3 class=\"wp-block-heading\">Gastos subvencionables<\/h3>\n\n\n\n<p>P\u00e9rdida de producci\u00f3n agr\u00edcola por superficie sin cosechar.<br>Da\u00f1os en \u00e1reas de pecoreo.<br>P\u00e9rdida directa de colmenas.<\/p>\n\n\n\n<h3 class=\"wp-block-heading\">Compatibilidad<\/h3>\n\n\n\n<p>Las ayudas son <strong>compatibles con otras subvenciones, indemnizaciones o ingresos p\u00fablicos o privados<\/strong>, siempre que la suma total <strong>no supere el valor del da\u00f1o sufrido<\/strong>.<br><br>Consulta la lista de beneficiarios aqu\u00ed:<\/p>\n\n\n\n<p><\/p>\n","protected":false},"excerpt":{"rendered":"<p>El BOCyL del 3 de marzo de 2026 publica la Orden AGR\/189\/2026, por la que se a\u00f1ade una nueva relaci\u00f3n de 16 beneficiarios dentro de la l\u00ednea de ayudas ya aprobada para agricultores y apicultores afectados por los incendios del verano de 2025. No se trata de ayudas nuevas, sino de la ampliaci\u00f3n de las [&hellip;]<\/p>\n","protected":false},"author":10,"featured_media":20253,"comment_status":"open","ping_status":"open","sticky":false,"template":"","format":"standard","meta":{"footnotes":""},"categories":[510],"tags":[],"yoast_head":"<!-- This site is optimized with the Yoast SEO plugin v24.5 - https:\/\/yoast.com\/wordpress\/plugins\/seo\/ -->\n<title>Incorporados 16 nuevos beneficiarios \u2014 agricultores y apicultores \u2014 en la ampliaci\u00f3n de ayudas por los incendios de 2025 - ASAJA Salamanca<\/title>\n<meta name=\"description\" content=\"El BOCyL del 3 de marzo de 2026 publica la Orden AGR\/189\/2026, por la que se a\u00f1ade una nueva relaci\u00f3n de 16 beneficiarios dentro de la l\u00ednea de ayudas ya\" \/>\n<meta name=\"robots\" content=\"index, follow, max-snippet:-1, max-image-preview:large, max-video-preview:-1\" \/>\n<link rel=\"canonical\" href=\"https:\/\/www.asajacyl.com\/salamanca\/asaja-salamanca-informa\/noticias\/incorporados-16-nuevos-beneficiarios-agricultores-y-apicultores-en-la-ampliacion-de-ayudas-por-los-incendios-de-2025\" \/>\n<meta property=\"og:locale\" content=\"es_ES\" \/>\n<meta property=\"og:type\" content=\"article\" \/>\n<meta property=\"og:title\" content=\"Incorporados 16 nuevos beneficiarios \u2014 agricultores y apicultores \u2014 en la ampliaci\u00f3n de ayudas por los incendios de 2025 - ASAJA Salamanca\" \/>\n<meta property=\"og:description\" content=\"El BOCyL del 3 de marzo de 2026 publica la Orden AGR\/189\/2026, por la que se a\u00f1ade una nueva relaci\u00f3n de 16 beneficiarios dentro de la l\u00ednea de ayudas ya\" \/>\n<meta property=\"og:url\" content=\"https:\/\/www.asajacyl.com\/salamanca\/asaja-salamanca-informa\/noticias\/incorporados-16-nuevos-beneficiarios-agricultores-y-apicultores-en-la-ampliacion-de-ayudas-por-los-incendios-de-2025\" \/>\n<meta property=\"og:site_name\" content=\"ASAJA Salamanca\" \/>\n<meta property=\"article:published_time\" content=\"2026-03-03T11:06:42+00:00\" \/>\n<meta property=\"article:modified_time\" content=\"2026-04-14T06:36:09+00:00\" \/>\n<meta property=\"og:image\" content=\"https:\/\/www.asajacyl.com\/salamanca\/wp-content\/uploads\/sites\/7\/2026\/03\/inferno-destroys-forest-nature-physical-structure-demolished-generated-by-ai.jpg\" \/>\n\t<meta property=\"og:image:width\" content=\"2500\" \/>\n\t<meta property=\"og:image:height\" content=\"1429\" \/>\n\t<meta property=\"og:image:type\" content=\"image\/jpeg\" \/>\n<meta name=\"author\" content=\"Sonia\" \/>\n<meta name=\"twitter:card\" content=\"summary_large_image\" \/>\n<meta name=\"twitter:label1\" content=\"Escrito por\" \/>\n\t<meta name=\"twitter:data1\" content=\"Sonia\" \/>\n\t<meta name=\"twitter:label2\" content=\"Tiempo de lectura\" \/>\n\t<meta name=\"twitter:data2\" content=\"1 minuto\" \/>\n<script type=\"application\/ld+json\" class=\"yoast-schema-graph\">{\"@context\":\"https:\/\/schema.org\",\"@graph\":[{\"@type\":\"WebPage\",\"@id\":\"https:\/\/www.asajacyl.com\/salamanca\/asaja-salamanca-informa\/noticias\/incorporados-16-nuevos-beneficiarios-agricultores-y-apicultores-en-la-ampliacion-de-ayudas-por-los-incendios-de-2025\",\"url\":\"https:\/\/www.asajacyl.com\/salamanca\/asaja-salamanca-informa\/noticias\/incorporados-16-nuevos-beneficiarios-agricultores-y-apicultores-en-la-ampliacion-de-ayudas-por-los-incendios-de-2025\",\"name\":\"Incorporados 16 nuevos beneficiarios \u2014 agricultores y apicultores \u2014 en la ampliaci\u00f3n de ayudas por los incendios de 2025 - ASAJA Salamanca\",\"isPartOf\":{\"@id\":\"https:\/\/www.asajacyl.com\/salamanca\/#website\"},\"primaryImageOfPage\":{\"@id\":\"https:\/\/www.asajacyl.com\/salamanca\/asaja-salamanca-informa\/noticias\/incorporados-16-nuevos-beneficiarios-agricultores-y-apicultores-en-la-ampliacion-de-ayudas-por-los-incendios-de-2025#primaryimage\"},\"image\":{\"@id\":\"https:\/\/www.asajacyl.com\/salamanca\/asaja-salamanca-informa\/noticias\/incorporados-16-nuevos-beneficiarios-agricultores-y-apicultores-en-la-ampliacion-de-ayudas-por-los-incendios-de-2025#primaryimage\"},\"thumbnailUrl\":\"https:\/\/www.asajacyl.com\/salamanca\/wp-content\/uploads\/sites\/7\/2026\/03\/inferno-destroys-forest-nature-physical-structure-demolished-generated-by-ai.jpg\",\"datePublished\":\"2026-03-03T11:06:42+00:00\",\"dateModified\":\"2026-04-14T06:36:09+00:00\",\"author\":{\"@id\":\"https:\/\/www.asajacyl.com\/salamanca\/#\/schema\/person\/2bfc7da09988e1087e6291fafe99b67f\"},\"description\":\"El BOCyL del 3 de marzo de 2026 publica la Orden AGR\/189\/2026, por la que se a\u00f1ade una nueva relaci\u00f3n de 16 beneficiarios dentro de la l\u00ednea de ayudas ya\",\"breadcrumb\":{\"@id\":\"https:\/\/www.asajacyl.com\/salamanca\/asaja-salamanca-informa\/noticias\/incorporados-16-nuevos-beneficiarios-agricultores-y-apicultores-en-la-ampliacion-de-ayudas-por-los-incendios-de-2025#breadcrumb\"},\"inLanguage\":\"es\",\"potentialAction\":[{\"@type\":\"ReadAction\",\"target\":[\"https:\/\/www.asajacyl.com\/salamanca\/asaja-salamanca-informa\/noticias\/incorporados-16-nuevos-beneficiarios-agricultores-y-apicultores-en-la-ampliacion-de-ayudas-por-los-incendios-de-2025\"]}]},{\"@type\":\"ImageObject\",\"inLanguage\":\"es\",\"@id\":\"https:\/\/www.asajacyl.com\/salamanca\/asaja-salamanca-informa\/noticias\/incorporados-16-nuevos-beneficiarios-agricultores-y-apicultores-en-la-ampliacion-de-ayudas-por-los-incendios-de-2025#primaryimage\",\"url\":\"https:\/\/www.asajacyl.com\/salamanca\/wp-content\/uploads\/sites\/7\/2026\/03\/inferno-destroys-forest-nature-physical-structure-demolished-generated-by-ai.jpg\",\"contentUrl\":\"https:\/\/www.asajacyl.com\/salamanca\/wp-content\/uploads\/sites\/7\/2026\/03\/inferno-destroys-forest-nature-physical-structure-demolished-generated-by-ai.jpg\",\"width\":2500,\"height\":1429,\"caption\":\"Inferno destroys forest, nature physical structure demolished generated by artificial intelligence\"},{\"@type\":\"BreadcrumbList\",\"@id\":\"https:\/\/www.asajacyl.com\/salamanca\/asaja-salamanca-informa\/noticias\/incorporados-16-nuevos-beneficiarios-agricultores-y-apicultores-en-la-ampliacion-de-ayudas-por-los-incendios-de-2025#breadcrumb\",\"itemListElement\":[{\"@type\":\"ListItem\",\"position\":1,\"name\":\"Portada\",\"item\":\"https:\/\/www.asajacyl.com\/salamanca\/\"},{\"@type\":\"ListItem\",\"position\":2,\"name\":\"Incorporados 16 nuevos beneficiarios \u2014 agricultores y apicultores \u2014 en la ampliaci\u00f3n de ayudas por los incendios de 2025\"}]},{\"@type\":\"WebSite\",\"@id\":\"https:\/\/www.asajacyl.com\/salamanca\/#website\",\"url\":\"https:\/\/www.asajacyl.com\/salamanca\/\",\"name\":\"ASAJA Salamanca\",\"description\":\"Otro sitio m\u00e1s de Provincias ASAJA Castilla y Le\u00f3n\",\"potentialAction\":[{\"@type\":\"SearchAction\",\"target\":{\"@type\":\"EntryPoint\",\"urlTemplate\":\"https:\/\/www.asajacyl.com\/salamanca\/?s={search_term_string}\"},\"query-input\":{\"@type\":\"PropertyValueSpecification\",\"valueRequired\":true,\"valueName\":\"search_term_string\"}}],\"inLanguage\":\"es\"},{\"@type\":\"Person\",\"@id\":\"https:\/\/www.asajacyl.com\/salamanca\/#\/schema\/person\/2bfc7da09988e1087e6291fafe99b67f\",\"name\":\"Sonia\",\"image\":{\"@type\":\"ImageObject\",\"inLanguage\":\"es\",\"@id\":\"https:\/\/www.asajacyl.com\/salamanca\/#\/schema\/person\/image\/\",\"url\":\"https:\/\/secure.gravatar.com\/avatar\/6b0d6eb461a1e3687cc023d59022ef0d?s=96&d=mm&r=g\",\"contentUrl\":\"https:\/\/secure.gravatar.com\/avatar\/6b0d6eb461a1e3687cc023d59022ef0d?s=96&d=mm&r=g\",\"caption\":\"Sonia\"},\"url\":\"https:\/\/www.asajacyl.com\/salamanca\/author\/juanluisde\"}]}<\/script>\n<!-- \/ Yoast SEO plugin. -->","yoast_head_json":{"title":"Incorporados 16 nuevos beneficiarios \u2014 agricultores y apicultores \u2014 en la ampliaci\u00f3n de ayudas por los incendios de 2025 - ASAJA Salamanca","description":"El BOCyL del 3 de marzo de 2026 publica la Orden AGR\/189\/2026, por la que se a\u00f1ade una nueva relaci\u00f3n de 16 beneficiarios dentro de la l\u00ednea de ayudas ya","robots":{"index":"index","follow":"follow","max-snippet":"max-snippet:-1","max-image-preview":"max-image-preview:large","max-video-preview":"max-video-preview:-1"},"canonical":"https:\/\/www.asajacyl.com\/salamanca\/asaja-salamanca-informa\/noticias\/incorporados-16-nuevos-beneficiarios-agricultores-y-apicultores-en-la-ampliacion-de-ayudas-por-los-incendios-de-2025","og_locale":"es_ES","og_type":"article","og_title":"Incorporados 16 nuevos beneficiarios \u2014 agricultores y apicultores \u2014 en la ampliaci\u00f3n de ayudas por los incendios de 2025 - ASAJA Salamanca","og_description":"El BOCyL del 3 de marzo de 2026 publica la Orden AGR\/189\/2026, por la que se a\u00f1ade una nueva relaci\u00f3n de 16 beneficiarios dentro de la l\u00ednea de ayudas ya","og_url":"https:\/\/www.asajacyl.com\/salamanca\/asaja-salamanca-informa\/noticias\/incorporados-16-nuevos-beneficiarios-agricultores-y-apicultores-en-la-ampliacion-de-ayudas-por-los-incendios-de-2025","og_site_name":"ASAJA Salamanca","article_published_time":"2026-03-03T11:06:42+00:00","article_modified_time":"2026-04-14T06:36:09+00:00","og_image":[{"width":2500,"height":1429,"url":"https:\/\/www.asajacyl.com\/salamanca\/wp-content\/uploads\/sites\/7\/2026\/03\/inferno-destroys-forest-nature-physical-structure-demolished-generated-by-ai.jpg","type":"image\/jpeg"}],"author":"Sonia","twitter_card":"summary_large_image","twitter_misc":{"Escrito por":"Sonia","Tiempo de lectura":"1 minuto"},"schema":{"@context":"https:\/\/schema.org","@graph":[{"@type":"WebPage","@id":"https:\/\/www.asajacyl.com\/salamanca\/asaja-salamanca-informa\/noticias\/incorporados-16-nuevos-beneficiarios-agricultores-y-apicultores-en-la-ampliacion-de-ayudas-por-los-incendios-de-2025","url":"https:\/\/www.asajacyl.com\/salamanca\/asaja-salamanca-informa\/noticias\/incorporados-16-nuevos-beneficiarios-agricultores-y-apicultores-en-la-ampliacion-de-ayudas-por-los-incendios-de-2025","name":"Incorporados 16 nuevos beneficiarios \u2014 agricultores y apicultores \u2014 en la ampliaci\u00f3n de ayudas por los incendios de 2025 - ASAJA Salamanca","isPartOf":{"@id":"https:\/\/www.asajacyl.com\/salamanca\/#website"},"primaryImageOfPage":{"@id":"https:\/\/www.asajacyl.com\/salamanca\/asaja-salamanca-informa\/noticias\/incorporados-16-nuevos-beneficiarios-agricultores-y-apicultores-en-la-ampliacion-de-ayudas-por-los-incendios-de-2025#primaryimage"},"image":{"@id":"https:\/\/www.asajacyl.com\/salamanca\/asaja-salamanca-informa\/noticias\/incorporados-16-nuevos-beneficiarios-agricultores-y-apicultores-en-la-ampliacion-de-ayudas-por-los-incendios-de-2025#primaryimage"},"thumbnailUrl":"https:\/\/www.asajacyl.com\/salamanca\/wp-content\/uploads\/sites\/7\/2026\/03\/inferno-destroys-forest-nature-physical-structure-demolished-generated-by-ai.jpg","datePublished":"2026-03-03T11:06:42+00:00","dateModified":"2026-04-14T06:36:09+00:00","author":{"@id":"https:\/\/www.asajacyl.com\/salamanca\/#\/schema\/person\/2bfc7da09988e1087e6291fafe99b67f"},"description":"El BOCyL del 3 de marzo de 2026 publica la Orden AGR\/189\/2026, por la que se a\u00f1ade una nueva relaci\u00f3n de 16 beneficiarios dentro de la l\u00ednea de ayudas ya","breadcrumb":{"@id":"https:\/\/www.asajacyl.com\/salamanca\/asaja-salamanca-informa\/noticias\/incorporados-16-nuevos-beneficiarios-agricultores-y-apicultores-en-la-ampliacion-de-ayudas-por-los-incendios-de-2025#breadcrumb"},"inLanguage":"es","potentialAction":[{"@type":"ReadAction","target":["https:\/\/www.asajacyl.com\/salamanca\/asaja-salamanca-informa\/noticias\/incorporados-16-nuevos-beneficiarios-agricultores-y-apicultores-en-la-ampliacion-de-ayudas-por-los-incendios-de-2025"]}]},{"@type":"ImageObject","inLanguage":"es","@id":"https:\/\/www.asajacyl.com\/salamanca\/asaja-salamanca-informa\/noticias\/incorporados-16-nuevos-beneficiarios-agricultores-y-apicultores-en-la-ampliacion-de-ayudas-por-los-incendios-de-2025#primaryimage","url":"https:\/\/www.asajacyl.com\/salamanca\/wp-content\/uploads\/sites\/7\/2026\/03\/inferno-destroys-forest-nature-physical-structure-demolished-generated-by-ai.jpg","contentUrl":"https:\/\/www.asajacyl.com\/salamanca\/wp-content\/uploads\/sites\/7\/2026\/03\/inferno-destroys-forest-nature-physical-structure-demolished-generated-by-ai.jpg","width":2500,"height":1429,"caption":"Inferno destroys forest, nature physical structure demolished generated by artificial intelligence"},{"@type":"BreadcrumbList","@id":"https:\/\/www.asajacyl.com\/salamanca\/asaja-salamanca-informa\/noticias\/incorporados-16-nuevos-beneficiarios-agricultores-y-apicultores-en-la-ampliacion-de-ayudas-por-los-incendios-de-2025#breadcrumb","itemListElement":[{"@type":"ListItem","position":1,"name":"Portada","item":"https:\/\/www.asajacyl.com\/salamanca\/"},{"@type":"ListItem","position":2,"name":"Incorporados 16 nuevos beneficiarios \u2014 agricultores y apicultores \u2014 en la ampliaci\u00f3n de ayudas por los incendios de 2025"}]},{"@type":"WebSite","@id":"https:\/\/www.asajacyl.com\/salamanca\/#website","url":"https:\/\/www.asajacyl.com\/salamanca\/","name":"ASAJA Salamanca","description":"Otro sitio m\u00e1s de Provincias ASAJA Castilla y Le\u00f3n","potentialAction":[{"@type":"SearchAction","target":{"@type":"EntryPoint","urlTemplate":"https:\/\/www.asajacyl.com\/salamanca\/?s={search_term_string}"},"query-input":{"@type":"PropertyValueSpecification","valueRequired":true,"valueName":"search_term_string"}}],"inLanguage":"es"},{"@type":"Person","@id":"https:\/\/www.asajacyl.com\/salamanca\/#\/schema\/person\/2bfc7da09988e1087e6291fafe99b67f","name":"Sonia","image":{"@type":"ImageObject","inLanguage":"es","@id":"https:\/\/www.asajacyl.com\/salamanca\/#\/schema\/person\/image\/","url":"https:\/\/secure.gravatar.com\/avatar\/6b0d6eb461a1e3687cc023d59022ef0d?s=96&d=mm&r=g","contentUrl":"https:\/\/secure.gravatar.com\/avatar\/6b0d6eb461a1e3687cc023d59022ef0d?s=96&d=mm&r=g","caption":"Sonia"},"url":"https:\/\/www.asajacyl.com\/salamanca\/author\/juanluisde"}]}},"_links":{"self":[{"href":"https:\/\/www.asajacyl.com\/salamanca\/wp-json\/wp\/v2\/posts\/20251"}],"collection":[{"href":"https:\/\/www.asajacyl.com\/salamanca\/wp-json\/wp\/v2\/posts"}],"about":[{"href":"https:\/\/www.asajacyl.com\/salamanca\/wp-json\/wp\/v2\/types\/post"}],"author":[{"embeddable":true,"href":"https:\/\/www.asajacyl.com\/salamanca\/wp-json\/wp\/v2\/users\/10"}],"replies":[{"embeddable":true,"href":"https:\/\/www.asajacyl.com\/salamanca\/wp-json\/wp\/v2\/comments?post=20251"}],"version-history":[{"count":2,"href":"https:\/\/www.asajacyl.com\/salamanca\/wp-json\/wp\/v2\/posts\/20251\/revisions"}],"predecessor-version":[{"id":20255,"href":"https:\/\/www.asajacyl.com\/salamanca\/wp-json\/wp\/v2\/posts\/20251\/revisions\/20255"}],"wp:featuredmedia":[{"embeddable":true,"href":"https:\/\/www.asajacyl.com\/salamanca\/wp-json\/wp\/v2\/media\/20253"}],"wp:attachment":[{"href":"https:\/\/www.asajacyl.com\/salamanca\/wp-json\/wp\/v2\/media?parent=20251"}],"wp:term":[{"taxonomy":"category","embeddable":true,"href":"https:\/\/www.asajacyl.com\/salamanca\/wp-json\/wp\/v2\/categories?post=20251"},{"taxonomy":"post_tag","embeddable":true,"href":"https:\/\/www.asajacyl.com\/salamanca\/wp-json\/wp\/v2\/tags?post=20251"}],"curies":[{"name":"wp","href":"https:\/\/api.w.org\/{rel}","templated":true}]}}