{"id":20269,"date":"2026-03-09T15:52:03","date_gmt":"2026-03-09T14:52:03","guid":{"rendered":"https:\/\/www.asajacyl.com\/salamanca\/?p=20269"},"modified":"2026-03-09T15:55:59","modified_gmt":"2026-03-09T14:55:59","slug":"asaja-salamanca-alerta-el-exceso-de-lluvias-pone-en-riesgo-las-siembras-de-primavera","status":"publish","type":"post","link":"https:\/\/www.asajacyl.com\/salamanca\/asaja-salamanca-informa\/notas-de-prensa\/asaja-salamanca-alerta-el-exceso-de-lluvias-pone-en-riesgo-las-siembras-de-primavera","title":{"rendered":"ASAJA Salamanca alerta: el exceso de lluvias pone en riesgo las siembras de primavera"},"content":{"rendered":"\n<p>Salamanca, 9 de marzo de 2026| Las abundantes precipitaciones registradas en los primeros meses del a\u00f1o est\u00e1n complicando seriamente las labores agr\u00edcolas en la provincia de Salamanca y amenazan el normal desarrollo de las siembras de primavera. Desde ASAJA Salamanca se advierte de que la saturaci\u00f3n de los suelos est\u00e1 impidiendo la entrada de maquinaria en muchas parcelas y puede comprometer tanto la planificaci\u00f3n de cultivos como el cumplimiento de determinados requisitos de la PAC.<\/p>\n\n\n\n<p>Seg\u00fan los datos de pluviometr\u00eda registrados en la estaci\u00f3n de Matac\u00e1n, en lo que va de a\u00f1o ya se han acumulado 157,7 litros por metro cuadrado:<\/p>\n\n\n\n<ul>\n<li>Enero: 66,4 l\/m\u00b2<\/li>\n\n\n\n<li>Febrero: 71,2 l\/m\u00b2<\/li>\n\n\n\n<li>Marzo (hasta la fecha): 20,1 l\/m\u00b2<\/li>\n<\/ul>\n\n\n\n<p>Esta cifra supone cerca del 40 % de la precipitaci\u00f3n media anual.<\/p>\n\n\n\n<p><strong>Dificultades para sembrar y trabajar el campo<\/strong><\/p>\n\n\n\n<p>Las intensas lluvias est\u00e1n provocando situaciones complicadas en numerosas explotaciones. Muchas siembras de invierno no pudieron realizarse en tiempo y forma, quedando parcelas sin sembrar de cereal grano, forrajes o leguminosas.<\/p>\n\n\n\n<p>A d\u00eda de hoy, incluso en marzo de 2026, todav\u00eda quedan parcelas de ma\u00edz, remolacha o patata de la campa\u00f1a anterior sin cosechar, debido a la imposibilidad de entrar con maquinaria pesada.<\/p>\n\n\n\n<p>El exceso de humedad est\u00e1 generando adem\u00e1s barro y encharcamientos que impiden trabajar las tierras, con tractores que patinan o quedan atascados al intentar acceder a las parcelas.<\/p>\n\n\n\n<p><strong>Incertidumbre en las siembras de primavera y en los ecorreg\u00edmenes<\/strong><\/p>\n\n\n\n<p>Trabajar sobre suelos saturados de agua puede provocar compactaci\u00f3n del terreno y formaci\u00f3n de roderas, lo que reduce la aireaci\u00f3n y dificulta<\/p>\n\n\n\n<p>el drenaje natural del suelo. Estas condiciones afectan directamente al desarrollo de los cultivos y favorecen la aparici\u00f3n de enfermedades y podredumbres.<\/p>\n\n\n\n<p>En cultivos como la remolacha, por ejemplo, la compactaci\u00f3n del suelo en las roderas puede provocar deformaciones en la ra\u00edz, con la consiguiente p\u00e9rdida de rendimiento.<\/p>\n\n\n\n<p>En el secano de las comarcas de Salamanca donde tradicionalmente se siembra garbanzo, podr\u00eda haber dificultades para cumplir el m\u00ednimo del 2,5 % de leguminosas exigido por el ecorregimen de mejorantes, debido a la imposibilidad de sembrar en muchas parcelas.<\/p>\n\n\n\n<p>No obstante, siempre existe la opci\u00f3n de acogerse al ecorregimen P5 mediante la siembra de girasol, alternativa que incluso puede resultar m\u00e1s interesante en explotaciones superiores a 70 hect\u00e1reas.<\/p>\n\n\n\n<p>Desde ASAJA Salamanca se plantea adem\u00e1s que, en caso de persistir esta situaci\u00f3n, podr\u00eda valorarse la eliminaci\u00f3n del requisito de leguminosas en la comarca, aunque habr\u00e1 que analizar si la normativa lo permite.<\/p>\n\n\n\n<p>En el resto de las comarcas \u2014Pe\u00f1aranda, La Fuente de San Esteban y Alba de Tormes\u2014 habr\u00e1 que esperar a la evoluci\u00f3n del tiempo en las pr\u00f3ximas semanas. En estas zonas es habitual sembrar vezas, guisantes o incluso alfalfa para cumplir con el requisito de leguminosas, pero todo depender\u00e1 de si las condiciones del terreno permiten finalmente la siembra, especialmente en el caso del girasol.<\/p>\n\n\n\n<p>Los agricultores miran ahora al mes de abril con preocupaci\u00f3n. Si contin\u00faan las lluvias, la campa\u00f1a de siembras de primavera podr\u00eda verse seriamente comprometida.<\/p>\n\n\n\n<p>Desde ASAJA Salamanca se seguir\u00e1 evaluando la situaci\u00f3n y trasladando a las administraciones la necesidad de flexibilidad en la aplicaci\u00f3n de la normativa si las condiciones meteorol\u00f3gicas contin\u00faan impidiendo el normal desarrollo de la campa\u00f1a.<\/p>\n","protected":false},"excerpt":{"rendered":"<p>Salamanca, 9 de marzo de 2026| Las abundantes precipitaciones registradas en los primeros meses del a\u00f1o est\u00e1n complicando seriamente las labores agr\u00edcolas en la provincia de Salamanca y amenazan el normal desarrollo de las siembras de primavera. Desde ASAJA Salamanca se advierte de que la saturaci\u00f3n de los suelos est\u00e1 impidiendo la entrada de maquinaria [&hellip;]<\/p>\n","protected":false},"author":10,"featured_media":20272,"comment_status":"open","ping_status":"open","sticky":false,"template":"","format":"standard","meta":{"footnotes":""},"categories":[28],"tags":[],"yoast_head":"<!-- This site is optimized with the Yoast SEO plugin v24.5 - https:\/\/yoast.com\/wordpress\/plugins\/seo\/ -->\n<title>ASAJA Salamanca alerta: el exceso de lluvias pone en riesgo las siembras de primavera - ASAJA Salamanca<\/title>\n<meta name=\"description\" content=\"Salamanca, 9 de marzo de 2026| Las abundantes precipitaciones registradas en los primeros meses del a\u00f1o est\u00e1n complicando seriamente las labores agr\u00edcolas\" \/>\n<meta name=\"robots\" content=\"index, follow, max-snippet:-1, max-image-preview:large, max-video-preview:-1\" \/>\n<link rel=\"canonical\" href=\"https:\/\/www.asajacyl.com\/salamanca\/asaja-salamanca-informa\/notas-de-prensa\/asaja-salamanca-alerta-el-exceso-de-lluvias-pone-en-riesgo-las-siembras-de-primavera\" \/>\n<meta property=\"og:locale\" content=\"es_ES\" \/>\n<meta property=\"og:type\" content=\"article\" \/>\n<meta property=\"og:title\" content=\"ASAJA Salamanca alerta: el exceso de lluvias pone en riesgo las siembras de primavera - ASAJA Salamanca\" \/>\n<meta property=\"og:description\" content=\"Salamanca, 9 de marzo de 2026| Las abundantes precipitaciones registradas en los primeros meses del a\u00f1o est\u00e1n complicando seriamente las labores agr\u00edcolas\" \/>\n<meta property=\"og:url\" content=\"https:\/\/www.asajacyl.com\/salamanca\/asaja-salamanca-informa\/notas-de-prensa\/asaja-salamanca-alerta-el-exceso-de-lluvias-pone-en-riesgo-las-siembras-de-primavera\" \/>\n<meta property=\"og:site_name\" content=\"ASAJA Salamanca\" \/>\n<meta property=\"article:published_time\" content=\"2026-03-09T14:52:03+00:00\" \/>\n<meta property=\"article:modified_time\" content=\"2026-03-09T14:55:59+00:00\" \/>\n<meta property=\"og:image\" content=\"https:\/\/www.asajacyl.com\/salamanca\/wp-content\/uploads\/sites\/7\/2026\/03\/Pluviometro-ASAJA-1.jpeg\" \/>\n\t<meta property=\"og:image:width\" content=\"2500\" \/>\n\t<meta property=\"og:image:height\" content=\"944\" \/>\n\t<meta property=\"og:image:type\" content=\"image\/jpeg\" \/>\n<meta name=\"author\" content=\"Sonia\" \/>\n<meta name=\"twitter:card\" content=\"summary_large_image\" \/>\n<meta name=\"twitter:label1\" content=\"Escrito por\" \/>\n\t<meta name=\"twitter:data1\" content=\"Sonia\" \/>\n\t<meta name=\"twitter:label2\" content=\"Tiempo de lectura\" \/>\n\t<meta name=\"twitter:data2\" content=\"3 minutos\" \/>\n<script type=\"application\/ld+json\" class=\"yoast-schema-graph\">{\"@context\":\"https:\/\/schema.org\",\"@graph\":[{\"@type\":\"WebPage\",\"@id\":\"https:\/\/www.asajacyl.com\/salamanca\/asaja-salamanca-informa\/notas-de-prensa\/asaja-salamanca-alerta-el-exceso-de-lluvias-pone-en-riesgo-las-siembras-de-primavera\",\"url\":\"https:\/\/www.asajacyl.com\/salamanca\/asaja-salamanca-informa\/notas-de-prensa\/asaja-salamanca-alerta-el-exceso-de-lluvias-pone-en-riesgo-las-siembras-de-primavera\",\"name\":\"ASAJA Salamanca alerta: el exceso de lluvias pone en riesgo las siembras de primavera - ASAJA Salamanca\",\"isPartOf\":{\"@id\":\"https:\/\/www.asajacyl.com\/salamanca\/#website\"},\"primaryImageOfPage\":{\"@id\":\"https:\/\/www.asajacyl.com\/salamanca\/asaja-salamanca-informa\/notas-de-prensa\/asaja-salamanca-alerta-el-exceso-de-lluvias-pone-en-riesgo-las-siembras-de-primavera#primaryimage\"},\"image\":{\"@id\":\"https:\/\/www.asajacyl.com\/salamanca\/asaja-salamanca-informa\/notas-de-prensa\/asaja-salamanca-alerta-el-exceso-de-lluvias-pone-en-riesgo-las-siembras-de-primavera#primaryimage\"},\"thumbnailUrl\":\"https:\/\/www.asajacyl.com\/salamanca\/wp-content\/uploads\/sites\/7\/2026\/03\/Pluviometro-ASAJA-1.jpeg\",\"datePublished\":\"2026-03-09T14:52:03+00:00\",\"dateModified\":\"2026-03-09T14:55:59+00:00\",\"author\":{\"@id\":\"https:\/\/www.asajacyl.com\/salamanca\/#\/schema\/person\/2bfc7da09988e1087e6291fafe99b67f\"},\"description\":\"Salamanca, 9 de marzo de 2026| Las abundantes precipitaciones registradas en los primeros meses del a\u00f1o est\u00e1n complicando seriamente las labores agr\u00edcolas\",\"breadcrumb\":{\"@id\":\"https:\/\/www.asajacyl.com\/salamanca\/asaja-salamanca-informa\/notas-de-prensa\/asaja-salamanca-alerta-el-exceso-de-lluvias-pone-en-riesgo-las-siembras-de-primavera#breadcrumb\"},\"inLanguage\":\"es\",\"potentialAction\":[{\"@type\":\"ReadAction\",\"target\":[\"https:\/\/www.asajacyl.com\/salamanca\/asaja-salamanca-informa\/notas-de-prensa\/asaja-salamanca-alerta-el-exceso-de-lluvias-pone-en-riesgo-las-siembras-de-primavera\"]}]},{\"@type\":\"ImageObject\",\"inLanguage\":\"es\",\"@id\":\"https:\/\/www.asajacyl.com\/salamanca\/asaja-salamanca-informa\/notas-de-prensa\/asaja-salamanca-alerta-el-exceso-de-lluvias-pone-en-riesgo-las-siembras-de-primavera#primaryimage\",\"url\":\"https:\/\/www.asajacyl.com\/salamanca\/wp-content\/uploads\/sites\/7\/2026\/03\/Pluviometro-ASAJA-1.jpeg\",\"contentUrl\":\"https:\/\/www.asajacyl.com\/salamanca\/wp-content\/uploads\/sites\/7\/2026\/03\/Pluviometro-ASAJA-1.jpeg\",\"width\":2500,\"height\":944},{\"@type\":\"BreadcrumbList\",\"@id\":\"https:\/\/www.asajacyl.com\/salamanca\/asaja-salamanca-informa\/notas-de-prensa\/asaja-salamanca-alerta-el-exceso-de-lluvias-pone-en-riesgo-las-siembras-de-primavera#breadcrumb\",\"itemListElement\":[{\"@type\":\"ListItem\",\"position\":1,\"name\":\"Portada\",\"item\":\"https:\/\/www.asajacyl.com\/salamanca\/\"},{\"@type\":\"ListItem\",\"position\":2,\"name\":\"ASAJA Salamanca alerta: el exceso de lluvias pone en riesgo las siembras de primavera\"}]},{\"@type\":\"WebSite\",\"@id\":\"https:\/\/www.asajacyl.com\/salamanca\/#website\",\"url\":\"https:\/\/www.asajacyl.com\/salamanca\/\",\"name\":\"ASAJA Salamanca\",\"description\":\"Otro sitio m\u00e1s de Provincias ASAJA Castilla y Le\u00f3n\",\"potentialAction\":[{\"@type\":\"SearchAction\",\"target\":{\"@type\":\"EntryPoint\",\"urlTemplate\":\"https:\/\/www.asajacyl.com\/salamanca\/?s={search_term_string}\"},\"query-input\":{\"@type\":\"PropertyValueSpecification\",\"valueRequired\":true,\"valueName\":\"search_term_string\"}}],\"inLanguage\":\"es\"},{\"@type\":\"Person\",\"@id\":\"https:\/\/www.asajacyl.com\/salamanca\/#\/schema\/person\/2bfc7da09988e1087e6291fafe99b67f\",\"name\":\"Sonia\",\"image\":{\"@type\":\"ImageObject\",\"inLanguage\":\"es\",\"@id\":\"https:\/\/www.asajacyl.com\/salamanca\/#\/schema\/person\/image\/\",\"url\":\"https:\/\/secure.gravatar.com\/avatar\/6b0d6eb461a1e3687cc023d59022ef0d?s=96&d=mm&r=g\",\"contentUrl\":\"https:\/\/secure.gravatar.com\/avatar\/6b0d6eb461a1e3687cc023d59022ef0d?s=96&d=mm&r=g\",\"caption\":\"Sonia\"},\"url\":\"https:\/\/www.asajacyl.com\/salamanca\/author\/juanluisde\"}]}<\/script>\n<!-- \/ Yoast SEO plugin. -->","yoast_head_json":{"title":"ASAJA Salamanca alerta: el exceso de lluvias pone en riesgo las siembras de primavera - ASAJA Salamanca","description":"Salamanca, 9 de marzo de 2026| Las abundantes precipitaciones registradas en los primeros meses del a\u00f1o est\u00e1n complicando seriamente las labores agr\u00edcolas","robots":{"index":"index","follow":"follow","max-snippet":"max-snippet:-1","max-image-preview":"max-image-preview:large","max-video-preview":"max-video-preview:-1"},"canonical":"https:\/\/www.asajacyl.com\/salamanca\/asaja-salamanca-informa\/notas-de-prensa\/asaja-salamanca-alerta-el-exceso-de-lluvias-pone-en-riesgo-las-siembras-de-primavera","og_locale":"es_ES","og_type":"article","og_title":"ASAJA Salamanca alerta: el exceso de lluvias pone en riesgo las siembras de primavera - ASAJA Salamanca","og_description":"Salamanca, 9 de marzo de 2026| Las abundantes precipitaciones registradas en los primeros meses del a\u00f1o est\u00e1n complicando seriamente las labores agr\u00edcolas","og_url":"https:\/\/www.asajacyl.com\/salamanca\/asaja-salamanca-informa\/notas-de-prensa\/asaja-salamanca-alerta-el-exceso-de-lluvias-pone-en-riesgo-las-siembras-de-primavera","og_site_name":"ASAJA Salamanca","article_published_time":"2026-03-09T14:52:03+00:00","article_modified_time":"2026-03-09T14:55:59+00:00","og_image":[{"width":2500,"height":944,"url":"https:\/\/www.asajacyl.com\/salamanca\/wp-content\/uploads\/sites\/7\/2026\/03\/Pluviometro-ASAJA-1.jpeg","type":"image\/jpeg"}],"author":"Sonia","twitter_card":"summary_large_image","twitter_misc":{"Escrito por":"Sonia","Tiempo de lectura":"3 minutos"},"schema":{"@context":"https:\/\/schema.org","@graph":[{"@type":"WebPage","@id":"https:\/\/www.asajacyl.com\/salamanca\/asaja-salamanca-informa\/notas-de-prensa\/asaja-salamanca-alerta-el-exceso-de-lluvias-pone-en-riesgo-las-siembras-de-primavera","url":"https:\/\/www.asajacyl.com\/salamanca\/asaja-salamanca-informa\/notas-de-prensa\/asaja-salamanca-alerta-el-exceso-de-lluvias-pone-en-riesgo-las-siembras-de-primavera","name":"ASAJA Salamanca alerta: el exceso de lluvias pone en riesgo las siembras de primavera - ASAJA Salamanca","isPartOf":{"@id":"https:\/\/www.asajacyl.com\/salamanca\/#website"},"primaryImageOfPage":{"@id":"https:\/\/www.asajacyl.com\/salamanca\/asaja-salamanca-informa\/notas-de-prensa\/asaja-salamanca-alerta-el-exceso-de-lluvias-pone-en-riesgo-las-siembras-de-primavera#primaryimage"},"image":{"@id":"https:\/\/www.asajacyl.com\/salamanca\/asaja-salamanca-informa\/notas-de-prensa\/asaja-salamanca-alerta-el-exceso-de-lluvias-pone-en-riesgo-las-siembras-de-primavera#primaryimage"},"thumbnailUrl":"https:\/\/www.asajacyl.com\/salamanca\/wp-content\/uploads\/sites\/7\/2026\/03\/Pluviometro-ASAJA-1.jpeg","datePublished":"2026-03-09T14:52:03+00:00","dateModified":"2026-03-09T14:55:59+00:00","author":{"@id":"https:\/\/www.asajacyl.com\/salamanca\/#\/schema\/person\/2bfc7da09988e1087e6291fafe99b67f"},"description":"Salamanca, 9 de marzo de 2026| Las abundantes precipitaciones registradas en los primeros meses del a\u00f1o est\u00e1n complicando seriamente las labores agr\u00edcolas","breadcrumb":{"@id":"https:\/\/www.asajacyl.com\/salamanca\/asaja-salamanca-informa\/notas-de-prensa\/asaja-salamanca-alerta-el-exceso-de-lluvias-pone-en-riesgo-las-siembras-de-primavera#breadcrumb"},"inLanguage":"es","potentialAction":[{"@type":"ReadAction","target":["https:\/\/www.asajacyl.com\/salamanca\/asaja-salamanca-informa\/notas-de-prensa\/asaja-salamanca-alerta-el-exceso-de-lluvias-pone-en-riesgo-las-siembras-de-primavera"]}]},{"@type":"ImageObject","inLanguage":"es","@id":"https:\/\/www.asajacyl.com\/salamanca\/asaja-salamanca-informa\/notas-de-prensa\/asaja-salamanca-alerta-el-exceso-de-lluvias-pone-en-riesgo-las-siembras-de-primavera#primaryimage","url":"https:\/\/www.asajacyl.com\/salamanca\/wp-content\/uploads\/sites\/7\/2026\/03\/Pluviometro-ASAJA-1.jpeg","contentUrl":"https:\/\/www.asajacyl.com\/salamanca\/wp-content\/uploads\/sites\/7\/2026\/03\/Pluviometro-ASAJA-1.jpeg","width":2500,"height":944},{"@type":"BreadcrumbList","@id":"https:\/\/www.asajacyl.com\/salamanca\/asaja-salamanca-informa\/notas-de-prensa\/asaja-salamanca-alerta-el-exceso-de-lluvias-pone-en-riesgo-las-siembras-de-primavera#breadcrumb","itemListElement":[{"@type":"ListItem","position":1,"name":"Portada","item":"https:\/\/www.asajacyl.com\/salamanca\/"},{"@type":"ListItem","position":2,"name":"ASAJA Salamanca alerta: el exceso de lluvias pone en riesgo las siembras de primavera"}]},{"@type":"WebSite","@id":"https:\/\/www.asajacyl.com\/salamanca\/#website","url":"https:\/\/www.asajacyl.com\/salamanca\/","name":"ASAJA Salamanca","description":"Otro sitio m\u00e1s de Provincias ASAJA Castilla y Le\u00f3n","potentialAction":[{"@type":"SearchAction","target":{"@type":"EntryPoint","urlTemplate":"https:\/\/www.asajacyl.com\/salamanca\/?s={search_term_string}"},"query-input":{"@type":"PropertyValueSpecification","valueRequired":true,"valueName":"search_term_string"}}],"inLanguage":"es"},{"@type":"Person","@id":"https:\/\/www.asajacyl.com\/salamanca\/#\/schema\/person\/2bfc7da09988e1087e6291fafe99b67f","name":"Sonia","image":{"@type":"ImageObject","inLanguage":"es","@id":"https:\/\/www.asajacyl.com\/salamanca\/#\/schema\/person\/image\/","url":"https:\/\/secure.gravatar.com\/avatar\/6b0d6eb461a1e3687cc023d59022ef0d?s=96&d=mm&r=g","contentUrl":"https:\/\/secure.gravatar.com\/avatar\/6b0d6eb461a1e3687cc023d59022ef0d?s=96&d=mm&r=g","caption":"Sonia"},"url":"https:\/\/www.asajacyl.com\/salamanca\/author\/juanluisde"}]}},"_links":{"self":[{"href":"https:\/\/www.asajacyl.com\/salamanca\/wp-json\/wp\/v2\/posts\/20269"}],"collection":[{"href":"https:\/\/www.asajacyl.com\/salamanca\/wp-json\/wp\/v2\/posts"}],"about":[{"href":"https:\/\/www.asajacyl.com\/salamanca\/wp-json\/wp\/v2\/types\/post"}],"author":[{"embeddable":true,"href":"https:\/\/www.asajacyl.com\/salamanca\/wp-json\/wp\/v2\/users\/10"}],"replies":[{"embeddable":true,"href":"https:\/\/www.asajacyl.com\/salamanca\/wp-json\/wp\/v2\/comments?post=20269"}],"version-history":[{"count":1,"href":"https:\/\/www.asajacyl.com\/salamanca\/wp-json\/wp\/v2\/posts\/20269\/revisions"}],"predecessor-version":[{"id":20271,"href":"https:\/\/www.asajacyl.com\/salamanca\/wp-json\/wp\/v2\/posts\/20269\/revisions\/20271"}],"wp:featuredmedia":[{"embeddable":true,"href":"https:\/\/www.asajacyl.com\/salamanca\/wp-json\/wp\/v2\/media\/20272"}],"wp:attachment":[{"href":"https:\/\/www.asajacyl.com\/salamanca\/wp-json\/wp\/v2\/media?parent=20269"}],"wp:term":[{"taxonomy":"category","embeddable":true,"href":"https:\/\/www.asajacyl.com\/salamanca\/wp-json\/wp\/v2\/categories?post=20269"},{"taxonomy":"post_tag","embeddable":true,"href":"https:\/\/www.asajacyl.com\/salamanca\/wp-json\/wp\/v2\/tags?post=20269"}],"curies":[{"name":"wp","href":"https:\/\/api.w.org\/{rel}","templated":true}]}}