{"id":20284,"date":"2026-03-09T17:17:00","date_gmt":"2026-03-09T16:17:00","guid":{"rendered":"https:\/\/www.asajacyl.com\/salamanca\/?p=20284"},"modified":"2026-04-14T08:35:44","modified_gmt":"2026-04-14T06:35:44","slug":"publicada-la-lista-de-beneficiarios-de-las-ayudas-para-vallados-ganaderos-afectados-por-los-incendios-de-2025","status":"publish","type":"post","link":"https:\/\/www.asajacyl.com\/salamanca\/asaja-salamanca-informa\/noticias\/publicada-la-lista-de-beneficiarios-de-las-ayudas-para-vallados-ganaderos-afectados-por-los-incendios-de-2025","title":{"rendered":"Publicada la lista de beneficiarios de las ayudas para vallados ganaderos afectados por los incendios de 2025"},"content":{"rendered":"\n<h2 class=\"wp-block-heading\">Beneficia a 30 propietarios y solicitantes de las ayudas de la PAC 2025, con una inversi\u00f3n total de 186.906,49 euros destinada a recuperar infraestructuras esenciales para la actividad ganadera.<\/h2>\n\n\n\n<h3 class=\"wp-block-heading\">Beneficiarios<\/h3>\n\n\n\n<p>Estas ayudas se dirigen a&nbsp;<strong>propietarios y solicitantes de las ayudas PAC 2025<\/strong>&nbsp;cuyas explotaciones resultaron afectadas por los incendios y tienen como finalidad garantizar la recuperaci\u00f3n de infraestructuras necesarias para la&nbsp;<strong>protecci\u00f3n del ganado y el manejo de explotaciones en r\u00e9gimen extensivo<\/strong>.<\/p>\n\n\n\n<h3 class=\"wp-block-heading\">Gastos subvencionables y cuant\u00eda de la ayuda<\/h3>\n\n\n\n<p>La ayuda se calcula en funci\u00f3n del tipo de da\u00f1o sufrido por los vallados ganaderos. Los baremos establecidos son:<\/p>\n\n\n\n<ul>\n<li><strong>6 euros por metro lineal<\/strong>\u00a0para cerramientos con destrucci\u00f3n total.<\/li>\n\n\n\n<li><strong>3 euros por metro lineal<\/strong>\u00a0para cerramientos con destrucci\u00f3n parcial.<\/li>\n\n\n\n<li><strong>750 euros por unidad<\/strong>\u00a0en el caso de pastores el\u00e9ctricos.<\/li>\n<\/ul>\n\n\n\n<p>La cuant\u00eda m\u00ednima de la subvenci\u00f3n es de&nbsp;<strong>100 euros<\/strong>, mientras que la cuant\u00eda m\u00e1xima por beneficiario se fija en&nbsp;<strong>18.000 euros<\/strong>.<\/p>\n\n\n\n<h3 class=\"wp-block-heading\">Determinaci\u00f3n de la cuant\u00eda de la ayuda<\/h3>\n\n\n\n<p>Para calcular la cuant\u00eda de la subvenci\u00f3n, en el caso de titulares de explotaciones agrarias incluidos en el anexo II que hayan presentado la correspondiente declaraci\u00f3n responsable y que ya hayan sido beneficiarios de la&nbsp;<strong>ayuda m\u00ednima de 5.500 euros por su condici\u00f3n de agricultor o ganadero profesional<\/strong>, dicha cantidad se descontar\u00e1 del resultado obtenido al aplicar los baremos establecidos para la reposici\u00f3n de los cercados o vallados da\u00f1ados.<\/p>\n\n\n\n<h3 class=\"wp-block-heading\">Aceptaci\u00f3n de la subvenci\u00f3n<\/h3>\n\n\n\n<p>Los beneficiarios disponen de un&nbsp;<strong>plazo de diez d\u00edas desde la notificaci\u00f3n de la orden<\/strong>&nbsp;para comunicar la aceptaci\u00f3n de la subvenci\u00f3n.<\/p>\n\n\n\n<p>En caso de no presentar la aceptaci\u00f3n en ese plazo, se entender\u00e1 que&nbsp;<strong>renuncian a la ayuda<\/strong>.<\/p>\n\n\n\n<h3 class=\"wp-block-heading\">Anticipo y pago de la ayuda<\/h3>\n\n\n\n<p>La resoluci\u00f3n contempla la posibilidad de solicitar&nbsp;<strong>un anticipo del 100 % del importe concedido<\/strong>, una vez aceptada la subvenci\u00f3n.<\/p>\n\n\n\n<p>El pago se realizar\u00e1 en un&nbsp;<strong>\u00fanico abono en la cuenta bancaria indicada por el beneficiario<\/strong>, sin necesidad de aportar garant\u00edas.<\/p>\n\n\n\n<h3 class=\"wp-block-heading\">Plazo y forma de justificaci\u00f3n<\/h3>\n\n\n\n<p>Los beneficiarios deber\u00e1n ejecutar la&nbsp;<strong>reposici\u00f3n de los vallados da\u00f1ados en un plazo m\u00e1ximo de 12 meses<\/strong>&nbsp;desde la comunicaci\u00f3n de la concesi\u00f3n de la ayuda.<\/p>\n\n\n\n<p>No se exige la presentaci\u00f3n de documentaci\u00f3n justificativa, aunque la administraci\u00f3n podr\u00e1 realizar&nbsp;<strong>inspecciones y controles posteriores para verificar la ejecuci\u00f3n de los trabajos<\/strong>.<\/p>\n\n\n\n<p>Consulta el listado de beneficiarios aqu\u00ed:&nbsp;<a href=\"https:\/\/bocyl.jcyl.es\/boletines\/2026\/03\/09\/pdf\/BOCYL-D-09032026-46-8.pdf\">https:\/\/bocyl.jcyl.es\/boletines\/2026\/03\/09\/pdf\/BOCYL-D-09032026-46-8.pdf<\/a><\/p>\n","protected":false},"excerpt":{"rendered":"<p>Beneficia a 30 propietarios y solicitantes de las ayudas de la PAC 2025, con una inversi\u00f3n total de 186.906,49 euros destinada a recuperar infraestructuras esenciales para la actividad ganadera. Beneficiarios Estas ayudas se dirigen a&nbsp;propietarios y solicitantes de las ayudas PAC 2025&nbsp;cuyas explotaciones resultaron afectadas por los incendios y tienen como finalidad garantizar la recuperaci\u00f3n [&hellip;]<\/p>\n","protected":false},"author":10,"featured_media":20285,"comment_status":"open","ping_status":"open","sticky":false,"template":"","format":"standard","meta":{"footnotes":""},"categories":[510],"tags":[],"yoast_head":"<!-- This site is optimized with the Yoast SEO plugin v24.5 - https:\/\/yoast.com\/wordpress\/plugins\/seo\/ -->\n<title>Publicada la lista de beneficiarios de las ayudas para vallados ganaderos afectados por los incendios de 2025 - ASAJA Salamanca<\/title>\n<meta name=\"description\" content=\"Beneficia a 30 propietarios y solicitantes de las ayudas de la PAC 2025, con una inversi\u00f3n total de 186.906,49 euros destinada a recuperar\" \/>\n<meta name=\"robots\" content=\"index, follow, max-snippet:-1, max-image-preview:large, max-video-preview:-1\" \/>\n<link rel=\"canonical\" href=\"https:\/\/www.asajacyl.com\/salamanca\/asaja-salamanca-informa\/noticias\/publicada-la-lista-de-beneficiarios-de-las-ayudas-para-vallados-ganaderos-afectados-por-los-incendios-de-2025\" \/>\n<meta property=\"og:locale\" content=\"es_ES\" \/>\n<meta property=\"og:type\" content=\"article\" \/>\n<meta property=\"og:title\" content=\"Publicada la lista de beneficiarios de las ayudas para vallados ganaderos afectados por los incendios de 2025 - ASAJA Salamanca\" \/>\n<meta property=\"og:description\" content=\"Beneficia a 30 propietarios y solicitantes de las ayudas de la PAC 2025, con una inversi\u00f3n total de 186.906,49 euros destinada a recuperar\" \/>\n<meta property=\"og:url\" content=\"https:\/\/www.asajacyl.com\/salamanca\/asaja-salamanca-informa\/noticias\/publicada-la-lista-de-beneficiarios-de-las-ayudas-para-vallados-ganaderos-afectados-por-los-incendios-de-2025\" \/>\n<meta property=\"og:site_name\" content=\"ASAJA Salamanca\" \/>\n<meta property=\"article:published_time\" content=\"2026-03-09T16:17:00+00:00\" \/>\n<meta property=\"article:modified_time\" content=\"2026-04-14T06:35:44+00:00\" \/>\n<meta property=\"og:image\" content=\"https:\/\/www.asajacyl.com\/salamanca\/wp-content\/uploads\/sites\/7\/2026\/03\/ChatGPT-Image-9-mar-2026-16_40_58.jpg\" \/>\n\t<meta property=\"og:image:width\" content=\"1019\" \/>\n\t<meta property=\"og:image:height\" content=\"235\" \/>\n\t<meta property=\"og:image:type\" content=\"image\/jpeg\" \/>\n<meta name=\"author\" content=\"Sonia\" \/>\n<meta name=\"twitter:card\" content=\"summary_large_image\" \/>\n<meta name=\"twitter:label1\" content=\"Escrito por\" \/>\n\t<meta name=\"twitter:data1\" content=\"Sonia\" \/>\n\t<meta name=\"twitter:label2\" content=\"Tiempo de lectura\" \/>\n\t<meta name=\"twitter:data2\" content=\"2 minutos\" \/>\n<script type=\"application\/ld+json\" class=\"yoast-schema-graph\">{\"@context\":\"https:\/\/schema.org\",\"@graph\":[{\"@type\":\"WebPage\",\"@id\":\"https:\/\/www.asajacyl.com\/salamanca\/asaja-salamanca-informa\/noticias\/publicada-la-lista-de-beneficiarios-de-las-ayudas-para-vallados-ganaderos-afectados-por-los-incendios-de-2025\",\"url\":\"https:\/\/www.asajacyl.com\/salamanca\/asaja-salamanca-informa\/noticias\/publicada-la-lista-de-beneficiarios-de-las-ayudas-para-vallados-ganaderos-afectados-por-los-incendios-de-2025\",\"name\":\"Publicada la lista de beneficiarios de las ayudas para vallados ganaderos afectados por los incendios de 2025 - ASAJA Salamanca\",\"isPartOf\":{\"@id\":\"https:\/\/www.asajacyl.com\/salamanca\/#website\"},\"primaryImageOfPage\":{\"@id\":\"https:\/\/www.asajacyl.com\/salamanca\/asaja-salamanca-informa\/noticias\/publicada-la-lista-de-beneficiarios-de-las-ayudas-para-vallados-ganaderos-afectados-por-los-incendios-de-2025#primaryimage\"},\"image\":{\"@id\":\"https:\/\/www.asajacyl.com\/salamanca\/asaja-salamanca-informa\/noticias\/publicada-la-lista-de-beneficiarios-de-las-ayudas-para-vallados-ganaderos-afectados-por-los-incendios-de-2025#primaryimage\"},\"thumbnailUrl\":\"https:\/\/www.asajacyl.com\/salamanca\/wp-content\/uploads\/sites\/7\/2026\/03\/ChatGPT-Image-9-mar-2026-16_40_58.jpg\",\"datePublished\":\"2026-03-09T16:17:00+00:00\",\"dateModified\":\"2026-04-14T06:35:44+00:00\",\"author\":{\"@id\":\"https:\/\/www.asajacyl.com\/salamanca\/#\/schema\/person\/2bfc7da09988e1087e6291fafe99b67f\"},\"description\":\"Beneficia a 30 propietarios y solicitantes de las ayudas de la PAC 2025, con una inversi\u00f3n total de 186.906,49 euros destinada a recuperar\",\"breadcrumb\":{\"@id\":\"https:\/\/www.asajacyl.com\/salamanca\/asaja-salamanca-informa\/noticias\/publicada-la-lista-de-beneficiarios-de-las-ayudas-para-vallados-ganaderos-afectados-por-los-incendios-de-2025#breadcrumb\"},\"inLanguage\":\"es\",\"potentialAction\":[{\"@type\":\"ReadAction\",\"target\":[\"https:\/\/www.asajacyl.com\/salamanca\/asaja-salamanca-informa\/noticias\/publicada-la-lista-de-beneficiarios-de-las-ayudas-para-vallados-ganaderos-afectados-por-los-incendios-de-2025\"]}]},{\"@type\":\"ImageObject\",\"inLanguage\":\"es\",\"@id\":\"https:\/\/www.asajacyl.com\/salamanca\/asaja-salamanca-informa\/noticias\/publicada-la-lista-de-beneficiarios-de-las-ayudas-para-vallados-ganaderos-afectados-por-los-incendios-de-2025#primaryimage\",\"url\":\"https:\/\/www.asajacyl.com\/salamanca\/wp-content\/uploads\/sites\/7\/2026\/03\/ChatGPT-Image-9-mar-2026-16_40_58.jpg\",\"contentUrl\":\"https:\/\/www.asajacyl.com\/salamanca\/wp-content\/uploads\/sites\/7\/2026\/03\/ChatGPT-Image-9-mar-2026-16_40_58.jpg\",\"width\":1019,\"height\":235},{\"@type\":\"BreadcrumbList\",\"@id\":\"https:\/\/www.asajacyl.com\/salamanca\/asaja-salamanca-informa\/noticias\/publicada-la-lista-de-beneficiarios-de-las-ayudas-para-vallados-ganaderos-afectados-por-los-incendios-de-2025#breadcrumb\",\"itemListElement\":[{\"@type\":\"ListItem\",\"position\":1,\"name\":\"Portada\",\"item\":\"https:\/\/www.asajacyl.com\/salamanca\/\"},{\"@type\":\"ListItem\",\"position\":2,\"name\":\"Publicada la lista de beneficiarios de las ayudas para vallados ganaderos afectados por los incendios de 2025\"}]},{\"@type\":\"WebSite\",\"@id\":\"https:\/\/www.asajacyl.com\/salamanca\/#website\",\"url\":\"https:\/\/www.asajacyl.com\/salamanca\/\",\"name\":\"ASAJA Salamanca\",\"description\":\"Otro sitio m\u00e1s de Provincias ASAJA Castilla y Le\u00f3n\",\"potentialAction\":[{\"@type\":\"SearchAction\",\"target\":{\"@type\":\"EntryPoint\",\"urlTemplate\":\"https:\/\/www.asajacyl.com\/salamanca\/?s={search_term_string}\"},\"query-input\":{\"@type\":\"PropertyValueSpecification\",\"valueRequired\":true,\"valueName\":\"search_term_string\"}}],\"inLanguage\":\"es\"},{\"@type\":\"Person\",\"@id\":\"https:\/\/www.asajacyl.com\/salamanca\/#\/schema\/person\/2bfc7da09988e1087e6291fafe99b67f\",\"name\":\"Sonia\",\"image\":{\"@type\":\"ImageObject\",\"inLanguage\":\"es\",\"@id\":\"https:\/\/www.asajacyl.com\/salamanca\/#\/schema\/person\/image\/\",\"url\":\"https:\/\/secure.gravatar.com\/avatar\/6b0d6eb461a1e3687cc023d59022ef0d?s=96&d=mm&r=g\",\"contentUrl\":\"https:\/\/secure.gravatar.com\/avatar\/6b0d6eb461a1e3687cc023d59022ef0d?s=96&d=mm&r=g\",\"caption\":\"Sonia\"},\"url\":\"https:\/\/www.asajacyl.com\/salamanca\/author\/juanluisde\"}]}<\/script>\n<!-- \/ Yoast SEO plugin. -->","yoast_head_json":{"title":"Publicada la lista de beneficiarios de las ayudas para vallados ganaderos afectados por los incendios de 2025 - ASAJA Salamanca","description":"Beneficia a 30 propietarios y solicitantes de las ayudas de la PAC 2025, con una inversi\u00f3n total de 186.906,49 euros destinada a recuperar","robots":{"index":"index","follow":"follow","max-snippet":"max-snippet:-1","max-image-preview":"max-image-preview:large","max-video-preview":"max-video-preview:-1"},"canonical":"https:\/\/www.asajacyl.com\/salamanca\/asaja-salamanca-informa\/noticias\/publicada-la-lista-de-beneficiarios-de-las-ayudas-para-vallados-ganaderos-afectados-por-los-incendios-de-2025","og_locale":"es_ES","og_type":"article","og_title":"Publicada la lista de beneficiarios de las ayudas para vallados ganaderos afectados por los incendios de 2025 - ASAJA Salamanca","og_description":"Beneficia a 30 propietarios y solicitantes de las ayudas de la PAC 2025, con una inversi\u00f3n total de 186.906,49 euros destinada a recuperar","og_url":"https:\/\/www.asajacyl.com\/salamanca\/asaja-salamanca-informa\/noticias\/publicada-la-lista-de-beneficiarios-de-las-ayudas-para-vallados-ganaderos-afectados-por-los-incendios-de-2025","og_site_name":"ASAJA Salamanca","article_published_time":"2026-03-09T16:17:00+00:00","article_modified_time":"2026-04-14T06:35:44+00:00","og_image":[{"width":1019,"height":235,"url":"https:\/\/www.asajacyl.com\/salamanca\/wp-content\/uploads\/sites\/7\/2026\/03\/ChatGPT-Image-9-mar-2026-16_40_58.jpg","type":"image\/jpeg"}],"author":"Sonia","twitter_card":"summary_large_image","twitter_misc":{"Escrito por":"Sonia","Tiempo de lectura":"2 minutos"},"schema":{"@context":"https:\/\/schema.org","@graph":[{"@type":"WebPage","@id":"https:\/\/www.asajacyl.com\/salamanca\/asaja-salamanca-informa\/noticias\/publicada-la-lista-de-beneficiarios-de-las-ayudas-para-vallados-ganaderos-afectados-por-los-incendios-de-2025","url":"https:\/\/www.asajacyl.com\/salamanca\/asaja-salamanca-informa\/noticias\/publicada-la-lista-de-beneficiarios-de-las-ayudas-para-vallados-ganaderos-afectados-por-los-incendios-de-2025","name":"Publicada la lista de beneficiarios de las ayudas para vallados ganaderos afectados por los incendios de 2025 - ASAJA Salamanca","isPartOf":{"@id":"https:\/\/www.asajacyl.com\/salamanca\/#website"},"primaryImageOfPage":{"@id":"https:\/\/www.asajacyl.com\/salamanca\/asaja-salamanca-informa\/noticias\/publicada-la-lista-de-beneficiarios-de-las-ayudas-para-vallados-ganaderos-afectados-por-los-incendios-de-2025#primaryimage"},"image":{"@id":"https:\/\/www.asajacyl.com\/salamanca\/asaja-salamanca-informa\/noticias\/publicada-la-lista-de-beneficiarios-de-las-ayudas-para-vallados-ganaderos-afectados-por-los-incendios-de-2025#primaryimage"},"thumbnailUrl":"https:\/\/www.asajacyl.com\/salamanca\/wp-content\/uploads\/sites\/7\/2026\/03\/ChatGPT-Image-9-mar-2026-16_40_58.jpg","datePublished":"2026-03-09T16:17:00+00:00","dateModified":"2026-04-14T06:35:44+00:00","author":{"@id":"https:\/\/www.asajacyl.com\/salamanca\/#\/schema\/person\/2bfc7da09988e1087e6291fafe99b67f"},"description":"Beneficia a 30 propietarios y solicitantes de las ayudas de la PAC 2025, con una inversi\u00f3n total de 186.906,49 euros destinada a recuperar","breadcrumb":{"@id":"https:\/\/www.asajacyl.com\/salamanca\/asaja-salamanca-informa\/noticias\/publicada-la-lista-de-beneficiarios-de-las-ayudas-para-vallados-ganaderos-afectados-por-los-incendios-de-2025#breadcrumb"},"inLanguage":"es","potentialAction":[{"@type":"ReadAction","target":["https:\/\/www.asajacyl.com\/salamanca\/asaja-salamanca-informa\/noticias\/publicada-la-lista-de-beneficiarios-de-las-ayudas-para-vallados-ganaderos-afectados-por-los-incendios-de-2025"]}]},{"@type":"ImageObject","inLanguage":"es","@id":"https:\/\/www.asajacyl.com\/salamanca\/asaja-salamanca-informa\/noticias\/publicada-la-lista-de-beneficiarios-de-las-ayudas-para-vallados-ganaderos-afectados-por-los-incendios-de-2025#primaryimage","url":"https:\/\/www.asajacyl.com\/salamanca\/wp-content\/uploads\/sites\/7\/2026\/03\/ChatGPT-Image-9-mar-2026-16_40_58.jpg","contentUrl":"https:\/\/www.asajacyl.com\/salamanca\/wp-content\/uploads\/sites\/7\/2026\/03\/ChatGPT-Image-9-mar-2026-16_40_58.jpg","width":1019,"height":235},{"@type":"BreadcrumbList","@id":"https:\/\/www.asajacyl.com\/salamanca\/asaja-salamanca-informa\/noticias\/publicada-la-lista-de-beneficiarios-de-las-ayudas-para-vallados-ganaderos-afectados-por-los-incendios-de-2025#breadcrumb","itemListElement":[{"@type":"ListItem","position":1,"name":"Portada","item":"https:\/\/www.asajacyl.com\/salamanca\/"},{"@type":"ListItem","position":2,"name":"Publicada la lista de beneficiarios de las ayudas para vallados ganaderos afectados por los incendios de 2025"}]},{"@type":"WebSite","@id":"https:\/\/www.asajacyl.com\/salamanca\/#website","url":"https:\/\/www.asajacyl.com\/salamanca\/","name":"ASAJA Salamanca","description":"Otro sitio m\u00e1s de Provincias ASAJA Castilla y Le\u00f3n","potentialAction":[{"@type":"SearchAction","target":{"@type":"EntryPoint","urlTemplate":"https:\/\/www.asajacyl.com\/salamanca\/?s={search_term_string}"},"query-input":{"@type":"PropertyValueSpecification","valueRequired":true,"valueName":"search_term_string"}}],"inLanguage":"es"},{"@type":"Person","@id":"https:\/\/www.asajacyl.com\/salamanca\/#\/schema\/person\/2bfc7da09988e1087e6291fafe99b67f","name":"Sonia","image":{"@type":"ImageObject","inLanguage":"es","@id":"https:\/\/www.asajacyl.com\/salamanca\/#\/schema\/person\/image\/","url":"https:\/\/secure.gravatar.com\/avatar\/6b0d6eb461a1e3687cc023d59022ef0d?s=96&d=mm&r=g","contentUrl":"https:\/\/secure.gravatar.com\/avatar\/6b0d6eb461a1e3687cc023d59022ef0d?s=96&d=mm&r=g","caption":"Sonia"},"url":"https:\/\/www.asajacyl.com\/salamanca\/author\/juanluisde"}]}},"_links":{"self":[{"href":"https:\/\/www.asajacyl.com\/salamanca\/wp-json\/wp\/v2\/posts\/20284"}],"collection":[{"href":"https:\/\/www.asajacyl.com\/salamanca\/wp-json\/wp\/v2\/posts"}],"about":[{"href":"https:\/\/www.asajacyl.com\/salamanca\/wp-json\/wp\/v2\/types\/post"}],"author":[{"embeddable":true,"href":"https:\/\/www.asajacyl.com\/salamanca\/wp-json\/wp\/v2\/users\/10"}],"replies":[{"embeddable":true,"href":"https:\/\/www.asajacyl.com\/salamanca\/wp-json\/wp\/v2\/comments?post=20284"}],"version-history":[{"count":1,"href":"https:\/\/www.asajacyl.com\/salamanca\/wp-json\/wp\/v2\/posts\/20284\/revisions"}],"predecessor-version":[{"id":20286,"href":"https:\/\/www.asajacyl.com\/salamanca\/wp-json\/wp\/v2\/posts\/20284\/revisions\/20286"}],"wp:featuredmedia":[{"embeddable":true,"href":"https:\/\/www.asajacyl.com\/salamanca\/wp-json\/wp\/v2\/media\/20285"}],"wp:attachment":[{"href":"https:\/\/www.asajacyl.com\/salamanca\/wp-json\/wp\/v2\/media?parent=20284"}],"wp:term":[{"taxonomy":"category","embeddable":true,"href":"https:\/\/www.asajacyl.com\/salamanca\/wp-json\/wp\/v2\/categories?post=20284"},{"taxonomy":"post_tag","embeddable":true,"href":"https:\/\/www.asajacyl.com\/salamanca\/wp-json\/wp\/v2\/tags?post=20284"}],"curies":[{"name":"wp","href":"https:\/\/api.w.org\/{rel}","templated":true}]}}