{"id":20297,"date":"2026-03-11T09:34:00","date_gmt":"2026-03-11T08:34:00","guid":{"rendered":"https:\/\/www.asajacyl.com\/salamanca\/?p=20297"},"modified":"2026-04-14T08:35:23","modified_gmt":"2026-04-14T06:35:23","slug":"los-agricultores-de-castilla-y-leon-alzan-la-voz-contra-la-especulacion-con-el-precio-del-carburante-y-reclaman-medidas-de-urgencia","status":"publish","type":"post","link":"https:\/\/www.asajacyl.com\/salamanca\/asaja-salamanca-informa\/noticias\/los-agricultores-de-castilla-y-leon-alzan-la-voz-contra-la-especulacion-con-el-precio-del-carburante-y-reclaman-medidas-de-urgencia","title":{"rendered":"Los agricultores de Castilla y Le\u00f3n alzan la voz contra la especulaci\u00f3n con el precio del carburante y reclaman medidas de urgencia"},"content":{"rendered":"\n<h2 class=\"wp-block-heading\">Cerca de dos mil agricultores de Castilla y Le\u00f3n, convocados en unidad de acci\u00f3n por todas las Organizaciones Profesionales Agrarias, se han concentrado hoy a las puertas del centro de distribuci\u00f3n de hidrocarburos de Exolum en Santovenia Valladolid, bloqueando durante varias horas la salida de la planta. El campo reclama medidas urgentes para frenar esta espiral de precios del gas\u00f3leo, que contagia tambi\u00e9n a los fertilizantes, que pone contra las cuerdas al sector agr\u00edcola, en un momento de m\u00e1ximo trabajo en el campo.<\/h2>\n\n\n\n<p>La crisis en Oriente Medio ha provocado el descalabro de los suministros que necesita el campo, en plena campa\u00f1a de siembras. Gas\u00f3leo por las nubes y amenazas tambi\u00e9n para los fertilizantes son la tormenta perfecta para acabar con un sector golpeado por la falta de rentabilidad.<\/p>\n\n\n\n<p>El presidente de ASAJA,\u00a0<strong>Donaciano Dujo, denuncia la situaci\u00f3n y reclama una intervenci\u00f3n r\u00e1pida y estrat\u00e9gica del Gobierno<\/strong>\u00a0y de las administraciones para proteger a los agricultores y ganaderos.<\/p>\n\n\n\n<figure class=\"wp-block-image size-large is-resized\"><img loading=\"lazy\" decoding=\"async\" width=\"1024\" height=\"576\" src=\"https:\/\/www.asajacyl.com\/salamanca\/wp-content\/uploads\/sites\/7\/2026\/03\/650300325_1347452774090020_9212303829903136430_n-1024x576.jpg\" alt=\"\" class=\"wp-image-20301\" style=\"width:661px;height:auto\" srcset=\"https:\/\/www.asajacyl.com\/salamanca\/wp-content\/uploads\/sites\/7\/2026\/03\/650300325_1347452774090020_9212303829903136430_n-1024x576.jpg 1024w, https:\/\/www.asajacyl.com\/salamanca\/wp-content\/uploads\/sites\/7\/2026\/03\/650300325_1347452774090020_9212303829903136430_n-300x169.jpg 300w, https:\/\/www.asajacyl.com\/salamanca\/wp-content\/uploads\/sites\/7\/2026\/03\/650300325_1347452774090020_9212303829903136430_n-768x432.jpg 768w, https:\/\/www.asajacyl.com\/salamanca\/wp-content\/uploads\/sites\/7\/2026\/03\/650300325_1347452774090020_9212303829903136430_n-1536x864.jpg 1536w, https:\/\/www.asajacyl.com\/salamanca\/wp-content\/uploads\/sites\/7\/2026\/03\/650300325_1347452774090020_9212303829903136430_n-747x420.jpg 747w, https:\/\/www.asajacyl.com\/salamanca\/wp-content\/uploads\/sites\/7\/2026\/03\/650300325_1347452774090020_9212303829903136430_n-696x392.jpg 696w, https:\/\/www.asajacyl.com\/salamanca\/wp-content\/uploads\/sites\/7\/2026\/03\/650300325_1347452774090020_9212303829903136430_n-1068x601.jpg 1068w, https:\/\/www.asajacyl.com\/salamanca\/wp-content\/uploads\/sites\/7\/2026\/03\/650300325_1347452774090020_9212303829903136430_n.jpg 1600w\" sizes=\"(max-width: 1024px) 100vw, 1024px\" \/><\/figure>\n\n\n\n<p>Para una explotaci\u00f3n media de cereal, de unas 250 ha, estar\u00edamos hablando de un incremento al menos de 7500 euros m\u00e1s por el aumento del precio del gas\u00f3leo<\/p>\n\n\n\n<p>En cuanto a los fertilizantes, suponen el 30 por ciento del coste de siembra. Ahora mismo estar\u00edamos hablando ya de 100 euros de incremento m\u00e1s por tonelada. Eso significar\u00eda 200 euros m\u00e1s por hect\u00e1rea de regad\u00edo, las que ahora mismo se siembran en primavera.\u00a0<strong>Estas estimaciones cambian cada d\u00eda, porque se ha entrado en una espiral de subidas brutales de los precios de los insumos.<\/strong><\/p>\n\n\n\n<figure class=\"wp-block-image size-large is-resized\"><img loading=\"lazy\" decoding=\"async\" width=\"1024\" height=\"576\" src=\"https:\/\/www.asajacyl.com\/salamanca\/wp-content\/uploads\/sites\/7\/2026\/03\/648142056_1347455470756417_10082002257992849_n-1024x576.jpg\" alt=\"\" class=\"wp-image-20299\" style=\"width:677px;height:auto\" srcset=\"https:\/\/www.asajacyl.com\/salamanca\/wp-content\/uploads\/sites\/7\/2026\/03\/648142056_1347455470756417_10082002257992849_n-1024x576.jpg 1024w, https:\/\/www.asajacyl.com\/salamanca\/wp-content\/uploads\/sites\/7\/2026\/03\/648142056_1347455470756417_10082002257992849_n-300x169.jpg 300w, https:\/\/www.asajacyl.com\/salamanca\/wp-content\/uploads\/sites\/7\/2026\/03\/648142056_1347455470756417_10082002257992849_n-768x432.jpg 768w, https:\/\/www.asajacyl.com\/salamanca\/wp-content\/uploads\/sites\/7\/2026\/03\/648142056_1347455470756417_10082002257992849_n-1536x864.jpg 1536w, https:\/\/www.asajacyl.com\/salamanca\/wp-content\/uploads\/sites\/7\/2026\/03\/648142056_1347455470756417_10082002257992849_n-747x420.jpg 747w, https:\/\/www.asajacyl.com\/salamanca\/wp-content\/uploads\/sites\/7\/2026\/03\/648142056_1347455470756417_10082002257992849_n-696x392.jpg 696w, https:\/\/www.asajacyl.com\/salamanca\/wp-content\/uploads\/sites\/7\/2026\/03\/648142056_1347455470756417_10082002257992849_n-1068x601.jpg 1068w, https:\/\/www.asajacyl.com\/salamanca\/wp-content\/uploads\/sites\/7\/2026\/03\/648142056_1347455470756417_10082002257992849_n-1920x1080.jpg 1920w, https:\/\/www.asajacyl.com\/salamanca\/wp-content\/uploads\/sites\/7\/2026\/03\/648142056_1347455470756417_10082002257992849_n.jpg 2048w\" sizes=\"(max-width: 1024px) 100vw, 1024px\" \/><\/figure>\n\n\n\n<p><strong>Mientras no haya soluciones claras para el problema, seguiremos en la calle. Nos jugamos la supervivencia. La pr\u00f3xima protesta ser\u00e1 el MI\u00c9RCOLES 18 DE MARZO, inf\u00f3rmate en las ORGANIZACIONES PROFESIONALES AGRARIAS<\/strong><\/p>\n\n\n\n<p><\/p>\n\n\n\n<p><a href=\"https:\/\/www.asajacyl.com\/wp-content\/uploads\/2026\/03\/20260310_115151.jpg\"><\/a><\/p>\n","protected":false},"excerpt":{"rendered":"<p>Cerca de dos mil agricultores de Castilla y Le\u00f3n, convocados en unidad de acci\u00f3n por todas las Organizaciones Profesionales Agrarias, se han concentrado hoy a las puertas del centro de distribuci\u00f3n de hidrocarburos de Exolum en Santovenia Valladolid, bloqueando durante varias horas la salida de la planta. El campo reclama medidas urgentes para frenar esta [&hellip;]<\/p>\n","protected":false},"author":10,"featured_media":20298,"comment_status":"open","ping_status":"open","sticky":false,"template":"","format":"standard","meta":{"footnotes":""},"categories":[510],"tags":[],"yoast_head":"<!-- This site is optimized with the Yoast SEO plugin v24.5 - https:\/\/yoast.com\/wordpress\/plugins\/seo\/ -->\n<title>Los agricultores de Castilla y Le\u00f3n alzan la voz contra la especulaci\u00f3n con el precio del carburante y reclaman medidas de urgencia - ASAJA Salamanca<\/title>\n<meta name=\"description\" content=\"Cerca de dos mil agricultores de Castilla y Le\u00f3n, convocados en unidad de acci\u00f3n por todas las Organizaciones Profesionales Agrarias, se han concentrado\" \/>\n<meta name=\"robots\" content=\"index, follow, max-snippet:-1, max-image-preview:large, max-video-preview:-1\" \/>\n<link rel=\"canonical\" href=\"https:\/\/www.asajacyl.com\/salamanca\/asaja-salamanca-informa\/noticias\/los-agricultores-de-castilla-y-leon-alzan-la-voz-contra-la-especulacion-con-el-precio-del-carburante-y-reclaman-medidas-de-urgencia\" \/>\n<meta property=\"og:locale\" content=\"es_ES\" \/>\n<meta property=\"og:type\" content=\"article\" \/>\n<meta property=\"og:title\" content=\"Los agricultores de Castilla y Le\u00f3n alzan la voz contra la especulaci\u00f3n con el precio del carburante y reclaman medidas de urgencia - ASAJA Salamanca\" \/>\n<meta property=\"og:description\" content=\"Cerca de dos mil agricultores de Castilla y Le\u00f3n, convocados en unidad de acci\u00f3n por todas las Organizaciones Profesionales Agrarias, se han concentrado\" \/>\n<meta property=\"og:url\" content=\"https:\/\/www.asajacyl.com\/salamanca\/asaja-salamanca-informa\/noticias\/los-agricultores-de-castilla-y-leon-alzan-la-voz-contra-la-especulacion-con-el-precio-del-carburante-y-reclaman-medidas-de-urgencia\" \/>\n<meta property=\"og:site_name\" content=\"ASAJA Salamanca\" \/>\n<meta property=\"article:published_time\" content=\"2026-03-11T08:34:00+00:00\" \/>\n<meta property=\"article:modified_time\" content=\"2026-04-14T06:35:23+00:00\" \/>\n<meta property=\"og:image\" content=\"https:\/\/www.asajacyl.com\/salamanca\/wp-content\/uploads\/sites\/7\/2026\/03\/649950686_1347453467423284_5162274176050241080_n.jpg\" \/>\n\t<meta property=\"og:image:width\" content=\"2048\" \/>\n\t<meta property=\"og:image:height\" content=\"1152\" \/>\n\t<meta property=\"og:image:type\" content=\"image\/jpeg\" \/>\n<meta name=\"author\" content=\"Sonia\" \/>\n<meta name=\"twitter:card\" content=\"summary_large_image\" \/>\n<meta name=\"twitter:label1\" content=\"Escrito por\" \/>\n\t<meta name=\"twitter:data1\" content=\"Sonia\" \/>\n\t<meta name=\"twitter:label2\" content=\"Tiempo de lectura\" \/>\n\t<meta name=\"twitter:data2\" content=\"2 minutos\" \/>\n<script type=\"application\/ld+json\" class=\"yoast-schema-graph\">{\"@context\":\"https:\/\/schema.org\",\"@graph\":[{\"@type\":\"WebPage\",\"@id\":\"https:\/\/www.asajacyl.com\/salamanca\/asaja-salamanca-informa\/noticias\/los-agricultores-de-castilla-y-leon-alzan-la-voz-contra-la-especulacion-con-el-precio-del-carburante-y-reclaman-medidas-de-urgencia\",\"url\":\"https:\/\/www.asajacyl.com\/salamanca\/asaja-salamanca-informa\/noticias\/los-agricultores-de-castilla-y-leon-alzan-la-voz-contra-la-especulacion-con-el-precio-del-carburante-y-reclaman-medidas-de-urgencia\",\"name\":\"Los agricultores de Castilla y Le\u00f3n alzan la voz contra la especulaci\u00f3n con el precio del carburante y reclaman medidas de urgencia - ASAJA Salamanca\",\"isPartOf\":{\"@id\":\"https:\/\/www.asajacyl.com\/salamanca\/#website\"},\"primaryImageOfPage\":{\"@id\":\"https:\/\/www.asajacyl.com\/salamanca\/asaja-salamanca-informa\/noticias\/los-agricultores-de-castilla-y-leon-alzan-la-voz-contra-la-especulacion-con-el-precio-del-carburante-y-reclaman-medidas-de-urgencia#primaryimage\"},\"image\":{\"@id\":\"https:\/\/www.asajacyl.com\/salamanca\/asaja-salamanca-informa\/noticias\/los-agricultores-de-castilla-y-leon-alzan-la-voz-contra-la-especulacion-con-el-precio-del-carburante-y-reclaman-medidas-de-urgencia#primaryimage\"},\"thumbnailUrl\":\"https:\/\/www.asajacyl.com\/salamanca\/wp-content\/uploads\/sites\/7\/2026\/03\/649950686_1347453467423284_5162274176050241080_n.jpg\",\"datePublished\":\"2026-03-11T08:34:00+00:00\",\"dateModified\":\"2026-04-14T06:35:23+00:00\",\"author\":{\"@id\":\"https:\/\/www.asajacyl.com\/salamanca\/#\/schema\/person\/2bfc7da09988e1087e6291fafe99b67f\"},\"description\":\"Cerca de dos mil agricultores de Castilla y Le\u00f3n, convocados en unidad de acci\u00f3n por todas las Organizaciones Profesionales Agrarias, se han concentrado\",\"breadcrumb\":{\"@id\":\"https:\/\/www.asajacyl.com\/salamanca\/asaja-salamanca-informa\/noticias\/los-agricultores-de-castilla-y-leon-alzan-la-voz-contra-la-especulacion-con-el-precio-del-carburante-y-reclaman-medidas-de-urgencia#breadcrumb\"},\"inLanguage\":\"es\",\"potentialAction\":[{\"@type\":\"ReadAction\",\"target\":[\"https:\/\/www.asajacyl.com\/salamanca\/asaja-salamanca-informa\/noticias\/los-agricultores-de-castilla-y-leon-alzan-la-voz-contra-la-especulacion-con-el-precio-del-carburante-y-reclaman-medidas-de-urgencia\"]}]},{\"@type\":\"ImageObject\",\"inLanguage\":\"es\",\"@id\":\"https:\/\/www.asajacyl.com\/salamanca\/asaja-salamanca-informa\/noticias\/los-agricultores-de-castilla-y-leon-alzan-la-voz-contra-la-especulacion-con-el-precio-del-carburante-y-reclaman-medidas-de-urgencia#primaryimage\",\"url\":\"https:\/\/www.asajacyl.com\/salamanca\/wp-content\/uploads\/sites\/7\/2026\/03\/649950686_1347453467423284_5162274176050241080_n.jpg\",\"contentUrl\":\"https:\/\/www.asajacyl.com\/salamanca\/wp-content\/uploads\/sites\/7\/2026\/03\/649950686_1347453467423284_5162274176050241080_n.jpg\",\"width\":2048,\"height\":1152},{\"@type\":\"BreadcrumbList\",\"@id\":\"https:\/\/www.asajacyl.com\/salamanca\/asaja-salamanca-informa\/noticias\/los-agricultores-de-castilla-y-leon-alzan-la-voz-contra-la-especulacion-con-el-precio-del-carburante-y-reclaman-medidas-de-urgencia#breadcrumb\",\"itemListElement\":[{\"@type\":\"ListItem\",\"position\":1,\"name\":\"Portada\",\"item\":\"https:\/\/www.asajacyl.com\/salamanca\/\"},{\"@type\":\"ListItem\",\"position\":2,\"name\":\"Los agricultores de Castilla y Le\u00f3n alzan la voz contra la especulaci\u00f3n con el precio del carburante y reclaman medidas de urgencia\"}]},{\"@type\":\"WebSite\",\"@id\":\"https:\/\/www.asajacyl.com\/salamanca\/#website\",\"url\":\"https:\/\/www.asajacyl.com\/salamanca\/\",\"name\":\"ASAJA Salamanca\",\"description\":\"Otro sitio m\u00e1s de Provincias ASAJA Castilla y Le\u00f3n\",\"potentialAction\":[{\"@type\":\"SearchAction\",\"target\":{\"@type\":\"EntryPoint\",\"urlTemplate\":\"https:\/\/www.asajacyl.com\/salamanca\/?s={search_term_string}\"},\"query-input\":{\"@type\":\"PropertyValueSpecification\",\"valueRequired\":true,\"valueName\":\"search_term_string\"}}],\"inLanguage\":\"es\"},{\"@type\":\"Person\",\"@id\":\"https:\/\/www.asajacyl.com\/salamanca\/#\/schema\/person\/2bfc7da09988e1087e6291fafe99b67f\",\"name\":\"Sonia\",\"image\":{\"@type\":\"ImageObject\",\"inLanguage\":\"es\",\"@id\":\"https:\/\/www.asajacyl.com\/salamanca\/#\/schema\/person\/image\/\",\"url\":\"https:\/\/secure.gravatar.com\/avatar\/6b0d6eb461a1e3687cc023d59022ef0d?s=96&d=mm&r=g\",\"contentUrl\":\"https:\/\/secure.gravatar.com\/avatar\/6b0d6eb461a1e3687cc023d59022ef0d?s=96&d=mm&r=g\",\"caption\":\"Sonia\"},\"url\":\"https:\/\/www.asajacyl.com\/salamanca\/author\/juanluisde\"}]}<\/script>\n<!-- \/ Yoast SEO plugin. -->","yoast_head_json":{"title":"Los agricultores de Castilla y Le\u00f3n alzan la voz contra la especulaci\u00f3n con el precio del carburante y reclaman medidas de urgencia - ASAJA Salamanca","description":"Cerca de dos mil agricultores de Castilla y Le\u00f3n, convocados en unidad de acci\u00f3n por todas las Organizaciones Profesionales Agrarias, se han concentrado","robots":{"index":"index","follow":"follow","max-snippet":"max-snippet:-1","max-image-preview":"max-image-preview:large","max-video-preview":"max-video-preview:-1"},"canonical":"https:\/\/www.asajacyl.com\/salamanca\/asaja-salamanca-informa\/noticias\/los-agricultores-de-castilla-y-leon-alzan-la-voz-contra-la-especulacion-con-el-precio-del-carburante-y-reclaman-medidas-de-urgencia","og_locale":"es_ES","og_type":"article","og_title":"Los agricultores de Castilla y Le\u00f3n alzan la voz contra la especulaci\u00f3n con el precio del carburante y reclaman medidas de urgencia - ASAJA Salamanca","og_description":"Cerca de dos mil agricultores de Castilla y Le\u00f3n, convocados en unidad de acci\u00f3n por todas las Organizaciones Profesionales Agrarias, se han concentrado","og_url":"https:\/\/www.asajacyl.com\/salamanca\/asaja-salamanca-informa\/noticias\/los-agricultores-de-castilla-y-leon-alzan-la-voz-contra-la-especulacion-con-el-precio-del-carburante-y-reclaman-medidas-de-urgencia","og_site_name":"ASAJA Salamanca","article_published_time":"2026-03-11T08:34:00+00:00","article_modified_time":"2026-04-14T06:35:23+00:00","og_image":[{"width":2048,"height":1152,"url":"https:\/\/www.asajacyl.com\/salamanca\/wp-content\/uploads\/sites\/7\/2026\/03\/649950686_1347453467423284_5162274176050241080_n.jpg","type":"image\/jpeg"}],"author":"Sonia","twitter_card":"summary_large_image","twitter_misc":{"Escrito por":"Sonia","Tiempo de lectura":"2 minutos"},"schema":{"@context":"https:\/\/schema.org","@graph":[{"@type":"WebPage","@id":"https:\/\/www.asajacyl.com\/salamanca\/asaja-salamanca-informa\/noticias\/los-agricultores-de-castilla-y-leon-alzan-la-voz-contra-la-especulacion-con-el-precio-del-carburante-y-reclaman-medidas-de-urgencia","url":"https:\/\/www.asajacyl.com\/salamanca\/asaja-salamanca-informa\/noticias\/los-agricultores-de-castilla-y-leon-alzan-la-voz-contra-la-especulacion-con-el-precio-del-carburante-y-reclaman-medidas-de-urgencia","name":"Los agricultores de Castilla y Le\u00f3n alzan la voz contra la especulaci\u00f3n con el precio del carburante y reclaman medidas de urgencia - ASAJA Salamanca","isPartOf":{"@id":"https:\/\/www.asajacyl.com\/salamanca\/#website"},"primaryImageOfPage":{"@id":"https:\/\/www.asajacyl.com\/salamanca\/asaja-salamanca-informa\/noticias\/los-agricultores-de-castilla-y-leon-alzan-la-voz-contra-la-especulacion-con-el-precio-del-carburante-y-reclaman-medidas-de-urgencia#primaryimage"},"image":{"@id":"https:\/\/www.asajacyl.com\/salamanca\/asaja-salamanca-informa\/noticias\/los-agricultores-de-castilla-y-leon-alzan-la-voz-contra-la-especulacion-con-el-precio-del-carburante-y-reclaman-medidas-de-urgencia#primaryimage"},"thumbnailUrl":"https:\/\/www.asajacyl.com\/salamanca\/wp-content\/uploads\/sites\/7\/2026\/03\/649950686_1347453467423284_5162274176050241080_n.jpg","datePublished":"2026-03-11T08:34:00+00:00","dateModified":"2026-04-14T06:35:23+00:00","author":{"@id":"https:\/\/www.asajacyl.com\/salamanca\/#\/schema\/person\/2bfc7da09988e1087e6291fafe99b67f"},"description":"Cerca de dos mil agricultores de Castilla y Le\u00f3n, convocados en unidad de acci\u00f3n por todas las Organizaciones Profesionales Agrarias, se han concentrado","breadcrumb":{"@id":"https:\/\/www.asajacyl.com\/salamanca\/asaja-salamanca-informa\/noticias\/los-agricultores-de-castilla-y-leon-alzan-la-voz-contra-la-especulacion-con-el-precio-del-carburante-y-reclaman-medidas-de-urgencia#breadcrumb"},"inLanguage":"es","potentialAction":[{"@type":"ReadAction","target":["https:\/\/www.asajacyl.com\/salamanca\/asaja-salamanca-informa\/noticias\/los-agricultores-de-castilla-y-leon-alzan-la-voz-contra-la-especulacion-con-el-precio-del-carburante-y-reclaman-medidas-de-urgencia"]}]},{"@type":"ImageObject","inLanguage":"es","@id":"https:\/\/www.asajacyl.com\/salamanca\/asaja-salamanca-informa\/noticias\/los-agricultores-de-castilla-y-leon-alzan-la-voz-contra-la-especulacion-con-el-precio-del-carburante-y-reclaman-medidas-de-urgencia#primaryimage","url":"https:\/\/www.asajacyl.com\/salamanca\/wp-content\/uploads\/sites\/7\/2026\/03\/649950686_1347453467423284_5162274176050241080_n.jpg","contentUrl":"https:\/\/www.asajacyl.com\/salamanca\/wp-content\/uploads\/sites\/7\/2026\/03\/649950686_1347453467423284_5162274176050241080_n.jpg","width":2048,"height":1152},{"@type":"BreadcrumbList","@id":"https:\/\/www.asajacyl.com\/salamanca\/asaja-salamanca-informa\/noticias\/los-agricultores-de-castilla-y-leon-alzan-la-voz-contra-la-especulacion-con-el-precio-del-carburante-y-reclaman-medidas-de-urgencia#breadcrumb","itemListElement":[{"@type":"ListItem","position":1,"name":"Portada","item":"https:\/\/www.asajacyl.com\/salamanca\/"},{"@type":"ListItem","position":2,"name":"Los agricultores de Castilla y Le\u00f3n alzan la voz contra la especulaci\u00f3n con el precio del carburante y reclaman medidas de urgencia"}]},{"@type":"WebSite","@id":"https:\/\/www.asajacyl.com\/salamanca\/#website","url":"https:\/\/www.asajacyl.com\/salamanca\/","name":"ASAJA Salamanca","description":"Otro sitio m\u00e1s de Provincias ASAJA Castilla y Le\u00f3n","potentialAction":[{"@type":"SearchAction","target":{"@type":"EntryPoint","urlTemplate":"https:\/\/www.asajacyl.com\/salamanca\/?s={search_term_string}"},"query-input":{"@type":"PropertyValueSpecification","valueRequired":true,"valueName":"search_term_string"}}],"inLanguage":"es"},{"@type":"Person","@id":"https:\/\/www.asajacyl.com\/salamanca\/#\/schema\/person\/2bfc7da09988e1087e6291fafe99b67f","name":"Sonia","image":{"@type":"ImageObject","inLanguage":"es","@id":"https:\/\/www.asajacyl.com\/salamanca\/#\/schema\/person\/image\/","url":"https:\/\/secure.gravatar.com\/avatar\/6b0d6eb461a1e3687cc023d59022ef0d?s=96&d=mm&r=g","contentUrl":"https:\/\/secure.gravatar.com\/avatar\/6b0d6eb461a1e3687cc023d59022ef0d?s=96&d=mm&r=g","caption":"Sonia"},"url":"https:\/\/www.asajacyl.com\/salamanca\/author\/juanluisde"}]}},"_links":{"self":[{"href":"https:\/\/www.asajacyl.com\/salamanca\/wp-json\/wp\/v2\/posts\/20297"}],"collection":[{"href":"https:\/\/www.asajacyl.com\/salamanca\/wp-json\/wp\/v2\/posts"}],"about":[{"href":"https:\/\/www.asajacyl.com\/salamanca\/wp-json\/wp\/v2\/types\/post"}],"author":[{"embeddable":true,"href":"https:\/\/www.asajacyl.com\/salamanca\/wp-json\/wp\/v2\/users\/10"}],"replies":[{"embeddable":true,"href":"https:\/\/www.asajacyl.com\/salamanca\/wp-json\/wp\/v2\/comments?post=20297"}],"version-history":[{"count":1,"href":"https:\/\/www.asajacyl.com\/salamanca\/wp-json\/wp\/v2\/posts\/20297\/revisions"}],"predecessor-version":[{"id":20302,"href":"https:\/\/www.asajacyl.com\/salamanca\/wp-json\/wp\/v2\/posts\/20297\/revisions\/20302"}],"wp:featuredmedia":[{"embeddable":true,"href":"https:\/\/www.asajacyl.com\/salamanca\/wp-json\/wp\/v2\/media\/20298"}],"wp:attachment":[{"href":"https:\/\/www.asajacyl.com\/salamanca\/wp-json\/wp\/v2\/media?parent=20297"}],"wp:term":[{"taxonomy":"category","embeddable":true,"href":"https:\/\/www.asajacyl.com\/salamanca\/wp-json\/wp\/v2\/categories?post=20297"},{"taxonomy":"post_tag","embeddable":true,"href":"https:\/\/www.asajacyl.com\/salamanca\/wp-json\/wp\/v2\/tags?post=20297"}],"curies":[{"name":"wp","href":"https:\/\/api.w.org\/{rel}","templated":true}]}}