{"id":20308,"date":"2026-03-13T11:03:00","date_gmt":"2026-03-13T10:03:00","guid":{"rendered":"https:\/\/www.asajacyl.com\/salamanca\/?p=20308"},"modified":"2026-04-14T08:35:16","modified_gmt":"2026-04-14T06:35:16","slug":"publicado-el-listado-de-ayudas-para-explotaciones-afectadas-por-los-incendios-de-2025-para-la-reposicion-de-construcciones-e-instalaciones-agricolas","status":"publish","type":"post","link":"https:\/\/www.asajacyl.com\/salamanca\/asaja-salamanca-informa\/noticias\/publicado-el-listado-de-ayudas-para-explotaciones-afectadas-por-los-incendios-de-2025-para-la-reposicion-de-construcciones-e-instalaciones-agricolas","title":{"rendered":"Publicado el listado de ayudas a explotaciones afectadas por los incendios de 2025 para la reposici\u00f3n de construcciones e instalaciones agr\u00edcolas"},"content":{"rendered":"\n<p>El Bolet\u00edn Oficial de Castilla y Le\u00f3n ha publicado el <strong>listado de ayudas destinadas a titulares de explotaciones agrarias para la reposici\u00f3n de construcciones e instalaciones agr\u00edcolas, ganaderas o ap\u00edcolas da\u00f1adas por los incendios forestales del verano de 2025<\/strong><\/p>\n\n\n\n<p>En total, <strong>28 explotaciones agrarias situadas en municipios afectados de \u00c1vila, Le\u00f3n, Salamanca y Zamora recibir\u00e1n subvenciones por un importe global de 600.066,05 euros<\/strong>.<\/p>\n\n\n\n<p>Las ayudas cubren actuaciones como la <strong>reposici\u00f3n de naves ganaderas, apriscos, construcciones r\u00fasticas, casetas de riego, dep\u00f3sitos de agua, comederos, bebederos, mangas de manejo, pasos canadienses o instalaciones solares<\/strong>, entre otras infraestructuras vinculadas a la actividad agraria.<\/p>\n\n\n\n<h3 class=\"wp-block-heading\">Aceptaci\u00f3n de la ayuda y anticipo<\/h3>\n\n\n\n<p>Los beneficiarios deber\u00e1n <strong>comunicar la aceptaci\u00f3n de la subvenci\u00f3n en el plazo de diez d\u00edas desde la notificaci\u00f3n<\/strong>. En caso contrario, se entender\u00e1 que renuncian a la ayuda.<\/p>\n\n\n\n<p>Adem\u00e1s, podr\u00e1n solicitar <strong>un anticipo del 50 % del importe concedido<\/strong>, que se abonar\u00e1 en un \u00fanico pago en la cuenta indicada por el beneficiario, con el fin de facilitar el inicio de las actuaciones de reconstrucci\u00f3n o reposici\u00f3n de las instalaciones.<\/p>\n\n\n\n<h3 class=\"wp-block-heading\">Beneficiarios de las ayudas<\/h3>\n\n\n\n<p><strong>Ser titular de una explotaci\u00f3n agraria<\/strong> con construcciones o instalaciones agr\u00edcolas, ganaderas o ap\u00edcolas da\u00f1adas por los incendios.<\/p>\n\n\n\n<p><strong>Haber presentado en plazo la declaraci\u00f3n responsable<\/strong> correspondiente.<\/p>\n\n\n\n<p>Que las <strong>instalaciones afectadas est\u00e9n situadas en municipios incluidos en el listado de zonas afectadas<\/strong> por los incendios forestales del verano de 2025.<\/p>\n\n\n\n<p>Que las <strong>construcciones o parcelas est\u00e9n registradas en el Catastro<\/strong>.<\/p>\n\n\n\n<p>Que las instalaciones <strong>sean propiedad del titular o est\u00e9n vinculadas a la explotaci\u00f3n mediante arrendamiento o cesi\u00f3n de uso<\/strong>.<\/p>\n\n\n\n<p>Ser <strong>titular de la solicitud \u00fanica de la PAC 2025<\/strong> o disponer de una explotaci\u00f3n inscrita en los registros oficiales agrarios o ganaderos de Castilla y Le\u00f3n.<\/p>\n\n\n\n<p>Destinar la ayuda a <strong>reconstruir, restaurar o rehabilitar las instalaciones da\u00f1adas<\/strong>.<\/p>\n\n\n\n<h3 class=\"wp-block-heading\">Plazos para ejecutar las actuaciones<\/h3>\n\n\n\n<p>Las instalaciones agrarias da\u00f1adas \u2014como comederos, bebederos, dep\u00f3sitos o mangas de manejo\u2014 deber\u00e1n <strong>reponerse en un plazo m\u00e1ximo de cuatro meses<\/strong>, mientras que la reconstrucci\u00f3n o rehabilitaci\u00f3n de construcciones \u2014como naves ganaderas, refugios o invernaderos\u2014 contar\u00e1 con <strong>un plazo m\u00e1ximo de doce meses<\/strong> desde la comunicaci\u00f3n de la concesi\u00f3n de la ayuda.<\/p>\n\n\n\n<p>La justificaci\u00f3n de las actuaciones se realizar\u00e1 mediante <strong>la presentaci\u00f3n de las correspondientes facturas<\/strong>, que acrediten la reconstrucci\u00f3n o reposici\u00f3n de las infraestructuras da\u00f1adas.<\/p>\n\n\n\n<h3 class=\"wp-block-heading\">Compatibilidad de las ayudas<\/h3>\n\n\n\n<p>Estas subvenciones <strong>no son compatibles con otras ayudas concedidas para la misma finalidad<\/strong>, es decir, para la reparaci\u00f3n de los mismos da\u00f1os en las explotaciones agrarias.<\/p>\n\n\n\n<p>Consulta el listado completo aqui: <a href=\"https:\/\/bocyl.jcyl.es\/boletines\/2026\/03\/13\/pdf\/BOCYL-D-13032026-50-20.pdf\">https:\/\/bocyl.jcyl.es\/boletines\/2026\/03\/13\/pdf\/BOCYL-D-13032026-50-20.pdf<\/a><\/p>\n\n\n\n<p><\/p>\n","protected":false},"excerpt":{"rendered":"<p>El Bolet\u00edn Oficial de Castilla y Le\u00f3n ha publicado el listado de ayudas destinadas a titulares de explotaciones agrarias para la reposici\u00f3n de construcciones e instalaciones agr\u00edcolas, ganaderas o ap\u00edcolas da\u00f1adas por los incendios forestales del verano de 2025 En total, 28 explotaciones agrarias situadas en municipios afectados de \u00c1vila, Le\u00f3n, Salamanca y Zamora recibir\u00e1n [&hellip;]<\/p>\n","protected":false},"author":10,"featured_media":20309,"comment_status":"open","ping_status":"open","sticky":false,"template":"","format":"standard","meta":{"footnotes":""},"categories":[510],"tags":[],"yoast_head":"<!-- This site is optimized with the Yoast SEO plugin v24.5 - https:\/\/yoast.com\/wordpress\/plugins\/seo\/ -->\n<title>Publicado el listado de ayudas a explotaciones afectadas por los incendios de 2025 para la reposici\u00f3n de construcciones e instalaciones agr\u00edcolas - ASAJA Salamanca<\/title>\n<meta name=\"description\" content=\"El Bolet\u00edn Oficial de Castilla y Le\u00f3n ha publicado el listado de ayudas destinadas a titulares de explotaciones agrarias para la reposici\u00f3n de\" \/>\n<meta name=\"robots\" content=\"index, follow, max-snippet:-1, max-image-preview:large, max-video-preview:-1\" \/>\n<link rel=\"canonical\" href=\"https:\/\/www.asajacyl.com\/salamanca\/asaja-salamanca-informa\/noticias\/publicado-el-listado-de-ayudas-para-explotaciones-afectadas-por-los-incendios-de-2025-para-la-reposicion-de-construcciones-e-instalaciones-agricolas\" \/>\n<meta property=\"og:locale\" content=\"es_ES\" \/>\n<meta property=\"og:type\" content=\"article\" \/>\n<meta property=\"og:title\" content=\"Publicado el listado de ayudas a explotaciones afectadas por los incendios de 2025 para la reposici\u00f3n de construcciones e instalaciones agr\u00edcolas - ASAJA Salamanca\" \/>\n<meta property=\"og:description\" content=\"El Bolet\u00edn Oficial de Castilla y Le\u00f3n ha publicado el listado de ayudas destinadas a titulares de explotaciones agrarias para la reposici\u00f3n de\" \/>\n<meta property=\"og:url\" content=\"https:\/\/www.asajacyl.com\/salamanca\/asaja-salamanca-informa\/noticias\/publicado-el-listado-de-ayudas-para-explotaciones-afectadas-por-los-incendios-de-2025-para-la-reposicion-de-construcciones-e-instalaciones-agricolas\" \/>\n<meta property=\"og:site_name\" content=\"ASAJA Salamanca\" \/>\n<meta property=\"article:published_time\" content=\"2026-03-13T10:03:00+00:00\" \/>\n<meta property=\"article:modified_time\" content=\"2026-04-14T06:35:16+00:00\" \/>\n<meta property=\"og:image\" content=\"https:\/\/www.asajacyl.com\/salamanca\/wp-content\/uploads\/sites\/7\/2026\/03\/ChatGPT-Image-13-mar-2026-11_01_40.jpg\" \/>\n\t<meta property=\"og:image:width\" content=\"774\" \/>\n\t<meta property=\"og:image:height\" content=\"472\" \/>\n\t<meta property=\"og:image:type\" content=\"image\/jpeg\" \/>\n<meta name=\"author\" content=\"Sonia\" \/>\n<meta name=\"twitter:card\" content=\"summary_large_image\" \/>\n<meta name=\"twitter:label1\" content=\"Escrito por\" \/>\n\t<meta name=\"twitter:data1\" content=\"Sonia\" \/>\n\t<meta name=\"twitter:label2\" content=\"Tiempo de lectura\" \/>\n\t<meta name=\"twitter:data2\" content=\"3 minutos\" \/>\n<script type=\"application\/ld+json\" class=\"yoast-schema-graph\">{\"@context\":\"https:\/\/schema.org\",\"@graph\":[{\"@type\":\"WebPage\",\"@id\":\"https:\/\/www.asajacyl.com\/salamanca\/asaja-salamanca-informa\/noticias\/publicado-el-listado-de-ayudas-para-explotaciones-afectadas-por-los-incendios-de-2025-para-la-reposicion-de-construcciones-e-instalaciones-agricolas\",\"url\":\"https:\/\/www.asajacyl.com\/salamanca\/asaja-salamanca-informa\/noticias\/publicado-el-listado-de-ayudas-para-explotaciones-afectadas-por-los-incendios-de-2025-para-la-reposicion-de-construcciones-e-instalaciones-agricolas\",\"name\":\"Publicado el listado de ayudas a explotaciones afectadas por los incendios de 2025 para la reposici\u00f3n de construcciones e instalaciones agr\u00edcolas - ASAJA Salamanca\",\"isPartOf\":{\"@id\":\"https:\/\/www.asajacyl.com\/salamanca\/#website\"},\"primaryImageOfPage\":{\"@id\":\"https:\/\/www.asajacyl.com\/salamanca\/asaja-salamanca-informa\/noticias\/publicado-el-listado-de-ayudas-para-explotaciones-afectadas-por-los-incendios-de-2025-para-la-reposicion-de-construcciones-e-instalaciones-agricolas#primaryimage\"},\"image\":{\"@id\":\"https:\/\/www.asajacyl.com\/salamanca\/asaja-salamanca-informa\/noticias\/publicado-el-listado-de-ayudas-para-explotaciones-afectadas-por-los-incendios-de-2025-para-la-reposicion-de-construcciones-e-instalaciones-agricolas#primaryimage\"},\"thumbnailUrl\":\"https:\/\/www.asajacyl.com\/salamanca\/wp-content\/uploads\/sites\/7\/2026\/03\/ChatGPT-Image-13-mar-2026-11_01_40.jpg\",\"datePublished\":\"2026-03-13T10:03:00+00:00\",\"dateModified\":\"2026-04-14T06:35:16+00:00\",\"author\":{\"@id\":\"https:\/\/www.asajacyl.com\/salamanca\/#\/schema\/person\/2bfc7da09988e1087e6291fafe99b67f\"},\"description\":\"El Bolet\u00edn Oficial de Castilla y Le\u00f3n ha publicado el listado de ayudas destinadas a titulares de explotaciones agrarias para la reposici\u00f3n de\",\"breadcrumb\":{\"@id\":\"https:\/\/www.asajacyl.com\/salamanca\/asaja-salamanca-informa\/noticias\/publicado-el-listado-de-ayudas-para-explotaciones-afectadas-por-los-incendios-de-2025-para-la-reposicion-de-construcciones-e-instalaciones-agricolas#breadcrumb\"},\"inLanguage\":\"es\",\"potentialAction\":[{\"@type\":\"ReadAction\",\"target\":[\"https:\/\/www.asajacyl.com\/salamanca\/asaja-salamanca-informa\/noticias\/publicado-el-listado-de-ayudas-para-explotaciones-afectadas-por-los-incendios-de-2025-para-la-reposicion-de-construcciones-e-instalaciones-agricolas\"]}]},{\"@type\":\"ImageObject\",\"inLanguage\":\"es\",\"@id\":\"https:\/\/www.asajacyl.com\/salamanca\/asaja-salamanca-informa\/noticias\/publicado-el-listado-de-ayudas-para-explotaciones-afectadas-por-los-incendios-de-2025-para-la-reposicion-de-construcciones-e-instalaciones-agricolas#primaryimage\",\"url\":\"https:\/\/www.asajacyl.com\/salamanca\/wp-content\/uploads\/sites\/7\/2026\/03\/ChatGPT-Image-13-mar-2026-11_01_40.jpg\",\"contentUrl\":\"https:\/\/www.asajacyl.com\/salamanca\/wp-content\/uploads\/sites\/7\/2026\/03\/ChatGPT-Image-13-mar-2026-11_01_40.jpg\",\"width\":774,\"height\":472},{\"@type\":\"BreadcrumbList\",\"@id\":\"https:\/\/www.asajacyl.com\/salamanca\/asaja-salamanca-informa\/noticias\/publicado-el-listado-de-ayudas-para-explotaciones-afectadas-por-los-incendios-de-2025-para-la-reposicion-de-construcciones-e-instalaciones-agricolas#breadcrumb\",\"itemListElement\":[{\"@type\":\"ListItem\",\"position\":1,\"name\":\"Portada\",\"item\":\"https:\/\/www.asajacyl.com\/salamanca\/\"},{\"@type\":\"ListItem\",\"position\":2,\"name\":\"Publicado el listado de ayudas a explotaciones afectadas por los incendios de 2025 para la reposici\u00f3n de construcciones e instalaciones agr\u00edcolas\"}]},{\"@type\":\"WebSite\",\"@id\":\"https:\/\/www.asajacyl.com\/salamanca\/#website\",\"url\":\"https:\/\/www.asajacyl.com\/salamanca\/\",\"name\":\"ASAJA Salamanca\",\"description\":\"Otro sitio m\u00e1s de Provincias ASAJA Castilla y Le\u00f3n\",\"potentialAction\":[{\"@type\":\"SearchAction\",\"target\":{\"@type\":\"EntryPoint\",\"urlTemplate\":\"https:\/\/www.asajacyl.com\/salamanca\/?s={search_term_string}\"},\"query-input\":{\"@type\":\"PropertyValueSpecification\",\"valueRequired\":true,\"valueName\":\"search_term_string\"}}],\"inLanguage\":\"es\"},{\"@type\":\"Person\",\"@id\":\"https:\/\/www.asajacyl.com\/salamanca\/#\/schema\/person\/2bfc7da09988e1087e6291fafe99b67f\",\"name\":\"Sonia\",\"image\":{\"@type\":\"ImageObject\",\"inLanguage\":\"es\",\"@id\":\"https:\/\/www.asajacyl.com\/salamanca\/#\/schema\/person\/image\/\",\"url\":\"https:\/\/secure.gravatar.com\/avatar\/6b0d6eb461a1e3687cc023d59022ef0d?s=96&d=mm&r=g\",\"contentUrl\":\"https:\/\/secure.gravatar.com\/avatar\/6b0d6eb461a1e3687cc023d59022ef0d?s=96&d=mm&r=g\",\"caption\":\"Sonia\"},\"url\":\"https:\/\/www.asajacyl.com\/salamanca\/author\/juanluisde\"}]}<\/script>\n<!-- \/ Yoast SEO plugin. -->","yoast_head_json":{"title":"Publicado el listado de ayudas a explotaciones afectadas por los incendios de 2025 para la reposici\u00f3n de construcciones e instalaciones agr\u00edcolas - ASAJA Salamanca","description":"El Bolet\u00edn Oficial de Castilla y Le\u00f3n ha publicado el listado de ayudas destinadas a titulares de explotaciones agrarias para la reposici\u00f3n de","robots":{"index":"index","follow":"follow","max-snippet":"max-snippet:-1","max-image-preview":"max-image-preview:large","max-video-preview":"max-video-preview:-1"},"canonical":"https:\/\/www.asajacyl.com\/salamanca\/asaja-salamanca-informa\/noticias\/publicado-el-listado-de-ayudas-para-explotaciones-afectadas-por-los-incendios-de-2025-para-la-reposicion-de-construcciones-e-instalaciones-agricolas","og_locale":"es_ES","og_type":"article","og_title":"Publicado el listado de ayudas a explotaciones afectadas por los incendios de 2025 para la reposici\u00f3n de construcciones e instalaciones agr\u00edcolas - ASAJA Salamanca","og_description":"El Bolet\u00edn Oficial de Castilla y Le\u00f3n ha publicado el listado de ayudas destinadas a titulares de explotaciones agrarias para la reposici\u00f3n de","og_url":"https:\/\/www.asajacyl.com\/salamanca\/asaja-salamanca-informa\/noticias\/publicado-el-listado-de-ayudas-para-explotaciones-afectadas-por-los-incendios-de-2025-para-la-reposicion-de-construcciones-e-instalaciones-agricolas","og_site_name":"ASAJA Salamanca","article_published_time":"2026-03-13T10:03:00+00:00","article_modified_time":"2026-04-14T06:35:16+00:00","og_image":[{"width":774,"height":472,"url":"https:\/\/www.asajacyl.com\/salamanca\/wp-content\/uploads\/sites\/7\/2026\/03\/ChatGPT-Image-13-mar-2026-11_01_40.jpg","type":"image\/jpeg"}],"author":"Sonia","twitter_card":"summary_large_image","twitter_misc":{"Escrito por":"Sonia","Tiempo de lectura":"3 minutos"},"schema":{"@context":"https:\/\/schema.org","@graph":[{"@type":"WebPage","@id":"https:\/\/www.asajacyl.com\/salamanca\/asaja-salamanca-informa\/noticias\/publicado-el-listado-de-ayudas-para-explotaciones-afectadas-por-los-incendios-de-2025-para-la-reposicion-de-construcciones-e-instalaciones-agricolas","url":"https:\/\/www.asajacyl.com\/salamanca\/asaja-salamanca-informa\/noticias\/publicado-el-listado-de-ayudas-para-explotaciones-afectadas-por-los-incendios-de-2025-para-la-reposicion-de-construcciones-e-instalaciones-agricolas","name":"Publicado el listado de ayudas a explotaciones afectadas por los incendios de 2025 para la reposici\u00f3n de construcciones e instalaciones agr\u00edcolas - ASAJA Salamanca","isPartOf":{"@id":"https:\/\/www.asajacyl.com\/salamanca\/#website"},"primaryImageOfPage":{"@id":"https:\/\/www.asajacyl.com\/salamanca\/asaja-salamanca-informa\/noticias\/publicado-el-listado-de-ayudas-para-explotaciones-afectadas-por-los-incendios-de-2025-para-la-reposicion-de-construcciones-e-instalaciones-agricolas#primaryimage"},"image":{"@id":"https:\/\/www.asajacyl.com\/salamanca\/asaja-salamanca-informa\/noticias\/publicado-el-listado-de-ayudas-para-explotaciones-afectadas-por-los-incendios-de-2025-para-la-reposicion-de-construcciones-e-instalaciones-agricolas#primaryimage"},"thumbnailUrl":"https:\/\/www.asajacyl.com\/salamanca\/wp-content\/uploads\/sites\/7\/2026\/03\/ChatGPT-Image-13-mar-2026-11_01_40.jpg","datePublished":"2026-03-13T10:03:00+00:00","dateModified":"2026-04-14T06:35:16+00:00","author":{"@id":"https:\/\/www.asajacyl.com\/salamanca\/#\/schema\/person\/2bfc7da09988e1087e6291fafe99b67f"},"description":"El Bolet\u00edn Oficial de Castilla y Le\u00f3n ha publicado el listado de ayudas destinadas a titulares de explotaciones agrarias para la reposici\u00f3n de","breadcrumb":{"@id":"https:\/\/www.asajacyl.com\/salamanca\/asaja-salamanca-informa\/noticias\/publicado-el-listado-de-ayudas-para-explotaciones-afectadas-por-los-incendios-de-2025-para-la-reposicion-de-construcciones-e-instalaciones-agricolas#breadcrumb"},"inLanguage":"es","potentialAction":[{"@type":"ReadAction","target":["https:\/\/www.asajacyl.com\/salamanca\/asaja-salamanca-informa\/noticias\/publicado-el-listado-de-ayudas-para-explotaciones-afectadas-por-los-incendios-de-2025-para-la-reposicion-de-construcciones-e-instalaciones-agricolas"]}]},{"@type":"ImageObject","inLanguage":"es","@id":"https:\/\/www.asajacyl.com\/salamanca\/asaja-salamanca-informa\/noticias\/publicado-el-listado-de-ayudas-para-explotaciones-afectadas-por-los-incendios-de-2025-para-la-reposicion-de-construcciones-e-instalaciones-agricolas#primaryimage","url":"https:\/\/www.asajacyl.com\/salamanca\/wp-content\/uploads\/sites\/7\/2026\/03\/ChatGPT-Image-13-mar-2026-11_01_40.jpg","contentUrl":"https:\/\/www.asajacyl.com\/salamanca\/wp-content\/uploads\/sites\/7\/2026\/03\/ChatGPT-Image-13-mar-2026-11_01_40.jpg","width":774,"height":472},{"@type":"BreadcrumbList","@id":"https:\/\/www.asajacyl.com\/salamanca\/asaja-salamanca-informa\/noticias\/publicado-el-listado-de-ayudas-para-explotaciones-afectadas-por-los-incendios-de-2025-para-la-reposicion-de-construcciones-e-instalaciones-agricolas#breadcrumb","itemListElement":[{"@type":"ListItem","position":1,"name":"Portada","item":"https:\/\/www.asajacyl.com\/salamanca\/"},{"@type":"ListItem","position":2,"name":"Publicado el listado de ayudas a explotaciones afectadas por los incendios de 2025 para la reposici\u00f3n de construcciones e instalaciones agr\u00edcolas"}]},{"@type":"WebSite","@id":"https:\/\/www.asajacyl.com\/salamanca\/#website","url":"https:\/\/www.asajacyl.com\/salamanca\/","name":"ASAJA Salamanca","description":"Otro sitio m\u00e1s de Provincias ASAJA Castilla y Le\u00f3n","potentialAction":[{"@type":"SearchAction","target":{"@type":"EntryPoint","urlTemplate":"https:\/\/www.asajacyl.com\/salamanca\/?s={search_term_string}"},"query-input":{"@type":"PropertyValueSpecification","valueRequired":true,"valueName":"search_term_string"}}],"inLanguage":"es"},{"@type":"Person","@id":"https:\/\/www.asajacyl.com\/salamanca\/#\/schema\/person\/2bfc7da09988e1087e6291fafe99b67f","name":"Sonia","image":{"@type":"ImageObject","inLanguage":"es","@id":"https:\/\/www.asajacyl.com\/salamanca\/#\/schema\/person\/image\/","url":"https:\/\/secure.gravatar.com\/avatar\/6b0d6eb461a1e3687cc023d59022ef0d?s=96&d=mm&r=g","contentUrl":"https:\/\/secure.gravatar.com\/avatar\/6b0d6eb461a1e3687cc023d59022ef0d?s=96&d=mm&r=g","caption":"Sonia"},"url":"https:\/\/www.asajacyl.com\/salamanca\/author\/juanluisde"}]}},"_links":{"self":[{"href":"https:\/\/www.asajacyl.com\/salamanca\/wp-json\/wp\/v2\/posts\/20308"}],"collection":[{"href":"https:\/\/www.asajacyl.com\/salamanca\/wp-json\/wp\/v2\/posts"}],"about":[{"href":"https:\/\/www.asajacyl.com\/salamanca\/wp-json\/wp\/v2\/types\/post"}],"author":[{"embeddable":true,"href":"https:\/\/www.asajacyl.com\/salamanca\/wp-json\/wp\/v2\/users\/10"}],"replies":[{"embeddable":true,"href":"https:\/\/www.asajacyl.com\/salamanca\/wp-json\/wp\/v2\/comments?post=20308"}],"version-history":[{"count":2,"href":"https:\/\/www.asajacyl.com\/salamanca\/wp-json\/wp\/v2\/posts\/20308\/revisions"}],"predecessor-version":[{"id":20311,"href":"https:\/\/www.asajacyl.com\/salamanca\/wp-json\/wp\/v2\/posts\/20308\/revisions\/20311"}],"wp:featuredmedia":[{"embeddable":true,"href":"https:\/\/www.asajacyl.com\/salamanca\/wp-json\/wp\/v2\/media\/20309"}],"wp:attachment":[{"href":"https:\/\/www.asajacyl.com\/salamanca\/wp-json\/wp\/v2\/media?parent=20308"}],"wp:term":[{"taxonomy":"category","embeddable":true,"href":"https:\/\/www.asajacyl.com\/salamanca\/wp-json\/wp\/v2\/categories?post=20308"},{"taxonomy":"post_tag","embeddable":true,"href":"https:\/\/www.asajacyl.com\/salamanca\/wp-json\/wp\/v2\/tags?post=20308"}],"curies":[{"name":"wp","href":"https:\/\/api.w.org\/{rel}","templated":true}]}}