{"id":20312,"date":"2026-03-13T11:36:53","date_gmt":"2026-03-13T10:36:53","guid":{"rendered":"https:\/\/www.asajacyl.com\/salamanca\/?p=20312"},"modified":"2026-04-14T08:35:10","modified_gmt":"2026-04-14T06:35:10","slug":"18m-nueva-concentracion-y-manifestacion-contra-la-especulacion-con-el-precio-del-gasoleo-agricola-y-de-los-fertilizantes","status":"publish","type":"post","link":"https:\/\/www.asajacyl.com\/salamanca\/asaja-salamanca-informa\/noticias\/18m-nueva-concentracion-y-manifestacion-contra-la-especulacion-con-el-precio-del-gasoleo-agricola-y-de-los-fertilizantes","title":{"rendered":"18M: Nueva concentraci\u00f3n y manifestaci\u00f3n contra\u00a0la especulaci\u00f3n con el precio del gas\u00f3leo agr\u00edcola y de los fertilizantes"},"content":{"rendered":"\n<h2 class=\"wp-block-heading\"><strong>Las organizaciones profesionales agrarias ASAJA, UCCL y la ALIANZA UPA-COAG, en unidad de acci\u00f3n, convocan a los agricultores y ganaderos de Castilla y Le\u00f3n a movilizarse el MI\u00c9RCOLES 18 DE MARZO en Valladolid, para denunciar la especulaci\u00f3n creciente en los precios del carburante agr\u00edcola y tambi\u00e9n de los fertilizantes, en un momento cr\u00edtico para la actividad del campo de Castilla y Le\u00f3n.<a href=\"https:\/\/www.asajacyl.com\/wp-content\/uploads\/2026\/03\/Manifestacion-gasoleo-y-fertilizantes-18-3-2026.jpg\"><\/a><\/strong><\/h2>\n\n\n\n<p>Se trata del segundo acto de la campa\u00f1a de protestas emprendida el pasado martes con la concentraci\u00f3n celebrada frente a las puertas del centro log\u00edstico de hidrocarburos de Exolum en Santovenia de Pisuerga (Valladolid), donde los l\u00edderes de las Organizaciones Profesionales Agrarias advirtieron que las medidas de presi\u00f3n no cesar\u00e1n hasta que se consigan respuestas claras por parte del Gobierno, que pal\u00eden la insoportable espiral de precios de los insumos.<\/p>\n\n\n\n<p>El sector agrario atraviesa un momento extremadamente delicado ante la subida de costes de insumos esenciales para la producci\u00f3n, que se disparan por la situaci\u00f3n b\u00e9lica que se vive en todo Oriente Medio. Sin embargo, no existen razones que justifiquen estas alzas de precios en el momento actual, m\u00e1s all\u00e1 del&nbsp;<strong>af\u00e1n especulativo de los operadores del mercado de combustibles y fertilizantes para aprovechar el escenario de incertidumbre generado por el conflicto<\/strong>. Estos operadores trabajan con coberturas, contratos a plazo y stocks comprados meses antes de la entrega, por lo que no se justifica que se est\u00e9n aplicando subidas de precio desde el minuto uno del inicio de los ataques, coincidiendo con una \u00e9poca de m\u00e1xima demanda de estos factores de producci\u00f3n en el campo.<\/p>\n\n\n\n<p>Desde ASAJA, UCCL y la Alianza UPA-COAG reclamamos que el Gobierno central act\u00fae en consecuencia y apruebe mecanismos en defensa de los profesionales del campo, lo primero para frenar en lo posible esta espiral insoportable de precios, y lo segundo estableciendo medidas que pal\u00eden las p\u00e9rdidas que esta situaci\u00f3n suponga para las explotaciones agrarias y ganaderas.<\/p>\n\n\n\n<p><strong>El punto de concentraci\u00f3n de los agricultores, que llegar\u00e1n de todas las provincias de Castilla y Le\u00f3n, ser\u00e1 la Plaza del Milenio, a las puertas de la Delegaci\u00f3n del Gobierno. De all\u00ed la manifestaci\u00f3n partir\u00e1, recorriendo las calles de Valladolid, hasta la sede de la Consejer\u00eda de Agricultura, Ganader\u00eda y Desarrollo Rural.\u00a0<\/strong>En ambos destinos se entregar\u00e1 un escrito, dirigido a los responsables -delegado del Gobierno y consejera de Agricultura en funciones- con las demandas de los congregados. Est\u00e1 prevista la participaci\u00f3n simb\u00f3lica de cuatro tractores, que abrir\u00e1n y acompa\u00f1ar\u00e1n el recorrido de la manifestaci\u00f3n.<\/p>\n\n\n\n<figure class=\"wp-block-image size-large is-resized\"><img loading=\"lazy\" decoding=\"async\" width=\"683\" height=\"1024\" src=\"https:\/\/www.asajacyl.com\/salamanca\/wp-content\/uploads\/sites\/7\/2026\/03\/WhatsApp-Image-2026-03-12-at-08.47.39-683x1024.jpeg\" alt=\"\" class=\"wp-image-20313\" style=\"width:495px;height:auto\" srcset=\"https:\/\/www.asajacyl.com\/salamanca\/wp-content\/uploads\/sites\/7\/2026\/03\/WhatsApp-Image-2026-03-12-at-08.47.39-683x1024.jpeg 683w, https:\/\/www.asajacyl.com\/salamanca\/wp-content\/uploads\/sites\/7\/2026\/03\/WhatsApp-Image-2026-03-12-at-08.47.39-200x300.jpeg 200w, https:\/\/www.asajacyl.com\/salamanca\/wp-content\/uploads\/sites\/7\/2026\/03\/WhatsApp-Image-2026-03-12-at-08.47.39-768x1152.jpeg 768w, https:\/\/www.asajacyl.com\/salamanca\/wp-content\/uploads\/sites\/7\/2026\/03\/WhatsApp-Image-2026-03-12-at-08.47.39-280x420.jpeg 280w, https:\/\/www.asajacyl.com\/salamanca\/wp-content\/uploads\/sites\/7\/2026\/03\/WhatsApp-Image-2026-03-12-at-08.47.39-696x1044.jpeg 696w, https:\/\/www.asajacyl.com\/salamanca\/wp-content\/uploads\/sites\/7\/2026\/03\/WhatsApp-Image-2026-03-12-at-08.47.39.jpeg 1024w\" sizes=\"(max-width: 683px) 100vw, 683px\" \/><\/figure>\n","protected":false},"excerpt":{"rendered":"<p>Las organizaciones profesionales agrarias ASAJA, UCCL y la ALIANZA UPA-COAG, en unidad de acci\u00f3n, convocan a los agricultores y ganaderos de Castilla y Le\u00f3n a movilizarse el MI\u00c9RCOLES 18 DE MARZO en Valladolid, para denunciar la especulaci\u00f3n creciente en los precios del carburante agr\u00edcola y tambi\u00e9n de los fertilizantes, en un momento cr\u00edtico para la [&hellip;]<\/p>\n","protected":false},"author":10,"featured_media":20313,"comment_status":"open","ping_status":"open","sticky":false,"template":"","format":"standard","meta":{"footnotes":""},"categories":[510],"tags":[],"yoast_head":"<!-- This site is optimized with the Yoast SEO plugin v24.5 - https:\/\/yoast.com\/wordpress\/plugins\/seo\/ -->\n<title>18M: Nueva concentraci\u00f3n y manifestaci\u00f3n contra\u00a0la especulaci\u00f3n con el precio del gas\u00f3leo agr\u00edcola y de los fertilizantes - ASAJA Salamanca<\/title>\n<meta name=\"description\" content=\"Las organizaciones profesionales agrarias ASAJA, UCCL y la ALIANZA UPA-COAG, en unidad de acci\u00f3n, convocan a los agricultores y ganaderos de Castilla y\" \/>\n<meta name=\"robots\" content=\"index, follow, max-snippet:-1, max-image-preview:large, max-video-preview:-1\" \/>\n<link rel=\"canonical\" href=\"https:\/\/www.asajacyl.com\/salamanca\/asaja-salamanca-informa\/noticias\/18m-nueva-concentracion-y-manifestacion-contra-la-especulacion-con-el-precio-del-gasoleo-agricola-y-de-los-fertilizantes\" \/>\n<meta property=\"og:locale\" content=\"es_ES\" \/>\n<meta property=\"og:type\" content=\"article\" \/>\n<meta property=\"og:title\" content=\"18M: Nueva concentraci\u00f3n y manifestaci\u00f3n contra\u00a0la especulaci\u00f3n con el precio del gas\u00f3leo agr\u00edcola y de los fertilizantes - ASAJA Salamanca\" \/>\n<meta property=\"og:description\" content=\"Las organizaciones profesionales agrarias ASAJA, UCCL y la ALIANZA UPA-COAG, en unidad de acci\u00f3n, convocan a los agricultores y ganaderos de Castilla y\" \/>\n<meta property=\"og:url\" content=\"https:\/\/www.asajacyl.com\/salamanca\/asaja-salamanca-informa\/noticias\/18m-nueva-concentracion-y-manifestacion-contra-la-especulacion-con-el-precio-del-gasoleo-agricola-y-de-los-fertilizantes\" \/>\n<meta property=\"og:site_name\" content=\"ASAJA Salamanca\" \/>\n<meta property=\"article:published_time\" content=\"2026-03-13T10:36:53+00:00\" \/>\n<meta property=\"article:modified_time\" content=\"2026-04-14T06:35:10+00:00\" \/>\n<meta property=\"og:image\" content=\"https:\/\/www.asajacyl.com\/salamanca\/wp-content\/uploads\/sites\/7\/2026\/03\/WhatsApp-Image-2026-03-12-at-08.47.39.jpeg\" \/>\n\t<meta property=\"og:image:width\" content=\"1024\" \/>\n\t<meta property=\"og:image:height\" content=\"1536\" \/>\n\t<meta property=\"og:image:type\" content=\"image\/jpeg\" \/>\n<meta name=\"author\" content=\"Sonia\" \/>\n<meta name=\"twitter:card\" content=\"summary_large_image\" \/>\n<meta name=\"twitter:label1\" content=\"Escrito por\" \/>\n\t<meta name=\"twitter:data1\" content=\"Sonia\" \/>\n\t<meta name=\"twitter:label2\" content=\"Tiempo de lectura\" \/>\n\t<meta name=\"twitter:data2\" content=\"3 minutos\" \/>\n<script type=\"application\/ld+json\" class=\"yoast-schema-graph\">{\"@context\":\"https:\/\/schema.org\",\"@graph\":[{\"@type\":\"WebPage\",\"@id\":\"https:\/\/www.asajacyl.com\/salamanca\/asaja-salamanca-informa\/noticias\/18m-nueva-concentracion-y-manifestacion-contra-la-especulacion-con-el-precio-del-gasoleo-agricola-y-de-los-fertilizantes\",\"url\":\"https:\/\/www.asajacyl.com\/salamanca\/asaja-salamanca-informa\/noticias\/18m-nueva-concentracion-y-manifestacion-contra-la-especulacion-con-el-precio-del-gasoleo-agricola-y-de-los-fertilizantes\",\"name\":\"18M: Nueva concentraci\u00f3n y manifestaci\u00f3n contra\u00a0la especulaci\u00f3n con el precio del gas\u00f3leo agr\u00edcola y de los fertilizantes - ASAJA Salamanca\",\"isPartOf\":{\"@id\":\"https:\/\/www.asajacyl.com\/salamanca\/#website\"},\"primaryImageOfPage\":{\"@id\":\"https:\/\/www.asajacyl.com\/salamanca\/asaja-salamanca-informa\/noticias\/18m-nueva-concentracion-y-manifestacion-contra-la-especulacion-con-el-precio-del-gasoleo-agricola-y-de-los-fertilizantes#primaryimage\"},\"image\":{\"@id\":\"https:\/\/www.asajacyl.com\/salamanca\/asaja-salamanca-informa\/noticias\/18m-nueva-concentracion-y-manifestacion-contra-la-especulacion-con-el-precio-del-gasoleo-agricola-y-de-los-fertilizantes#primaryimage\"},\"thumbnailUrl\":\"https:\/\/www.asajacyl.com\/salamanca\/wp-content\/uploads\/sites\/7\/2026\/03\/WhatsApp-Image-2026-03-12-at-08.47.39.jpeg\",\"datePublished\":\"2026-03-13T10:36:53+00:00\",\"dateModified\":\"2026-04-14T06:35:10+00:00\",\"author\":{\"@id\":\"https:\/\/www.asajacyl.com\/salamanca\/#\/schema\/person\/2bfc7da09988e1087e6291fafe99b67f\"},\"description\":\"Las organizaciones profesionales agrarias ASAJA, UCCL y la ALIANZA UPA-COAG, en unidad de acci\u00f3n, convocan a los agricultores y ganaderos de Castilla y\",\"breadcrumb\":{\"@id\":\"https:\/\/www.asajacyl.com\/salamanca\/asaja-salamanca-informa\/noticias\/18m-nueva-concentracion-y-manifestacion-contra-la-especulacion-con-el-precio-del-gasoleo-agricola-y-de-los-fertilizantes#breadcrumb\"},\"inLanguage\":\"es\",\"potentialAction\":[{\"@type\":\"ReadAction\",\"target\":[\"https:\/\/www.asajacyl.com\/salamanca\/asaja-salamanca-informa\/noticias\/18m-nueva-concentracion-y-manifestacion-contra-la-especulacion-con-el-precio-del-gasoleo-agricola-y-de-los-fertilizantes\"]}]},{\"@type\":\"ImageObject\",\"inLanguage\":\"es\",\"@id\":\"https:\/\/www.asajacyl.com\/salamanca\/asaja-salamanca-informa\/noticias\/18m-nueva-concentracion-y-manifestacion-contra-la-especulacion-con-el-precio-del-gasoleo-agricola-y-de-los-fertilizantes#primaryimage\",\"url\":\"https:\/\/www.asajacyl.com\/salamanca\/wp-content\/uploads\/sites\/7\/2026\/03\/WhatsApp-Image-2026-03-12-at-08.47.39.jpeg\",\"contentUrl\":\"https:\/\/www.asajacyl.com\/salamanca\/wp-content\/uploads\/sites\/7\/2026\/03\/WhatsApp-Image-2026-03-12-at-08.47.39.jpeg\",\"width\":1024,\"height\":1536},{\"@type\":\"BreadcrumbList\",\"@id\":\"https:\/\/www.asajacyl.com\/salamanca\/asaja-salamanca-informa\/noticias\/18m-nueva-concentracion-y-manifestacion-contra-la-especulacion-con-el-precio-del-gasoleo-agricola-y-de-los-fertilizantes#breadcrumb\",\"itemListElement\":[{\"@type\":\"ListItem\",\"position\":1,\"name\":\"Portada\",\"item\":\"https:\/\/www.asajacyl.com\/salamanca\/\"},{\"@type\":\"ListItem\",\"position\":2,\"name\":\"18M: Nueva concentraci\u00f3n y manifestaci\u00f3n contra\u00a0la especulaci\u00f3n con el precio del gas\u00f3leo agr\u00edcola y de los fertilizantes\"}]},{\"@type\":\"WebSite\",\"@id\":\"https:\/\/www.asajacyl.com\/salamanca\/#website\",\"url\":\"https:\/\/www.asajacyl.com\/salamanca\/\",\"name\":\"ASAJA Salamanca\",\"description\":\"Otro sitio m\u00e1s de Provincias ASAJA Castilla y Le\u00f3n\",\"potentialAction\":[{\"@type\":\"SearchAction\",\"target\":{\"@type\":\"EntryPoint\",\"urlTemplate\":\"https:\/\/www.asajacyl.com\/salamanca\/?s={search_term_string}\"},\"query-input\":{\"@type\":\"PropertyValueSpecification\",\"valueRequired\":true,\"valueName\":\"search_term_string\"}}],\"inLanguage\":\"es\"},{\"@type\":\"Person\",\"@id\":\"https:\/\/www.asajacyl.com\/salamanca\/#\/schema\/person\/2bfc7da09988e1087e6291fafe99b67f\",\"name\":\"Sonia\",\"image\":{\"@type\":\"ImageObject\",\"inLanguage\":\"es\",\"@id\":\"https:\/\/www.asajacyl.com\/salamanca\/#\/schema\/person\/image\/\",\"url\":\"https:\/\/secure.gravatar.com\/avatar\/6b0d6eb461a1e3687cc023d59022ef0d?s=96&d=mm&r=g\",\"contentUrl\":\"https:\/\/secure.gravatar.com\/avatar\/6b0d6eb461a1e3687cc023d59022ef0d?s=96&d=mm&r=g\",\"caption\":\"Sonia\"},\"url\":\"https:\/\/www.asajacyl.com\/salamanca\/author\/juanluisde\"}]}<\/script>\n<!-- \/ Yoast SEO plugin. -->","yoast_head_json":{"title":"18M: Nueva concentraci\u00f3n y manifestaci\u00f3n contra\u00a0la especulaci\u00f3n con el precio del gas\u00f3leo agr\u00edcola y de los fertilizantes - ASAJA Salamanca","description":"Las organizaciones profesionales agrarias ASAJA, UCCL y la ALIANZA UPA-COAG, en unidad de acci\u00f3n, convocan a los agricultores y ganaderos de Castilla y","robots":{"index":"index","follow":"follow","max-snippet":"max-snippet:-1","max-image-preview":"max-image-preview:large","max-video-preview":"max-video-preview:-1"},"canonical":"https:\/\/www.asajacyl.com\/salamanca\/asaja-salamanca-informa\/noticias\/18m-nueva-concentracion-y-manifestacion-contra-la-especulacion-con-el-precio-del-gasoleo-agricola-y-de-los-fertilizantes","og_locale":"es_ES","og_type":"article","og_title":"18M: Nueva concentraci\u00f3n y manifestaci\u00f3n contra\u00a0la especulaci\u00f3n con el precio del gas\u00f3leo agr\u00edcola y de los fertilizantes - ASAJA Salamanca","og_description":"Las organizaciones profesionales agrarias ASAJA, UCCL y la ALIANZA UPA-COAG, en unidad de acci\u00f3n, convocan a los agricultores y ganaderos de Castilla y","og_url":"https:\/\/www.asajacyl.com\/salamanca\/asaja-salamanca-informa\/noticias\/18m-nueva-concentracion-y-manifestacion-contra-la-especulacion-con-el-precio-del-gasoleo-agricola-y-de-los-fertilizantes","og_site_name":"ASAJA Salamanca","article_published_time":"2026-03-13T10:36:53+00:00","article_modified_time":"2026-04-14T06:35:10+00:00","og_image":[{"width":1024,"height":1536,"url":"https:\/\/www.asajacyl.com\/salamanca\/wp-content\/uploads\/sites\/7\/2026\/03\/WhatsApp-Image-2026-03-12-at-08.47.39.jpeg","type":"image\/jpeg"}],"author":"Sonia","twitter_card":"summary_large_image","twitter_misc":{"Escrito por":"Sonia","Tiempo de lectura":"3 minutos"},"schema":{"@context":"https:\/\/schema.org","@graph":[{"@type":"WebPage","@id":"https:\/\/www.asajacyl.com\/salamanca\/asaja-salamanca-informa\/noticias\/18m-nueva-concentracion-y-manifestacion-contra-la-especulacion-con-el-precio-del-gasoleo-agricola-y-de-los-fertilizantes","url":"https:\/\/www.asajacyl.com\/salamanca\/asaja-salamanca-informa\/noticias\/18m-nueva-concentracion-y-manifestacion-contra-la-especulacion-con-el-precio-del-gasoleo-agricola-y-de-los-fertilizantes","name":"18M: Nueva concentraci\u00f3n y manifestaci\u00f3n contra\u00a0la especulaci\u00f3n con el precio del gas\u00f3leo agr\u00edcola y de los fertilizantes - ASAJA Salamanca","isPartOf":{"@id":"https:\/\/www.asajacyl.com\/salamanca\/#website"},"primaryImageOfPage":{"@id":"https:\/\/www.asajacyl.com\/salamanca\/asaja-salamanca-informa\/noticias\/18m-nueva-concentracion-y-manifestacion-contra-la-especulacion-con-el-precio-del-gasoleo-agricola-y-de-los-fertilizantes#primaryimage"},"image":{"@id":"https:\/\/www.asajacyl.com\/salamanca\/asaja-salamanca-informa\/noticias\/18m-nueva-concentracion-y-manifestacion-contra-la-especulacion-con-el-precio-del-gasoleo-agricola-y-de-los-fertilizantes#primaryimage"},"thumbnailUrl":"https:\/\/www.asajacyl.com\/salamanca\/wp-content\/uploads\/sites\/7\/2026\/03\/WhatsApp-Image-2026-03-12-at-08.47.39.jpeg","datePublished":"2026-03-13T10:36:53+00:00","dateModified":"2026-04-14T06:35:10+00:00","author":{"@id":"https:\/\/www.asajacyl.com\/salamanca\/#\/schema\/person\/2bfc7da09988e1087e6291fafe99b67f"},"description":"Las organizaciones profesionales agrarias ASAJA, UCCL y la ALIANZA UPA-COAG, en unidad de acci\u00f3n, convocan a los agricultores y ganaderos de Castilla y","breadcrumb":{"@id":"https:\/\/www.asajacyl.com\/salamanca\/asaja-salamanca-informa\/noticias\/18m-nueva-concentracion-y-manifestacion-contra-la-especulacion-con-el-precio-del-gasoleo-agricola-y-de-los-fertilizantes#breadcrumb"},"inLanguage":"es","potentialAction":[{"@type":"ReadAction","target":["https:\/\/www.asajacyl.com\/salamanca\/asaja-salamanca-informa\/noticias\/18m-nueva-concentracion-y-manifestacion-contra-la-especulacion-con-el-precio-del-gasoleo-agricola-y-de-los-fertilizantes"]}]},{"@type":"ImageObject","inLanguage":"es","@id":"https:\/\/www.asajacyl.com\/salamanca\/asaja-salamanca-informa\/noticias\/18m-nueva-concentracion-y-manifestacion-contra-la-especulacion-con-el-precio-del-gasoleo-agricola-y-de-los-fertilizantes#primaryimage","url":"https:\/\/www.asajacyl.com\/salamanca\/wp-content\/uploads\/sites\/7\/2026\/03\/WhatsApp-Image-2026-03-12-at-08.47.39.jpeg","contentUrl":"https:\/\/www.asajacyl.com\/salamanca\/wp-content\/uploads\/sites\/7\/2026\/03\/WhatsApp-Image-2026-03-12-at-08.47.39.jpeg","width":1024,"height":1536},{"@type":"BreadcrumbList","@id":"https:\/\/www.asajacyl.com\/salamanca\/asaja-salamanca-informa\/noticias\/18m-nueva-concentracion-y-manifestacion-contra-la-especulacion-con-el-precio-del-gasoleo-agricola-y-de-los-fertilizantes#breadcrumb","itemListElement":[{"@type":"ListItem","position":1,"name":"Portada","item":"https:\/\/www.asajacyl.com\/salamanca\/"},{"@type":"ListItem","position":2,"name":"18M: Nueva concentraci\u00f3n y manifestaci\u00f3n contra\u00a0la especulaci\u00f3n con el precio del gas\u00f3leo agr\u00edcola y de los fertilizantes"}]},{"@type":"WebSite","@id":"https:\/\/www.asajacyl.com\/salamanca\/#website","url":"https:\/\/www.asajacyl.com\/salamanca\/","name":"ASAJA Salamanca","description":"Otro sitio m\u00e1s de Provincias ASAJA Castilla y Le\u00f3n","potentialAction":[{"@type":"SearchAction","target":{"@type":"EntryPoint","urlTemplate":"https:\/\/www.asajacyl.com\/salamanca\/?s={search_term_string}"},"query-input":{"@type":"PropertyValueSpecification","valueRequired":true,"valueName":"search_term_string"}}],"inLanguage":"es"},{"@type":"Person","@id":"https:\/\/www.asajacyl.com\/salamanca\/#\/schema\/person\/2bfc7da09988e1087e6291fafe99b67f","name":"Sonia","image":{"@type":"ImageObject","inLanguage":"es","@id":"https:\/\/www.asajacyl.com\/salamanca\/#\/schema\/person\/image\/","url":"https:\/\/secure.gravatar.com\/avatar\/6b0d6eb461a1e3687cc023d59022ef0d?s=96&d=mm&r=g","contentUrl":"https:\/\/secure.gravatar.com\/avatar\/6b0d6eb461a1e3687cc023d59022ef0d?s=96&d=mm&r=g","caption":"Sonia"},"url":"https:\/\/www.asajacyl.com\/salamanca\/author\/juanluisde"}]}},"_links":{"self":[{"href":"https:\/\/www.asajacyl.com\/salamanca\/wp-json\/wp\/v2\/posts\/20312"}],"collection":[{"href":"https:\/\/www.asajacyl.com\/salamanca\/wp-json\/wp\/v2\/posts"}],"about":[{"href":"https:\/\/www.asajacyl.com\/salamanca\/wp-json\/wp\/v2\/types\/post"}],"author":[{"embeddable":true,"href":"https:\/\/www.asajacyl.com\/salamanca\/wp-json\/wp\/v2\/users\/10"}],"replies":[{"embeddable":true,"href":"https:\/\/www.asajacyl.com\/salamanca\/wp-json\/wp\/v2\/comments?post=20312"}],"version-history":[{"count":1,"href":"https:\/\/www.asajacyl.com\/salamanca\/wp-json\/wp\/v2\/posts\/20312\/revisions"}],"predecessor-version":[{"id":20314,"href":"https:\/\/www.asajacyl.com\/salamanca\/wp-json\/wp\/v2\/posts\/20312\/revisions\/20314"}],"wp:featuredmedia":[{"embeddable":true,"href":"https:\/\/www.asajacyl.com\/salamanca\/wp-json\/wp\/v2\/media\/20313"}],"wp:attachment":[{"href":"https:\/\/www.asajacyl.com\/salamanca\/wp-json\/wp\/v2\/media?parent=20312"}],"wp:term":[{"taxonomy":"category","embeddable":true,"href":"https:\/\/www.asajacyl.com\/salamanca\/wp-json\/wp\/v2\/categories?post=20312"},{"taxonomy":"post_tag","embeddable":true,"href":"https:\/\/www.asajacyl.com\/salamanca\/wp-json\/wp\/v2\/tags?post=20312"}],"curies":[{"name":"wp","href":"https:\/\/api.w.org\/{rel}","templated":true}]}}