{"id":20315,"date":"2026-03-13T12:13:01","date_gmt":"2026-03-13T11:13:01","guid":{"rendered":"https:\/\/www.asajacyl.com\/salamanca\/?p=20315"},"modified":"2026-03-13T12:13:02","modified_gmt":"2026-03-13T11:13:02","slug":"el-supremo-avala-el-criterio-que-asaja-venia-defendiendo-la-compensacion-del-iva-no-cuenta-como-ingreso-en-modulos","status":"publish","type":"post","link":"https:\/\/www.asajacyl.com\/salamanca\/asaja-salamanca-informa\/noticias\/el-supremo-avala-el-criterio-que-asaja-venia-defendiendo-la-compensacion-del-iva-no-cuenta-como-ingreso-en-modulos","title":{"rendered":"El Supremo avala el criterio que ASAJA ven\u00eda defendiendo: la compensaci\u00f3n del IVA no cuenta como ingreso en m\u00f3dulos"},"content":{"rendered":"\n<p>El Tribunal Supremo ha dictado una sentencia clave que respalda el criterio que ASAJA ven\u00eda defendiendo desde hace a\u00f1os para proteger a los agricultores y ganaderos que tributan en el sistema de m\u00f3dulos. El fallo establece que las compensaciones del IVA recibidas por los profesionales acogidos al R\u00e9gimen Especial de la Agricultura, Ganader\u00eda y Pesca (REAGP) <strong>no deben computarse como ingresos<\/strong>, una interpretaci\u00f3n que ASAJA hab\u00eda reclamado reiteradamente para evitar que miles de explotaciones fueran expulsadas injustamente del r\u00e9gimen de estimaci\u00f3n objetiva.<\/p>\n\n\n\n<p>La resoluci\u00f3n protege a alrededor de <strong>800.000 agricultores y ganaderos<\/strong> que tributan en este sistema simplificado y abre adem\u00e1s la puerta a reclamar las cantidades pagadas de m\u00e1s en los \u00faltimos cuatro a\u00f1os.<\/p>\n\n\n\n<p>El fallo del Supremo respalda as\u00ed el criterio que ASAJA ha defendido para excluir la compensaci\u00f3n del IVA del c\u00f3mputo de ingresos en m\u00f3dulos. La organizaci\u00f3n agraria ha venido trabajando en los \u00faltimos a\u00f1os para que esta compensaci\u00f3n no se incluya a efectos de superar los l\u00edmites de permanencia en el r\u00e9gimen de estimaci\u00f3n objetiva del IRPF, una interpretaci\u00f3n que ya hab\u00eda sido incorporada en las \u00d3rdenes de M\u00f3dulos de 2025 y 2026 y que ahora queda reforzada por la sentencia del alto tribunal.<\/p>\n\n\n\n<p>El Tribunal Supremo (TS) pone as\u00ed fin a la estrategia de la Agencia Tributaria de expulsar a agricultores, ganaderos y pescadores del sistema de m\u00f3dulos. El fallo, fechado el 25 de febrero, proh\u00edbe que las compensaciones del IVA recibidas por estos profesionales se contabilicen como ingresos.<\/p>\n\n\n\n<p>La sentencia contradice el criterio previo del Tribunal Econ\u00f3mico-Administrativo Central (TEAC), que avalaba incluir estos pagos en el c\u00f3mputo global. Seg\u00fan el Supremo, dicha interpretaci\u00f3n \u201cviciaba\u201d las ganancias reales de las explotaciones, forzando de manera artificial la salida de miles de aut\u00f3nomos del r\u00e9gimen simplificado hacia modelos de tributaci\u00f3n m\u00e1s costosos y complejos.<\/p>\n\n\n\n<p>Como consecuencia directa de este fallo judicial, los agricultores afectados que fueron expulsados de m\u00f3dulos o que tributaron en exceso bajo el anterior criterio de Hacienda <strong>podr\u00e1n solicitar la rectificaci\u00f3n de ingresos indebidos<\/strong> en los ejercicios no prescritos.<\/p>\n\n\n\n<p>En este sentido, ASAJA solicita al Ministerio de Hacienda que habilite de oficio un procedimiento \u00e1gil para realizar declaraciones paralelas y rectificar las liquidaciones correspondientes, de modo que los agricultores puedan recuperar las cantidades pagadas de m\u00e1s en los cuatro ejercicios anteriores a 2025, siempre que no hayan prescrito.<\/p>\n\n\n\n<p>La organizaci\u00f3n tambi\u00e9n pide que se incluya a quienes fueron expulsados del r\u00e9gimen de m\u00f3dulos al de estimaci\u00f3n directa por superar el l\u00edmite de permanencia de <strong>250.000 euros de ingresos<\/strong>, y que en algunos casos recibieron sanciones econ\u00f3micas muy elevadas. Adem\u00e1s, Hacienda deber\u00e1 devolver al r\u00e9gimen de m\u00f3dulos a aquellos agricultores y ganaderos que fueron expulsados ilegalmente.<\/p>\n\n\n\n<p>El Tribunal Supremo subraya igualmente que el objetivo del sistema de m\u00f3dulos es <strong>simplificar las obligaciones fiscales de los peque\u00f1os negocios<\/strong>. En su resoluci\u00f3n recuerda adem\u00e1s que la Ley del IVA ya excluye estas compensaciones y que las \u00f3rdenes ministeriales de m\u00f3dulos de 2025 y 2026 han integrado esta interpretaci\u00f3n para evitar futuras controversias.<\/p>\n\n\n\n<p>Este veredicto supone un importante alivio para el sector agrario, ya que aporta seguridad jur\u00eddica y garantiza la continuidad de miles de explotaciones dentro de un sistema tributario adaptado a la realidad del campo. Adem\u00e1s, confirma el planteamiento que ASAJA ven\u00eda defendiendo para evitar que las compensaciones del IVA distorsionaran el c\u00e1lculo real de los ingresos de agricultores y ganaderos.<\/p>\n\n\n\n<p><\/p>\n","protected":false},"excerpt":{"rendered":"<p>El Tribunal Supremo ha dictado una sentencia clave que respalda el criterio que ASAJA ven\u00eda defendiendo desde hace a\u00f1os para proteger a los agricultores y ganaderos que tributan en el sistema de m\u00f3dulos. El fallo establece que las compensaciones del IVA recibidas por los profesionales acogidos al R\u00e9gimen Especial de la Agricultura, Ganader\u00eda y Pesca [&hellip;]<\/p>\n","protected":false},"author":10,"featured_media":20316,"comment_status":"open","ping_status":"open","sticky":false,"template":"","format":"standard","meta":{"footnotes":""},"categories":[31,510],"tags":[],"yoast_head":"<!-- This site is optimized with the Yoast SEO plugin v24.5 - https:\/\/yoast.com\/wordpress\/plugins\/seo\/ -->\n<title>El Supremo avala el criterio que ASAJA ven\u00eda defendiendo: la compensaci\u00f3n del IVA no cuenta como ingreso en m\u00f3dulos - ASAJA Salamanca<\/title>\n<meta name=\"description\" content=\"El Tribunal Supremo ha dictado una sentencia clave que respalda el criterio que ASAJA ven\u00eda defendiendo desde hace a\u00f1os para proteger a los agricultores y\" \/>\n<meta name=\"robots\" content=\"index, follow, max-snippet:-1, max-image-preview:large, max-video-preview:-1\" \/>\n<link rel=\"canonical\" href=\"https:\/\/www.asajacyl.com\/salamanca\/asaja-salamanca-informa\/noticias\/el-supremo-avala-el-criterio-que-asaja-venia-defendiendo-la-compensacion-del-iva-no-cuenta-como-ingreso-en-modulos\" \/>\n<meta property=\"og:locale\" content=\"es_ES\" \/>\n<meta property=\"og:type\" content=\"article\" \/>\n<meta property=\"og:title\" content=\"El Supremo avala el criterio que ASAJA ven\u00eda defendiendo: la compensaci\u00f3n del IVA no cuenta como ingreso en m\u00f3dulos - ASAJA Salamanca\" \/>\n<meta property=\"og:description\" content=\"El Tribunal Supremo ha dictado una sentencia clave que respalda el criterio que ASAJA ven\u00eda defendiendo desde hace a\u00f1os para proteger a los agricultores y\" \/>\n<meta property=\"og:url\" content=\"https:\/\/www.asajacyl.com\/salamanca\/asaja-salamanca-informa\/noticias\/el-supremo-avala-el-criterio-que-asaja-venia-defendiendo-la-compensacion-del-iva-no-cuenta-como-ingreso-en-modulos\" \/>\n<meta property=\"og:site_name\" content=\"ASAJA Salamanca\" \/>\n<meta property=\"article:published_time\" content=\"2026-03-13T11:13:01+00:00\" \/>\n<meta property=\"article:modified_time\" content=\"2026-03-13T11:13:02+00:00\" \/>\n<meta property=\"og:image\" content=\"https:\/\/www.asajacyl.com\/salamanca\/wp-content\/uploads\/sites\/7\/2026\/03\/Alvarito-Asaja-930x620-1.jpg\" \/>\n\t<meta property=\"og:image:width\" content=\"930\" \/>\n\t<meta property=\"og:image:height\" content=\"620\" \/>\n\t<meta property=\"og:image:type\" content=\"image\/jpeg\" \/>\n<meta name=\"author\" content=\"Sonia\" \/>\n<meta name=\"twitter:card\" content=\"summary_large_image\" \/>\n<meta name=\"twitter:label1\" content=\"Escrito por\" \/>\n\t<meta name=\"twitter:data1\" content=\"Sonia\" \/>\n\t<meta name=\"twitter:label2\" content=\"Tiempo de lectura\" \/>\n\t<meta name=\"twitter:data2\" content=\"3 minutos\" \/>\n<script type=\"application\/ld+json\" class=\"yoast-schema-graph\">{\"@context\":\"https:\/\/schema.org\",\"@graph\":[{\"@type\":\"WebPage\",\"@id\":\"https:\/\/www.asajacyl.com\/salamanca\/asaja-salamanca-informa\/noticias\/el-supremo-avala-el-criterio-que-asaja-venia-defendiendo-la-compensacion-del-iva-no-cuenta-como-ingreso-en-modulos\",\"url\":\"https:\/\/www.asajacyl.com\/salamanca\/asaja-salamanca-informa\/noticias\/el-supremo-avala-el-criterio-que-asaja-venia-defendiendo-la-compensacion-del-iva-no-cuenta-como-ingreso-en-modulos\",\"name\":\"El Supremo avala el criterio que ASAJA ven\u00eda defendiendo: la compensaci\u00f3n del IVA no cuenta como ingreso en m\u00f3dulos - ASAJA Salamanca\",\"isPartOf\":{\"@id\":\"https:\/\/www.asajacyl.com\/salamanca\/#website\"},\"primaryImageOfPage\":{\"@id\":\"https:\/\/www.asajacyl.com\/salamanca\/asaja-salamanca-informa\/noticias\/el-supremo-avala-el-criterio-que-asaja-venia-defendiendo-la-compensacion-del-iva-no-cuenta-como-ingreso-en-modulos#primaryimage\"},\"image\":{\"@id\":\"https:\/\/www.asajacyl.com\/salamanca\/asaja-salamanca-informa\/noticias\/el-supremo-avala-el-criterio-que-asaja-venia-defendiendo-la-compensacion-del-iva-no-cuenta-como-ingreso-en-modulos#primaryimage\"},\"thumbnailUrl\":\"https:\/\/www.asajacyl.com\/salamanca\/wp-content\/uploads\/sites\/7\/2026\/03\/Alvarito-Asaja-930x620-1.jpg\",\"datePublished\":\"2026-03-13T11:13:01+00:00\",\"dateModified\":\"2026-03-13T11:13:02+00:00\",\"author\":{\"@id\":\"https:\/\/www.asajacyl.com\/salamanca\/#\/schema\/person\/2bfc7da09988e1087e6291fafe99b67f\"},\"description\":\"El Tribunal Supremo ha dictado una sentencia clave que respalda el criterio que ASAJA ven\u00eda defendiendo desde hace a\u00f1os para proteger a los agricultores y\",\"breadcrumb\":{\"@id\":\"https:\/\/www.asajacyl.com\/salamanca\/asaja-salamanca-informa\/noticias\/el-supremo-avala-el-criterio-que-asaja-venia-defendiendo-la-compensacion-del-iva-no-cuenta-como-ingreso-en-modulos#breadcrumb\"},\"inLanguage\":\"es\",\"potentialAction\":[{\"@type\":\"ReadAction\",\"target\":[\"https:\/\/www.asajacyl.com\/salamanca\/asaja-salamanca-informa\/noticias\/el-supremo-avala-el-criterio-que-asaja-venia-defendiendo-la-compensacion-del-iva-no-cuenta-como-ingreso-en-modulos\"]}]},{\"@type\":\"ImageObject\",\"inLanguage\":\"es\",\"@id\":\"https:\/\/www.asajacyl.com\/salamanca\/asaja-salamanca-informa\/noticias\/el-supremo-avala-el-criterio-que-asaja-venia-defendiendo-la-compensacion-del-iva-no-cuenta-como-ingreso-en-modulos#primaryimage\",\"url\":\"https:\/\/www.asajacyl.com\/salamanca\/wp-content\/uploads\/sites\/7\/2026\/03\/Alvarito-Asaja-930x620-1.jpg\",\"contentUrl\":\"https:\/\/www.asajacyl.com\/salamanca\/wp-content\/uploads\/sites\/7\/2026\/03\/Alvarito-Asaja-930x620-1.jpg\",\"width\":930,\"height\":620},{\"@type\":\"BreadcrumbList\",\"@id\":\"https:\/\/www.asajacyl.com\/salamanca\/asaja-salamanca-informa\/noticias\/el-supremo-avala-el-criterio-que-asaja-venia-defendiendo-la-compensacion-del-iva-no-cuenta-como-ingreso-en-modulos#breadcrumb\",\"itemListElement\":[{\"@type\":\"ListItem\",\"position\":1,\"name\":\"Portada\",\"item\":\"https:\/\/www.asajacyl.com\/salamanca\/\"},{\"@type\":\"ListItem\",\"position\":2,\"name\":\"El Supremo avala el criterio que ASAJA ven\u00eda defendiendo: la compensaci\u00f3n del IVA no cuenta como ingreso en m\u00f3dulos\"}]},{\"@type\":\"WebSite\",\"@id\":\"https:\/\/www.asajacyl.com\/salamanca\/#website\",\"url\":\"https:\/\/www.asajacyl.com\/salamanca\/\",\"name\":\"ASAJA Salamanca\",\"description\":\"Otro sitio m\u00e1s de Provincias ASAJA Castilla y Le\u00f3n\",\"potentialAction\":[{\"@type\":\"SearchAction\",\"target\":{\"@type\":\"EntryPoint\",\"urlTemplate\":\"https:\/\/www.asajacyl.com\/salamanca\/?s={search_term_string}\"},\"query-input\":{\"@type\":\"PropertyValueSpecification\",\"valueRequired\":true,\"valueName\":\"search_term_string\"}}],\"inLanguage\":\"es\"},{\"@type\":\"Person\",\"@id\":\"https:\/\/www.asajacyl.com\/salamanca\/#\/schema\/person\/2bfc7da09988e1087e6291fafe99b67f\",\"name\":\"Sonia\",\"image\":{\"@type\":\"ImageObject\",\"inLanguage\":\"es\",\"@id\":\"https:\/\/www.asajacyl.com\/salamanca\/#\/schema\/person\/image\/\",\"url\":\"https:\/\/secure.gravatar.com\/avatar\/6b0d6eb461a1e3687cc023d59022ef0d?s=96&d=mm&r=g\",\"contentUrl\":\"https:\/\/secure.gravatar.com\/avatar\/6b0d6eb461a1e3687cc023d59022ef0d?s=96&d=mm&r=g\",\"caption\":\"Sonia\"},\"url\":\"https:\/\/www.asajacyl.com\/salamanca\/author\/juanluisde\"}]}<\/script>\n<!-- \/ Yoast SEO plugin. -->","yoast_head_json":{"title":"El Supremo avala el criterio que ASAJA ven\u00eda defendiendo: la compensaci\u00f3n del IVA no cuenta como ingreso en m\u00f3dulos - ASAJA Salamanca","description":"El Tribunal Supremo ha dictado una sentencia clave que respalda el criterio que ASAJA ven\u00eda defendiendo desde hace a\u00f1os para proteger a los agricultores y","robots":{"index":"index","follow":"follow","max-snippet":"max-snippet:-1","max-image-preview":"max-image-preview:large","max-video-preview":"max-video-preview:-1"},"canonical":"https:\/\/www.asajacyl.com\/salamanca\/asaja-salamanca-informa\/noticias\/el-supremo-avala-el-criterio-que-asaja-venia-defendiendo-la-compensacion-del-iva-no-cuenta-como-ingreso-en-modulos","og_locale":"es_ES","og_type":"article","og_title":"El Supremo avala el criterio que ASAJA ven\u00eda defendiendo: la compensaci\u00f3n del IVA no cuenta como ingreso en m\u00f3dulos - ASAJA Salamanca","og_description":"El Tribunal Supremo ha dictado una sentencia clave que respalda el criterio que ASAJA ven\u00eda defendiendo desde hace a\u00f1os para proteger a los agricultores y","og_url":"https:\/\/www.asajacyl.com\/salamanca\/asaja-salamanca-informa\/noticias\/el-supremo-avala-el-criterio-que-asaja-venia-defendiendo-la-compensacion-del-iva-no-cuenta-como-ingreso-en-modulos","og_site_name":"ASAJA Salamanca","article_published_time":"2026-03-13T11:13:01+00:00","article_modified_time":"2026-03-13T11:13:02+00:00","og_image":[{"width":930,"height":620,"url":"https:\/\/www.asajacyl.com\/salamanca\/wp-content\/uploads\/sites\/7\/2026\/03\/Alvarito-Asaja-930x620-1.jpg","type":"image\/jpeg"}],"author":"Sonia","twitter_card":"summary_large_image","twitter_misc":{"Escrito por":"Sonia","Tiempo de lectura":"3 minutos"},"schema":{"@context":"https:\/\/schema.org","@graph":[{"@type":"WebPage","@id":"https:\/\/www.asajacyl.com\/salamanca\/asaja-salamanca-informa\/noticias\/el-supremo-avala-el-criterio-que-asaja-venia-defendiendo-la-compensacion-del-iva-no-cuenta-como-ingreso-en-modulos","url":"https:\/\/www.asajacyl.com\/salamanca\/asaja-salamanca-informa\/noticias\/el-supremo-avala-el-criterio-que-asaja-venia-defendiendo-la-compensacion-del-iva-no-cuenta-como-ingreso-en-modulos","name":"El Supremo avala el criterio que ASAJA ven\u00eda defendiendo: la compensaci\u00f3n del IVA no cuenta como ingreso en m\u00f3dulos - ASAJA Salamanca","isPartOf":{"@id":"https:\/\/www.asajacyl.com\/salamanca\/#website"},"primaryImageOfPage":{"@id":"https:\/\/www.asajacyl.com\/salamanca\/asaja-salamanca-informa\/noticias\/el-supremo-avala-el-criterio-que-asaja-venia-defendiendo-la-compensacion-del-iva-no-cuenta-como-ingreso-en-modulos#primaryimage"},"image":{"@id":"https:\/\/www.asajacyl.com\/salamanca\/asaja-salamanca-informa\/noticias\/el-supremo-avala-el-criterio-que-asaja-venia-defendiendo-la-compensacion-del-iva-no-cuenta-como-ingreso-en-modulos#primaryimage"},"thumbnailUrl":"https:\/\/www.asajacyl.com\/salamanca\/wp-content\/uploads\/sites\/7\/2026\/03\/Alvarito-Asaja-930x620-1.jpg","datePublished":"2026-03-13T11:13:01+00:00","dateModified":"2026-03-13T11:13:02+00:00","author":{"@id":"https:\/\/www.asajacyl.com\/salamanca\/#\/schema\/person\/2bfc7da09988e1087e6291fafe99b67f"},"description":"El Tribunal Supremo ha dictado una sentencia clave que respalda el criterio que ASAJA ven\u00eda defendiendo desde hace a\u00f1os para proteger a los agricultores y","breadcrumb":{"@id":"https:\/\/www.asajacyl.com\/salamanca\/asaja-salamanca-informa\/noticias\/el-supremo-avala-el-criterio-que-asaja-venia-defendiendo-la-compensacion-del-iva-no-cuenta-como-ingreso-en-modulos#breadcrumb"},"inLanguage":"es","potentialAction":[{"@type":"ReadAction","target":["https:\/\/www.asajacyl.com\/salamanca\/asaja-salamanca-informa\/noticias\/el-supremo-avala-el-criterio-que-asaja-venia-defendiendo-la-compensacion-del-iva-no-cuenta-como-ingreso-en-modulos"]}]},{"@type":"ImageObject","inLanguage":"es","@id":"https:\/\/www.asajacyl.com\/salamanca\/asaja-salamanca-informa\/noticias\/el-supremo-avala-el-criterio-que-asaja-venia-defendiendo-la-compensacion-del-iva-no-cuenta-como-ingreso-en-modulos#primaryimage","url":"https:\/\/www.asajacyl.com\/salamanca\/wp-content\/uploads\/sites\/7\/2026\/03\/Alvarito-Asaja-930x620-1.jpg","contentUrl":"https:\/\/www.asajacyl.com\/salamanca\/wp-content\/uploads\/sites\/7\/2026\/03\/Alvarito-Asaja-930x620-1.jpg","width":930,"height":620},{"@type":"BreadcrumbList","@id":"https:\/\/www.asajacyl.com\/salamanca\/asaja-salamanca-informa\/noticias\/el-supremo-avala-el-criterio-que-asaja-venia-defendiendo-la-compensacion-del-iva-no-cuenta-como-ingreso-en-modulos#breadcrumb","itemListElement":[{"@type":"ListItem","position":1,"name":"Portada","item":"https:\/\/www.asajacyl.com\/salamanca\/"},{"@type":"ListItem","position":2,"name":"El Supremo avala el criterio que ASAJA ven\u00eda defendiendo: la compensaci\u00f3n del IVA no cuenta como ingreso en m\u00f3dulos"}]},{"@type":"WebSite","@id":"https:\/\/www.asajacyl.com\/salamanca\/#website","url":"https:\/\/www.asajacyl.com\/salamanca\/","name":"ASAJA Salamanca","description":"Otro sitio m\u00e1s de Provincias ASAJA Castilla y Le\u00f3n","potentialAction":[{"@type":"SearchAction","target":{"@type":"EntryPoint","urlTemplate":"https:\/\/www.asajacyl.com\/salamanca\/?s={search_term_string}"},"query-input":{"@type":"PropertyValueSpecification","valueRequired":true,"valueName":"search_term_string"}}],"inLanguage":"es"},{"@type":"Person","@id":"https:\/\/www.asajacyl.com\/salamanca\/#\/schema\/person\/2bfc7da09988e1087e6291fafe99b67f","name":"Sonia","image":{"@type":"ImageObject","inLanguage":"es","@id":"https:\/\/www.asajacyl.com\/salamanca\/#\/schema\/person\/image\/","url":"https:\/\/secure.gravatar.com\/avatar\/6b0d6eb461a1e3687cc023d59022ef0d?s=96&d=mm&r=g","contentUrl":"https:\/\/secure.gravatar.com\/avatar\/6b0d6eb461a1e3687cc023d59022ef0d?s=96&d=mm&r=g","caption":"Sonia"},"url":"https:\/\/www.asajacyl.com\/salamanca\/author\/juanluisde"}]}},"_links":{"self":[{"href":"https:\/\/www.asajacyl.com\/salamanca\/wp-json\/wp\/v2\/posts\/20315"}],"collection":[{"href":"https:\/\/www.asajacyl.com\/salamanca\/wp-json\/wp\/v2\/posts"}],"about":[{"href":"https:\/\/www.asajacyl.com\/salamanca\/wp-json\/wp\/v2\/types\/post"}],"author":[{"embeddable":true,"href":"https:\/\/www.asajacyl.com\/salamanca\/wp-json\/wp\/v2\/users\/10"}],"replies":[{"embeddable":true,"href":"https:\/\/www.asajacyl.com\/salamanca\/wp-json\/wp\/v2\/comments?post=20315"}],"version-history":[{"count":1,"href":"https:\/\/www.asajacyl.com\/salamanca\/wp-json\/wp\/v2\/posts\/20315\/revisions"}],"predecessor-version":[{"id":20317,"href":"https:\/\/www.asajacyl.com\/salamanca\/wp-json\/wp\/v2\/posts\/20315\/revisions\/20317"}],"wp:featuredmedia":[{"embeddable":true,"href":"https:\/\/www.asajacyl.com\/salamanca\/wp-json\/wp\/v2\/media\/20316"}],"wp:attachment":[{"href":"https:\/\/www.asajacyl.com\/salamanca\/wp-json\/wp\/v2\/media?parent=20315"}],"wp:term":[{"taxonomy":"category","embeddable":true,"href":"https:\/\/www.asajacyl.com\/salamanca\/wp-json\/wp\/v2\/categories?post=20315"},{"taxonomy":"post_tag","embeddable":true,"href":"https:\/\/www.asajacyl.com\/salamanca\/wp-json\/wp\/v2\/tags?post=20315"}],"curies":[{"name":"wp","href":"https:\/\/api.w.org\/{rel}","templated":true}]}}