{"id":20535,"date":"2026-04-27T09:43:28","date_gmt":"2026-04-27T07:43:28","guid":{"rendered":"https:\/\/www.asajacyl.com\/salamanca\/?p=20535"},"modified":"2026-04-27T09:43:30","modified_gmt":"2026-04-27T07:43:30","slug":"asaja-pide-una-planificacion-seria-y-bien-financiada-de-las-ayudas-a-la-retirada-de-cubiertas-de-amianto-tras-varias-convocatorias-insuficientes","status":"publish","type":"post","link":"https:\/\/www.asajacyl.com\/salamanca\/asaja-salamanca-informa\/destacados\/asaja-pide-una-planificacion-seria-y-bien-financiada-de-las-ayudas-a-la-retirada-de-cubiertas-de-amianto-tras-varias-convocatorias-insuficientes","title":{"rendered":"ASAJA pide una planificaci\u00f3n seria y bien financiada de las ayudas a la retirada de cubiertas de amianto, tras varias convocatorias insuficientes"},"content":{"rendered":"\n<p>Estos d\u00edas se conocen las resoluciones de las solicitudes a las ayudas a la retirada y sustituci\u00f3n de cubiertas con amianto de la \u00faltima convocatoria 2026, y todo parece indicar que ser\u00e1n desechadas por falta de presupuesto la mayor\u00eda de las presentadas, entre ellas muchas de agricultores y ganaderos, puesto que la uralita fue un material com\u00fan en las cubiertas de las explotaciones, hasta que se confirm\u00f3 que era da\u00f1ina para la salud y se prohibi\u00f3.<\/p>\n\n\n\n<p>Seg\u00fan la informaci\u00f3n que ha podido recabar ASAJA, al menos dos de cada tres de las solicitudes, cuyo plazo de presentaci\u00f3n termin\u00f3 el 13 de febrero, podr\u00edan quedar una vez m\u00e1s sin apoyo. Se da la circunstancia de que, para poder optar a la ayuda, el peticionario puede tener la inversi\u00f3n hecha previamente, puesto que se admiten las sustituciones de cubierta realizadas desde el 19 de agosto de 2025 hasta el 30 de junio de 2026. Es decir, estos casos quedar\u00e1n sin ayuda y sin posibilidad de pedirla en futuras convocatorias.<\/p>\n\n\n\n<p>Por desgracia, no se trata de un problema puntual, sino recurrente desde que se inici\u00f3 esta l\u00ednea de ayudas, que suma con \u00e9sta ya cinco convocatorias. \u201cEn todas ha habido problemas por falta de presupuesto y de planificaci\u00f3n\u201d, critica ASAJA. En la convocatoria 2026, al igual que en 2025, el presupuesto ha sido de 3 millones de euros, con el que se pueden atender unas 160 solicitudes. ASAJA advierte que, a este ritmo, dif\u00edcilmente podr\u00e1 cumplirse la normativa, que obliga a que este material sea eliminado de los centros de trabajo antes del a\u00f1o 2028.<\/p>\n\n\n\n<p>De hecho, hace unos meses la propia Consejer\u00eda de Industria, Comercio y Empleo, de la que depende el \u00e1rea de Prevenci\u00f3n Laboral, anunciaba que se estaba elaborando un censo de instalaciones y emplazamientos que contienen amianto, con el fin de apoyar a los municipios de menos de 5.000 habitantes en el cumplimiento de la normativa dentro de los plazos establecidos y priorizando por el grado de peligrosidad. ASAJA considera que ser\u00eda importante aportar transparencia sobre este asunto, para conocer los plazos de intervenci\u00f3n y ajustar as\u00ed el esfuerzo de los agricultores y ganaderos con el apoyo por parte de las administraciones, \u201cy no como hasta ahora, que parece que estamos dando palos de ciego, cumplimentando solicitudes y asumiendo toda la inversi\u00f3n en la mayor\u00eda de los casos, cuando parece que de partida ya hab\u00edamos sido excluidos\u201d.<\/p>\n\n\n\n<p><\/p>\n","protected":false},"excerpt":{"rendered":"<p>Estos d\u00edas se conocen las resoluciones de las solicitudes a las ayudas a la retirada y sustituci\u00f3n de cubiertas con amianto de la \u00faltima convocatoria 2026, y todo parece indicar que ser\u00e1n desechadas por falta de presupuesto la mayor\u00eda de las presentadas, entre ellas muchas de agricultores y ganaderos, puesto que la uralita fue un [&hellip;]<\/p>\n","protected":false},"author":10,"featured_media":20536,"comment_status":"open","ping_status":"open","sticky":false,"template":"","format":"standard","meta":{"footnotes":""},"categories":[31,510],"tags":[],"yoast_head":"<!-- This site is optimized with the Yoast SEO plugin v24.5 - https:\/\/yoast.com\/wordpress\/plugins\/seo\/ -->\n<title>ASAJA pide una planificaci\u00f3n seria y bien financiada de las ayudas a la retirada de cubiertas de amianto, tras varias convocatorias insuficientes - ASAJA Salamanca<\/title>\n<meta name=\"description\" content=\"Estos d\u00edas se conocen las resoluciones de las solicitudes a las ayudas a la retirada y sustituci\u00f3n de cubiertas con amianto de la \u00faltima convocatoria\" \/>\n<meta name=\"robots\" content=\"index, follow, max-snippet:-1, max-image-preview:large, max-video-preview:-1\" \/>\n<link rel=\"canonical\" href=\"https:\/\/www.asajacyl.com\/salamanca\/asaja-salamanca-informa\/destacados\/asaja-pide-una-planificacion-seria-y-bien-financiada-de-las-ayudas-a-la-retirada-de-cubiertas-de-amianto-tras-varias-convocatorias-insuficientes\" \/>\n<meta property=\"og:locale\" content=\"es_ES\" \/>\n<meta property=\"og:type\" content=\"article\" \/>\n<meta property=\"og:title\" content=\"ASAJA pide una planificaci\u00f3n seria y bien financiada de las ayudas a la retirada de cubiertas de amianto, tras varias convocatorias insuficientes - ASAJA Salamanca\" \/>\n<meta property=\"og:description\" content=\"Estos d\u00edas se conocen las resoluciones de las solicitudes a las ayudas a la retirada y sustituci\u00f3n de cubiertas con amianto de la \u00faltima convocatoria\" \/>\n<meta property=\"og:url\" content=\"https:\/\/www.asajacyl.com\/salamanca\/asaja-salamanca-informa\/destacados\/asaja-pide-una-planificacion-seria-y-bien-financiada-de-las-ayudas-a-la-retirada-de-cubiertas-de-amianto-tras-varias-convocatorias-insuficientes\" \/>\n<meta property=\"og:site_name\" content=\"ASAJA Salamanca\" \/>\n<meta property=\"article:published_time\" content=\"2026-04-27T07:43:28+00:00\" \/>\n<meta property=\"article:modified_time\" content=\"2026-04-27T07:43:30+00:00\" \/>\n<meta property=\"og:image\" content=\"https:\/\/www.asajacyl.com\/salamanca\/wp-content\/uploads\/sites\/7\/2026\/04\/amianto_portada.jpg\" \/>\n\t<meta property=\"og:image:width\" content=\"950\" \/>\n\t<meta property=\"og:image:height\" content=\"450\" \/>\n\t<meta property=\"og:image:type\" content=\"image\/jpeg\" \/>\n<meta name=\"author\" content=\"Sonia\" \/>\n<meta name=\"twitter:card\" content=\"summary_large_image\" \/>\n<meta name=\"twitter:label1\" content=\"Escrito por\" \/>\n\t<meta name=\"twitter:data1\" content=\"Sonia\" \/>\n\t<meta name=\"twitter:label2\" content=\"Tiempo de lectura\" \/>\n\t<meta name=\"twitter:data2\" content=\"3 minutos\" \/>\n<script type=\"application\/ld+json\" class=\"yoast-schema-graph\">{\"@context\":\"https:\/\/schema.org\",\"@graph\":[{\"@type\":\"WebPage\",\"@id\":\"https:\/\/www.asajacyl.com\/salamanca\/asaja-salamanca-informa\/destacados\/asaja-pide-una-planificacion-seria-y-bien-financiada-de-las-ayudas-a-la-retirada-de-cubiertas-de-amianto-tras-varias-convocatorias-insuficientes\",\"url\":\"https:\/\/www.asajacyl.com\/salamanca\/asaja-salamanca-informa\/destacados\/asaja-pide-una-planificacion-seria-y-bien-financiada-de-las-ayudas-a-la-retirada-de-cubiertas-de-amianto-tras-varias-convocatorias-insuficientes\",\"name\":\"ASAJA pide una planificaci\u00f3n seria y bien financiada de las ayudas a la retirada de cubiertas de amianto, tras varias convocatorias insuficientes - ASAJA Salamanca\",\"isPartOf\":{\"@id\":\"https:\/\/www.asajacyl.com\/salamanca\/#website\"},\"primaryImageOfPage\":{\"@id\":\"https:\/\/www.asajacyl.com\/salamanca\/asaja-salamanca-informa\/destacados\/asaja-pide-una-planificacion-seria-y-bien-financiada-de-las-ayudas-a-la-retirada-de-cubiertas-de-amianto-tras-varias-convocatorias-insuficientes#primaryimage\"},\"image\":{\"@id\":\"https:\/\/www.asajacyl.com\/salamanca\/asaja-salamanca-informa\/destacados\/asaja-pide-una-planificacion-seria-y-bien-financiada-de-las-ayudas-a-la-retirada-de-cubiertas-de-amianto-tras-varias-convocatorias-insuficientes#primaryimage\"},\"thumbnailUrl\":\"https:\/\/www.asajacyl.com\/salamanca\/wp-content\/uploads\/sites\/7\/2026\/04\/amianto_portada.jpg\",\"datePublished\":\"2026-04-27T07:43:28+00:00\",\"dateModified\":\"2026-04-27T07:43:30+00:00\",\"author\":{\"@id\":\"https:\/\/www.asajacyl.com\/salamanca\/#\/schema\/person\/2bfc7da09988e1087e6291fafe99b67f\"},\"description\":\"Estos d\u00edas se conocen las resoluciones de las solicitudes a las ayudas a la retirada y sustituci\u00f3n de cubiertas con amianto de la \u00faltima convocatoria\",\"breadcrumb\":{\"@id\":\"https:\/\/www.asajacyl.com\/salamanca\/asaja-salamanca-informa\/destacados\/asaja-pide-una-planificacion-seria-y-bien-financiada-de-las-ayudas-a-la-retirada-de-cubiertas-de-amianto-tras-varias-convocatorias-insuficientes#breadcrumb\"},\"inLanguage\":\"es\",\"potentialAction\":[{\"@type\":\"ReadAction\",\"target\":[\"https:\/\/www.asajacyl.com\/salamanca\/asaja-salamanca-informa\/destacados\/asaja-pide-una-planificacion-seria-y-bien-financiada-de-las-ayudas-a-la-retirada-de-cubiertas-de-amianto-tras-varias-convocatorias-insuficientes\"]}]},{\"@type\":\"ImageObject\",\"inLanguage\":\"es\",\"@id\":\"https:\/\/www.asajacyl.com\/salamanca\/asaja-salamanca-informa\/destacados\/asaja-pide-una-planificacion-seria-y-bien-financiada-de-las-ayudas-a-la-retirada-de-cubiertas-de-amianto-tras-varias-convocatorias-insuficientes#primaryimage\",\"url\":\"https:\/\/www.asajacyl.com\/salamanca\/wp-content\/uploads\/sites\/7\/2026\/04\/amianto_portada.jpg\",\"contentUrl\":\"https:\/\/www.asajacyl.com\/salamanca\/wp-content\/uploads\/sites\/7\/2026\/04\/amianto_portada.jpg\",\"width\":950,\"height\":450},{\"@type\":\"BreadcrumbList\",\"@id\":\"https:\/\/www.asajacyl.com\/salamanca\/asaja-salamanca-informa\/destacados\/asaja-pide-una-planificacion-seria-y-bien-financiada-de-las-ayudas-a-la-retirada-de-cubiertas-de-amianto-tras-varias-convocatorias-insuficientes#breadcrumb\",\"itemListElement\":[{\"@type\":\"ListItem\",\"position\":1,\"name\":\"Portada\",\"item\":\"https:\/\/www.asajacyl.com\/salamanca\/\"},{\"@type\":\"ListItem\",\"position\":2,\"name\":\"ASAJA pide una planificaci\u00f3n seria y bien financiada de las ayudas a la retirada de cubiertas de amianto, tras varias convocatorias insuficientes\"}]},{\"@type\":\"WebSite\",\"@id\":\"https:\/\/www.asajacyl.com\/salamanca\/#website\",\"url\":\"https:\/\/www.asajacyl.com\/salamanca\/\",\"name\":\"ASAJA Salamanca\",\"description\":\"Otro sitio m\u00e1s de Provincias ASAJA Castilla y Le\u00f3n\",\"potentialAction\":[{\"@type\":\"SearchAction\",\"target\":{\"@type\":\"EntryPoint\",\"urlTemplate\":\"https:\/\/www.asajacyl.com\/salamanca\/?s={search_term_string}\"},\"query-input\":{\"@type\":\"PropertyValueSpecification\",\"valueRequired\":true,\"valueName\":\"search_term_string\"}}],\"inLanguage\":\"es\"},{\"@type\":\"Person\",\"@id\":\"https:\/\/www.asajacyl.com\/salamanca\/#\/schema\/person\/2bfc7da09988e1087e6291fafe99b67f\",\"name\":\"Sonia\",\"image\":{\"@type\":\"ImageObject\",\"inLanguage\":\"es\",\"@id\":\"https:\/\/www.asajacyl.com\/salamanca\/#\/schema\/person\/image\/\",\"url\":\"https:\/\/secure.gravatar.com\/avatar\/6b0d6eb461a1e3687cc023d59022ef0d?s=96&d=mm&r=g\",\"contentUrl\":\"https:\/\/secure.gravatar.com\/avatar\/6b0d6eb461a1e3687cc023d59022ef0d?s=96&d=mm&r=g\",\"caption\":\"Sonia\"},\"url\":\"https:\/\/www.asajacyl.com\/salamanca\/author\/juanluisde\"}]}<\/script>\n<!-- \/ Yoast SEO plugin. -->","yoast_head_json":{"title":"ASAJA pide una planificaci\u00f3n seria y bien financiada de las ayudas a la retirada de cubiertas de amianto, tras varias convocatorias insuficientes - ASAJA Salamanca","description":"Estos d\u00edas se conocen las resoluciones de las solicitudes a las ayudas a la retirada y sustituci\u00f3n de cubiertas con amianto de la \u00faltima convocatoria","robots":{"index":"index","follow":"follow","max-snippet":"max-snippet:-1","max-image-preview":"max-image-preview:large","max-video-preview":"max-video-preview:-1"},"canonical":"https:\/\/www.asajacyl.com\/salamanca\/asaja-salamanca-informa\/destacados\/asaja-pide-una-planificacion-seria-y-bien-financiada-de-las-ayudas-a-la-retirada-de-cubiertas-de-amianto-tras-varias-convocatorias-insuficientes","og_locale":"es_ES","og_type":"article","og_title":"ASAJA pide una planificaci\u00f3n seria y bien financiada de las ayudas a la retirada de cubiertas de amianto, tras varias convocatorias insuficientes - ASAJA Salamanca","og_description":"Estos d\u00edas se conocen las resoluciones de las solicitudes a las ayudas a la retirada y sustituci\u00f3n de cubiertas con amianto de la \u00faltima convocatoria","og_url":"https:\/\/www.asajacyl.com\/salamanca\/asaja-salamanca-informa\/destacados\/asaja-pide-una-planificacion-seria-y-bien-financiada-de-las-ayudas-a-la-retirada-de-cubiertas-de-amianto-tras-varias-convocatorias-insuficientes","og_site_name":"ASAJA Salamanca","article_published_time":"2026-04-27T07:43:28+00:00","article_modified_time":"2026-04-27T07:43:30+00:00","og_image":[{"width":950,"height":450,"url":"https:\/\/www.asajacyl.com\/salamanca\/wp-content\/uploads\/sites\/7\/2026\/04\/amianto_portada.jpg","type":"image\/jpeg"}],"author":"Sonia","twitter_card":"summary_large_image","twitter_misc":{"Escrito por":"Sonia","Tiempo de lectura":"3 minutos"},"schema":{"@context":"https:\/\/schema.org","@graph":[{"@type":"WebPage","@id":"https:\/\/www.asajacyl.com\/salamanca\/asaja-salamanca-informa\/destacados\/asaja-pide-una-planificacion-seria-y-bien-financiada-de-las-ayudas-a-la-retirada-de-cubiertas-de-amianto-tras-varias-convocatorias-insuficientes","url":"https:\/\/www.asajacyl.com\/salamanca\/asaja-salamanca-informa\/destacados\/asaja-pide-una-planificacion-seria-y-bien-financiada-de-las-ayudas-a-la-retirada-de-cubiertas-de-amianto-tras-varias-convocatorias-insuficientes","name":"ASAJA pide una planificaci\u00f3n seria y bien financiada de las ayudas a la retirada de cubiertas de amianto, tras varias convocatorias insuficientes - ASAJA Salamanca","isPartOf":{"@id":"https:\/\/www.asajacyl.com\/salamanca\/#website"},"primaryImageOfPage":{"@id":"https:\/\/www.asajacyl.com\/salamanca\/asaja-salamanca-informa\/destacados\/asaja-pide-una-planificacion-seria-y-bien-financiada-de-las-ayudas-a-la-retirada-de-cubiertas-de-amianto-tras-varias-convocatorias-insuficientes#primaryimage"},"image":{"@id":"https:\/\/www.asajacyl.com\/salamanca\/asaja-salamanca-informa\/destacados\/asaja-pide-una-planificacion-seria-y-bien-financiada-de-las-ayudas-a-la-retirada-de-cubiertas-de-amianto-tras-varias-convocatorias-insuficientes#primaryimage"},"thumbnailUrl":"https:\/\/www.asajacyl.com\/salamanca\/wp-content\/uploads\/sites\/7\/2026\/04\/amianto_portada.jpg","datePublished":"2026-04-27T07:43:28+00:00","dateModified":"2026-04-27T07:43:30+00:00","author":{"@id":"https:\/\/www.asajacyl.com\/salamanca\/#\/schema\/person\/2bfc7da09988e1087e6291fafe99b67f"},"description":"Estos d\u00edas se conocen las resoluciones de las solicitudes a las ayudas a la retirada y sustituci\u00f3n de cubiertas con amianto de la \u00faltima convocatoria","breadcrumb":{"@id":"https:\/\/www.asajacyl.com\/salamanca\/asaja-salamanca-informa\/destacados\/asaja-pide-una-planificacion-seria-y-bien-financiada-de-las-ayudas-a-la-retirada-de-cubiertas-de-amianto-tras-varias-convocatorias-insuficientes#breadcrumb"},"inLanguage":"es","potentialAction":[{"@type":"ReadAction","target":["https:\/\/www.asajacyl.com\/salamanca\/asaja-salamanca-informa\/destacados\/asaja-pide-una-planificacion-seria-y-bien-financiada-de-las-ayudas-a-la-retirada-de-cubiertas-de-amianto-tras-varias-convocatorias-insuficientes"]}]},{"@type":"ImageObject","inLanguage":"es","@id":"https:\/\/www.asajacyl.com\/salamanca\/asaja-salamanca-informa\/destacados\/asaja-pide-una-planificacion-seria-y-bien-financiada-de-las-ayudas-a-la-retirada-de-cubiertas-de-amianto-tras-varias-convocatorias-insuficientes#primaryimage","url":"https:\/\/www.asajacyl.com\/salamanca\/wp-content\/uploads\/sites\/7\/2026\/04\/amianto_portada.jpg","contentUrl":"https:\/\/www.asajacyl.com\/salamanca\/wp-content\/uploads\/sites\/7\/2026\/04\/amianto_portada.jpg","width":950,"height":450},{"@type":"BreadcrumbList","@id":"https:\/\/www.asajacyl.com\/salamanca\/asaja-salamanca-informa\/destacados\/asaja-pide-una-planificacion-seria-y-bien-financiada-de-las-ayudas-a-la-retirada-de-cubiertas-de-amianto-tras-varias-convocatorias-insuficientes#breadcrumb","itemListElement":[{"@type":"ListItem","position":1,"name":"Portada","item":"https:\/\/www.asajacyl.com\/salamanca\/"},{"@type":"ListItem","position":2,"name":"ASAJA pide una planificaci\u00f3n seria y bien financiada de las ayudas a la retirada de cubiertas de amianto, tras varias convocatorias insuficientes"}]},{"@type":"WebSite","@id":"https:\/\/www.asajacyl.com\/salamanca\/#website","url":"https:\/\/www.asajacyl.com\/salamanca\/","name":"ASAJA Salamanca","description":"Otro sitio m\u00e1s de Provincias ASAJA Castilla y Le\u00f3n","potentialAction":[{"@type":"SearchAction","target":{"@type":"EntryPoint","urlTemplate":"https:\/\/www.asajacyl.com\/salamanca\/?s={search_term_string}"},"query-input":{"@type":"PropertyValueSpecification","valueRequired":true,"valueName":"search_term_string"}}],"inLanguage":"es"},{"@type":"Person","@id":"https:\/\/www.asajacyl.com\/salamanca\/#\/schema\/person\/2bfc7da09988e1087e6291fafe99b67f","name":"Sonia","image":{"@type":"ImageObject","inLanguage":"es","@id":"https:\/\/www.asajacyl.com\/salamanca\/#\/schema\/person\/image\/","url":"https:\/\/secure.gravatar.com\/avatar\/6b0d6eb461a1e3687cc023d59022ef0d?s=96&d=mm&r=g","contentUrl":"https:\/\/secure.gravatar.com\/avatar\/6b0d6eb461a1e3687cc023d59022ef0d?s=96&d=mm&r=g","caption":"Sonia"},"url":"https:\/\/www.asajacyl.com\/salamanca\/author\/juanluisde"}]}},"_links":{"self":[{"href":"https:\/\/www.asajacyl.com\/salamanca\/wp-json\/wp\/v2\/posts\/20535"}],"collection":[{"href":"https:\/\/www.asajacyl.com\/salamanca\/wp-json\/wp\/v2\/posts"}],"about":[{"href":"https:\/\/www.asajacyl.com\/salamanca\/wp-json\/wp\/v2\/types\/post"}],"author":[{"embeddable":true,"href":"https:\/\/www.asajacyl.com\/salamanca\/wp-json\/wp\/v2\/users\/10"}],"replies":[{"embeddable":true,"href":"https:\/\/www.asajacyl.com\/salamanca\/wp-json\/wp\/v2\/comments?post=20535"}],"version-history":[{"count":1,"href":"https:\/\/www.asajacyl.com\/salamanca\/wp-json\/wp\/v2\/posts\/20535\/revisions"}],"predecessor-version":[{"id":20537,"href":"https:\/\/www.asajacyl.com\/salamanca\/wp-json\/wp\/v2\/posts\/20535\/revisions\/20537"}],"wp:featuredmedia":[{"embeddable":true,"href":"https:\/\/www.asajacyl.com\/salamanca\/wp-json\/wp\/v2\/media\/20536"}],"wp:attachment":[{"href":"https:\/\/www.asajacyl.com\/salamanca\/wp-json\/wp\/v2\/media?parent=20535"}],"wp:term":[{"taxonomy":"category","embeddable":true,"href":"https:\/\/www.asajacyl.com\/salamanca\/wp-json\/wp\/v2\/categories?post=20535"},{"taxonomy":"post_tag","embeddable":true,"href":"https:\/\/www.asajacyl.com\/salamanca\/wp-json\/wp\/v2\/tags?post=20535"}],"curies":[{"name":"wp","href":"https:\/\/api.w.org\/{rel}","templated":true}]}}