{"id":3550,"date":"2017-09-18T00:00:00","date_gmt":"2017-09-18T00:00:00","guid":{"rendered":"http:\/\/www.asajacyl.com\/salamanca\/sin-categoria\/asaja-defender-al-sector-patatero-ante-las-amenazas-exteriores-y-evitar-que-la-crisis-del-campo-se-acreciente"},"modified":"2018-08-09T09:37:48","modified_gmt":"2018-08-09T09:37:48","slug":"asaja-defender-al-sector-patatero-ante-las-amenazas-exteriores-y-evitar-que-la-crisis-del-campo-se-acreciente","status":"publish","type":"post","link":"https:\/\/www.asajacyl.com\/salamanca\/asaja-salamanca-informa\/asaja-defender-al-sector-patatero-ante-las-amenazas-exteriores-y-evitar-que-la-crisis-del-campo-se-acreciente","title":{"rendered":"ASAJA defender\u00e1 al sector patatero ante las amenazas exteriores y evitar que la crisis del campo se acreciente"},"content":{"rendered":"<h2>La opa crear\u00e1 una mesa de trabajo en pro del cultivo e impulso de su consumo as\u00ed como de la mesa de cotizaciones en la Lonja<\/h2>\n<p>Ante la situaci\u00f3n de inestabilidad del sector patatero de la provincia salmantina, la organizaci\u00f3n agraria ASAJA Salamanca no se quedar\u00e1 como mero espectador de los acontecimientos y tiene previsto organizar una mesa de trabajo para debatir sobre los problemas por los que atraviesa el sector con los productores y establecer una serie de medidas de actuaci\u00f3n. Adem\u00e1s, de fomentar que se constituya en la Lonja de Salamanca la mesa de patata para fijar los precios de las variedades y con la proposici\u00f3n a la Diputaci\u00f3n de alternativas para ocupar el vac\u00edo que deja el sector comprador. El objetivo no es otro que el hecho de evitar que los agricultores sufran una p\u00e9sima campa\u00f1a como ya la han padecido el resto de profesionales este a\u00f1o y la brecha y crisis del campo no se propague.<\/p>\n<p>La organizaci\u00f3n recomienda a los patateros, que ya barajan precios baj\u00edsimos en torno a 4 y 8 c\u00e9ntimos el kilo seg\u00fan las variedades, que no se adelanten al arranque, previsto antes de las primeras heladas, hacia noviembre, aproximadamente. En la actualidad, queda a\u00fan m\u00e1s del 60% por cosechar y, a pesar de que haya mucha patata contratada para industria, se trata de variedades rojas que no pesan en el mercado y que no debe presionar al campo en oferta y demanda. Cabe recordar, que aunque la patata salmantina y castellana tenga una peor presencia f\u00edsica pues no conlleva tratamientos de lavado -lo que perjudica al tub\u00e9rculo-, se trata de un producto de mejor calidad y sabor que la extranjera.<\/p>\n<p>Los bajos precios estimados ser\u00edan fruto de la indefensi\u00f3n que sufre el agricultor en la provincia y Castilla y Le\u00f3n debido en parte a la falta de la interprofesional. Por ello, esta organizaci\u00f3n salmantina no se quedar\u00e1 expectante y continuar\u00e1 en defensa del sector y recuerda que esta opa, en \u00e1mbito regional, present\u00f3 la superficie a la que se hab\u00eda comprometido.<\/p>\n<p>Castilla y Le\u00f3n, principal comunidad aut\u00f3noma productora de Espa\u00f1a, con alrededor del 30% de la superficie y un 40% de la producci\u00f3n nacional, inici\u00f3 hace un a\u00f1o un proceso para lograr constituir su Interprofesional. En la Regi\u00f3n, hay alrededor de 20.000 hect\u00e1reas sembradas y era preciso acreditar algo m\u00e1s de 10.000 hect\u00e1reas. Las opas se reunieron el a\u00f1o pasado y constataron que las 5.000 hect\u00e1reas inscritas eran escasas. El 1 de febrero se volvieron a reunir en Carpio y se lleg\u00f3 al compromiso de que de todas las partes: industria, cooperativas y las tres organizaciones, deb\u00edan lograr m\u00e1s adhesiones aprovechando la coincidencia con el periodo de tramitaci\u00f3n de la PAC: si cada parte aportaba a mayores otras mil hect\u00e1reas, se lograr\u00edan las 10.000 hect\u00e1reas necesarias. As\u00ed lo ha hecho ASAJA y ya desde el pasado 17 de mayo se entreg\u00f3 a la Direcci\u00f3n de Industrias Agrarias una nueva remesa con otras 1.200 hect\u00e1reas de patata, siendo la \u00fanica opa que ha cumplido el compromiso.<\/p>\n","protected":false},"excerpt":{"rendered":"<p>La opa crear&#225; una mesa de trabajo en pro del cultivo e impulso de su consumo as&#237; como de la mesa de cotizaciones en la Lonja<\/p>\n","protected":false},"author":3,"featured_media":507,"comment_status":"closed","ping_status":"closed","sticky":false,"template":"","format":"standard","meta":{"footnotes":""},"categories":[10,28],"tags":[],"yoast_head":"<!-- This site is optimized with the Yoast SEO plugin v24.5 - https:\/\/yoast.com\/wordpress\/plugins\/seo\/ -->\n<title>ASAJA defender\u00e1 al sector patatero ante las amenazas exteriores y evitar que la crisis del campo se acreciente<\/title>\n<meta name=\"description\" content=\"La opa crear\u00e1 una mesa de trabajo en pro del cultivo e impulso de su consumo as\u00ed como de la mesa de cotizaciones en la Lonja\" \/>\n<meta name=\"robots\" content=\"index, follow, max-snippet:-1, max-image-preview:large, max-video-preview:-1\" \/>\n<link rel=\"canonical\" href=\"https:\/\/www.asajacyl.com\/salamanca\/asaja-salamanca-informa\/asaja-defender-al-sector-patatero-ante-las-amenazas-exteriores-y-evitar-que-la-crisis-del-campo-se-acreciente\" \/>\n<meta property=\"og:locale\" content=\"es_ES\" \/>\n<meta property=\"og:type\" content=\"article\" \/>\n<meta property=\"og:title\" content=\"ASAJA defender\u00e1 al sector patatero ante las amenazas exteriores y evitar que la crisis del campo se acreciente\" \/>\n<meta property=\"og:description\" content=\"La opa crear\u00e1 una mesa de trabajo en pro del cultivo e impulso de su consumo as\u00ed como de la mesa de cotizaciones en la Lonja\" \/>\n<meta property=\"og:url\" content=\"https:\/\/www.asajacyl.com\/salamanca\/asaja-salamanca-informa\/asaja-defender-al-sector-patatero-ante-las-amenazas-exteriores-y-evitar-que-la-crisis-del-campo-se-acreciente\" \/>\n<meta property=\"og:site_name\" content=\"ASAJA Salamanca\" \/>\n<meta property=\"article:published_time\" content=\"2017-09-18T00:00:00+00:00\" \/>\n<meta property=\"article:modified_time\" content=\"2018-08-09T09:37:48+00:00\" \/>\n<meta property=\"og:image\" content=\"https:\/\/www.asajacyl.com\/salamanca\/wp-content\/uploads\/sites\/7\/2017\/11\/DSC00714-1024x768.jpg\" \/>\n\t<meta property=\"og:image:width\" content=\"1024\" \/>\n\t<meta property=\"og:image:height\" content=\"768\" \/>\n\t<meta property=\"og:image:type\" content=\"image\/jpeg\" \/>\n<meta name=\"author\" content=\"Editor\" \/>\n<meta name=\"twitter:card\" content=\"summary_large_image\" \/>\n<meta name=\"twitter:label1\" content=\"Escrito por\" \/>\n\t<meta name=\"twitter:data1\" content=\"Editor\" \/>\n\t<meta name=\"twitter:label2\" content=\"Tiempo de lectura\" \/>\n\t<meta name=\"twitter:data2\" content=\"3 minutos\" \/>\n<script type=\"application\/ld+json\" class=\"yoast-schema-graph\">{\"@context\":\"https:\/\/schema.org\",\"@graph\":[{\"@type\":\"WebPage\",\"@id\":\"https:\/\/www.asajacyl.com\/salamanca\/asaja-salamanca-informa\/asaja-defender-al-sector-patatero-ante-las-amenazas-exteriores-y-evitar-que-la-crisis-del-campo-se-acreciente\",\"url\":\"https:\/\/www.asajacyl.com\/salamanca\/asaja-salamanca-informa\/asaja-defender-al-sector-patatero-ante-las-amenazas-exteriores-y-evitar-que-la-crisis-del-campo-se-acreciente\",\"name\":\"ASAJA defender\u00e1 al sector patatero ante las amenazas exteriores y evitar que la crisis del campo se acreciente\",\"isPartOf\":{\"@id\":\"https:\/\/www.asajacyl.com\/salamanca\/#website\"},\"primaryImageOfPage\":{\"@id\":\"https:\/\/www.asajacyl.com\/salamanca\/asaja-salamanca-informa\/asaja-defender-al-sector-patatero-ante-las-amenazas-exteriores-y-evitar-que-la-crisis-del-campo-se-acreciente#primaryimage\"},\"image\":{\"@id\":\"https:\/\/www.asajacyl.com\/salamanca\/asaja-salamanca-informa\/asaja-defender-al-sector-patatero-ante-las-amenazas-exteriores-y-evitar-que-la-crisis-del-campo-se-acreciente#primaryimage\"},\"thumbnailUrl\":\"https:\/\/www.asajacyl.com\/salamanca\/wp-content\/uploads\/sites\/7\/2017\/11\/DSC00714.jpg\",\"datePublished\":\"2017-09-18T00:00:00+00:00\",\"dateModified\":\"2018-08-09T09:37:48+00:00\",\"author\":{\"@id\":\"https:\/\/www.asajacyl.com\/salamanca\/#\/schema\/person\/7e884476cee132331142e8ac9689f20c\"},\"description\":\"La opa crear\u00e1 una mesa de trabajo en pro del cultivo e impulso de su consumo as\u00ed como de la mesa de cotizaciones en la Lonja\",\"breadcrumb\":{\"@id\":\"https:\/\/www.asajacyl.com\/salamanca\/asaja-salamanca-informa\/asaja-defender-al-sector-patatero-ante-las-amenazas-exteriores-y-evitar-que-la-crisis-del-campo-se-acreciente#breadcrumb\"},\"inLanguage\":\"es\",\"potentialAction\":[{\"@type\":\"ReadAction\",\"target\":[\"https:\/\/www.asajacyl.com\/salamanca\/asaja-salamanca-informa\/asaja-defender-al-sector-patatero-ante-las-amenazas-exteriores-y-evitar-que-la-crisis-del-campo-se-acreciente\"]}]},{\"@type\":\"ImageObject\",\"inLanguage\":\"es\",\"@id\":\"https:\/\/www.asajacyl.com\/salamanca\/asaja-salamanca-informa\/asaja-defender-al-sector-patatero-ante-las-amenazas-exteriores-y-evitar-que-la-crisis-del-campo-se-acreciente#primaryimage\",\"url\":\"https:\/\/www.asajacyl.com\/salamanca\/wp-content\/uploads\/sites\/7\/2017\/11\/DSC00714.jpg\",\"contentUrl\":\"https:\/\/www.asajacyl.com\/salamanca\/wp-content\/uploads\/sites\/7\/2017\/11\/DSC00714.jpg\",\"width\":5184,\"height\":3888},{\"@type\":\"BreadcrumbList\",\"@id\":\"https:\/\/www.asajacyl.com\/salamanca\/asaja-salamanca-informa\/asaja-defender-al-sector-patatero-ante-las-amenazas-exteriores-y-evitar-que-la-crisis-del-campo-se-acreciente#breadcrumb\",\"itemListElement\":[{\"@type\":\"ListItem\",\"position\":1,\"name\":\"Portada\",\"item\":\"https:\/\/www.asajacyl.com\/salamanca\/\"},{\"@type\":\"ListItem\",\"position\":2,\"name\":\"ASAJA defender\u00e1 al sector patatero ante las amenazas exteriores y evitar que la crisis del campo se acreciente\"}]},{\"@type\":\"WebSite\",\"@id\":\"https:\/\/www.asajacyl.com\/salamanca\/#website\",\"url\":\"https:\/\/www.asajacyl.com\/salamanca\/\",\"name\":\"ASAJA Salamanca\",\"description\":\"Otro sitio m\u00e1s de Provincias ASAJA Castilla y Le\u00f3n\",\"potentialAction\":[{\"@type\":\"SearchAction\",\"target\":{\"@type\":\"EntryPoint\",\"urlTemplate\":\"https:\/\/www.asajacyl.com\/salamanca\/?s={search_term_string}\"},\"query-input\":{\"@type\":\"PropertyValueSpecification\",\"valueRequired\":true,\"valueName\":\"search_term_string\"}}],\"inLanguage\":\"es\"},{\"@type\":\"Person\",\"@id\":\"https:\/\/www.asajacyl.com\/salamanca\/#\/schema\/person\/7e884476cee132331142e8ac9689f20c\",\"name\":\"Editor\",\"image\":{\"@type\":\"ImageObject\",\"inLanguage\":\"es\",\"@id\":\"https:\/\/www.asajacyl.com\/salamanca\/#\/schema\/person\/image\/\",\"url\":\"https:\/\/secure.gravatar.com\/avatar\/a2ef43c165669686cfcfb0e1ffa59869?s=96&d=mm&r=g\",\"contentUrl\":\"https:\/\/secure.gravatar.com\/avatar\/a2ef43c165669686cfcfb0e1ffa59869?s=96&d=mm&r=g\",\"caption\":\"Editor\"},\"url\":\"https:\/\/www.asajacyl.com\/salamanca\/author\/oscargg\"}]}<\/script>\n<!-- \/ Yoast SEO plugin. -->","yoast_head_json":{"title":"ASAJA defender\u00e1 al sector patatero ante las amenazas exteriores y evitar que la crisis del campo se acreciente","description":"La opa crear\u00e1 una mesa de trabajo en pro del cultivo e impulso de su consumo as\u00ed como de la mesa de cotizaciones en la Lonja","robots":{"index":"index","follow":"follow","max-snippet":"max-snippet:-1","max-image-preview":"max-image-preview:large","max-video-preview":"max-video-preview:-1"},"canonical":"https:\/\/www.asajacyl.com\/salamanca\/asaja-salamanca-informa\/asaja-defender-al-sector-patatero-ante-las-amenazas-exteriores-y-evitar-que-la-crisis-del-campo-se-acreciente","og_locale":"es_ES","og_type":"article","og_title":"ASAJA defender\u00e1 al sector patatero ante las amenazas exteriores y evitar que la crisis del campo se acreciente","og_description":"La opa crear\u00e1 una mesa de trabajo en pro del cultivo e impulso de su consumo as\u00ed como de la mesa de cotizaciones en la Lonja","og_url":"https:\/\/www.asajacyl.com\/salamanca\/asaja-salamanca-informa\/asaja-defender-al-sector-patatero-ante-las-amenazas-exteriores-y-evitar-que-la-crisis-del-campo-se-acreciente","og_site_name":"ASAJA Salamanca","article_published_time":"2017-09-18T00:00:00+00:00","article_modified_time":"2018-08-09T09:37:48+00:00","og_image":[{"width":1024,"height":768,"url":"https:\/\/www.asajacyl.com\/salamanca\/wp-content\/uploads\/sites\/7\/2017\/11\/DSC00714-1024x768.jpg","type":"image\/jpeg"}],"author":"Editor","twitter_card":"summary_large_image","twitter_misc":{"Escrito por":"Editor","Tiempo de lectura":"3 minutos"},"schema":{"@context":"https:\/\/schema.org","@graph":[{"@type":"WebPage","@id":"https:\/\/www.asajacyl.com\/salamanca\/asaja-salamanca-informa\/asaja-defender-al-sector-patatero-ante-las-amenazas-exteriores-y-evitar-que-la-crisis-del-campo-se-acreciente","url":"https:\/\/www.asajacyl.com\/salamanca\/asaja-salamanca-informa\/asaja-defender-al-sector-patatero-ante-las-amenazas-exteriores-y-evitar-que-la-crisis-del-campo-se-acreciente","name":"ASAJA defender\u00e1 al sector patatero ante las amenazas exteriores y evitar que la crisis del campo se acreciente","isPartOf":{"@id":"https:\/\/www.asajacyl.com\/salamanca\/#website"},"primaryImageOfPage":{"@id":"https:\/\/www.asajacyl.com\/salamanca\/asaja-salamanca-informa\/asaja-defender-al-sector-patatero-ante-las-amenazas-exteriores-y-evitar-que-la-crisis-del-campo-se-acreciente#primaryimage"},"image":{"@id":"https:\/\/www.asajacyl.com\/salamanca\/asaja-salamanca-informa\/asaja-defender-al-sector-patatero-ante-las-amenazas-exteriores-y-evitar-que-la-crisis-del-campo-se-acreciente#primaryimage"},"thumbnailUrl":"https:\/\/www.asajacyl.com\/salamanca\/wp-content\/uploads\/sites\/7\/2017\/11\/DSC00714.jpg","datePublished":"2017-09-18T00:00:00+00:00","dateModified":"2018-08-09T09:37:48+00:00","author":{"@id":"https:\/\/www.asajacyl.com\/salamanca\/#\/schema\/person\/7e884476cee132331142e8ac9689f20c"},"description":"La opa crear\u00e1 una mesa de trabajo en pro del cultivo e impulso de su consumo as\u00ed como de la mesa de cotizaciones en la Lonja","breadcrumb":{"@id":"https:\/\/www.asajacyl.com\/salamanca\/asaja-salamanca-informa\/asaja-defender-al-sector-patatero-ante-las-amenazas-exteriores-y-evitar-que-la-crisis-del-campo-se-acreciente#breadcrumb"},"inLanguage":"es","potentialAction":[{"@type":"ReadAction","target":["https:\/\/www.asajacyl.com\/salamanca\/asaja-salamanca-informa\/asaja-defender-al-sector-patatero-ante-las-amenazas-exteriores-y-evitar-que-la-crisis-del-campo-se-acreciente"]}]},{"@type":"ImageObject","inLanguage":"es","@id":"https:\/\/www.asajacyl.com\/salamanca\/asaja-salamanca-informa\/asaja-defender-al-sector-patatero-ante-las-amenazas-exteriores-y-evitar-que-la-crisis-del-campo-se-acreciente#primaryimage","url":"https:\/\/www.asajacyl.com\/salamanca\/wp-content\/uploads\/sites\/7\/2017\/11\/DSC00714.jpg","contentUrl":"https:\/\/www.asajacyl.com\/salamanca\/wp-content\/uploads\/sites\/7\/2017\/11\/DSC00714.jpg","width":5184,"height":3888},{"@type":"BreadcrumbList","@id":"https:\/\/www.asajacyl.com\/salamanca\/asaja-salamanca-informa\/asaja-defender-al-sector-patatero-ante-las-amenazas-exteriores-y-evitar-que-la-crisis-del-campo-se-acreciente#breadcrumb","itemListElement":[{"@type":"ListItem","position":1,"name":"Portada","item":"https:\/\/www.asajacyl.com\/salamanca\/"},{"@type":"ListItem","position":2,"name":"ASAJA defender\u00e1 al sector patatero ante las amenazas exteriores y evitar que la crisis del campo se acreciente"}]},{"@type":"WebSite","@id":"https:\/\/www.asajacyl.com\/salamanca\/#website","url":"https:\/\/www.asajacyl.com\/salamanca\/","name":"ASAJA Salamanca","description":"Otro sitio m\u00e1s de Provincias ASAJA Castilla y Le\u00f3n","potentialAction":[{"@type":"SearchAction","target":{"@type":"EntryPoint","urlTemplate":"https:\/\/www.asajacyl.com\/salamanca\/?s={search_term_string}"},"query-input":{"@type":"PropertyValueSpecification","valueRequired":true,"valueName":"search_term_string"}}],"inLanguage":"es"},{"@type":"Person","@id":"https:\/\/www.asajacyl.com\/salamanca\/#\/schema\/person\/7e884476cee132331142e8ac9689f20c","name":"Editor","image":{"@type":"ImageObject","inLanguage":"es","@id":"https:\/\/www.asajacyl.com\/salamanca\/#\/schema\/person\/image\/","url":"https:\/\/secure.gravatar.com\/avatar\/a2ef43c165669686cfcfb0e1ffa59869?s=96&d=mm&r=g","contentUrl":"https:\/\/secure.gravatar.com\/avatar\/a2ef43c165669686cfcfb0e1ffa59869?s=96&d=mm&r=g","caption":"Editor"},"url":"https:\/\/www.asajacyl.com\/salamanca\/author\/oscargg"}]}},"_links":{"self":[{"href":"https:\/\/www.asajacyl.com\/salamanca\/wp-json\/wp\/v2\/posts\/3550"}],"collection":[{"href":"https:\/\/www.asajacyl.com\/salamanca\/wp-json\/wp\/v2\/posts"}],"about":[{"href":"https:\/\/www.asajacyl.com\/salamanca\/wp-json\/wp\/v2\/types\/post"}],"author":[{"embeddable":true,"href":"https:\/\/www.asajacyl.com\/salamanca\/wp-json\/wp\/v2\/users\/3"}],"replies":[{"embeddable":true,"href":"https:\/\/www.asajacyl.com\/salamanca\/wp-json\/wp\/v2\/comments?post=3550"}],"version-history":[{"count":1,"href":"https:\/\/www.asajacyl.com\/salamanca\/wp-json\/wp\/v2\/posts\/3550\/revisions"}],"predecessor-version":[{"id":5970,"href":"https:\/\/www.asajacyl.com\/salamanca\/wp-json\/wp\/v2\/posts\/3550\/revisions\/5970"}],"wp:featuredmedia":[{"embeddable":true,"href":"https:\/\/www.asajacyl.com\/salamanca\/wp-json\/wp\/v2\/media\/507"}],"wp:attachment":[{"href":"https:\/\/www.asajacyl.com\/salamanca\/wp-json\/wp\/v2\/media?parent=3550"}],"wp:term":[{"taxonomy":"category","embeddable":true,"href":"https:\/\/www.asajacyl.com\/salamanca\/wp-json\/wp\/v2\/categories?post=3550"},{"taxonomy":"post_tag","embeddable":true,"href":"https:\/\/www.asajacyl.com\/salamanca\/wp-json\/wp\/v2\/tags?post=3550"}],"curies":[{"name":"wp","href":"https:\/\/api.w.org\/{rel}","templated":true}]}}