{"id":462,"date":"2017-11-07T00:00:00","date_gmt":"2017-11-07T00:00:00","guid":{"rendered":"https:\/\/www.asajacyl.com\/salamanca\/sin-categoria\/asaja-denuncia-la-prctica-engaosa-y-reiterada-de-la-distribucin-de-patata-importada-como-espaola-en-supermercados"},"modified":"2017-11-30T08:51:06","modified_gmt":"2017-11-30T08:51:06","slug":"asaja-denuncia-la-prctica-engaosa-y-reiterada-de-la-distribucin-de-patata-importada-como-espaola-en-supermercados","status":"publish","type":"post","link":"https:\/\/www.asajacyl.com\/salamanca\/asaja-salamanca-informa\/asaja-denuncia-la-prctica-engaosa-y-reiterada-de-la-distribucin-de-patata-importada-como-espaola-en-supermercados","title":{"rendered":"ASAJA denuncia la pr\u00e1ctica \u00abenga\u00f1osa y reiterada\u00bb de la distribuci\u00f3n de patata importada como espa\u00f1ola en supermercados"},"content":{"rendered":"<h2>Esta vez es Mercadona la que oferta como nacional patata francesa<\/h2>\n<p>Una vez m\u00e1s ASAJA tiene que denunciar a la gran distribuci\u00f3n por tratar de enga\u00f1ar al consumidor confundiendo sobre la procedencia de un producto tan arraigado como es la patata. Estos d\u00edas, en los supermercados del grupo Mercadona, se oferta con grandes carteles como patata nueva \u2018nacional\u2019 mallas que, si se lee la letra peque\u00f1a, se comprueba que proceden de Francia. \u201cDe nuevo la distribuci\u00f3n juega a colar como espa\u00f1ola patata importada que aqu\u00ed solo se envasa, siguiendo la t\u00e1ctica fraudulenta que tambi\u00e9n se aplica en el caso del cordero, importado y luego sacrificado aqu\u00ed\u201d, denuncia ASAJA de Castilla y Le\u00f3n<\/p>\n<p>La actuaci\u00f3n de Mercadona es, si cabe, m\u00e1s sorprendente en estas fechas, cuando el mercado rebosa de patata nacional, y encima en un a\u00f1o como el presente, de brusco descenso de los precios de la patata, cuando muchos cultivadores se han visto obligados a vender a 6 u 8 c\u00e9ntimos el kilo, muy por debajo del precio de producci\u00f3n, e incluso han valorado no cosechar las parcelas para no incrementar las p\u00e9rdidas. \u201cUna vez m\u00e1s, la distribuci\u00f3n tiene sus propias reglas de juego, que nada tienen que ver ni con los problemas que viven los agricultores espa\u00f1oles, ni con las preferencias de los consumidores, que piden preferentemente productos de nuestra tierra\u201d. El hecho de que se trate de confundir al comprador poniendo en grandes carteles \u201cpatata nacional\u201d indica una artima\u00f1a intencionada, que ASAJA pide que Mercadona corrija de inmediato en todos sus puntos de venta.<\/p>\n<p>Adem\u00e1s, ASAJA recuerda al consumidor la importancia de que apoye al campo espa\u00f1ol cuando elija los productos de su cesta de la compra. \u201cNosotros podemos denunciar, pero lo \u00fanico que entiende y le importa a la distribuci\u00f3n es su cuenta de resultados. El mejor aliado que puede tener el campo espa\u00f1ol es el cliente que da prioridad al producto nacional\u201d, subraya la OPA.<\/p>\n<p>Hay que recordar la trascendencia que para nuestra Comunidad Aut\u00f3noma tiene la patata. Si Espa\u00f1a consume alrededor de tres millones de toneladas, un mill\u00f3n procede de Castilla y Le\u00f3n; otro mill\u00f3n es del resto de Espa\u00f1a, y otro m\u00e1s, de importaciones, principalmente francesas. Dentro de lo que es el territorio regional, las 20.000 hect\u00e1reas que como media se siembran se distribuyen por todas las provincias, estando en cabeza en hect\u00e1reas Valladolid, seguida por Salamanca, Burgos, Segovia, \u00c1vila, Le\u00f3n, Zamora, Palencia y Soria.<\/p>\n<p><img decoding=\"async\" style=\"width: 300px;height: 391px\" src=\"\/wp-content\/uploads\/2017\/10\/PATATA_1-x.jpg\" alt=\"\" \/>\u00a0<img decoding=\"async\" style=\"width: 300px;height: 212px\" src=\"\/wp-content\/uploads\/2017\/10\/PATATA_2-x.jpg\" alt=\"\" \/><\/p>\n","protected":false},"excerpt":{"rendered":"<p>Esta vez es Mercadona la que oferta como nacional patata francesa<\/p>\n","protected":false},"author":3,"featured_media":463,"comment_status":"closed","ping_status":"closed","sticky":false,"template":"","format":"standard","meta":{"footnotes":""},"categories":[10,28],"tags":[],"yoast_head":"<!-- This site is optimized with the Yoast SEO plugin v24.5 - https:\/\/yoast.com\/wordpress\/plugins\/seo\/ -->\n<title>ASAJA denuncia la pr\u00e1ctica &quot;enga\u00f1osa y reiterada&quot; de la distribuci\u00f3n de patata importada como espa\u00f1ola en supermercados<\/title>\n<meta name=\"description\" content=\"Esta vez es Mercadona la que oferta como nacional patata francesa\" \/>\n<meta name=\"robots\" content=\"index, follow, max-snippet:-1, max-image-preview:large, max-video-preview:-1\" \/>\n<link rel=\"canonical\" href=\"https:\/\/www.asajacyl.com\/salamanca\/asaja-salamanca-informa\/asaja-denuncia-la-prctica-engaosa-y-reiterada-de-la-distribucin-de-patata-importada-como-espaola-en-supermercados\" \/>\n<meta property=\"og:locale\" content=\"es_ES\" \/>\n<meta property=\"og:type\" content=\"article\" \/>\n<meta property=\"og:title\" content=\"ASAJA denuncia la pr\u00e1ctica &quot;enga\u00f1osa y reiterada&quot; de la distribuci\u00f3n de patata importada como espa\u00f1ola en supermercados\" \/>\n<meta property=\"og:description\" content=\"Esta vez es Mercadona la que oferta como nacional patata francesa\" \/>\n<meta property=\"og:url\" content=\"https:\/\/www.asajacyl.com\/salamanca\/asaja-salamanca-informa\/asaja-denuncia-la-prctica-engaosa-y-reiterada-de-la-distribucin-de-patata-importada-como-espaola-en-supermercados\" \/>\n<meta property=\"og:site_name\" content=\"ASAJA Salamanca\" \/>\n<meta property=\"article:published_time\" content=\"2017-11-07T00:00:00+00:00\" \/>\n<meta property=\"article:modified_time\" content=\"2017-11-30T08:51:06+00:00\" \/>\n<meta property=\"og:image\" content=\"https:\/\/www.asajacyl.com\/salamanca\/wp-content\/uploads\/sites\/7\/2017\/11\/PATATA_1-786x1024.jpg\" \/>\n\t<meta property=\"og:image:width\" content=\"786\" \/>\n\t<meta property=\"og:image:height\" content=\"1024\" \/>\n\t<meta property=\"og:image:type\" content=\"image\/jpeg\" \/>\n<meta name=\"author\" content=\"Editor\" \/>\n<meta name=\"twitter:card\" content=\"summary_large_image\" \/>\n<meta name=\"twitter:label1\" content=\"Escrito por\" \/>\n\t<meta name=\"twitter:data1\" content=\"Editor\" \/>\n\t<meta name=\"twitter:label2\" content=\"Tiempo de lectura\" \/>\n\t<meta name=\"twitter:data2\" content=\"2 minutos\" \/>\n<script type=\"application\/ld+json\" class=\"yoast-schema-graph\">{\"@context\":\"https:\/\/schema.org\",\"@graph\":[{\"@type\":\"WebPage\",\"@id\":\"https:\/\/www.asajacyl.com\/salamanca\/asaja-salamanca-informa\/asaja-denuncia-la-prctica-engaosa-y-reiterada-de-la-distribucin-de-patata-importada-como-espaola-en-supermercados\",\"url\":\"https:\/\/www.asajacyl.com\/salamanca\/asaja-salamanca-informa\/asaja-denuncia-la-prctica-engaosa-y-reiterada-de-la-distribucin-de-patata-importada-como-espaola-en-supermercados\",\"name\":\"ASAJA denuncia la pr\u00e1ctica \\\"enga\u00f1osa y reiterada\\\" de la distribuci\u00f3n de patata importada como espa\u00f1ola en supermercados\",\"isPartOf\":{\"@id\":\"https:\/\/www.asajacyl.com\/salamanca\/#website\"},\"primaryImageOfPage\":{\"@id\":\"https:\/\/www.asajacyl.com\/salamanca\/asaja-salamanca-informa\/asaja-denuncia-la-prctica-engaosa-y-reiterada-de-la-distribucin-de-patata-importada-como-espaola-en-supermercados#primaryimage\"},\"image\":{\"@id\":\"https:\/\/www.asajacyl.com\/salamanca\/asaja-salamanca-informa\/asaja-denuncia-la-prctica-engaosa-y-reiterada-de-la-distribucin-de-patata-importada-como-espaola-en-supermercados#primaryimage\"},\"thumbnailUrl\":\"https:\/\/www.asajacyl.com\/salamanca\/wp-content\/uploads\/sites\/7\/2017\/11\/PATATA_1.jpg\",\"datePublished\":\"2017-11-07T00:00:00+00:00\",\"dateModified\":\"2017-11-30T08:51:06+00:00\",\"author\":{\"@id\":\"https:\/\/www.asajacyl.com\/salamanca\/#\/schema\/person\/7e884476cee132331142e8ac9689f20c\"},\"description\":\"Esta vez es Mercadona la que oferta como nacional patata francesa\",\"breadcrumb\":{\"@id\":\"https:\/\/www.asajacyl.com\/salamanca\/asaja-salamanca-informa\/asaja-denuncia-la-prctica-engaosa-y-reiterada-de-la-distribucin-de-patata-importada-como-espaola-en-supermercados#breadcrumb\"},\"inLanguage\":\"es\",\"potentialAction\":[{\"@type\":\"ReadAction\",\"target\":[\"https:\/\/www.asajacyl.com\/salamanca\/asaja-salamanca-informa\/asaja-denuncia-la-prctica-engaosa-y-reiterada-de-la-distribucin-de-patata-importada-como-espaola-en-supermercados\"]}]},{\"@type\":\"ImageObject\",\"inLanguage\":\"es\",\"@id\":\"https:\/\/www.asajacyl.com\/salamanca\/asaja-salamanca-informa\/asaja-denuncia-la-prctica-engaosa-y-reiterada-de-la-distribucin-de-patata-importada-como-espaola-en-supermercados#primaryimage\",\"url\":\"https:\/\/www.asajacyl.com\/salamanca\/wp-content\/uploads\/sites\/7\/2017\/11\/PATATA_1.jpg\",\"contentUrl\":\"https:\/\/www.asajacyl.com\/salamanca\/wp-content\/uploads\/sites\/7\/2017\/11\/PATATA_1.jpg\",\"width\":2700,\"height\":3517},{\"@type\":\"BreadcrumbList\",\"@id\":\"https:\/\/www.asajacyl.com\/salamanca\/asaja-salamanca-informa\/asaja-denuncia-la-prctica-engaosa-y-reiterada-de-la-distribucin-de-patata-importada-como-espaola-en-supermercados#breadcrumb\",\"itemListElement\":[{\"@type\":\"ListItem\",\"position\":1,\"name\":\"Portada\",\"item\":\"https:\/\/www.asajacyl.com\/salamanca\/\"},{\"@type\":\"ListItem\",\"position\":2,\"name\":\"ASAJA denuncia la pr\u00e1ctica \u00abenga\u00f1osa y reiterada\u00bb de la distribuci\u00f3n de patata importada como espa\u00f1ola en supermercados\"}]},{\"@type\":\"WebSite\",\"@id\":\"https:\/\/www.asajacyl.com\/salamanca\/#website\",\"url\":\"https:\/\/www.asajacyl.com\/salamanca\/\",\"name\":\"ASAJA Salamanca\",\"description\":\"Otro sitio m\u00e1s de Provincias ASAJA Castilla y Le\u00f3n\",\"potentialAction\":[{\"@type\":\"SearchAction\",\"target\":{\"@type\":\"EntryPoint\",\"urlTemplate\":\"https:\/\/www.asajacyl.com\/salamanca\/?s={search_term_string}\"},\"query-input\":{\"@type\":\"PropertyValueSpecification\",\"valueRequired\":true,\"valueName\":\"search_term_string\"}}],\"inLanguage\":\"es\"},{\"@type\":\"Person\",\"@id\":\"https:\/\/www.asajacyl.com\/salamanca\/#\/schema\/person\/7e884476cee132331142e8ac9689f20c\",\"name\":\"Editor\",\"image\":{\"@type\":\"ImageObject\",\"inLanguage\":\"es\",\"@id\":\"https:\/\/www.asajacyl.com\/salamanca\/#\/schema\/person\/image\/\",\"url\":\"https:\/\/secure.gravatar.com\/avatar\/a2ef43c165669686cfcfb0e1ffa59869?s=96&d=mm&r=g\",\"contentUrl\":\"https:\/\/secure.gravatar.com\/avatar\/a2ef43c165669686cfcfb0e1ffa59869?s=96&d=mm&r=g\",\"caption\":\"Editor\"},\"url\":\"https:\/\/www.asajacyl.com\/salamanca\/author\/oscargg\"}]}<\/script>\n<!-- \/ Yoast SEO plugin. -->","yoast_head_json":{"title":"ASAJA denuncia la pr\u00e1ctica \"enga\u00f1osa y reiterada\" de la distribuci\u00f3n de patata importada como espa\u00f1ola en supermercados","description":"Esta vez es Mercadona la que oferta como nacional patata francesa","robots":{"index":"index","follow":"follow","max-snippet":"max-snippet:-1","max-image-preview":"max-image-preview:large","max-video-preview":"max-video-preview:-1"},"canonical":"https:\/\/www.asajacyl.com\/salamanca\/asaja-salamanca-informa\/asaja-denuncia-la-prctica-engaosa-y-reiterada-de-la-distribucin-de-patata-importada-como-espaola-en-supermercados","og_locale":"es_ES","og_type":"article","og_title":"ASAJA denuncia la pr\u00e1ctica \"enga\u00f1osa y reiterada\" de la distribuci\u00f3n de patata importada como espa\u00f1ola en supermercados","og_description":"Esta vez es Mercadona la que oferta como nacional patata francesa","og_url":"https:\/\/www.asajacyl.com\/salamanca\/asaja-salamanca-informa\/asaja-denuncia-la-prctica-engaosa-y-reiterada-de-la-distribucin-de-patata-importada-como-espaola-en-supermercados","og_site_name":"ASAJA Salamanca","article_published_time":"2017-11-07T00:00:00+00:00","article_modified_time":"2017-11-30T08:51:06+00:00","og_image":[{"width":786,"height":1024,"url":"https:\/\/www.asajacyl.com\/salamanca\/wp-content\/uploads\/sites\/7\/2017\/11\/PATATA_1-786x1024.jpg","type":"image\/jpeg"}],"author":"Editor","twitter_card":"summary_large_image","twitter_misc":{"Escrito por":"Editor","Tiempo de lectura":"2 minutos"},"schema":{"@context":"https:\/\/schema.org","@graph":[{"@type":"WebPage","@id":"https:\/\/www.asajacyl.com\/salamanca\/asaja-salamanca-informa\/asaja-denuncia-la-prctica-engaosa-y-reiterada-de-la-distribucin-de-patata-importada-como-espaola-en-supermercados","url":"https:\/\/www.asajacyl.com\/salamanca\/asaja-salamanca-informa\/asaja-denuncia-la-prctica-engaosa-y-reiterada-de-la-distribucin-de-patata-importada-como-espaola-en-supermercados","name":"ASAJA denuncia la pr\u00e1ctica \"enga\u00f1osa y reiterada\" de la distribuci\u00f3n de patata importada como espa\u00f1ola en supermercados","isPartOf":{"@id":"https:\/\/www.asajacyl.com\/salamanca\/#website"},"primaryImageOfPage":{"@id":"https:\/\/www.asajacyl.com\/salamanca\/asaja-salamanca-informa\/asaja-denuncia-la-prctica-engaosa-y-reiterada-de-la-distribucin-de-patata-importada-como-espaola-en-supermercados#primaryimage"},"image":{"@id":"https:\/\/www.asajacyl.com\/salamanca\/asaja-salamanca-informa\/asaja-denuncia-la-prctica-engaosa-y-reiterada-de-la-distribucin-de-patata-importada-como-espaola-en-supermercados#primaryimage"},"thumbnailUrl":"https:\/\/www.asajacyl.com\/salamanca\/wp-content\/uploads\/sites\/7\/2017\/11\/PATATA_1.jpg","datePublished":"2017-11-07T00:00:00+00:00","dateModified":"2017-11-30T08:51:06+00:00","author":{"@id":"https:\/\/www.asajacyl.com\/salamanca\/#\/schema\/person\/7e884476cee132331142e8ac9689f20c"},"description":"Esta vez es Mercadona la que oferta como nacional patata francesa","breadcrumb":{"@id":"https:\/\/www.asajacyl.com\/salamanca\/asaja-salamanca-informa\/asaja-denuncia-la-prctica-engaosa-y-reiterada-de-la-distribucin-de-patata-importada-como-espaola-en-supermercados#breadcrumb"},"inLanguage":"es","potentialAction":[{"@type":"ReadAction","target":["https:\/\/www.asajacyl.com\/salamanca\/asaja-salamanca-informa\/asaja-denuncia-la-prctica-engaosa-y-reiterada-de-la-distribucin-de-patata-importada-como-espaola-en-supermercados"]}]},{"@type":"ImageObject","inLanguage":"es","@id":"https:\/\/www.asajacyl.com\/salamanca\/asaja-salamanca-informa\/asaja-denuncia-la-prctica-engaosa-y-reiterada-de-la-distribucin-de-patata-importada-como-espaola-en-supermercados#primaryimage","url":"https:\/\/www.asajacyl.com\/salamanca\/wp-content\/uploads\/sites\/7\/2017\/11\/PATATA_1.jpg","contentUrl":"https:\/\/www.asajacyl.com\/salamanca\/wp-content\/uploads\/sites\/7\/2017\/11\/PATATA_1.jpg","width":2700,"height":3517},{"@type":"BreadcrumbList","@id":"https:\/\/www.asajacyl.com\/salamanca\/asaja-salamanca-informa\/asaja-denuncia-la-prctica-engaosa-y-reiterada-de-la-distribucin-de-patata-importada-como-espaola-en-supermercados#breadcrumb","itemListElement":[{"@type":"ListItem","position":1,"name":"Portada","item":"https:\/\/www.asajacyl.com\/salamanca\/"},{"@type":"ListItem","position":2,"name":"ASAJA denuncia la pr\u00e1ctica \u00abenga\u00f1osa y reiterada\u00bb de la distribuci\u00f3n de patata importada como espa\u00f1ola en supermercados"}]},{"@type":"WebSite","@id":"https:\/\/www.asajacyl.com\/salamanca\/#website","url":"https:\/\/www.asajacyl.com\/salamanca\/","name":"ASAJA Salamanca","description":"Otro sitio m\u00e1s de Provincias ASAJA Castilla y Le\u00f3n","potentialAction":[{"@type":"SearchAction","target":{"@type":"EntryPoint","urlTemplate":"https:\/\/www.asajacyl.com\/salamanca\/?s={search_term_string}"},"query-input":{"@type":"PropertyValueSpecification","valueRequired":true,"valueName":"search_term_string"}}],"inLanguage":"es"},{"@type":"Person","@id":"https:\/\/www.asajacyl.com\/salamanca\/#\/schema\/person\/7e884476cee132331142e8ac9689f20c","name":"Editor","image":{"@type":"ImageObject","inLanguage":"es","@id":"https:\/\/www.asajacyl.com\/salamanca\/#\/schema\/person\/image\/","url":"https:\/\/secure.gravatar.com\/avatar\/a2ef43c165669686cfcfb0e1ffa59869?s=96&d=mm&r=g","contentUrl":"https:\/\/secure.gravatar.com\/avatar\/a2ef43c165669686cfcfb0e1ffa59869?s=96&d=mm&r=g","caption":"Editor"},"url":"https:\/\/www.asajacyl.com\/salamanca\/author\/oscargg"}]}},"_links":{"self":[{"href":"https:\/\/www.asajacyl.com\/salamanca\/wp-json\/wp\/v2\/posts\/462"}],"collection":[{"href":"https:\/\/www.asajacyl.com\/salamanca\/wp-json\/wp\/v2\/posts"}],"about":[{"href":"https:\/\/www.asajacyl.com\/salamanca\/wp-json\/wp\/v2\/types\/post"}],"author":[{"embeddable":true,"href":"https:\/\/www.asajacyl.com\/salamanca\/wp-json\/wp\/v2\/users\/3"}],"replies":[{"embeddable":true,"href":"https:\/\/www.asajacyl.com\/salamanca\/wp-json\/wp\/v2\/comments?post=462"}],"version-history":[{"count":2,"href":"https:\/\/www.asajacyl.com\/salamanca\/wp-json\/wp\/v2\/posts\/462\/revisions"}],"predecessor-version":[{"id":4843,"href":"https:\/\/www.asajacyl.com\/salamanca\/wp-json\/wp\/v2\/posts\/462\/revisions\/4843"}],"wp:featuredmedia":[{"embeddable":true,"href":"https:\/\/www.asajacyl.com\/salamanca\/wp-json\/wp\/v2\/media\/463"}],"wp:attachment":[{"href":"https:\/\/www.asajacyl.com\/salamanca\/wp-json\/wp\/v2\/media?parent=462"}],"wp:term":[{"taxonomy":"category","embeddable":true,"href":"https:\/\/www.asajacyl.com\/salamanca\/wp-json\/wp\/v2\/categories?post=462"},{"taxonomy":"post_tag","embeddable":true,"href":"https:\/\/www.asajacyl.com\/salamanca\/wp-json\/wp\/v2\/tags?post=462"}],"curies":[{"name":"wp","href":"https:\/\/api.w.org\/{rel}","templated":true}]}}