{"id":5434,"date":"2018-03-22T10:19:24","date_gmt":"2018-03-22T10:19:24","guid":{"rendered":"http:\/\/www.asajacyl.com\/salamanca\/?p=5434"},"modified":"2026-04-29T12:34:28","modified_gmt":"2026-04-29T10:34:28","slug":"vendo-rusticas","status":"publish","type":"post","link":"https:\/\/www.asajacyl.com\/salamanca\/servicios-socio\/vendo-rusticas","title":{"rendered":"Vendo r\u00fasticas"},"content":{"rendered":"<p><strong>Vendo <\/strong>casa de dos plantas en San Pedro de Rozados. Planta baja: comedor, cocina, ba\u00f1o, un dormitorio y despensa. Primera planta: 3 dormitorios y trastero. Incluye un peque\u00f1o local. Tfno. 639 148 943<\/p>\n<p><strong>Vendo<\/strong> finca r\u00fastica de 113 hect\u00e1reas, vallada, con agua, monte, pastos, tierra de labor, caza, casa (deteriorada) y dependencias (corral, tenado, cuadra, pajar&#8230; deteriorados). A 20 km de Zamora y 50 km de Salamanca. Tfnos. 619 107 014 &#8211; 686 043 502<\/p>\n<p><strong>Vendo<\/strong> terreno urbanizable de 1.700 m<sup>2<\/sup> con vivienda de 64 m<sup>2<\/sup>, local de 110 m<sup>2<\/sup> y garaje de 100 m<sup>2<\/sup> en Frades de la Sierra. Salamanca. Tfno. 665 200 393<\/p>\n<p><strong>Vendo<\/strong> dos parcelas de regad\u00edo, de una hect\u00e1rea cada una. Zona Aldearrubia y Huerta. Tfno. 663 184 277<\/p>\n<p><strong>Vendo<\/strong> finca r\u00fastica de secano 6 has, aproximadamente, en Calzada de Valdunciel. Contacto:<a href=\"mailto:Ricardofer_1982@hotmail.com\" target=\"_blank\" rel=\"noopener\">ricardofer_1982@hotmail.com<\/a><\/p>\n<p><strong>Vendo<\/strong> dos parcelas de una Ha. cada una en regad\u00edo (Huerta y Aldearrubia). Terreno excelente de regad\u00edo, tierra descansada y de gran productividad. Parcelas accesibles entre varios n\u00facleos de poblaci\u00f3n (Aldearrubia, S. Morales, Babilafuente y Huerta). Tfns.: 652 747 775 y 663 184 277<\/p>\n<p><strong>Vendo<\/strong> una Ha. Noventa y cuatro \u00e1reas y 54 centi\u00e1reas (Hoyo de los Molinos). Ignacio- Tfno: 676 309 369<\/p>\n<p><strong>Vendo<\/strong> 4 Has, 13 \u00e1reas y 46 centi\u00e1reas (Camino de Alizares). Ignacio- Tfno: 676 309 369<\/p>\n<p><strong>Se alquila<\/strong> terraza en monte de frutales por la zona de Sierra de Francia. Tfno: 655 880 062<\/p>\n<p><strong>Vendo<\/strong> finca de secano de\u00a0 1 hect\u00e1rea entre Cabrerizos y Villares de la Reina. Pol\u00edgono 501 Parcela 41. Tfno: 629 254 968<\/p>\n\n\n<p><strong>Vendo <\/strong>15,91 ha en Tarazona de Guare\u00f1a (Salamanca). Tfno: 635 431 082 y 651 838 319 (tardes y fines de semana)<\/p>\n\n\n\n<p><strong>Vendo <\/strong>15,91 ha de secano en Tarazona de Guare\u00f1a Pol\u00edgono 502 Parcelas 185-143-10143. Tfno: 635 431 082    651 838 319<\/p>\n\n\n\n<p><strong>Vendo <\/strong>o arriendo parcela de regad\u00edo de 5,37ha. con dos tomas de agua en Amatos del R\u00edo. Tfno: 665 819 607<\/p>\n\n\n\n<p><strong>Arriendo <\/strong>parcela de regad\u00edo de 3,94ha. aproximadamente en el t\u00e9rmino de Villamayor (El suministro de agua del a\u00f1o 2020-2025 corre a cargo del arrendador). Tfno: 673 604 012     605 240 434<\/p>\n\n\n\n<p><strong>Arriendo <\/strong>parcela de regad\u00edo de 4 ha. en Camino del Canto (Villamayor). Tfno: 626 159 036<\/p>\n\n\n\n<p><strong>Vendo <\/strong>15 ha. rurales que se distribuyen en cinco parcelas Pitiegua 0,45ha. Aldearrubia7,19ha. y 2,41ha. Cabezabellosa 3,15ha. y 1,81ha. Tfno: 620 05 36 79.<\/p>\n\n\n\n<p><strong>Se venden <\/strong>2 ha. de regad\u00edo en zona de Babilafuente. Canal de Villoria. Tfno: 663 184 277 <\/p>\n\n\n\n<p><strong>Vendo <\/strong>433 ha. de labor de secano en Salamanca. Tfno: 624 748 338<\/p>\n\n\n\n<p><strong>Vendo <\/strong>25 ha. dos de 8ha. y una de 9ha. Zona de San Pedro de Rozados. Tfno: 669 302 703<\/p>\n\n\n\n<p><strong>Vendo<\/strong> 20ha. de cobertura con aspersores altos y bajos. Tfno: 616 263 224&nbsp; &nbsp;923 160 204&nbsp;<\/p>\n\n\n\n<p><strong>Vendo <\/strong>Parcela de regad\u00edo, cercada, con nave de 700 metros, de 16 Ha en Alba de Tormes. Tfno: 634 435 344<\/p>\n\n\n\n<p>\u2060<strong>Vendo <\/strong>parcela de secano, cercada, de 19 Ha en Alba de Tormes. Tfno: 634 435 344<\/p>\n\n\n\n<p><strong>Vendo <\/strong>parcela de secano de 23 Ha en Alba de Tormes. Tfno: 634 435 344<br><br><strong>Vendo <\/strong>parcela en el Monte de La Orbada de 5ha. parte laborable y parte de monte. Tfno: 629 647 059<\/p>\n\n\n\n<p><strong>Vendo <\/strong>parcela de 17 ha. con explotaci\u00f3n porcina para 1.040 cerdos legalizada. Sepulcro Hilario. Tfno: 667 230 618<\/p>\n\n\n\n<p><strong>Vendo<\/strong> parcela de 20ha. en Valsalabroso para pasto o siembra. F\u00e1cil acceso por dos caminos. Tfno: 639 614 152<br><br><strong>Vendo <\/strong>finca de regad\u00edo de 357ha. en Zamora. Tfno:624 748 338<\/p>\n\n\n\n<p><strong>Vendo <\/strong>4 ha. de regad\u00edo en el municipio de Encinas de Abajo. Cerca del pueblo. Tfno: 630 043 771<\/p>\n\n\n\n<p><strong>Vendo o arriendo<\/strong> 2 parcelas de regad\u00edo; una de 4ha. aproximadamente y otra de 3,77ha. en la zona de Valverd\u00f3n (limitando con la carretera). Tfno: 636 952 728<\/p>\n\n\n\n<p><strong>Vendo<\/strong> tres fincas r\u00fasticas de regad\u00edo en el t\u00e9rmino municipal de El Pedroso de la Armu\u00f1a (Extensiones: 3.52, 0.72 y 0.58ha) con agua de la comunidad de regantes. Precio negociable. Con derechos. Tfno. 606 794 361<\/p>\n\n\n\n<p><strong>Vendo <\/strong>seis fincas r\u00fasticas de secano en el t\u00e9rmino municipal de El Pedroso de la Armu\u00f1a (Extensiones: 7.38, 2.37, 2.55, 2.56, 2.13 y 1.59) con buen acceso y pr\u00f3ximas entre ellas. Precio negociable. Con derechos. Tfno. 606 794 361<br><br><strong>Vendo <\/strong>parcela r\u00fastica en la Sierra de Francia. Con aproximadamente 4.000m2. Situada en la carretera de La Alberca a Sotosrerano a 1,5km del pueblo. Tfno: 655 880 062<\/p>\n\n\n\n<p><strong>Vendo <\/strong>3 tierras de secano en la Zona de la Mata de la Armu\u00f1a. Una de 2,21ha. otra de 2,21ha y de 0,84ha. Tfno: 696 061 425<\/p>\n\n\n\n<p><strong>Vendo<\/strong> vi\u00f1as en espaldera en Zamay\u00f3n, con derechos, 1\u20195 has. DO Robera del Duero y blanco Rueda y frutales. Tfno. 639 345 411<\/p>\n","protected":false},"excerpt":{"rendered":"<p>Vendo casa de dos plantas en San Pedro de Rozados. Planta baja: comedor, cocina, ba\u00f1o, un dormitorio y despensa. Primera planta: 3 dormitorios y trastero. Incluye un peque\u00f1o local. Tfno. 639 148 943 Vendo finca r\u00fastica de 113 hect\u00e1reas, vallada, con agua, monte, pastos, tierra de labor, caza, casa (deteriorada) y dependencias (corral, tenado, cuadra, [&hellip;]<\/p>\n","protected":false},"author":10,"featured_media":685,"comment_status":"open","ping_status":"open","sticky":false,"template":"","format":"standard","meta":{"footnotes":""},"categories":[21,15,9],"tags":[],"yoast_head":"<!-- This site is optimized with the Yoast SEO plugin v24.5 - https:\/\/yoast.com\/wordpress\/plugins\/seo\/ -->\n<title>Vendo r\u00fasticas - ASAJA Salamanca<\/title>\n<meta name=\"description\" content=\"Vendo casa de dos plantas en San Pedro de Rozados. Planta baja: comedor, cocina, ba\u00f1o, un dormitorio y despensa. Primera planta: 3 dormitorios y trastero.\" \/>\n<meta name=\"robots\" content=\"index, follow, max-snippet:-1, max-image-preview:large, max-video-preview:-1\" \/>\n<link rel=\"canonical\" href=\"https:\/\/www.asajacyl.com\/salamanca\/servicios-socio\/vendo-rusticas\" \/>\n<meta property=\"og:locale\" content=\"es_ES\" \/>\n<meta property=\"og:type\" content=\"article\" \/>\n<meta property=\"og:title\" content=\"Vendo r\u00fasticas - ASAJA Salamanca\" \/>\n<meta property=\"og:description\" content=\"Vendo casa de dos plantas en San Pedro de Rozados. Planta baja: comedor, cocina, ba\u00f1o, un dormitorio y despensa. Primera planta: 3 dormitorios y trastero.\" \/>\n<meta property=\"og:url\" content=\"https:\/\/www.asajacyl.com\/salamanca\/servicios-socio\/vendo-rusticas\" \/>\n<meta property=\"og:site_name\" content=\"ASAJA Salamanca\" \/>\n<meta property=\"article:published_time\" content=\"2018-03-22T10:19:24+00:00\" \/>\n<meta property=\"article:modified_time\" content=\"2026-04-29T10:34:28+00:00\" \/>\n<meta name=\"author\" content=\"Sonia\" \/>\n<meta name=\"twitter:card\" content=\"summary_large_image\" \/>\n<meta name=\"twitter:label1\" content=\"Escrito por\" \/>\n\t<meta name=\"twitter:data1\" content=\"Sonia\" \/>\n\t<meta name=\"twitter:label2\" content=\"Tiempo de lectura\" \/>\n\t<meta name=\"twitter:data2\" content=\"4 minutos\" \/>\n<script type=\"application\/ld+json\" class=\"yoast-schema-graph\">{\"@context\":\"https:\/\/schema.org\",\"@graph\":[{\"@type\":\"WebPage\",\"@id\":\"https:\/\/www.asajacyl.com\/salamanca\/servicios-socio\/vendo-rusticas\",\"url\":\"https:\/\/www.asajacyl.com\/salamanca\/servicios-socio\/vendo-rusticas\",\"name\":\"Vendo r\u00fasticas - ASAJA Salamanca\",\"isPartOf\":{\"@id\":\"https:\/\/www.asajacyl.com\/salamanca\/#website\"},\"primaryImageOfPage\":{\"@id\":\"https:\/\/www.asajacyl.com\/salamanca\/servicios-socio\/vendo-rusticas#primaryimage\"},\"image\":{\"@id\":\"https:\/\/www.asajacyl.com\/salamanca\/servicios-socio\/vendo-rusticas#primaryimage\"},\"thumbnailUrl\":\"\",\"datePublished\":\"2018-03-22T10:19:24+00:00\",\"dateModified\":\"2026-04-29T10:34:28+00:00\",\"author\":{\"@id\":\"https:\/\/www.asajacyl.com\/salamanca\/#\/schema\/person\/2bfc7da09988e1087e6291fafe99b67f\"},\"description\":\"Vendo casa de dos plantas en San Pedro de Rozados. Planta baja: comedor, cocina, ba\u00f1o, un dormitorio y despensa. Primera planta: 3 dormitorios y trastero.\",\"breadcrumb\":{\"@id\":\"https:\/\/www.asajacyl.com\/salamanca\/servicios-socio\/vendo-rusticas#breadcrumb\"},\"inLanguage\":\"es\",\"potentialAction\":[{\"@type\":\"ReadAction\",\"target\":[\"https:\/\/www.asajacyl.com\/salamanca\/servicios-socio\/vendo-rusticas\"]}]},{\"@type\":\"ImageObject\",\"inLanguage\":\"es\",\"@id\":\"https:\/\/www.asajacyl.com\/salamanca\/servicios-socio\/vendo-rusticas#primaryimage\",\"url\":\"\",\"contentUrl\":\"\"},{\"@type\":\"BreadcrumbList\",\"@id\":\"https:\/\/www.asajacyl.com\/salamanca\/servicios-socio\/vendo-rusticas#breadcrumb\",\"itemListElement\":[{\"@type\":\"ListItem\",\"position\":1,\"name\":\"Portada\",\"item\":\"https:\/\/www.asajacyl.com\/salamanca\/\"},{\"@type\":\"ListItem\",\"position\":2,\"name\":\"Vendo r\u00fasticas\"}]},{\"@type\":\"WebSite\",\"@id\":\"https:\/\/www.asajacyl.com\/salamanca\/#website\",\"url\":\"https:\/\/www.asajacyl.com\/salamanca\/\",\"name\":\"ASAJA Salamanca\",\"description\":\"Otro sitio m\u00e1s de Provincias ASAJA Castilla y Le\u00f3n\",\"potentialAction\":[{\"@type\":\"SearchAction\",\"target\":{\"@type\":\"EntryPoint\",\"urlTemplate\":\"https:\/\/www.asajacyl.com\/salamanca\/?s={search_term_string}\"},\"query-input\":{\"@type\":\"PropertyValueSpecification\",\"valueRequired\":true,\"valueName\":\"search_term_string\"}}],\"inLanguage\":\"es\"},{\"@type\":\"Person\",\"@id\":\"https:\/\/www.asajacyl.com\/salamanca\/#\/schema\/person\/2bfc7da09988e1087e6291fafe99b67f\",\"name\":\"Sonia\",\"image\":{\"@type\":\"ImageObject\",\"inLanguage\":\"es\",\"@id\":\"https:\/\/www.asajacyl.com\/salamanca\/#\/schema\/person\/image\/\",\"url\":\"https:\/\/secure.gravatar.com\/avatar\/6b0d6eb461a1e3687cc023d59022ef0d?s=96&d=mm&r=g\",\"contentUrl\":\"https:\/\/secure.gravatar.com\/avatar\/6b0d6eb461a1e3687cc023d59022ef0d?s=96&d=mm&r=g\",\"caption\":\"Sonia\"},\"url\":\"https:\/\/www.asajacyl.com\/salamanca\/author\/juanluisde\"}]}<\/script>\n<!-- \/ Yoast SEO plugin. -->","yoast_head_json":{"title":"Vendo r\u00fasticas - ASAJA Salamanca","description":"Vendo casa de dos plantas en San Pedro de Rozados. Planta baja: comedor, cocina, ba\u00f1o, un dormitorio y despensa. Primera planta: 3 dormitorios y trastero.","robots":{"index":"index","follow":"follow","max-snippet":"max-snippet:-1","max-image-preview":"max-image-preview:large","max-video-preview":"max-video-preview:-1"},"canonical":"https:\/\/www.asajacyl.com\/salamanca\/servicios-socio\/vendo-rusticas","og_locale":"es_ES","og_type":"article","og_title":"Vendo r\u00fasticas - ASAJA Salamanca","og_description":"Vendo casa de dos plantas en San Pedro de Rozados. Planta baja: comedor, cocina, ba\u00f1o, un dormitorio y despensa. Primera planta: 3 dormitorios y trastero.","og_url":"https:\/\/www.asajacyl.com\/salamanca\/servicios-socio\/vendo-rusticas","og_site_name":"ASAJA Salamanca","article_published_time":"2018-03-22T10:19:24+00:00","article_modified_time":"2026-04-29T10:34:28+00:00","author":"Sonia","twitter_card":"summary_large_image","twitter_misc":{"Escrito por":"Sonia","Tiempo de lectura":"4 minutos"},"schema":{"@context":"https:\/\/schema.org","@graph":[{"@type":"WebPage","@id":"https:\/\/www.asajacyl.com\/salamanca\/servicios-socio\/vendo-rusticas","url":"https:\/\/www.asajacyl.com\/salamanca\/servicios-socio\/vendo-rusticas","name":"Vendo r\u00fasticas - ASAJA Salamanca","isPartOf":{"@id":"https:\/\/www.asajacyl.com\/salamanca\/#website"},"primaryImageOfPage":{"@id":"https:\/\/www.asajacyl.com\/salamanca\/servicios-socio\/vendo-rusticas#primaryimage"},"image":{"@id":"https:\/\/www.asajacyl.com\/salamanca\/servicios-socio\/vendo-rusticas#primaryimage"},"thumbnailUrl":"","datePublished":"2018-03-22T10:19:24+00:00","dateModified":"2026-04-29T10:34:28+00:00","author":{"@id":"https:\/\/www.asajacyl.com\/salamanca\/#\/schema\/person\/2bfc7da09988e1087e6291fafe99b67f"},"description":"Vendo casa de dos plantas en San Pedro de Rozados. Planta baja: comedor, cocina, ba\u00f1o, un dormitorio y despensa. Primera planta: 3 dormitorios y trastero.","breadcrumb":{"@id":"https:\/\/www.asajacyl.com\/salamanca\/servicios-socio\/vendo-rusticas#breadcrumb"},"inLanguage":"es","potentialAction":[{"@type":"ReadAction","target":["https:\/\/www.asajacyl.com\/salamanca\/servicios-socio\/vendo-rusticas"]}]},{"@type":"ImageObject","inLanguage":"es","@id":"https:\/\/www.asajacyl.com\/salamanca\/servicios-socio\/vendo-rusticas#primaryimage","url":"","contentUrl":""},{"@type":"BreadcrumbList","@id":"https:\/\/www.asajacyl.com\/salamanca\/servicios-socio\/vendo-rusticas#breadcrumb","itemListElement":[{"@type":"ListItem","position":1,"name":"Portada","item":"https:\/\/www.asajacyl.com\/salamanca\/"},{"@type":"ListItem","position":2,"name":"Vendo r\u00fasticas"}]},{"@type":"WebSite","@id":"https:\/\/www.asajacyl.com\/salamanca\/#website","url":"https:\/\/www.asajacyl.com\/salamanca\/","name":"ASAJA Salamanca","description":"Otro sitio m\u00e1s de Provincias ASAJA Castilla y Le\u00f3n","potentialAction":[{"@type":"SearchAction","target":{"@type":"EntryPoint","urlTemplate":"https:\/\/www.asajacyl.com\/salamanca\/?s={search_term_string}"},"query-input":{"@type":"PropertyValueSpecification","valueRequired":true,"valueName":"search_term_string"}}],"inLanguage":"es"},{"@type":"Person","@id":"https:\/\/www.asajacyl.com\/salamanca\/#\/schema\/person\/2bfc7da09988e1087e6291fafe99b67f","name":"Sonia","image":{"@type":"ImageObject","inLanguage":"es","@id":"https:\/\/www.asajacyl.com\/salamanca\/#\/schema\/person\/image\/","url":"https:\/\/secure.gravatar.com\/avatar\/6b0d6eb461a1e3687cc023d59022ef0d?s=96&d=mm&r=g","contentUrl":"https:\/\/secure.gravatar.com\/avatar\/6b0d6eb461a1e3687cc023d59022ef0d?s=96&d=mm&r=g","caption":"Sonia"},"url":"https:\/\/www.asajacyl.com\/salamanca\/author\/juanluisde"}]}},"_links":{"self":[{"href":"https:\/\/www.asajacyl.com\/salamanca\/wp-json\/wp\/v2\/posts\/5434"}],"collection":[{"href":"https:\/\/www.asajacyl.com\/salamanca\/wp-json\/wp\/v2\/posts"}],"about":[{"href":"https:\/\/www.asajacyl.com\/salamanca\/wp-json\/wp\/v2\/types\/post"}],"author":[{"embeddable":true,"href":"https:\/\/www.asajacyl.com\/salamanca\/wp-json\/wp\/v2\/users\/10"}],"replies":[{"embeddable":true,"href":"https:\/\/www.asajacyl.com\/salamanca\/wp-json\/wp\/v2\/comments?post=5434"}],"version-history":[{"count":145,"href":"https:\/\/www.asajacyl.com\/salamanca\/wp-json\/wp\/v2\/posts\/5434\/revisions"}],"predecessor-version":[{"id":20555,"href":"https:\/\/www.asajacyl.com\/salamanca\/wp-json\/wp\/v2\/posts\/5434\/revisions\/20555"}],"wp:featuredmedia":[{"embeddable":true,"href":"https:\/\/www.asajacyl.com\/salamanca\/wp-json\/"}],"wp:attachment":[{"href":"https:\/\/www.asajacyl.com\/salamanca\/wp-json\/wp\/v2\/media?parent=5434"}],"wp:term":[{"taxonomy":"category","embeddable":true,"href":"https:\/\/www.asajacyl.com\/salamanca\/wp-json\/wp\/v2\/categories?post=5434"},{"taxonomy":"post_tag","embeddable":true,"href":"https:\/\/www.asajacyl.com\/salamanca\/wp-json\/wp\/v2\/tags?post=5434"}],"curies":[{"name":"wp","href":"https:\/\/api.w.org\/{rel}","templated":true}]}}