{"id":6121,"date":"2018-10-01T11:11:29","date_gmt":"2018-10-01T11:11:29","guid":{"rendered":"https:\/\/www.asajacyl.com\/salamanca\/?p=6121"},"modified":"2019-02-22T09:46:42","modified_gmt":"2019-02-22T09:46:42","slug":"partir-del-1-octubre-tramitaciones-la-seguridad-social-solo-podran-telematicas","status":"publish","type":"post","link":"https:\/\/www.asajacyl.com\/salamanca\/servicios-socio\/partir-del-1-octubre-tramitaciones-la-seguridad-social-solo-podran-telematicas","title":{"rendered":"Desde el 1 de octubre de 2018 sus tramitaciones con la Seguridad Social solo podr\u00e1n ser telem\u00e1ticas"},"content":{"rendered":"<p>Hasta ahora cuando un\u00a0aut\u00f3nomo\u00a0quer\u00eda realizar cualquier gesti\u00f3n con la Seguridad Social ten\u00eda varias opciones: pod\u00eda pedir cita y acudir a una sede para hacerlo de forma presencial, pod\u00eda realizarlo a trav\u00e9s de su sede electr\u00f3nica o que lo hiciera en su nombre una persona autorizada en el sistema RED. A partir del pr\u00f3ximo\u00a0<strong>1 de octubre ser\u00e1 obligatorio que todos los tr\u00e1mites de los aut\u00f3nomos con la Seguridad Social\u00a0<\/strong>se hagan de forma telem\u00e1tica, incluidas la recepci\u00f3n y firma de notificaciones.<\/p>\n<p><strong>\u00bfC\u00f3mo se pueden realizar estos tr\u00e1mites?<\/strong><\/p>\n<ol>\n<li>A trav\u00e9s de una entidad autorizada en el Sistema de Remisi\u00f3n Electr\u00f3nica de Datos (RED) que act\u00fae en representaci\u00f3n del trabajador aut\u00f3nomo, previa autorizaci\u00f3n del mismo.<\/li>\n<li>Directamente a trav\u00e9s de la Sede Electr\u00f3nica de la Seguridad Social. Para ello deber\u00e1 disponer de un sistema de identificaci\u00f3n admitido por la Seguridad Social.<\/li>\n<\/ol>\n<p><strong>\u00bfCu\u00e1les son los sistemas de identificaci\u00f3n admitidos?<\/strong><\/p>\n<ul>\n<li>Certificado electr\u00f3nico, que, en caso de no disponer de uno, se puede solicitar a trav\u00e9s de la FNMT. Para ello, es necesario acreditar nuestra identidad de forma presencial en una de las oficinas de la administraci\u00f3n, ya sea la Seguridad Social, AEAT, etc. Despu\u00e9s, nos enviar\u00e1n un correo electr\u00f3nico con un archivo que se instala en el navegador del ordenador y nos permite identificarnos telem\u00e1ticamente, no solo en la Seguridad Social, sino ante cualquier otra administraci\u00f3n.<\/li>\n<li>Darse de alta en el\u00a0sistema\u00a0Cl@vees quiz\u00e1s la opci\u00f3n m\u00e1s sencilla si todav\u00eda no tenemos el certificado. Nos podemos dar de alta en el sistema introduciendo una serie de datos personales: apellido, DNI e IBAN de una cuenta a nuestro nombre. Nos llegar\u00e1 una carta a casa para completar todo el proceso, aunque tambi\u00e9n es posible acudir presencialmente a una oficina de registro.<\/li>\n<li>DNIe, para lo cual es necesario disponer de un lector de tarjetas inteligentes conectado a nuestro ordenador y recordar el PIN que creamos en su momento cuando nos dieron el DNIe. Es la opci\u00f3n m\u00e1s engorrosa y menos recomendable para la mayor\u00eda de usuarios.<\/li>\n<\/ul>\n<p><strong>\u00bfQu\u00e9 tr\u00e1mites se podr\u00e1n realizar?<\/strong><\/p>\n<ul>\n<li>Alta y baja en el R\u00e9gimen especial de trabajadores Aut\u00f3nomos<\/li>\n<li>Cambios en base de cotizaci\u00f3n.<\/li>\n<li>Modificaci\u00f3n de actividad como aut\u00f3nomo<\/li>\n<li>Variaci\u00f3n de datos.<\/li>\n<li>Obtenci\u00f3n de informes con validez legal ante terceros.<\/li>\n<\/ul>\n<p>Como no todos los aut\u00f3nomos tienen una buena relaci\u00f3n con las nuevas tecnolog\u00edas o, simplemente, aunque dispongan de estas herramientas para identificarse, prefieren la opci\u00f3n de delegar en un experto dichos tr\u00e1mites. Para eso pueden utilizar la figura del\u00a0autorizado RED<\/p>\n<p>ASAJA. Entidad Autorizada en el Sistema RED. Inf\u00f3rmese en ASAJA.<\/p>\n<p>&nbsp;<\/p>\n","protected":false},"excerpt":{"rendered":"<p>Hasta ahora cuando un\u00a0aut\u00f3nomo\u00a0quer\u00eda realizar cualquier gesti\u00f3n con la Seguridad Social ten\u00eda varias opciones: pod\u00eda pedir cita y acudir a una sede para hacerlo de forma presencial, pod\u00eda realizarlo a trav\u00e9s de su sede electr\u00f3nica o que lo hiciera en su nombre una persona autorizada en el sistema RED. A partir del pr\u00f3ximo\u00a01 de octubre [&hellip;]<\/p>\n","protected":false},"author":10,"featured_media":685,"comment_status":"open","ping_status":"open","sticky":false,"template":"","format":"standard","meta":{"footnotes":""},"categories":[39,9],"tags":[],"yoast_head":"<!-- This site is optimized with the Yoast SEO plugin v24.5 - https:\/\/yoast.com\/wordpress\/plugins\/seo\/ -->\n<title>Desde el 1 de octubre de 2018 sus tramitaciones con la Seguridad Social solo podr\u00e1n ser telem\u00e1ticas - ASAJA Salamanca<\/title>\n<meta name=\"description\" content=\"Hasta ahora cuando un\u00a0aut\u00f3nomo\u00a0quer\u00eda realizar cualquier gesti\u00f3n con la Seguridad Social ten\u00eda varias opciones: pod\u00eda pedir cita y acudir a una sede para\" \/>\n<meta name=\"robots\" content=\"index, follow, max-snippet:-1, max-image-preview:large, max-video-preview:-1\" \/>\n<link rel=\"canonical\" href=\"https:\/\/www.asajacyl.com\/salamanca\/servicios-socio\/partir-del-1-octubre-tramitaciones-la-seguridad-social-solo-podran-telematicas\" \/>\n<meta property=\"og:locale\" content=\"es_ES\" \/>\n<meta property=\"og:type\" content=\"article\" \/>\n<meta property=\"og:title\" content=\"Desde el 1 de octubre de 2018 sus tramitaciones con la Seguridad Social solo podr\u00e1n ser telem\u00e1ticas - ASAJA Salamanca\" \/>\n<meta property=\"og:description\" content=\"Hasta ahora cuando un\u00a0aut\u00f3nomo\u00a0quer\u00eda realizar cualquier gesti\u00f3n con la Seguridad Social ten\u00eda varias opciones: pod\u00eda pedir cita y acudir a una sede para\" \/>\n<meta property=\"og:url\" content=\"https:\/\/www.asajacyl.com\/salamanca\/servicios-socio\/partir-del-1-octubre-tramitaciones-la-seguridad-social-solo-podran-telematicas\" \/>\n<meta property=\"og:site_name\" content=\"ASAJA Salamanca\" \/>\n<meta property=\"article:published_time\" content=\"2018-10-01T11:11:29+00:00\" \/>\n<meta property=\"article:modified_time\" content=\"2019-02-22T09:46:42+00:00\" \/>\n<meta property=\"og:image\" content=\"https:\/\/www.asajacyl.com\/salamanca\/wp-content\/uploads\/sites\/7\/2017\/11\/im_predefinida_1920x1080.jpg\" \/>\n\t<meta property=\"og:image:width\" content=\"1920\" \/>\n\t<meta property=\"og:image:height\" content=\"1080\" \/>\n\t<meta property=\"og:image:type\" content=\"image\/jpeg\" \/>\n<meta name=\"author\" content=\"Sonia\" \/>\n<meta name=\"twitter:card\" content=\"summary_large_image\" \/>\n<meta name=\"twitter:label1\" content=\"Escrito por\" \/>\n\t<meta name=\"twitter:data1\" content=\"Sonia\" \/>\n\t<meta name=\"twitter:label2\" content=\"Tiempo de lectura\" \/>\n\t<meta name=\"twitter:data2\" content=\"2 minutos\" \/>\n<script type=\"application\/ld+json\" class=\"yoast-schema-graph\">{\"@context\":\"https:\/\/schema.org\",\"@graph\":[{\"@type\":\"WebPage\",\"@id\":\"https:\/\/www.asajacyl.com\/salamanca\/servicios-socio\/partir-del-1-octubre-tramitaciones-la-seguridad-social-solo-podran-telematicas\",\"url\":\"https:\/\/www.asajacyl.com\/salamanca\/servicios-socio\/partir-del-1-octubre-tramitaciones-la-seguridad-social-solo-podran-telematicas\",\"name\":\"Desde el 1 de octubre de 2018 sus tramitaciones con la Seguridad Social solo podr\u00e1n ser telem\u00e1ticas - ASAJA Salamanca\",\"isPartOf\":{\"@id\":\"https:\/\/www.asajacyl.com\/salamanca\/#website\"},\"primaryImageOfPage\":{\"@id\":\"https:\/\/www.asajacyl.com\/salamanca\/servicios-socio\/partir-del-1-octubre-tramitaciones-la-seguridad-social-solo-podran-telematicas#primaryimage\"},\"image\":{\"@id\":\"https:\/\/www.asajacyl.com\/salamanca\/servicios-socio\/partir-del-1-octubre-tramitaciones-la-seguridad-social-solo-podran-telematicas#primaryimage\"},\"thumbnailUrl\":\"\",\"datePublished\":\"2018-10-01T11:11:29+00:00\",\"dateModified\":\"2019-02-22T09:46:42+00:00\",\"author\":{\"@id\":\"https:\/\/www.asajacyl.com\/salamanca\/#\/schema\/person\/2bfc7da09988e1087e6291fafe99b67f\"},\"description\":\"Hasta ahora cuando un\u00a0aut\u00f3nomo\u00a0quer\u00eda realizar cualquier gesti\u00f3n con la Seguridad Social ten\u00eda varias opciones: pod\u00eda pedir cita y acudir a una sede para\",\"breadcrumb\":{\"@id\":\"https:\/\/www.asajacyl.com\/salamanca\/servicios-socio\/partir-del-1-octubre-tramitaciones-la-seguridad-social-solo-podran-telematicas#breadcrumb\"},\"inLanguage\":\"es\",\"potentialAction\":[{\"@type\":\"ReadAction\",\"target\":[\"https:\/\/www.asajacyl.com\/salamanca\/servicios-socio\/partir-del-1-octubre-tramitaciones-la-seguridad-social-solo-podran-telematicas\"]}]},{\"@type\":\"ImageObject\",\"inLanguage\":\"es\",\"@id\":\"https:\/\/www.asajacyl.com\/salamanca\/servicios-socio\/partir-del-1-octubre-tramitaciones-la-seguridad-social-solo-podran-telematicas#primaryimage\",\"url\":\"\",\"contentUrl\":\"\"},{\"@type\":\"BreadcrumbList\",\"@id\":\"https:\/\/www.asajacyl.com\/salamanca\/servicios-socio\/partir-del-1-octubre-tramitaciones-la-seguridad-social-solo-podran-telematicas#breadcrumb\",\"itemListElement\":[{\"@type\":\"ListItem\",\"position\":1,\"name\":\"Portada\",\"item\":\"https:\/\/www.asajacyl.com\/salamanca\/\"},{\"@type\":\"ListItem\",\"position\":2,\"name\":\"Desde el 1 de octubre de 2018 sus tramitaciones con la Seguridad Social solo podr\u00e1n ser telem\u00e1ticas\"}]},{\"@type\":\"WebSite\",\"@id\":\"https:\/\/www.asajacyl.com\/salamanca\/#website\",\"url\":\"https:\/\/www.asajacyl.com\/salamanca\/\",\"name\":\"ASAJA Salamanca\",\"description\":\"Otro sitio m\u00e1s de Provincias ASAJA Castilla y Le\u00f3n\",\"potentialAction\":[{\"@type\":\"SearchAction\",\"target\":{\"@type\":\"EntryPoint\",\"urlTemplate\":\"https:\/\/www.asajacyl.com\/salamanca\/?s={search_term_string}\"},\"query-input\":{\"@type\":\"PropertyValueSpecification\",\"valueRequired\":true,\"valueName\":\"search_term_string\"}}],\"inLanguage\":\"es\"},{\"@type\":\"Person\",\"@id\":\"https:\/\/www.asajacyl.com\/salamanca\/#\/schema\/person\/2bfc7da09988e1087e6291fafe99b67f\",\"name\":\"Sonia\",\"image\":{\"@type\":\"ImageObject\",\"inLanguage\":\"es\",\"@id\":\"https:\/\/www.asajacyl.com\/salamanca\/#\/schema\/person\/image\/\",\"url\":\"https:\/\/secure.gravatar.com\/avatar\/6b0d6eb461a1e3687cc023d59022ef0d?s=96&d=mm&r=g\",\"contentUrl\":\"https:\/\/secure.gravatar.com\/avatar\/6b0d6eb461a1e3687cc023d59022ef0d?s=96&d=mm&r=g\",\"caption\":\"Sonia\"},\"url\":\"https:\/\/www.asajacyl.com\/salamanca\/author\/juanluisde\"}]}<\/script>\n<!-- \/ Yoast SEO plugin. -->","yoast_head_json":{"title":"Desde el 1 de octubre de 2018 sus tramitaciones con la Seguridad Social solo podr\u00e1n ser telem\u00e1ticas - ASAJA Salamanca","description":"Hasta ahora cuando un\u00a0aut\u00f3nomo\u00a0quer\u00eda realizar cualquier gesti\u00f3n con la Seguridad Social ten\u00eda varias opciones: pod\u00eda pedir cita y acudir a una sede para","robots":{"index":"index","follow":"follow","max-snippet":"max-snippet:-1","max-image-preview":"max-image-preview:large","max-video-preview":"max-video-preview:-1"},"canonical":"https:\/\/www.asajacyl.com\/salamanca\/servicios-socio\/partir-del-1-octubre-tramitaciones-la-seguridad-social-solo-podran-telematicas","og_locale":"es_ES","og_type":"article","og_title":"Desde el 1 de octubre de 2018 sus tramitaciones con la Seguridad Social solo podr\u00e1n ser telem\u00e1ticas - ASAJA Salamanca","og_description":"Hasta ahora cuando un\u00a0aut\u00f3nomo\u00a0quer\u00eda realizar cualquier gesti\u00f3n con la Seguridad Social ten\u00eda varias opciones: pod\u00eda pedir cita y acudir a una sede para","og_url":"https:\/\/www.asajacyl.com\/salamanca\/servicios-socio\/partir-del-1-octubre-tramitaciones-la-seguridad-social-solo-podran-telematicas","og_site_name":"ASAJA Salamanca","article_published_time":"2018-10-01T11:11:29+00:00","article_modified_time":"2019-02-22T09:46:42+00:00","og_image":[{"width":1920,"height":1080,"url":"https:\/\/www.asajacyl.com\/salamanca\/wp-content\/uploads\/sites\/7\/2017\/11\/im_predefinida_1920x1080.jpg","type":"image\/jpeg"}],"author":"Sonia","twitter_card":"summary_large_image","twitter_misc":{"Escrito por":"Sonia","Tiempo de lectura":"2 minutos"},"schema":{"@context":"https:\/\/schema.org","@graph":[{"@type":"WebPage","@id":"https:\/\/www.asajacyl.com\/salamanca\/servicios-socio\/partir-del-1-octubre-tramitaciones-la-seguridad-social-solo-podran-telematicas","url":"https:\/\/www.asajacyl.com\/salamanca\/servicios-socio\/partir-del-1-octubre-tramitaciones-la-seguridad-social-solo-podran-telematicas","name":"Desde el 1 de octubre de 2018 sus tramitaciones con la Seguridad Social solo podr\u00e1n ser telem\u00e1ticas - ASAJA Salamanca","isPartOf":{"@id":"https:\/\/www.asajacyl.com\/salamanca\/#website"},"primaryImageOfPage":{"@id":"https:\/\/www.asajacyl.com\/salamanca\/servicios-socio\/partir-del-1-octubre-tramitaciones-la-seguridad-social-solo-podran-telematicas#primaryimage"},"image":{"@id":"https:\/\/www.asajacyl.com\/salamanca\/servicios-socio\/partir-del-1-octubre-tramitaciones-la-seguridad-social-solo-podran-telematicas#primaryimage"},"thumbnailUrl":"","datePublished":"2018-10-01T11:11:29+00:00","dateModified":"2019-02-22T09:46:42+00:00","author":{"@id":"https:\/\/www.asajacyl.com\/salamanca\/#\/schema\/person\/2bfc7da09988e1087e6291fafe99b67f"},"description":"Hasta ahora cuando un\u00a0aut\u00f3nomo\u00a0quer\u00eda realizar cualquier gesti\u00f3n con la Seguridad Social ten\u00eda varias opciones: pod\u00eda pedir cita y acudir a una sede para","breadcrumb":{"@id":"https:\/\/www.asajacyl.com\/salamanca\/servicios-socio\/partir-del-1-octubre-tramitaciones-la-seguridad-social-solo-podran-telematicas#breadcrumb"},"inLanguage":"es","potentialAction":[{"@type":"ReadAction","target":["https:\/\/www.asajacyl.com\/salamanca\/servicios-socio\/partir-del-1-octubre-tramitaciones-la-seguridad-social-solo-podran-telematicas"]}]},{"@type":"ImageObject","inLanguage":"es","@id":"https:\/\/www.asajacyl.com\/salamanca\/servicios-socio\/partir-del-1-octubre-tramitaciones-la-seguridad-social-solo-podran-telematicas#primaryimage","url":"","contentUrl":""},{"@type":"BreadcrumbList","@id":"https:\/\/www.asajacyl.com\/salamanca\/servicios-socio\/partir-del-1-octubre-tramitaciones-la-seguridad-social-solo-podran-telematicas#breadcrumb","itemListElement":[{"@type":"ListItem","position":1,"name":"Portada","item":"https:\/\/www.asajacyl.com\/salamanca\/"},{"@type":"ListItem","position":2,"name":"Desde el 1 de octubre de 2018 sus tramitaciones con la Seguridad Social solo podr\u00e1n ser telem\u00e1ticas"}]},{"@type":"WebSite","@id":"https:\/\/www.asajacyl.com\/salamanca\/#website","url":"https:\/\/www.asajacyl.com\/salamanca\/","name":"ASAJA Salamanca","description":"Otro sitio m\u00e1s de Provincias ASAJA Castilla y Le\u00f3n","potentialAction":[{"@type":"SearchAction","target":{"@type":"EntryPoint","urlTemplate":"https:\/\/www.asajacyl.com\/salamanca\/?s={search_term_string}"},"query-input":{"@type":"PropertyValueSpecification","valueRequired":true,"valueName":"search_term_string"}}],"inLanguage":"es"},{"@type":"Person","@id":"https:\/\/www.asajacyl.com\/salamanca\/#\/schema\/person\/2bfc7da09988e1087e6291fafe99b67f","name":"Sonia","image":{"@type":"ImageObject","inLanguage":"es","@id":"https:\/\/www.asajacyl.com\/salamanca\/#\/schema\/person\/image\/","url":"https:\/\/secure.gravatar.com\/avatar\/6b0d6eb461a1e3687cc023d59022ef0d?s=96&d=mm&r=g","contentUrl":"https:\/\/secure.gravatar.com\/avatar\/6b0d6eb461a1e3687cc023d59022ef0d?s=96&d=mm&r=g","caption":"Sonia"},"url":"https:\/\/www.asajacyl.com\/salamanca\/author\/juanluisde"}]}},"_links":{"self":[{"href":"https:\/\/www.asajacyl.com\/salamanca\/wp-json\/wp\/v2\/posts\/6121"}],"collection":[{"href":"https:\/\/www.asajacyl.com\/salamanca\/wp-json\/wp\/v2\/posts"}],"about":[{"href":"https:\/\/www.asajacyl.com\/salamanca\/wp-json\/wp\/v2\/types\/post"}],"author":[{"embeddable":true,"href":"https:\/\/www.asajacyl.com\/salamanca\/wp-json\/wp\/v2\/users\/10"}],"replies":[{"embeddable":true,"href":"https:\/\/www.asajacyl.com\/salamanca\/wp-json\/wp\/v2\/comments?post=6121"}],"version-history":[{"count":3,"href":"https:\/\/www.asajacyl.com\/salamanca\/wp-json\/wp\/v2\/posts\/6121\/revisions"}],"predecessor-version":[{"id":6668,"href":"https:\/\/www.asajacyl.com\/salamanca\/wp-json\/wp\/v2\/posts\/6121\/revisions\/6668"}],"wp:featuredmedia":[{"embeddable":true,"href":"https:\/\/www.asajacyl.com\/salamanca\/wp-json\/"}],"wp:attachment":[{"href":"https:\/\/www.asajacyl.com\/salamanca\/wp-json\/wp\/v2\/media?parent=6121"}],"wp:term":[{"taxonomy":"category","embeddable":true,"href":"https:\/\/www.asajacyl.com\/salamanca\/wp-json\/wp\/v2\/categories?post=6121"},{"taxonomy":"post_tag","embeddable":true,"href":"https:\/\/www.asajacyl.com\/salamanca\/wp-json\/wp\/v2\/tags?post=6121"}],"curies":[{"name":"wp","href":"https:\/\/api.w.org\/{rel}","templated":true}]}}