{"id":6335,"date":"2018-11-29T18:46:23","date_gmt":"2018-11-29T18:46:23","guid":{"rendered":"https:\/\/www.asajacyl.com\/salamanca\/?p=6335"},"modified":"2019-08-29T09:37:48","modified_gmt":"2019-08-29T09:37:48","slug":"nuevo-horario-del-programa-campo-salmantino","status":"publish","type":"post","link":"https:\/\/www.asajacyl.com\/salamanca\/servicios-socio\/plazos\/nuevo-horario-del-programa-campo-salmantino","title":{"rendered":"Nuevo horario del programa Campo Salmantino a las 22:40"},"content":{"rendered":"<h2>El espacio televisivo adelanta su inicio y se emitir\u00e1 cada lunes a partir de las 22:15 horas en La 8 Salamanca<\/h2>\n<p>Campo Salmantino, el programa dirigido a todos los profesionales del campo que produce ASAJA Salamanca, cambia de horario. A partir del lunes 26 de noviembre, el espacio televisivo adelanta su inicio. <strong>Ahora, Campo Salmantino comienza a las 22:15<\/strong> horas, en vez de a las 22:30, como ven\u00eda siendo habitual.<\/p>\n<p>El programa se emite cada lunes en La 8 Salamanca y cada edici\u00f3n aborda diferentes temas relacionados con la agricultura y la ganader\u00eda de la provincia salmantina. Adem\u00e1s, cada programa incluye la informaci\u00f3n de los precios de la Lonja Agropecuaria Salmantina y el pron\u00f3stico del tiempo.<\/p>\n<p>Toda la informaci\u00f3n sobre la agricultura y ganader\u00eda charra, cada lunes, a las 22:15, en Campo Salmantino.<\/p>\n","protected":false},"excerpt":{"rendered":"<p>El espacio televisivo adelanta su inicio y se emitir\u00e1 cada lunes a partir de las 22:15 horas en La 8 Salamanca Campo Salmantino, el programa dirigido a todos los profesionales del campo que produce ASAJA Salamanca, cambia de horario. A partir del lunes 26 de noviembre, el espacio televisivo adelanta su inicio. Ahora, Campo Salmantino [&hellip;]<\/p>\n","protected":false},"author":10,"featured_media":6337,"comment_status":"open","ping_status":"open","sticky":false,"template":"","format":"standard","meta":{"footnotes":""},"categories":[39,9],"tags":[85,47,72,128,97,79],"yoast_head":"<!-- This site is optimized with the Yoast SEO plugin v24.5 - https:\/\/yoast.com\/wordpress\/plugins\/seo\/ -->\n<title>Nuevo horario del programa Campo Salmantino a las 22:40 - ASAJA Salamanca<\/title>\n<meta name=\"description\" content=\"El espacio televisivo adelanta su inicio y se emitir\u00e1 cada lunes a partir de las 22:15 horas en La 8 Salamanca Campo Salmantino, el programa dirigido a\" \/>\n<meta name=\"robots\" content=\"index, follow, max-snippet:-1, max-image-preview:large, max-video-preview:-1\" \/>\n<link rel=\"canonical\" href=\"https:\/\/www.asajacyl.com\/salamanca\/servicios-socio\/plazos\/nuevo-horario-del-programa-campo-salmantino\" \/>\n<meta property=\"og:locale\" content=\"es_ES\" \/>\n<meta property=\"og:type\" content=\"article\" \/>\n<meta property=\"og:title\" content=\"Nuevo horario del programa Campo Salmantino a las 22:40 - ASAJA Salamanca\" \/>\n<meta property=\"og:description\" content=\"El espacio televisivo adelanta su inicio y se emitir\u00e1 cada lunes a partir de las 22:15 horas en La 8 Salamanca Campo Salmantino, el programa dirigido a\" \/>\n<meta property=\"og:url\" content=\"https:\/\/www.asajacyl.com\/salamanca\/servicios-socio\/plazos\/nuevo-horario-del-programa-campo-salmantino\" \/>\n<meta property=\"og:site_name\" content=\"ASAJA Salamanca\" \/>\n<meta property=\"article:published_time\" content=\"2018-11-29T18:46:23+00:00\" \/>\n<meta property=\"article:modified_time\" content=\"2019-08-29T09:37:48+00:00\" \/>\n<meta property=\"og:image\" content=\"https:\/\/www.asajacyl.com\/salamanca\/wp-content\/uploads\/sites\/7\/2018\/11\/campo-salmantino.jpg\" \/>\n\t<meta property=\"og:image:width\" content=\"1366\" \/>\n\t<meta property=\"og:image:height\" content=\"768\" \/>\n\t<meta property=\"og:image:type\" content=\"image\/jpeg\" \/>\n<meta name=\"author\" content=\"Sonia\" \/>\n<meta name=\"twitter:card\" content=\"summary_large_image\" \/>\n<meta name=\"twitter:label1\" content=\"Escrito por\" \/>\n\t<meta name=\"twitter:data1\" content=\"Sonia\" \/>\n\t<meta name=\"twitter:label2\" content=\"Tiempo de lectura\" \/>\n\t<meta name=\"twitter:data2\" content=\"1 minuto\" \/>\n<script type=\"application\/ld+json\" class=\"yoast-schema-graph\">{\"@context\":\"https:\/\/schema.org\",\"@graph\":[{\"@type\":\"WebPage\",\"@id\":\"https:\/\/www.asajacyl.com\/salamanca\/servicios-socio\/plazos\/nuevo-horario-del-programa-campo-salmantino\",\"url\":\"https:\/\/www.asajacyl.com\/salamanca\/servicios-socio\/plazos\/nuevo-horario-del-programa-campo-salmantino\",\"name\":\"Nuevo horario del programa Campo Salmantino a las 22:40 - ASAJA Salamanca\",\"isPartOf\":{\"@id\":\"https:\/\/www.asajacyl.com\/salamanca\/#website\"},\"primaryImageOfPage\":{\"@id\":\"https:\/\/www.asajacyl.com\/salamanca\/servicios-socio\/plazos\/nuevo-horario-del-programa-campo-salmantino#primaryimage\"},\"image\":{\"@id\":\"https:\/\/www.asajacyl.com\/salamanca\/servicios-socio\/plazos\/nuevo-horario-del-programa-campo-salmantino#primaryimage\"},\"thumbnailUrl\":\"https:\/\/www.asajacyl.com\/salamanca\/wp-content\/uploads\/sites\/7\/2018\/11\/campo-salmantino.jpg\",\"datePublished\":\"2018-11-29T18:46:23+00:00\",\"dateModified\":\"2019-08-29T09:37:48+00:00\",\"author\":{\"@id\":\"https:\/\/www.asajacyl.com\/salamanca\/#\/schema\/person\/2bfc7da09988e1087e6291fafe99b67f\"},\"description\":\"El espacio televisivo adelanta su inicio y se emitir\u00e1 cada lunes a partir de las 22:15 horas en La 8 Salamanca Campo Salmantino, el programa dirigido a\",\"breadcrumb\":{\"@id\":\"https:\/\/www.asajacyl.com\/salamanca\/servicios-socio\/plazos\/nuevo-horario-del-programa-campo-salmantino#breadcrumb\"},\"inLanguage\":\"es\",\"potentialAction\":[{\"@type\":\"ReadAction\",\"target\":[\"https:\/\/www.asajacyl.com\/salamanca\/servicios-socio\/plazos\/nuevo-horario-del-programa-campo-salmantino\"]}]},{\"@type\":\"ImageObject\",\"inLanguage\":\"es\",\"@id\":\"https:\/\/www.asajacyl.com\/salamanca\/servicios-socio\/plazos\/nuevo-horario-del-programa-campo-salmantino#primaryimage\",\"url\":\"https:\/\/www.asajacyl.com\/salamanca\/wp-content\/uploads\/sites\/7\/2018\/11\/campo-salmantino.jpg\",\"contentUrl\":\"https:\/\/www.asajacyl.com\/salamanca\/wp-content\/uploads\/sites\/7\/2018\/11\/campo-salmantino.jpg\",\"width\":1366,\"height\":768},{\"@type\":\"BreadcrumbList\",\"@id\":\"https:\/\/www.asajacyl.com\/salamanca\/servicios-socio\/plazos\/nuevo-horario-del-programa-campo-salmantino#breadcrumb\",\"itemListElement\":[{\"@type\":\"ListItem\",\"position\":1,\"name\":\"Portada\",\"item\":\"https:\/\/www.asajacyl.com\/salamanca\/\"},{\"@type\":\"ListItem\",\"position\":2,\"name\":\"Nuevo horario del programa Campo Salmantino a las 22:40\"}]},{\"@type\":\"WebSite\",\"@id\":\"https:\/\/www.asajacyl.com\/salamanca\/#website\",\"url\":\"https:\/\/www.asajacyl.com\/salamanca\/\",\"name\":\"ASAJA Salamanca\",\"description\":\"Otro sitio m\u00e1s de Provincias ASAJA Castilla y Le\u00f3n\",\"potentialAction\":[{\"@type\":\"SearchAction\",\"target\":{\"@type\":\"EntryPoint\",\"urlTemplate\":\"https:\/\/www.asajacyl.com\/salamanca\/?s={search_term_string}\"},\"query-input\":{\"@type\":\"PropertyValueSpecification\",\"valueRequired\":true,\"valueName\":\"search_term_string\"}}],\"inLanguage\":\"es\"},{\"@type\":\"Person\",\"@id\":\"https:\/\/www.asajacyl.com\/salamanca\/#\/schema\/person\/2bfc7da09988e1087e6291fafe99b67f\",\"name\":\"Sonia\",\"image\":{\"@type\":\"ImageObject\",\"inLanguage\":\"es\",\"@id\":\"https:\/\/www.asajacyl.com\/salamanca\/#\/schema\/person\/image\/\",\"url\":\"https:\/\/secure.gravatar.com\/avatar\/6b0d6eb461a1e3687cc023d59022ef0d?s=96&d=mm&r=g\",\"contentUrl\":\"https:\/\/secure.gravatar.com\/avatar\/6b0d6eb461a1e3687cc023d59022ef0d?s=96&d=mm&r=g\",\"caption\":\"Sonia\"},\"url\":\"https:\/\/www.asajacyl.com\/salamanca\/author\/juanluisde\"}]}<\/script>\n<!-- \/ Yoast SEO plugin. -->","yoast_head_json":{"title":"Nuevo horario del programa Campo Salmantino a las 22:40 - ASAJA Salamanca","description":"El espacio televisivo adelanta su inicio y se emitir\u00e1 cada lunes a partir de las 22:15 horas en La 8 Salamanca Campo Salmantino, el programa dirigido a","robots":{"index":"index","follow":"follow","max-snippet":"max-snippet:-1","max-image-preview":"max-image-preview:large","max-video-preview":"max-video-preview:-1"},"canonical":"https:\/\/www.asajacyl.com\/salamanca\/servicios-socio\/plazos\/nuevo-horario-del-programa-campo-salmantino","og_locale":"es_ES","og_type":"article","og_title":"Nuevo horario del programa Campo Salmantino a las 22:40 - ASAJA Salamanca","og_description":"El espacio televisivo adelanta su inicio y se emitir\u00e1 cada lunes a partir de las 22:15 horas en La 8 Salamanca Campo Salmantino, el programa dirigido a","og_url":"https:\/\/www.asajacyl.com\/salamanca\/servicios-socio\/plazos\/nuevo-horario-del-programa-campo-salmantino","og_site_name":"ASAJA Salamanca","article_published_time":"2018-11-29T18:46:23+00:00","article_modified_time":"2019-08-29T09:37:48+00:00","og_image":[{"width":1366,"height":768,"url":"https:\/\/www.asajacyl.com\/salamanca\/wp-content\/uploads\/sites\/7\/2018\/11\/campo-salmantino.jpg","type":"image\/jpeg"}],"author":"Sonia","twitter_card":"summary_large_image","twitter_misc":{"Escrito por":"Sonia","Tiempo de lectura":"1 minuto"},"schema":{"@context":"https:\/\/schema.org","@graph":[{"@type":"WebPage","@id":"https:\/\/www.asajacyl.com\/salamanca\/servicios-socio\/plazos\/nuevo-horario-del-programa-campo-salmantino","url":"https:\/\/www.asajacyl.com\/salamanca\/servicios-socio\/plazos\/nuevo-horario-del-programa-campo-salmantino","name":"Nuevo horario del programa Campo Salmantino a las 22:40 - ASAJA Salamanca","isPartOf":{"@id":"https:\/\/www.asajacyl.com\/salamanca\/#website"},"primaryImageOfPage":{"@id":"https:\/\/www.asajacyl.com\/salamanca\/servicios-socio\/plazos\/nuevo-horario-del-programa-campo-salmantino#primaryimage"},"image":{"@id":"https:\/\/www.asajacyl.com\/salamanca\/servicios-socio\/plazos\/nuevo-horario-del-programa-campo-salmantino#primaryimage"},"thumbnailUrl":"https:\/\/www.asajacyl.com\/salamanca\/wp-content\/uploads\/sites\/7\/2018\/11\/campo-salmantino.jpg","datePublished":"2018-11-29T18:46:23+00:00","dateModified":"2019-08-29T09:37:48+00:00","author":{"@id":"https:\/\/www.asajacyl.com\/salamanca\/#\/schema\/person\/2bfc7da09988e1087e6291fafe99b67f"},"description":"El espacio televisivo adelanta su inicio y se emitir\u00e1 cada lunes a partir de las 22:15 horas en La 8 Salamanca Campo Salmantino, el programa dirigido a","breadcrumb":{"@id":"https:\/\/www.asajacyl.com\/salamanca\/servicios-socio\/plazos\/nuevo-horario-del-programa-campo-salmantino#breadcrumb"},"inLanguage":"es","potentialAction":[{"@type":"ReadAction","target":["https:\/\/www.asajacyl.com\/salamanca\/servicios-socio\/plazos\/nuevo-horario-del-programa-campo-salmantino"]}]},{"@type":"ImageObject","inLanguage":"es","@id":"https:\/\/www.asajacyl.com\/salamanca\/servicios-socio\/plazos\/nuevo-horario-del-programa-campo-salmantino#primaryimage","url":"https:\/\/www.asajacyl.com\/salamanca\/wp-content\/uploads\/sites\/7\/2018\/11\/campo-salmantino.jpg","contentUrl":"https:\/\/www.asajacyl.com\/salamanca\/wp-content\/uploads\/sites\/7\/2018\/11\/campo-salmantino.jpg","width":1366,"height":768},{"@type":"BreadcrumbList","@id":"https:\/\/www.asajacyl.com\/salamanca\/servicios-socio\/plazos\/nuevo-horario-del-programa-campo-salmantino#breadcrumb","itemListElement":[{"@type":"ListItem","position":1,"name":"Portada","item":"https:\/\/www.asajacyl.com\/salamanca\/"},{"@type":"ListItem","position":2,"name":"Nuevo horario del programa Campo Salmantino a las 22:40"}]},{"@type":"WebSite","@id":"https:\/\/www.asajacyl.com\/salamanca\/#website","url":"https:\/\/www.asajacyl.com\/salamanca\/","name":"ASAJA Salamanca","description":"Otro sitio m\u00e1s de Provincias ASAJA Castilla y Le\u00f3n","potentialAction":[{"@type":"SearchAction","target":{"@type":"EntryPoint","urlTemplate":"https:\/\/www.asajacyl.com\/salamanca\/?s={search_term_string}"},"query-input":{"@type":"PropertyValueSpecification","valueRequired":true,"valueName":"search_term_string"}}],"inLanguage":"es"},{"@type":"Person","@id":"https:\/\/www.asajacyl.com\/salamanca\/#\/schema\/person\/2bfc7da09988e1087e6291fafe99b67f","name":"Sonia","image":{"@type":"ImageObject","inLanguage":"es","@id":"https:\/\/www.asajacyl.com\/salamanca\/#\/schema\/person\/image\/","url":"https:\/\/secure.gravatar.com\/avatar\/6b0d6eb461a1e3687cc023d59022ef0d?s=96&d=mm&r=g","contentUrl":"https:\/\/secure.gravatar.com\/avatar\/6b0d6eb461a1e3687cc023d59022ef0d?s=96&d=mm&r=g","caption":"Sonia"},"url":"https:\/\/www.asajacyl.com\/salamanca\/author\/juanluisde"}]}},"_links":{"self":[{"href":"https:\/\/www.asajacyl.com\/salamanca\/wp-json\/wp\/v2\/posts\/6335"}],"collection":[{"href":"https:\/\/www.asajacyl.com\/salamanca\/wp-json\/wp\/v2\/posts"}],"about":[{"href":"https:\/\/www.asajacyl.com\/salamanca\/wp-json\/wp\/v2\/types\/post"}],"author":[{"embeddable":true,"href":"https:\/\/www.asajacyl.com\/salamanca\/wp-json\/wp\/v2\/users\/10"}],"replies":[{"embeddable":true,"href":"https:\/\/www.asajacyl.com\/salamanca\/wp-json\/wp\/v2\/comments?post=6335"}],"version-history":[{"count":10,"href":"https:\/\/www.asajacyl.com\/salamanca\/wp-json\/wp\/v2\/posts\/6335\/revisions"}],"predecessor-version":[{"id":7436,"href":"https:\/\/www.asajacyl.com\/salamanca\/wp-json\/wp\/v2\/posts\/6335\/revisions\/7436"}],"wp:featuredmedia":[{"embeddable":true,"href":"https:\/\/www.asajacyl.com\/salamanca\/wp-json\/wp\/v2\/media\/6337"}],"wp:attachment":[{"href":"https:\/\/www.asajacyl.com\/salamanca\/wp-json\/wp\/v2\/media?parent=6335"}],"wp:term":[{"taxonomy":"category","embeddable":true,"href":"https:\/\/www.asajacyl.com\/salamanca\/wp-json\/wp\/v2\/categories?post=6335"},{"taxonomy":"post_tag","embeddable":true,"href":"https:\/\/www.asajacyl.com\/salamanca\/wp-json\/wp\/v2\/tags?post=6335"}],"curies":[{"name":"wp","href":"https:\/\/api.w.org\/{rel}","templated":true}]}}