{"id":6607,"date":"2020-08-17T10:00:00","date_gmt":"2020-08-17T10:00:00","guid":{"rendered":"https:\/\/www.asajacyl.com\/salamanca\/?p=6607"},"modified":"2020-08-31T07:46:18","modified_gmt":"2020-08-31T07:46:18","slug":"curso-incorporacion-salamanca","status":"publish","type":"post","link":"https:\/\/www.asajacyl.com\/salamanca\/asaja-salamanca-informa\/curso-incorporacion-salamanca","title":{"rendered":"Arranca el curso presencial de Incorporaci\u00f3n a la Empresa Agraria el 1 de octubre en ASAJA Salamanca"},"content":{"rendered":"<p><span style=\"font-size: 10pt\">ASAJA Salamanca impartir\u00e1 un curso de Incorporaci\u00f3n a la Empresa Agraria en modalidad presencial. La actividad formativa de 200 horas lectivas dar\u00e1 comienzo el d\u00eda 1<strong> de octubre al 15 de diciembre<\/strong>. El horario ser\u00e1 vespertino, desde las 17:00 a 21 horas horas en la sede de ASAJA, situada en Camino Estrecho de la Aldehuela n\u00ba 50.<\/span><\/p>\n<p><span style=\"font-size: 10pt\">Esta acci\u00f3n va dirigida a j\u00f3venes que se van a dedicar o trabajan ya en el sector agropecuario, para conseguir la formaci\u00f3n profesional necesaria y que puedan certificar los requisitos de capacitaci\u00f3n y competencia que les exige la normativa. De esta forma, podr\u00e1n, adem\u00e1s, solicitar las ayudas a la incorporaci\u00f3n, modernizaci\u00f3n de explotaciones o adquirir la calificaci\u00f3n de explotaci\u00f3n prioritaria. Tambi\u00e9n podr\u00e1n solicitar derechos de pago b\u00e1sico a la Reserva Nacional. \u00bfQuieres saber d\u00f3nde estamos? Pincha aqu\u00ed: <a href=\"https:\/\/www.asajacyl.com\/salamanca\/donde-estamos\" target=\"_blank\" rel=\"noopener noreferrer\">tel\u00e9fonos de ASAJA Salamanca<\/a><\/span><\/p>\n<p><span style=\"font-size: 12pt\"><strong>Acci\u00f3n cofinanciada por el FEADER en un 80%<\/strong><\/span><\/p>\n<p><img loading=\"lazy\" decoding=\"async\" class=\"alignnone wp-image-6760\" src=\"https:\/\/www.asajacyl.com\/salamanca\/wp-content\/uploads\/sites\/7\/2019\/02\/cartel-recortado-1024x374.jpg\" alt=\"\" width=\"1123\" height=\"410\" srcset=\"https:\/\/www.asajacyl.com\/salamanca\/wp-content\/uploads\/sites\/7\/2019\/02\/cartel-recortado-1024x374.jpg 1024w, https:\/\/www.asajacyl.com\/salamanca\/wp-content\/uploads\/sites\/7\/2019\/02\/cartel-recortado-300x110.jpg 300w, https:\/\/www.asajacyl.com\/salamanca\/wp-content\/uploads\/sites\/7\/2019\/02\/cartel-recortado-768x280.jpg 768w, https:\/\/www.asajacyl.com\/salamanca\/wp-content\/uploads\/sites\/7\/2019\/02\/cartel-recortado-696x254.jpg 696w, https:\/\/www.asajacyl.com\/salamanca\/wp-content\/uploads\/sites\/7\/2019\/02\/cartel-recortado-1068x390.jpg 1068w, https:\/\/www.asajacyl.com\/salamanca\/wp-content\/uploads\/sites\/7\/2019\/02\/cartel-recortado-1150x420.jpg 1150w, https:\/\/www.asajacyl.com\/salamanca\/wp-content\/uploads\/sites\/7\/2019\/02\/cartel-recortado-1920x701.jpg 1920w\" sizes=\"(max-width: 1123px) 100vw, 1123px\" \/><\/p>\n","protected":false},"excerpt":{"rendered":"<p>ASAJA Salamanca impartir\u00e1 un curso de Incorporaci\u00f3n a la Empresa Agraria en modalidad presencial. La actividad formativa de 200 horas lectivas dar\u00e1 comienzo el d\u00eda 1 de octubre al 15 de diciembre. El horario ser\u00e1 vespertino, desde las 17:00 a 21 horas horas en la sede de ASAJA, situada en Camino Estrecho de la Aldehuela [&hellip;]<\/p>\n","protected":false},"author":10,"featured_media":5319,"comment_status":"open","ping_status":"open","sticky":false,"template":"","format":"standard","meta":{"footnotes":""},"categories":[10,36,39],"tags":[61,47,162,432,434,431,433],"yoast_head":"<!-- This site is optimized with the Yoast SEO plugin v24.5 - https:\/\/yoast.com\/wordpress\/plugins\/seo\/ -->\n<title>Arranca el curso Incorporaci\u00f3n a la Empresa Agraria el 18 de marzo<\/title>\n<meta name=\"description\" content=\"ASAJA Salamanca celebrar\u00e1 un nuevo curso de incorporaci\u00f3n a la Empresa Agraria en modalidad presencial del 18 de marzo a al 29 de mayo\" \/>\n<meta name=\"robots\" content=\"index, follow, max-snippet:-1, max-image-preview:large, max-video-preview:-1\" \/>\n<link rel=\"canonical\" href=\"https:\/\/www.asajacyl.com\/salamanca\/asaja-salamanca-informa\/curso-incorporacion-salamanca\" \/>\n<meta property=\"og:locale\" content=\"es_ES\" \/>\n<meta property=\"og:type\" content=\"article\" \/>\n<meta property=\"og:title\" content=\"Arranca el curso Incorporaci\u00f3n a la Empresa Agraria el 18 de marzo\" \/>\n<meta property=\"og:description\" content=\"ASAJA Salamanca celebrar\u00e1 un nuevo curso de incorporaci\u00f3n a la Empresa Agraria en modalidad presencial del 18 de marzo a al 29 de mayo\" \/>\n<meta property=\"og:url\" content=\"https:\/\/www.asajacyl.com\/salamanca\/asaja-salamanca-informa\/curso-incorporacion-salamanca\" \/>\n<meta property=\"og:site_name\" content=\"ASAJA Salamanca\" \/>\n<meta property=\"article:published_time\" content=\"2020-08-17T10:00:00+00:00\" \/>\n<meta property=\"article:modified_time\" content=\"2020-08-31T07:46:18+00:00\" \/>\n<meta property=\"og:image\" content=\"https:\/\/www.asajacyl.com\/salamanca\/wp-content\/uploads\/sites\/7\/2018\/03\/DSC01576.jpg\" \/>\n\t<meta property=\"og:image:width\" content=\"2500\" \/>\n\t<meta property=\"og:image:height\" content=\"1435\" \/>\n\t<meta property=\"og:image:type\" content=\"image\/jpeg\" \/>\n<meta name=\"author\" content=\"Sonia\" \/>\n<meta name=\"twitter:card\" content=\"summary_large_image\" \/>\n<meta name=\"twitter:label1\" content=\"Escrito por\" \/>\n\t<meta name=\"twitter:data1\" content=\"Sonia\" \/>\n\t<meta name=\"twitter:label2\" content=\"Tiempo de lectura\" \/>\n\t<meta name=\"twitter:data2\" content=\"1 minuto\" \/>\n<script type=\"application\/ld+json\" class=\"yoast-schema-graph\">{\"@context\":\"https:\/\/schema.org\",\"@graph\":[{\"@type\":\"WebPage\",\"@id\":\"https:\/\/www.asajacyl.com\/salamanca\/asaja-salamanca-informa\/curso-incorporacion-salamanca\",\"url\":\"https:\/\/www.asajacyl.com\/salamanca\/asaja-salamanca-informa\/curso-incorporacion-salamanca\",\"name\":\"Arranca el curso Incorporaci\u00f3n a la Empresa Agraria el 18 de marzo\",\"isPartOf\":{\"@id\":\"https:\/\/www.asajacyl.com\/salamanca\/#website\"},\"primaryImageOfPage\":{\"@id\":\"https:\/\/www.asajacyl.com\/salamanca\/asaja-salamanca-informa\/curso-incorporacion-salamanca#primaryimage\"},\"image\":{\"@id\":\"https:\/\/www.asajacyl.com\/salamanca\/asaja-salamanca-informa\/curso-incorporacion-salamanca#primaryimage\"},\"thumbnailUrl\":\"https:\/\/www.asajacyl.com\/salamanca\/wp-content\/uploads\/sites\/7\/2018\/03\/DSC01576.jpg\",\"datePublished\":\"2020-08-17T10:00:00+00:00\",\"dateModified\":\"2020-08-31T07:46:18+00:00\",\"author\":{\"@id\":\"https:\/\/www.asajacyl.com\/salamanca\/#\/schema\/person\/2bfc7da09988e1087e6291fafe99b67f\"},\"description\":\"ASAJA Salamanca celebrar\u00e1 un nuevo curso de incorporaci\u00f3n a la Empresa Agraria en modalidad presencial del 18 de marzo a al 29 de mayo\",\"breadcrumb\":{\"@id\":\"https:\/\/www.asajacyl.com\/salamanca\/asaja-salamanca-informa\/curso-incorporacion-salamanca#breadcrumb\"},\"inLanguage\":\"es\",\"potentialAction\":[{\"@type\":\"ReadAction\",\"target\":[\"https:\/\/www.asajacyl.com\/salamanca\/asaja-salamanca-informa\/curso-incorporacion-salamanca\"]}]},{\"@type\":\"ImageObject\",\"inLanguage\":\"es\",\"@id\":\"https:\/\/www.asajacyl.com\/salamanca\/asaja-salamanca-informa\/curso-incorporacion-salamanca#primaryimage\",\"url\":\"https:\/\/www.asajacyl.com\/salamanca\/wp-content\/uploads\/sites\/7\/2018\/03\/DSC01576.jpg\",\"contentUrl\":\"https:\/\/www.asajacyl.com\/salamanca\/wp-content\/uploads\/sites\/7\/2018\/03\/DSC01576.jpg\",\"width\":2500,\"height\":1435},{\"@type\":\"BreadcrumbList\",\"@id\":\"https:\/\/www.asajacyl.com\/salamanca\/asaja-salamanca-informa\/curso-incorporacion-salamanca#breadcrumb\",\"itemListElement\":[{\"@type\":\"ListItem\",\"position\":1,\"name\":\"Portada\",\"item\":\"https:\/\/www.asajacyl.com\/salamanca\/\"},{\"@type\":\"ListItem\",\"position\":2,\"name\":\"Arranca el curso presencial de Incorporaci\u00f3n a la Empresa Agraria el 1 de octubre en ASAJA Salamanca\"}]},{\"@type\":\"WebSite\",\"@id\":\"https:\/\/www.asajacyl.com\/salamanca\/#website\",\"url\":\"https:\/\/www.asajacyl.com\/salamanca\/\",\"name\":\"ASAJA Salamanca\",\"description\":\"Otro sitio m\u00e1s de Provincias ASAJA Castilla y Le\u00f3n\",\"potentialAction\":[{\"@type\":\"SearchAction\",\"target\":{\"@type\":\"EntryPoint\",\"urlTemplate\":\"https:\/\/www.asajacyl.com\/salamanca\/?s={search_term_string}\"},\"query-input\":{\"@type\":\"PropertyValueSpecification\",\"valueRequired\":true,\"valueName\":\"search_term_string\"}}],\"inLanguage\":\"es\"},{\"@type\":\"Person\",\"@id\":\"https:\/\/www.asajacyl.com\/salamanca\/#\/schema\/person\/2bfc7da09988e1087e6291fafe99b67f\",\"name\":\"Sonia\",\"image\":{\"@type\":\"ImageObject\",\"inLanguage\":\"es\",\"@id\":\"https:\/\/www.asajacyl.com\/salamanca\/#\/schema\/person\/image\/\",\"url\":\"https:\/\/secure.gravatar.com\/avatar\/6b0d6eb461a1e3687cc023d59022ef0d?s=96&d=mm&r=g\",\"contentUrl\":\"https:\/\/secure.gravatar.com\/avatar\/6b0d6eb461a1e3687cc023d59022ef0d?s=96&d=mm&r=g\",\"caption\":\"Sonia\"},\"url\":\"https:\/\/www.asajacyl.com\/salamanca\/author\/juanluisde\"}]}<\/script>\n<!-- \/ Yoast SEO plugin. -->","yoast_head_json":{"title":"Arranca el curso Incorporaci\u00f3n a la Empresa Agraria el 18 de marzo","description":"ASAJA Salamanca celebrar\u00e1 un nuevo curso de incorporaci\u00f3n a la Empresa Agraria en modalidad presencial del 18 de marzo a al 29 de mayo","robots":{"index":"index","follow":"follow","max-snippet":"max-snippet:-1","max-image-preview":"max-image-preview:large","max-video-preview":"max-video-preview:-1"},"canonical":"https:\/\/www.asajacyl.com\/salamanca\/asaja-salamanca-informa\/curso-incorporacion-salamanca","og_locale":"es_ES","og_type":"article","og_title":"Arranca el curso Incorporaci\u00f3n a la Empresa Agraria el 18 de marzo","og_description":"ASAJA Salamanca celebrar\u00e1 un nuevo curso de incorporaci\u00f3n a la Empresa Agraria en modalidad presencial del 18 de marzo a al 29 de mayo","og_url":"https:\/\/www.asajacyl.com\/salamanca\/asaja-salamanca-informa\/curso-incorporacion-salamanca","og_site_name":"ASAJA Salamanca","article_published_time":"2020-08-17T10:00:00+00:00","article_modified_time":"2020-08-31T07:46:18+00:00","og_image":[{"width":2500,"height":1435,"url":"https:\/\/www.asajacyl.com\/salamanca\/wp-content\/uploads\/sites\/7\/2018\/03\/DSC01576.jpg","type":"image\/jpeg"}],"author":"Sonia","twitter_card":"summary_large_image","twitter_misc":{"Escrito por":"Sonia","Tiempo de lectura":"1 minuto"},"schema":{"@context":"https:\/\/schema.org","@graph":[{"@type":"WebPage","@id":"https:\/\/www.asajacyl.com\/salamanca\/asaja-salamanca-informa\/curso-incorporacion-salamanca","url":"https:\/\/www.asajacyl.com\/salamanca\/asaja-salamanca-informa\/curso-incorporacion-salamanca","name":"Arranca el curso Incorporaci\u00f3n a la Empresa Agraria el 18 de marzo","isPartOf":{"@id":"https:\/\/www.asajacyl.com\/salamanca\/#website"},"primaryImageOfPage":{"@id":"https:\/\/www.asajacyl.com\/salamanca\/asaja-salamanca-informa\/curso-incorporacion-salamanca#primaryimage"},"image":{"@id":"https:\/\/www.asajacyl.com\/salamanca\/asaja-salamanca-informa\/curso-incorporacion-salamanca#primaryimage"},"thumbnailUrl":"https:\/\/www.asajacyl.com\/salamanca\/wp-content\/uploads\/sites\/7\/2018\/03\/DSC01576.jpg","datePublished":"2020-08-17T10:00:00+00:00","dateModified":"2020-08-31T07:46:18+00:00","author":{"@id":"https:\/\/www.asajacyl.com\/salamanca\/#\/schema\/person\/2bfc7da09988e1087e6291fafe99b67f"},"description":"ASAJA Salamanca celebrar\u00e1 un nuevo curso de incorporaci\u00f3n a la Empresa Agraria en modalidad presencial del 18 de marzo a al 29 de mayo","breadcrumb":{"@id":"https:\/\/www.asajacyl.com\/salamanca\/asaja-salamanca-informa\/curso-incorporacion-salamanca#breadcrumb"},"inLanguage":"es","potentialAction":[{"@type":"ReadAction","target":["https:\/\/www.asajacyl.com\/salamanca\/asaja-salamanca-informa\/curso-incorporacion-salamanca"]}]},{"@type":"ImageObject","inLanguage":"es","@id":"https:\/\/www.asajacyl.com\/salamanca\/asaja-salamanca-informa\/curso-incorporacion-salamanca#primaryimage","url":"https:\/\/www.asajacyl.com\/salamanca\/wp-content\/uploads\/sites\/7\/2018\/03\/DSC01576.jpg","contentUrl":"https:\/\/www.asajacyl.com\/salamanca\/wp-content\/uploads\/sites\/7\/2018\/03\/DSC01576.jpg","width":2500,"height":1435},{"@type":"BreadcrumbList","@id":"https:\/\/www.asajacyl.com\/salamanca\/asaja-salamanca-informa\/curso-incorporacion-salamanca#breadcrumb","itemListElement":[{"@type":"ListItem","position":1,"name":"Portada","item":"https:\/\/www.asajacyl.com\/salamanca\/"},{"@type":"ListItem","position":2,"name":"Arranca el curso presencial de Incorporaci\u00f3n a la Empresa Agraria el 1 de octubre en ASAJA Salamanca"}]},{"@type":"WebSite","@id":"https:\/\/www.asajacyl.com\/salamanca\/#website","url":"https:\/\/www.asajacyl.com\/salamanca\/","name":"ASAJA Salamanca","description":"Otro sitio m\u00e1s de Provincias ASAJA Castilla y Le\u00f3n","potentialAction":[{"@type":"SearchAction","target":{"@type":"EntryPoint","urlTemplate":"https:\/\/www.asajacyl.com\/salamanca\/?s={search_term_string}"},"query-input":{"@type":"PropertyValueSpecification","valueRequired":true,"valueName":"search_term_string"}}],"inLanguage":"es"},{"@type":"Person","@id":"https:\/\/www.asajacyl.com\/salamanca\/#\/schema\/person\/2bfc7da09988e1087e6291fafe99b67f","name":"Sonia","image":{"@type":"ImageObject","inLanguage":"es","@id":"https:\/\/www.asajacyl.com\/salamanca\/#\/schema\/person\/image\/","url":"https:\/\/secure.gravatar.com\/avatar\/6b0d6eb461a1e3687cc023d59022ef0d?s=96&d=mm&r=g","contentUrl":"https:\/\/secure.gravatar.com\/avatar\/6b0d6eb461a1e3687cc023d59022ef0d?s=96&d=mm&r=g","caption":"Sonia"},"url":"https:\/\/www.asajacyl.com\/salamanca\/author\/juanluisde"}]}},"_links":{"self":[{"href":"https:\/\/www.asajacyl.com\/salamanca\/wp-json\/wp\/v2\/posts\/6607"}],"collection":[{"href":"https:\/\/www.asajacyl.com\/salamanca\/wp-json\/wp\/v2\/posts"}],"about":[{"href":"https:\/\/www.asajacyl.com\/salamanca\/wp-json\/wp\/v2\/types\/post"}],"author":[{"embeddable":true,"href":"https:\/\/www.asajacyl.com\/salamanca\/wp-json\/wp\/v2\/users\/10"}],"replies":[{"embeddable":true,"href":"https:\/\/www.asajacyl.com\/salamanca\/wp-json\/wp\/v2\/comments?post=6607"}],"version-history":[{"count":20,"href":"https:\/\/www.asajacyl.com\/salamanca\/wp-json\/wp\/v2\/posts\/6607\/revisions"}],"predecessor-version":[{"id":9341,"href":"https:\/\/www.asajacyl.com\/salamanca\/wp-json\/wp\/v2\/posts\/6607\/revisions\/9341"}],"wp:featuredmedia":[{"embeddable":true,"href":"https:\/\/www.asajacyl.com\/salamanca\/wp-json\/wp\/v2\/media\/5319"}],"wp:attachment":[{"href":"https:\/\/www.asajacyl.com\/salamanca\/wp-json\/wp\/v2\/media?parent=6607"}],"wp:term":[{"taxonomy":"category","embeddable":true,"href":"https:\/\/www.asajacyl.com\/salamanca\/wp-json\/wp\/v2\/categories?post=6607"},{"taxonomy":"post_tag","embeddable":true,"href":"https:\/\/www.asajacyl.com\/salamanca\/wp-json\/wp\/v2\/tags?post=6607"}],"curies":[{"name":"wp","href":"https:\/\/api.w.org\/{rel}","templated":true}]}}