{"id":7641,"date":"2019-10-10T09:15:44","date_gmt":"2019-10-10T09:15:44","guid":{"rendered":"https:\/\/www.asajacyl.com\/salamanca\/?p=7641"},"modified":"2019-10-10T09:17:19","modified_gmt":"2019-10-10T09:17:19","slug":"finaliza-plazo-acogerse-al-descuento-del-5-la-linea-309","status":"publish","type":"post","link":"https:\/\/www.asajacyl.com\/salamanca\/servicios-socio\/plazos\/finaliza-plazo-acogerse-al-descuento-del-5-la-linea-309","title":{"rendered":"El plazo para acogerse al descuento adicional del 5% de la L\u00ednea 309 finaliza el 15 de noviembre"},"content":{"rendered":"<p>Aquellos agricultores que contraten el seguro de la L\u00ednea 309, de Cultivos Herb\u00e1ceos Extensivo, que ya lo hubieran hecho la campa\u00f1a anterior, podr\u00e1n acogerse al descuento en su p\u00f3liza de hasta el 5% si lo realizan antes del 15 de noviembre.<\/p>\n<blockquote class=\"wp-embedded-content\" data-secret=\"TfYRknOJgh\"><p><a href=\"https:\/\/www.asajacyl.com\/salamanca\/servicios-socio\/poliza-agroseguro-crereales\">Agroseguro realiza descuentos en las p\u00f3lizas del 5% de la L\u00ednea 309<\/a><\/p><\/blockquote>\n<p><iframe class=\"wp-embedded-content\" sandbox=\"allow-scripts\" security=\"restricted\" style=\"position: absolute; clip: rect(1px, 1px, 1px, 1px);\" src=\"https:\/\/www.asajacyl.com\/salamanca\/servicios-socio\/poliza-agroseguro-crereales\/embed#?secret=TfYRknOJgh\" data-secret=\"TfYRknOJgh\" width=\"600\" height=\"338\" title=\"&#171;Agroseguro realiza descuentos en las p\u00f3lizas del 5% de la L\u00ednea 309&#187; &#8212; ASAJA Salamanca\" frameborder=\"0\" marginwidth=\"0\" marginheight=\"0\" scrolling=\"no\"><\/iframe><\/p>\n","protected":false},"excerpt":{"rendered":"<p>Aquellos agricultores que contraten el seguro de la L\u00ednea 309, de Cultivos Herb\u00e1ceos Extensivo, que ya lo hubieran hecho la campa\u00f1a anterior, podr\u00e1n acogerse al descuento en su p\u00f3liza de hasta el 5% si lo realizan antes del 15 de noviembre. Agroseguro realiza descuentos en las p\u00f3lizas del 5% de la L\u00ednea 309<\/p>\n","protected":false},"author":10,"featured_media":6974,"comment_status":"open","ping_status":"open","sticky":false,"template":"","format":"standard","meta":{"footnotes":""},"categories":[510,39,9],"tags":[],"yoast_head":"<!-- This site is optimized with the Yoast SEO plugin v24.5 - https:\/\/yoast.com\/wordpress\/plugins\/seo\/ -->\n<title>El plazo para acogerse al descuento adicional del 5% de la L\u00ednea 309 finaliza el 15 de noviembre - ASAJA Salamanca<\/title>\n<meta name=\"description\" content=\"Aquellos agricultores que contraten el seguro de la L\u00ednea 309, de Cultivos Herb\u00e1ceos Extensivo, que ya lo hubieran hecho la campa\u00f1a anterior, podr\u00e1n\" \/>\n<meta name=\"robots\" content=\"index, follow, max-snippet:-1, max-image-preview:large, max-video-preview:-1\" \/>\n<link rel=\"canonical\" href=\"https:\/\/www.asajacyl.com\/salamanca\/servicios-socio\/plazos\/finaliza-plazo-acogerse-al-descuento-del-5-la-linea-309\" \/>\n<meta property=\"og:locale\" content=\"es_ES\" \/>\n<meta property=\"og:type\" content=\"article\" \/>\n<meta property=\"og:title\" content=\"El plazo para acogerse al descuento adicional del 5% de la L\u00ednea 309 finaliza el 15 de noviembre - ASAJA Salamanca\" \/>\n<meta property=\"og:description\" content=\"Aquellos agricultores que contraten el seguro de la L\u00ednea 309, de Cultivos Herb\u00e1ceos Extensivo, que ya lo hubieran hecho la campa\u00f1a anterior, podr\u00e1n\" \/>\n<meta property=\"og:url\" content=\"https:\/\/www.asajacyl.com\/salamanca\/servicios-socio\/plazos\/finaliza-plazo-acogerse-al-descuento-del-5-la-linea-309\" \/>\n<meta property=\"og:site_name\" content=\"ASAJA Salamanca\" \/>\n<meta property=\"article:published_time\" content=\"2019-10-10T09:15:44+00:00\" \/>\n<meta property=\"article:modified_time\" content=\"2019-10-10T09:17:19+00:00\" \/>\n<meta property=\"og:image\" content=\"https:\/\/www.asajacyl.com\/salamanca\/wp-content\/uploads\/sites\/7\/2019\/04\/DSC02419web.jpg\" \/>\n\t<meta property=\"og:image:width\" content=\"2500\" \/>\n\t<meta property=\"og:image:height\" content=\"1875\" \/>\n\t<meta property=\"og:image:type\" content=\"image\/jpeg\" \/>\n<meta name=\"author\" content=\"Sonia\" \/>\n<meta name=\"twitter:card\" content=\"summary_large_image\" \/>\n<meta name=\"twitter:label1\" content=\"Escrito por\" \/>\n\t<meta name=\"twitter:data1\" content=\"Sonia\" \/>\n<script type=\"application\/ld+json\" class=\"yoast-schema-graph\">{\"@context\":\"https:\/\/schema.org\",\"@graph\":[{\"@type\":\"WebPage\",\"@id\":\"https:\/\/www.asajacyl.com\/salamanca\/servicios-socio\/plazos\/finaliza-plazo-acogerse-al-descuento-del-5-la-linea-309\",\"url\":\"https:\/\/www.asajacyl.com\/salamanca\/servicios-socio\/plazos\/finaliza-plazo-acogerse-al-descuento-del-5-la-linea-309\",\"name\":\"El plazo para acogerse al descuento adicional del 5% de la L\u00ednea 309 finaliza el 15 de noviembre - ASAJA Salamanca\",\"isPartOf\":{\"@id\":\"https:\/\/www.asajacyl.com\/salamanca\/#website\"},\"primaryImageOfPage\":{\"@id\":\"https:\/\/www.asajacyl.com\/salamanca\/servicios-socio\/plazos\/finaliza-plazo-acogerse-al-descuento-del-5-la-linea-309#primaryimage\"},\"image\":{\"@id\":\"https:\/\/www.asajacyl.com\/salamanca\/servicios-socio\/plazos\/finaliza-plazo-acogerse-al-descuento-del-5-la-linea-309#primaryimage\"},\"thumbnailUrl\":\"https:\/\/www.asajacyl.com\/salamanca\/wp-content\/uploads\/sites\/7\/2019\/04\/DSC02419web.jpg\",\"datePublished\":\"2019-10-10T09:15:44+00:00\",\"dateModified\":\"2019-10-10T09:17:19+00:00\",\"author\":{\"@id\":\"https:\/\/www.asajacyl.com\/salamanca\/#\/schema\/person\/2bfc7da09988e1087e6291fafe99b67f\"},\"description\":\"Aquellos agricultores que contraten el seguro de la L\u00ednea 309, de Cultivos Herb\u00e1ceos Extensivo, que ya lo hubieran hecho la campa\u00f1a anterior, podr\u00e1n\",\"breadcrumb\":{\"@id\":\"https:\/\/www.asajacyl.com\/salamanca\/servicios-socio\/plazos\/finaliza-plazo-acogerse-al-descuento-del-5-la-linea-309#breadcrumb\"},\"inLanguage\":\"es\",\"potentialAction\":[{\"@type\":\"ReadAction\",\"target\":[\"https:\/\/www.asajacyl.com\/salamanca\/servicios-socio\/plazos\/finaliza-plazo-acogerse-al-descuento-del-5-la-linea-309\"]}]},{\"@type\":\"ImageObject\",\"inLanguage\":\"es\",\"@id\":\"https:\/\/www.asajacyl.com\/salamanca\/servicios-socio\/plazos\/finaliza-plazo-acogerse-al-descuento-del-5-la-linea-309#primaryimage\",\"url\":\"https:\/\/www.asajacyl.com\/salamanca\/wp-content\/uploads\/sites\/7\/2019\/04\/DSC02419web.jpg\",\"contentUrl\":\"https:\/\/www.asajacyl.com\/salamanca\/wp-content\/uploads\/sites\/7\/2019\/04\/DSC02419web.jpg\",\"width\":2500,\"height\":1875,\"caption\":\"Un agricultor, preparando el terreno para la siembra de patata en el campo salmantino. FOTO: ASAJA Salamanca.\"},{\"@type\":\"BreadcrumbList\",\"@id\":\"https:\/\/www.asajacyl.com\/salamanca\/servicios-socio\/plazos\/finaliza-plazo-acogerse-al-descuento-del-5-la-linea-309#breadcrumb\",\"itemListElement\":[{\"@type\":\"ListItem\",\"position\":1,\"name\":\"Portada\",\"item\":\"https:\/\/www.asajacyl.com\/salamanca\/\"},{\"@type\":\"ListItem\",\"position\":2,\"name\":\"El plazo para acogerse al descuento adicional del 5% de la L\u00ednea 309 finaliza el 15 de noviembre\"}]},{\"@type\":\"WebSite\",\"@id\":\"https:\/\/www.asajacyl.com\/salamanca\/#website\",\"url\":\"https:\/\/www.asajacyl.com\/salamanca\/\",\"name\":\"ASAJA Salamanca\",\"description\":\"Otro sitio m\u00e1s de Provincias ASAJA Castilla y Le\u00f3n\",\"potentialAction\":[{\"@type\":\"SearchAction\",\"target\":{\"@type\":\"EntryPoint\",\"urlTemplate\":\"https:\/\/www.asajacyl.com\/salamanca\/?s={search_term_string}\"},\"query-input\":{\"@type\":\"PropertyValueSpecification\",\"valueRequired\":true,\"valueName\":\"search_term_string\"}}],\"inLanguage\":\"es\"},{\"@type\":\"Person\",\"@id\":\"https:\/\/www.asajacyl.com\/salamanca\/#\/schema\/person\/2bfc7da09988e1087e6291fafe99b67f\",\"name\":\"Sonia\",\"image\":{\"@type\":\"ImageObject\",\"inLanguage\":\"es\",\"@id\":\"https:\/\/www.asajacyl.com\/salamanca\/#\/schema\/person\/image\/\",\"url\":\"https:\/\/secure.gravatar.com\/avatar\/6b0d6eb461a1e3687cc023d59022ef0d?s=96&d=mm&r=g\",\"contentUrl\":\"https:\/\/secure.gravatar.com\/avatar\/6b0d6eb461a1e3687cc023d59022ef0d?s=96&d=mm&r=g\",\"caption\":\"Sonia\"},\"url\":\"https:\/\/www.asajacyl.com\/salamanca\/author\/juanluisde\"}]}<\/script>\n<!-- \/ Yoast SEO plugin. -->","yoast_head_json":{"title":"El plazo para acogerse al descuento adicional del 5% de la L\u00ednea 309 finaliza el 15 de noviembre - ASAJA Salamanca","description":"Aquellos agricultores que contraten el seguro de la L\u00ednea 309, de Cultivos Herb\u00e1ceos Extensivo, que ya lo hubieran hecho la campa\u00f1a anterior, podr\u00e1n","robots":{"index":"index","follow":"follow","max-snippet":"max-snippet:-1","max-image-preview":"max-image-preview:large","max-video-preview":"max-video-preview:-1"},"canonical":"https:\/\/www.asajacyl.com\/salamanca\/servicios-socio\/plazos\/finaliza-plazo-acogerse-al-descuento-del-5-la-linea-309","og_locale":"es_ES","og_type":"article","og_title":"El plazo para acogerse al descuento adicional del 5% de la L\u00ednea 309 finaliza el 15 de noviembre - ASAJA Salamanca","og_description":"Aquellos agricultores que contraten el seguro de la L\u00ednea 309, de Cultivos Herb\u00e1ceos Extensivo, que ya lo hubieran hecho la campa\u00f1a anterior, podr\u00e1n","og_url":"https:\/\/www.asajacyl.com\/salamanca\/servicios-socio\/plazos\/finaliza-plazo-acogerse-al-descuento-del-5-la-linea-309","og_site_name":"ASAJA Salamanca","article_published_time":"2019-10-10T09:15:44+00:00","article_modified_time":"2019-10-10T09:17:19+00:00","og_image":[{"width":2500,"height":1875,"url":"https:\/\/www.asajacyl.com\/salamanca\/wp-content\/uploads\/sites\/7\/2019\/04\/DSC02419web.jpg","type":"image\/jpeg"}],"author":"Sonia","twitter_card":"summary_large_image","twitter_misc":{"Escrito por":"Sonia"},"schema":{"@context":"https:\/\/schema.org","@graph":[{"@type":"WebPage","@id":"https:\/\/www.asajacyl.com\/salamanca\/servicios-socio\/plazos\/finaliza-plazo-acogerse-al-descuento-del-5-la-linea-309","url":"https:\/\/www.asajacyl.com\/salamanca\/servicios-socio\/plazos\/finaliza-plazo-acogerse-al-descuento-del-5-la-linea-309","name":"El plazo para acogerse al descuento adicional del 5% de la L\u00ednea 309 finaliza el 15 de noviembre - ASAJA Salamanca","isPartOf":{"@id":"https:\/\/www.asajacyl.com\/salamanca\/#website"},"primaryImageOfPage":{"@id":"https:\/\/www.asajacyl.com\/salamanca\/servicios-socio\/plazos\/finaliza-plazo-acogerse-al-descuento-del-5-la-linea-309#primaryimage"},"image":{"@id":"https:\/\/www.asajacyl.com\/salamanca\/servicios-socio\/plazos\/finaliza-plazo-acogerse-al-descuento-del-5-la-linea-309#primaryimage"},"thumbnailUrl":"https:\/\/www.asajacyl.com\/salamanca\/wp-content\/uploads\/sites\/7\/2019\/04\/DSC02419web.jpg","datePublished":"2019-10-10T09:15:44+00:00","dateModified":"2019-10-10T09:17:19+00:00","author":{"@id":"https:\/\/www.asajacyl.com\/salamanca\/#\/schema\/person\/2bfc7da09988e1087e6291fafe99b67f"},"description":"Aquellos agricultores que contraten el seguro de la L\u00ednea 309, de Cultivos Herb\u00e1ceos Extensivo, que ya lo hubieran hecho la campa\u00f1a anterior, podr\u00e1n","breadcrumb":{"@id":"https:\/\/www.asajacyl.com\/salamanca\/servicios-socio\/plazos\/finaliza-plazo-acogerse-al-descuento-del-5-la-linea-309#breadcrumb"},"inLanguage":"es","potentialAction":[{"@type":"ReadAction","target":["https:\/\/www.asajacyl.com\/salamanca\/servicios-socio\/plazos\/finaliza-plazo-acogerse-al-descuento-del-5-la-linea-309"]}]},{"@type":"ImageObject","inLanguage":"es","@id":"https:\/\/www.asajacyl.com\/salamanca\/servicios-socio\/plazos\/finaliza-plazo-acogerse-al-descuento-del-5-la-linea-309#primaryimage","url":"https:\/\/www.asajacyl.com\/salamanca\/wp-content\/uploads\/sites\/7\/2019\/04\/DSC02419web.jpg","contentUrl":"https:\/\/www.asajacyl.com\/salamanca\/wp-content\/uploads\/sites\/7\/2019\/04\/DSC02419web.jpg","width":2500,"height":1875,"caption":"Un agricultor, preparando el terreno para la siembra de patata en el campo salmantino. FOTO: ASAJA Salamanca."},{"@type":"BreadcrumbList","@id":"https:\/\/www.asajacyl.com\/salamanca\/servicios-socio\/plazos\/finaliza-plazo-acogerse-al-descuento-del-5-la-linea-309#breadcrumb","itemListElement":[{"@type":"ListItem","position":1,"name":"Portada","item":"https:\/\/www.asajacyl.com\/salamanca\/"},{"@type":"ListItem","position":2,"name":"El plazo para acogerse al descuento adicional del 5% de la L\u00ednea 309 finaliza el 15 de noviembre"}]},{"@type":"WebSite","@id":"https:\/\/www.asajacyl.com\/salamanca\/#website","url":"https:\/\/www.asajacyl.com\/salamanca\/","name":"ASAJA Salamanca","description":"Otro sitio m\u00e1s de Provincias ASAJA Castilla y Le\u00f3n","potentialAction":[{"@type":"SearchAction","target":{"@type":"EntryPoint","urlTemplate":"https:\/\/www.asajacyl.com\/salamanca\/?s={search_term_string}"},"query-input":{"@type":"PropertyValueSpecification","valueRequired":true,"valueName":"search_term_string"}}],"inLanguage":"es"},{"@type":"Person","@id":"https:\/\/www.asajacyl.com\/salamanca\/#\/schema\/person\/2bfc7da09988e1087e6291fafe99b67f","name":"Sonia","image":{"@type":"ImageObject","inLanguage":"es","@id":"https:\/\/www.asajacyl.com\/salamanca\/#\/schema\/person\/image\/","url":"https:\/\/secure.gravatar.com\/avatar\/6b0d6eb461a1e3687cc023d59022ef0d?s=96&d=mm&r=g","contentUrl":"https:\/\/secure.gravatar.com\/avatar\/6b0d6eb461a1e3687cc023d59022ef0d?s=96&d=mm&r=g","caption":"Sonia"},"url":"https:\/\/www.asajacyl.com\/salamanca\/author\/juanluisde"}]}},"_links":{"self":[{"href":"https:\/\/www.asajacyl.com\/salamanca\/wp-json\/wp\/v2\/posts\/7641"}],"collection":[{"href":"https:\/\/www.asajacyl.com\/salamanca\/wp-json\/wp\/v2\/posts"}],"about":[{"href":"https:\/\/www.asajacyl.com\/salamanca\/wp-json\/wp\/v2\/types\/post"}],"author":[{"embeddable":true,"href":"https:\/\/www.asajacyl.com\/salamanca\/wp-json\/wp\/v2\/users\/10"}],"replies":[{"embeddable":true,"href":"https:\/\/www.asajacyl.com\/salamanca\/wp-json\/wp\/v2\/comments?post=7641"}],"version-history":[{"count":2,"href":"https:\/\/www.asajacyl.com\/salamanca\/wp-json\/wp\/v2\/posts\/7641\/revisions"}],"predecessor-version":[{"id":7644,"href":"https:\/\/www.asajacyl.com\/salamanca\/wp-json\/wp\/v2\/posts\/7641\/revisions\/7644"}],"wp:featuredmedia":[{"embeddable":true,"href":"https:\/\/www.asajacyl.com\/salamanca\/wp-json\/wp\/v2\/media\/6974"}],"wp:attachment":[{"href":"https:\/\/www.asajacyl.com\/salamanca\/wp-json\/wp\/v2\/media?parent=7641"}],"wp:term":[{"taxonomy":"category","embeddable":true,"href":"https:\/\/www.asajacyl.com\/salamanca\/wp-json\/wp\/v2\/categories?post=7641"},{"taxonomy":"post_tag","embeddable":true,"href":"https:\/\/www.asajacyl.com\/salamanca\/wp-json\/wp\/v2\/tags?post=7641"}],"curies":[{"name":"wp","href":"https:\/\/api.w.org\/{rel}","templated":true}]}}