{"id":7667,"date":"2019-10-15T09:33:14","date_gmt":"2019-10-15T09:33:14","guid":{"rendered":"https:\/\/www.asajacyl.com\/salamanca\/?p=7667"},"modified":"2019-10-16T11:13:39","modified_gmt":"2019-10-16T11:13:39","slug":"establecidas-las-bases-reguladoras-subvenciones-minimis-prestamos-sequia","status":"publish","type":"post","link":"https:\/\/www.asajacyl.com\/salamanca\/asaja-salamanca-informa\/noticias\/establecidas-las-bases-reguladoras-subvenciones-minimis-prestamos-sequia","title":{"rendered":"Establecidas las bases reguladoras de subvenciones de minimis para pr\u00e9stamos por sequ\u00eda"},"content":{"rendered":"<p>El a\u00f1o 2019, desde un punto de vista clim\u00e1tico, ha incidido de forma negativa en el sector agrario de Castilla y Le\u00f3n. La combinaci\u00f3n de altas temperaturas con la falta de precipitaciones en el conjunto del territorio de la Comunidad, especialmente durante la primavera, as\u00ed como otros fen\u00f3menos meteorol\u00f3gicos adversos, como fuertes tormentas de lluvia y granizo, han causado efectos perjudiciales en diversas producciones en la campa\u00f1a agr\u00edcola 2018-2019, lo que ha generado una p\u00e9rdida de producci\u00f3n bruta en determinados cultivos y pastos. Esta p\u00e9rdida de producci\u00f3n repercute negativamente en la situaci\u00f3n econ\u00f3mica de las explotaciones agrarias de Castilla y Le\u00f3n, generando una falta de liquidez financiera para afrontar la pr\u00f3xima campa\u00f1a agr\u00edcola.<\/p>\n<p>Por este motivo, la Junta de Castilla y Le\u00f3n establece las bases reguladoras para la concesi\u00f3n de subvenciones de minimis destinadas a la bonificaci\u00f3n de intereses en pr\u00e9stamos preferenciales bonificados formalizados por titulares de explotaciones agrarias de Castilla y Le\u00f3n, afectados por la sequ\u00eda y otros fen\u00f3menos meteorol\u00f3gicos adversos en la campa\u00f1a agr\u00edcola 2018-2019.<\/p>\n<p><strong>\u00bfQui\u00e9nes pueden solicitarlo?<\/strong><\/p>\n<p>Podr\u00e1n ser beneficiarios de las subvenciones reguladas en esta orden, las personas f\u00edsicas, jur\u00eddicas, comunidades de bienes, explotaciones de titularidad compartida y sociedades civiles, titulares de explotaciones agrarias inscritas en el Registro de Explotaciones Agrarias de Castilla y Le\u00f3n (REACYL).<\/p>\n<p><strong>\u00bfQu\u00e9 hay que cumplir?<\/strong><\/p>\n<p>Los beneficiarios deber\u00e1n obtener el reconocimiento del derecho a la suscripci\u00f3n de un pr\u00e9stamo preferencial bonificado seg\u00fan lo dispuesto en la <a href=\"http:\/\/bocyl.jcyl.es\/boletines\/2019\/10\/01\/pdf\/BOCYL-D-01102019-5.pdf\" target=\"_blank\" rel=\"noopener\">orden<\/a>. Y formalizar dicho pr\u00e9stamo con alguna de las entidades financieras colaboradoras en las condiciones establecidas en el art\u00edculo 8 de la\u00a0<a href=\"http:\/\/bocyl.jcyl.es\/boletines\/2019\/10\/01\/pdf\/BOCYL-D-01102019-5.pdf\" target=\"_blank\" rel=\"noopener\">orden<\/a>.<\/p>\n<p>Tambi\u00e9n<strong> deben suscribir una p\u00f3liza o contrato de seguro en las l\u00edneas de seguros para producciones agr\u00edcolas o ganaderas<\/strong> comprendidas en los Planes de Seguros Agrarios Combinados de los a\u00f1os 2018 o 2019 antes del 31 de octubre de 2019 y comprometerse a mantenerlo tres a\u00f1os m\u00e1s. En el supuesto de personas jur\u00eddicas, comunidades de bienes, explotaciones de titularidad compartida y sociedades civiles, la entidad o al menos el 50% de sus socios deber\u00e1n suscribir una p\u00f3liza o contrato de seguro en las l\u00edneas de seguros para producciones agr\u00edcolas o ganaderas comprendidas en los Planes de Seguros Agrarios Combinados de los a\u00f1os 2018 o 2019 antes de 31 de octubre de 2019 y se comprometan a mantener el seguro tres a\u00f1os m\u00e1s.<\/p>\n<p><strong>En resumen:<\/strong><\/p>\n<ul>\n<li>Estar de alta en la Seguridad Social en el sector agrario por cuenta propia (SETA o\/y RETA).<\/li>\n<li>Obtener al menos, el 50% de su renta total de actividades agrarias o de actividades agrarias complementarias, quedando excluidos de cumplir este requisito los agricultores j\u00f3venes que se hayan incorporado a la actividad agraria con posterioridad al 1 de enero de 2016.<\/li>\n<li>En personas jur\u00eddicas, comunidades de bienes, explotaciones de titularidad compartida y sociedades civiles, que su actividad principal sea la agraria y la actividad subvencionada tenga cabida dentro del objeto o fines sociales de la misma, as\u00ed como que el 50% de sus socios cumplan los dos requisitos anteriores.<\/li>\n<li>Obtener el reconocimiento del derecho a la suscripci\u00f3n de un pr\u00e9stamo preferencial bonificado.<\/li>\n<li>Formalizar dicho pr\u00e9stamo con alguna de las entidades financieras colaboradoras.<\/li>\n<li>Suscribir una p\u00f3liza o contrato de seguro en las l\u00edneas de seguros para producciones agr\u00edcolas o ganaderas comprendidas en los Planes de Seguros Agrarios Combinados de los a\u00f1os 2018 y 2019 antes del 31 de octubre de 2019 y comprometerse a mantenerlo tres a\u00f1os m\u00e1s.<\/li>\n<li>Los titulares de explotaciones agrarias que no habiendo suscrito una p\u00f3liza o contrato de seguro, se comprometan a suscribirlo a partir del 31 de octubre de 2019 y antes del 15 de octubre de 2020, y a mantener el seguro tres a\u00f1os m\u00e1s.<\/li>\n<\/ul>\n<p>No se exige la obligaci\u00f3n de suscribir una p\u00f3liza o contrato de seguro a los titulares de explotaciones ap\u00edcolas.<\/p>\n<p>La acreditaci\u00f3n de estos requisitos no se exigir\u00e1 a los beneficiarios de las ayudas que se convocaron en septiembre de 2018 para el mismo fin y sigan manteniendo esa consideraci\u00f3n por tener seguro agrario.<\/p>\n<p><strong>\u00bfCu\u00e1nto tiempo hay para solicitar el reconocimiento del derecho a la suscripci\u00f3n de pr\u00e9stamos preferenciales bonificados?<\/strong><\/p>\n<p>El plazo de presentaci\u00f3n de solicitudes de reconocimiento del derecho a la suscripci\u00f3n de un pr\u00e9stamo preferencial bonificado finalizar\u00e1 el d\u00eda 4 de noviembre de 2019.<\/p>\n<p>La solicitud se puede presentar presencialmente o de manera telem\u00e1tica.<\/p>\n<p>Las personas jur\u00eddicas, cooperativas, asociaciones de agricultores, sociedades agrarias de transformaci\u00f3n y las agrupaciones de organizaciones representativas con personalidad jur\u00eddica propia y dem\u00e1s entidades deber\u00e1n presentar sus solicitudes \u00fanicamente de forma electr\u00f3nica.<\/p>\n<p><strong>\u00bfC\u00f3mo se debe formalizar?<\/strong><\/p>\n<p>Para la formalizaci\u00f3n del pr\u00e9stamo, el interesado deber\u00e1 presentar en la entidad financiera colaboradora el original de la resoluci\u00f3n de concesi\u00f3n del reconocimiento en un plazo de tres meses a contar desde el d\u00eda siguiente a la notificaci\u00f3n de dicha resoluci\u00f3n.<\/p>\n<p>Estos pr\u00e9stamos preferenciales bonificados solamente se podr\u00e1n formalizar en las entidades financieras que hayan firmado convenio de colaboraci\u00f3n con la Consejer\u00eda de Agricultura, Ganader\u00eda y Desarrollo Rural, y con las condiciones espec\u00edficas que figuren en dicho convenio.<\/p>\n<p>La p\u00f3liza del pr\u00e9stamo, en el supuesto de comunidades de bienes, sociedades civiles y explotaciones de titularidad compartida, sin perjuicio de que la resoluci\u00f3n de concesi\u00f3n del reconocimiento figure a nombre de la entidad, podr\u00e1 formalizarse a nombre de uno de sus integrantes.<\/p>\n<p>Se subvencionar\u00e1 el coste de los intereses para pr\u00e9stamos de hasta 40.000 euros y cuyo plazo de amortizaci\u00f3n no supere los cinco a\u00f1os, pudi\u00e9ndose incluir en \u00e9ste un a\u00f1o de carencia.<\/p>\n<p><strong>\u00bfY qu\u00e9 hay de la solicitud de la subvenci\u00f3n de intereses?<\/strong><\/p>\n<p>Quienes hayan obtenido el reconocimiento del derecho a la suscripci\u00f3n del pr\u00e9stamo preferencial bonificado y hayan formalizado el pr\u00e9stamo deber\u00e1n presentar una solicitud de pago de la ayuda en el plazo que se establezca en la orden de convocatoria que se saque, sin que pueda exceder de tres meses.<\/p>\n<p>La solicitud se puede presentar presencialmente o de manera telem\u00e1tica.<\/p>\n<p>Las personas jur\u00eddicas, cooperativas, asociaciones de agricultores, sociedades agrarias de transformaci\u00f3n y las agrupaciones de organizaciones representativas con personalidad jur\u00eddica propia y dem\u00e1s entidades deber\u00e1n presentar sus solicitudes \u00fanicamente de forma electr\u00f3nica.<\/p>\n<p><strong>\u00bfC\u00f3mo se bonifican los intereses?<\/strong><\/p>\n<p>Estas subvenciones se efect\u00faan mediante el sistema de prorrateo.<\/p>\n<p>Se bonificar\u00e1 como m\u00e1ximo el 100% de los intereses de los pr\u00e9stamos preferenciales, hasta un m\u00e1ximo de 1,5 puntos porcentuales.<\/p>\n<p>Si no se ha suscrito p\u00f3liza o contrato de seguro agrario pero se ha comprometido su suscripci\u00f3n a partir del 31 de octubre de 2019 y antes del 15 de octubre de 2020, la bonificaci\u00f3n ser\u00e1 como m\u00e1ximo del 50% de los intereses de los pr\u00e9stamos preferenciales, hasta un m\u00e1ximo de 0,75 puntos porcentuales.<\/p>\n<p>La subvenci\u00f3n de los intereses se conceder\u00e1 solo para los cinco primeros a\u00f1os de los comprendidos en el plazo de amortizaci\u00f3n del pr\u00e9stamo preferencial.<\/p>\n<p>Las ayudas se abonar\u00e1n con periodicidad anual, a a\u00f1o vencido.<\/p>\n<p><strong>\u00bfQu\u00e9 otras cuestiones se debe atender?<\/strong><\/p>\n<p>Las notificaciones, as\u00ed como otras comunicaciones, se realizar\u00e1n por medios electr\u00f3nicos.<\/p>\n<p>El incumplimiento del requisito de suscribir un seguro agrario producir\u00e1 la p\u00e9rdida total del derecho al cobro de la subvenci\u00f3n.<\/p>\n<p>El impago de alguna de las cuotas del pr\u00e9stamo preferencial bonificado producir\u00e1 la p\u00e9rdida del derecho al cobro de la subvenci\u00f3n en la anualidad en la que se produzca dicho impago.<\/p>\n","protected":false},"excerpt":{"rendered":"<p>El a\u00f1o 2019, desde un punto de vista clim\u00e1tico, ha incidido de forma negativa en el sector agrario de Castilla y Le\u00f3n. La combinaci\u00f3n de altas temperaturas con la falta de precipitaciones en el conjunto del territorio de la Comunidad, especialmente durante la primavera, as\u00ed como otros fen\u00f3menos meteorol\u00f3gicos adversos, como fuertes tormentas de lluvia [&hellip;]<\/p>\n","protected":false},"author":10,"featured_media":7473,"comment_status":"open","ping_status":"open","sticky":false,"template":"","format":"standard","meta":{"footnotes":""},"categories":[10,510,39],"tags":[],"yoast_head":"<!-- This site is optimized with the Yoast SEO plugin v24.5 - https:\/\/yoast.com\/wordpress\/plugins\/seo\/ -->\n<title>Establecidas las bases reguladoras de subvenciones de minimis para pr\u00e9stamos por sequ\u00eda - ASAJA Salamanca<\/title>\n<meta name=\"description\" content=\"El a\u00f1o 2019, desde un punto de vista clim\u00e1tico, ha incidido de forma negativa en el sector agrario de Castilla y Le\u00f3n. La combinaci\u00f3n de altas\" \/>\n<meta name=\"robots\" content=\"index, follow, max-snippet:-1, max-image-preview:large, max-video-preview:-1\" \/>\n<link rel=\"canonical\" href=\"https:\/\/www.asajacyl.com\/salamanca\/asaja-salamanca-informa\/noticias\/establecidas-las-bases-reguladoras-subvenciones-minimis-prestamos-sequia\" \/>\n<meta property=\"og:locale\" content=\"es_ES\" \/>\n<meta property=\"og:type\" content=\"article\" \/>\n<meta property=\"og:title\" content=\"Establecidas las bases reguladoras de subvenciones de minimis para pr\u00e9stamos por sequ\u00eda - ASAJA Salamanca\" \/>\n<meta property=\"og:description\" content=\"El a\u00f1o 2019, desde un punto de vista clim\u00e1tico, ha incidido de forma negativa en el sector agrario de Castilla y Le\u00f3n. La combinaci\u00f3n de altas\" \/>\n<meta property=\"og:url\" content=\"https:\/\/www.asajacyl.com\/salamanca\/asaja-salamanca-informa\/noticias\/establecidas-las-bases-reguladoras-subvenciones-minimis-prestamos-sequia\" \/>\n<meta property=\"og:site_name\" content=\"ASAJA Salamanca\" \/>\n<meta property=\"article:published_time\" content=\"2019-10-15T09:33:14+00:00\" \/>\n<meta property=\"article:modified_time\" content=\"2019-10-16T11:13:39+00:00\" \/>\n<meta property=\"og:image\" content=\"https:\/\/www.asajacyl.com\/salamanca\/wp-content\/uploads\/sites\/7\/2019\/08\/sequ\u00eda.jpg\" \/>\n\t<meta property=\"og:image:width\" content=\"960\" \/>\n\t<meta property=\"og:image:height\" content=\"640\" \/>\n\t<meta property=\"og:image:type\" content=\"image\/jpeg\" \/>\n<meta name=\"author\" content=\"Sonia\" \/>\n<meta name=\"twitter:card\" content=\"summary_large_image\" \/>\n<meta name=\"twitter:label1\" content=\"Escrito por\" \/>\n\t<meta name=\"twitter:data1\" content=\"Sonia\" \/>\n\t<meta name=\"twitter:label2\" content=\"Tiempo de lectura\" \/>\n\t<meta name=\"twitter:data2\" content=\"6 minutos\" \/>\n<script type=\"application\/ld+json\" class=\"yoast-schema-graph\">{\"@context\":\"https:\/\/schema.org\",\"@graph\":[{\"@type\":\"WebPage\",\"@id\":\"https:\/\/www.asajacyl.com\/salamanca\/asaja-salamanca-informa\/noticias\/establecidas-las-bases-reguladoras-subvenciones-minimis-prestamos-sequia\",\"url\":\"https:\/\/www.asajacyl.com\/salamanca\/asaja-salamanca-informa\/noticias\/establecidas-las-bases-reguladoras-subvenciones-minimis-prestamos-sequia\",\"name\":\"Establecidas las bases reguladoras de subvenciones de minimis para pr\u00e9stamos por sequ\u00eda - ASAJA Salamanca\",\"isPartOf\":{\"@id\":\"https:\/\/www.asajacyl.com\/salamanca\/#website\"},\"primaryImageOfPage\":{\"@id\":\"https:\/\/www.asajacyl.com\/salamanca\/asaja-salamanca-informa\/noticias\/establecidas-las-bases-reguladoras-subvenciones-minimis-prestamos-sequia#primaryimage\"},\"image\":{\"@id\":\"https:\/\/www.asajacyl.com\/salamanca\/asaja-salamanca-informa\/noticias\/establecidas-las-bases-reguladoras-subvenciones-minimis-prestamos-sequia#primaryimage\"},\"thumbnailUrl\":\"https:\/\/www.asajacyl.com\/salamanca\/wp-content\/uploads\/sites\/7\/2019\/08\/sequ\u00eda.jpg\",\"datePublished\":\"2019-10-15T09:33:14+00:00\",\"dateModified\":\"2019-10-16T11:13:39+00:00\",\"author\":{\"@id\":\"https:\/\/www.asajacyl.com\/salamanca\/#\/schema\/person\/2bfc7da09988e1087e6291fafe99b67f\"},\"description\":\"El a\u00f1o 2019, desde un punto de vista clim\u00e1tico, ha incidido de forma negativa en el sector agrario de Castilla y Le\u00f3n. La combinaci\u00f3n de altas\",\"breadcrumb\":{\"@id\":\"https:\/\/www.asajacyl.com\/salamanca\/asaja-salamanca-informa\/noticias\/establecidas-las-bases-reguladoras-subvenciones-minimis-prestamos-sequia#breadcrumb\"},\"inLanguage\":\"es\",\"potentialAction\":[{\"@type\":\"ReadAction\",\"target\":[\"https:\/\/www.asajacyl.com\/salamanca\/asaja-salamanca-informa\/noticias\/establecidas-las-bases-reguladoras-subvenciones-minimis-prestamos-sequia\"]}]},{\"@type\":\"ImageObject\",\"inLanguage\":\"es\",\"@id\":\"https:\/\/www.asajacyl.com\/salamanca\/asaja-salamanca-informa\/noticias\/establecidas-las-bases-reguladoras-subvenciones-minimis-prestamos-sequia#primaryimage\",\"url\":\"https:\/\/www.asajacyl.com\/salamanca\/wp-content\/uploads\/sites\/7\/2019\/08\/sequ\u00eda.jpg\",\"contentUrl\":\"https:\/\/www.asajacyl.com\/salamanca\/wp-content\/uploads\/sites\/7\/2019\/08\/sequ\u00eda.jpg\",\"width\":960,\"height\":640},{\"@type\":\"BreadcrumbList\",\"@id\":\"https:\/\/www.asajacyl.com\/salamanca\/asaja-salamanca-informa\/noticias\/establecidas-las-bases-reguladoras-subvenciones-minimis-prestamos-sequia#breadcrumb\",\"itemListElement\":[{\"@type\":\"ListItem\",\"position\":1,\"name\":\"Portada\",\"item\":\"https:\/\/www.asajacyl.com\/salamanca\/\"},{\"@type\":\"ListItem\",\"position\":2,\"name\":\"Establecidas las bases reguladoras de subvenciones de minimis para pr\u00e9stamos por sequ\u00eda\"}]},{\"@type\":\"WebSite\",\"@id\":\"https:\/\/www.asajacyl.com\/salamanca\/#website\",\"url\":\"https:\/\/www.asajacyl.com\/salamanca\/\",\"name\":\"ASAJA Salamanca\",\"description\":\"Otro sitio m\u00e1s de Provincias ASAJA Castilla y Le\u00f3n\",\"potentialAction\":[{\"@type\":\"SearchAction\",\"target\":{\"@type\":\"EntryPoint\",\"urlTemplate\":\"https:\/\/www.asajacyl.com\/salamanca\/?s={search_term_string}\"},\"query-input\":{\"@type\":\"PropertyValueSpecification\",\"valueRequired\":true,\"valueName\":\"search_term_string\"}}],\"inLanguage\":\"es\"},{\"@type\":\"Person\",\"@id\":\"https:\/\/www.asajacyl.com\/salamanca\/#\/schema\/person\/2bfc7da09988e1087e6291fafe99b67f\",\"name\":\"Sonia\",\"image\":{\"@type\":\"ImageObject\",\"inLanguage\":\"es\",\"@id\":\"https:\/\/www.asajacyl.com\/salamanca\/#\/schema\/person\/image\/\",\"url\":\"https:\/\/secure.gravatar.com\/avatar\/6b0d6eb461a1e3687cc023d59022ef0d?s=96&d=mm&r=g\",\"contentUrl\":\"https:\/\/secure.gravatar.com\/avatar\/6b0d6eb461a1e3687cc023d59022ef0d?s=96&d=mm&r=g\",\"caption\":\"Sonia\"},\"url\":\"https:\/\/www.asajacyl.com\/salamanca\/author\/juanluisde\"}]}<\/script>\n<!-- \/ Yoast SEO plugin. -->","yoast_head_json":{"title":"Establecidas las bases reguladoras de subvenciones de minimis para pr\u00e9stamos por sequ\u00eda - ASAJA Salamanca","description":"El a\u00f1o 2019, desde un punto de vista clim\u00e1tico, ha incidido de forma negativa en el sector agrario de Castilla y Le\u00f3n. La combinaci\u00f3n de altas","robots":{"index":"index","follow":"follow","max-snippet":"max-snippet:-1","max-image-preview":"max-image-preview:large","max-video-preview":"max-video-preview:-1"},"canonical":"https:\/\/www.asajacyl.com\/salamanca\/asaja-salamanca-informa\/noticias\/establecidas-las-bases-reguladoras-subvenciones-minimis-prestamos-sequia","og_locale":"es_ES","og_type":"article","og_title":"Establecidas las bases reguladoras de subvenciones de minimis para pr\u00e9stamos por sequ\u00eda - ASAJA Salamanca","og_description":"El a\u00f1o 2019, desde un punto de vista clim\u00e1tico, ha incidido de forma negativa en el sector agrario de Castilla y Le\u00f3n. La combinaci\u00f3n de altas","og_url":"https:\/\/www.asajacyl.com\/salamanca\/asaja-salamanca-informa\/noticias\/establecidas-las-bases-reguladoras-subvenciones-minimis-prestamos-sequia","og_site_name":"ASAJA Salamanca","article_published_time":"2019-10-15T09:33:14+00:00","article_modified_time":"2019-10-16T11:13:39+00:00","og_image":[{"width":960,"height":640,"url":"https:\/\/www.asajacyl.com\/salamanca\/wp-content\/uploads\/sites\/7\/2019\/08\/sequ\u00eda.jpg","type":"image\/jpeg"}],"author":"Sonia","twitter_card":"summary_large_image","twitter_misc":{"Escrito por":"Sonia","Tiempo de lectura":"6 minutos"},"schema":{"@context":"https:\/\/schema.org","@graph":[{"@type":"WebPage","@id":"https:\/\/www.asajacyl.com\/salamanca\/asaja-salamanca-informa\/noticias\/establecidas-las-bases-reguladoras-subvenciones-minimis-prestamos-sequia","url":"https:\/\/www.asajacyl.com\/salamanca\/asaja-salamanca-informa\/noticias\/establecidas-las-bases-reguladoras-subvenciones-minimis-prestamos-sequia","name":"Establecidas las bases reguladoras de subvenciones de minimis para pr\u00e9stamos por sequ\u00eda - ASAJA Salamanca","isPartOf":{"@id":"https:\/\/www.asajacyl.com\/salamanca\/#website"},"primaryImageOfPage":{"@id":"https:\/\/www.asajacyl.com\/salamanca\/asaja-salamanca-informa\/noticias\/establecidas-las-bases-reguladoras-subvenciones-minimis-prestamos-sequia#primaryimage"},"image":{"@id":"https:\/\/www.asajacyl.com\/salamanca\/asaja-salamanca-informa\/noticias\/establecidas-las-bases-reguladoras-subvenciones-minimis-prestamos-sequia#primaryimage"},"thumbnailUrl":"https:\/\/www.asajacyl.com\/salamanca\/wp-content\/uploads\/sites\/7\/2019\/08\/sequ\u00eda.jpg","datePublished":"2019-10-15T09:33:14+00:00","dateModified":"2019-10-16T11:13:39+00:00","author":{"@id":"https:\/\/www.asajacyl.com\/salamanca\/#\/schema\/person\/2bfc7da09988e1087e6291fafe99b67f"},"description":"El a\u00f1o 2019, desde un punto de vista clim\u00e1tico, ha incidido de forma negativa en el sector agrario de Castilla y Le\u00f3n. La combinaci\u00f3n de altas","breadcrumb":{"@id":"https:\/\/www.asajacyl.com\/salamanca\/asaja-salamanca-informa\/noticias\/establecidas-las-bases-reguladoras-subvenciones-minimis-prestamos-sequia#breadcrumb"},"inLanguage":"es","potentialAction":[{"@type":"ReadAction","target":["https:\/\/www.asajacyl.com\/salamanca\/asaja-salamanca-informa\/noticias\/establecidas-las-bases-reguladoras-subvenciones-minimis-prestamos-sequia"]}]},{"@type":"ImageObject","inLanguage":"es","@id":"https:\/\/www.asajacyl.com\/salamanca\/asaja-salamanca-informa\/noticias\/establecidas-las-bases-reguladoras-subvenciones-minimis-prestamos-sequia#primaryimage","url":"https:\/\/www.asajacyl.com\/salamanca\/wp-content\/uploads\/sites\/7\/2019\/08\/sequ\u00eda.jpg","contentUrl":"https:\/\/www.asajacyl.com\/salamanca\/wp-content\/uploads\/sites\/7\/2019\/08\/sequ\u00eda.jpg","width":960,"height":640},{"@type":"BreadcrumbList","@id":"https:\/\/www.asajacyl.com\/salamanca\/asaja-salamanca-informa\/noticias\/establecidas-las-bases-reguladoras-subvenciones-minimis-prestamos-sequia#breadcrumb","itemListElement":[{"@type":"ListItem","position":1,"name":"Portada","item":"https:\/\/www.asajacyl.com\/salamanca\/"},{"@type":"ListItem","position":2,"name":"Establecidas las bases reguladoras de subvenciones de minimis para pr\u00e9stamos por sequ\u00eda"}]},{"@type":"WebSite","@id":"https:\/\/www.asajacyl.com\/salamanca\/#website","url":"https:\/\/www.asajacyl.com\/salamanca\/","name":"ASAJA Salamanca","description":"Otro sitio m\u00e1s de Provincias ASAJA Castilla y Le\u00f3n","potentialAction":[{"@type":"SearchAction","target":{"@type":"EntryPoint","urlTemplate":"https:\/\/www.asajacyl.com\/salamanca\/?s={search_term_string}"},"query-input":{"@type":"PropertyValueSpecification","valueRequired":true,"valueName":"search_term_string"}}],"inLanguage":"es"},{"@type":"Person","@id":"https:\/\/www.asajacyl.com\/salamanca\/#\/schema\/person\/2bfc7da09988e1087e6291fafe99b67f","name":"Sonia","image":{"@type":"ImageObject","inLanguage":"es","@id":"https:\/\/www.asajacyl.com\/salamanca\/#\/schema\/person\/image\/","url":"https:\/\/secure.gravatar.com\/avatar\/6b0d6eb461a1e3687cc023d59022ef0d?s=96&d=mm&r=g","contentUrl":"https:\/\/secure.gravatar.com\/avatar\/6b0d6eb461a1e3687cc023d59022ef0d?s=96&d=mm&r=g","caption":"Sonia"},"url":"https:\/\/www.asajacyl.com\/salamanca\/author\/juanluisde"}]}},"_links":{"self":[{"href":"https:\/\/www.asajacyl.com\/salamanca\/wp-json\/wp\/v2\/posts\/7667"}],"collection":[{"href":"https:\/\/www.asajacyl.com\/salamanca\/wp-json\/wp\/v2\/posts"}],"about":[{"href":"https:\/\/www.asajacyl.com\/salamanca\/wp-json\/wp\/v2\/types\/post"}],"author":[{"embeddable":true,"href":"https:\/\/www.asajacyl.com\/salamanca\/wp-json\/wp\/v2\/users\/10"}],"replies":[{"embeddable":true,"href":"https:\/\/www.asajacyl.com\/salamanca\/wp-json\/wp\/v2\/comments?post=7667"}],"version-history":[{"count":5,"href":"https:\/\/www.asajacyl.com\/salamanca\/wp-json\/wp\/v2\/posts\/7667\/revisions"}],"predecessor-version":[{"id":7672,"href":"https:\/\/www.asajacyl.com\/salamanca\/wp-json\/wp\/v2\/posts\/7667\/revisions\/7672"}],"wp:featuredmedia":[{"embeddable":true,"href":"https:\/\/www.asajacyl.com\/salamanca\/wp-json\/wp\/v2\/media\/7473"}],"wp:attachment":[{"href":"https:\/\/www.asajacyl.com\/salamanca\/wp-json\/wp\/v2\/media?parent=7667"}],"wp:term":[{"taxonomy":"category","embeddable":true,"href":"https:\/\/www.asajacyl.com\/salamanca\/wp-json\/wp\/v2\/categories?post=7667"},{"taxonomy":"post_tag","embeddable":true,"href":"https:\/\/www.asajacyl.com\/salamanca\/wp-json\/wp\/v2\/tags?post=7667"}],"curies":[{"name":"wp","href":"https:\/\/api.w.org\/{rel}","templated":true}]}}