{"id":8589,"date":"2020-05-19T08:50:27","date_gmt":"2020-05-19T08:50:27","guid":{"rendered":"https:\/\/www.asajacyl.com\/salamanca\/?p=8589"},"modified":"2020-05-20T08:26:56","modified_gmt":"2020-05-20T08:26:56","slug":"vigilancia-cereales-leguminosas","status":"publish","type":"post","link":"https:\/\/www.asajacyl.com\/salamanca\/asaja-salamanca-informa\/vigilancia-cereales-leguminosas","title":{"rendered":"Se recomienda la vigilancia en los cereales y leguminosas por hongos, insectos y bacterias"},"content":{"rendered":"<h2>Debido a que los condicionantes clim\u00e1ticos resultan compatibles con su desarrollo, se recuerda la necesidad de vigilancia<\/h2>\n<p>En funci\u00f3n del programa de vigilancia de plagas y enfermedades en cereales de invierno que lleva a cabo la Consejer\u00eda de Agricultura, Ganader\u00eda y Desarrollo Rural de la Junta de Castilla y Le\u00f3n, se recomienda mantener ojo avizor en las siguientes afecciones:<\/p>\n<p><strong>Hongos en cereales:<\/strong><br \/>\n\u2022 <a href=\"https:\/\/www.asajacyl.com\/salamanca\/wp-content\/uploads\/sites\/7\/2020\/05\/CE-E-01-ROYA-AMARILLA-EN-TRIGO-2020-W.pdf\" target=\"_blank\" rel=\"noopener\">Roya amarilla<\/a>, en trigos<br \/>\n\u2022 <a href=\"https:\/\/www.asajacyl.com\/salamanca\/wp-content\/uploads\/sites\/7\/2020\/05\/CE-E-03-SEPTORIOSIS-2020-W.pdf\" target=\"_blank\" rel=\"noopener\">Septoria<\/a>, en trigos<br \/>\n\u2022 <a href=\"https:\/\/www.asajacyl.com\/salamanca\/wp-content\/uploads\/sites\/7\/2020\/05\/CE-E-05-HELMINTOSPORIOSIS-2020-W.pdf\" target=\"_blank\" rel=\"noopener\">Helmintosporiosis<\/a>, en cebadas y avenas<br \/>\n\u2022 <a href=\"https:\/\/www.asajacyl.com\/salamanca\/wp-content\/uploads\/sites\/7\/2020\/05\/CE-E-04-RINCOSPORIOSIS-2020-W.pdf\" target=\"_blank\" rel=\"noopener\">Rincosporiosis<\/a>, en cebadas<\/p>\n<p><strong>Insectos en cereales<\/strong><br \/>\n\u2022 <a href=\"https:\/\/www.asajacyl.com\/salamanca\/wp-content\/uploads\/sites\/7\/2020\/05\/CE-P-06-TRONCHAESPIGAS-CALAMOBIUS-2020-W.pdf\" target=\"_blank\" rel=\"noopener\">Tronchaespigas<\/a> (Calamobius filum, sin descartar c\u00e9fidos), en todos los cereales. Detecci\u00f3n de los primeros vuelos de adultos.<br \/>\n\u2022 <a href=\"https:\/\/www.asajacyl.com\/salamanca\/wp-content\/uploads\/sites\/7\/2020\/05\/CE-P-04-LEMA-2020-W.pdf\" target=\"_blank\" rel=\"noopener\">Lema<\/a>, por el momento sin alcanzar en general los umbrales m\u00ednimos de tratamiento, pero con riesgo de evoluci\u00f3n.<\/p>\n<p><strong>Bacteriosis, en guisante, sin descartar la veza<\/strong><\/p>\n<p>La <a href=\"https:\/\/www.asajacyl.com\/salamanca\/wp-content\/uploads\/sites\/7\/2020\/05\/LE-E-01-BACTERIOSIS-2020W.pdf\" target=\"_blank\" rel=\"noopener\">bacteriosis<\/a> es una enfermedad frente a la que los principales mecanismos de lucha se relacionan con la prevenci\u00f3n. En la presente campa\u00f1a se han dado condicionantes clim\u00e1ticos compatibles con su aparici\u00f3n, lo cual debe ser tenido en cuenta especialmente en los casos de producci\u00f3n de semilla de siembra (principal mecanismo de transmisi\u00f3n).<\/p>\n<p>Lo que pueda observarse en una parcela y su evoluci\u00f3n es s\u00f3lo atribuible a ella misma. Previo a cualquier decisi\u00f3n, el agricultor debe cotejar el estado de situaci\u00f3n en cada una de sus parcelas. Adem\u00e1s, deber\u00e1 efectuar los tratamientos \u00fanicamente cuando se alcance el umbral de tratamiento definido para cada caso y utilizar s\u00f3lo productos autorizados en el <a href=\"https:\/\/www.mapa.gob.es\/es\/agricultura\/temas\/sanidad-vegetal\/productos-fitosanitarios\/fitos.asp\" target=\"_blank\" rel=\"noopener\">Registro Oficial<\/a> de Productos Fitosanitarios del Ministerio de Agricultura, Pesca y Alimentaci\u00f3n.<\/p>\n<p>*Para m\u00e1s informaci\u00f3n sobre las anteriores afecciones en vigilancia, puede pinchar sobre los nombres de \u00e9stas.<\/p>\n","protected":false},"excerpt":{"rendered":"<p>Debido a que los condicionantes clim\u00e1ticos resultan compatibles con su desarrollo, se recuerda la necesidad de vigilancia En funci\u00f3n del programa de vigilancia de plagas y enfermedades en cereales de invierno que lleva a cabo la Consejer\u00eda de Agricultura, Ganader\u00eda y Desarrollo Rural de la Junta de Castilla y Le\u00f3n, se recomienda mantener ojo avizor [&hellip;]<\/p>\n","protected":false},"author":10,"featured_media":8597,"comment_status":"open","ping_status":"open","sticky":false,"template":"","format":"standard","meta":{"footnotes":""},"categories":[10,510],"tags":[],"yoast_head":"<!-- This site is optimized with the Yoast SEO plugin v24.5 - https:\/\/yoast.com\/wordpress\/plugins\/seo\/ -->\n<title>Se recomienda la vigilancia en los cereales y leguminosas por hongos, insectos y bacterias<\/title>\n<meta name=\"description\" content=\"Debido a que los condicionantes clim\u00e1ticos resultan compatibles con su desarrollo, se recuerda la necesidad de vigilancia\" \/>\n<meta name=\"robots\" content=\"index, follow, max-snippet:-1, max-image-preview:large, max-video-preview:-1\" \/>\n<link rel=\"canonical\" href=\"https:\/\/www.asajacyl.com\/salamanca\/asaja-salamanca-informa\/vigilancia-cereales-leguminosas\" \/>\n<meta property=\"og:locale\" content=\"es_ES\" \/>\n<meta property=\"og:type\" content=\"article\" \/>\n<meta property=\"og:title\" content=\"Se recomienda la vigilancia en los cereales y leguminosas por hongos, insectos y bacterias\" \/>\n<meta property=\"og:description\" content=\"Debido a que los condicionantes clim\u00e1ticos resultan compatibles con su desarrollo, se recuerda la necesidad de vigilancia\" \/>\n<meta property=\"og:url\" content=\"https:\/\/www.asajacyl.com\/salamanca\/asaja-salamanca-informa\/vigilancia-cereales-leguminosas\" \/>\n<meta property=\"og:site_name\" content=\"ASAJA Salamanca\" \/>\n<meta property=\"article:published_time\" content=\"2020-05-19T08:50:27+00:00\" \/>\n<meta property=\"article:modified_time\" content=\"2020-05-20T08:26:56+00:00\" \/>\n<meta property=\"og:image\" content=\"https:\/\/www.asajacyl.com\/salamanca\/wp-content\/uploads\/sites\/7\/2020\/05\/roya-amarilla-del-trigo.jpeg\" \/>\n\t<meta property=\"og:image:width\" content=\"480\" \/>\n\t<meta property=\"og:image:height\" content=\"368\" \/>\n\t<meta property=\"og:image:type\" content=\"image\/jpeg\" \/>\n<meta name=\"author\" content=\"Sonia\" \/>\n<meta name=\"twitter:card\" content=\"summary_large_image\" \/>\n<meta name=\"twitter:label1\" content=\"Escrito por\" \/>\n\t<meta name=\"twitter:data1\" content=\"Sonia\" \/>\n\t<meta name=\"twitter:label2\" content=\"Tiempo de lectura\" \/>\n\t<meta name=\"twitter:data2\" content=\"1 minuto\" \/>\n<script type=\"application\/ld+json\" class=\"yoast-schema-graph\">{\"@context\":\"https:\/\/schema.org\",\"@graph\":[{\"@type\":\"WebPage\",\"@id\":\"https:\/\/www.asajacyl.com\/salamanca\/asaja-salamanca-informa\/vigilancia-cereales-leguminosas\",\"url\":\"https:\/\/www.asajacyl.com\/salamanca\/asaja-salamanca-informa\/vigilancia-cereales-leguminosas\",\"name\":\"Se recomienda la vigilancia en los cereales y leguminosas por hongos, insectos y bacterias\",\"isPartOf\":{\"@id\":\"https:\/\/www.asajacyl.com\/salamanca\/#website\"},\"primaryImageOfPage\":{\"@id\":\"https:\/\/www.asajacyl.com\/salamanca\/asaja-salamanca-informa\/vigilancia-cereales-leguminosas#primaryimage\"},\"image\":{\"@id\":\"https:\/\/www.asajacyl.com\/salamanca\/asaja-salamanca-informa\/vigilancia-cereales-leguminosas#primaryimage\"},\"thumbnailUrl\":\"https:\/\/www.asajacyl.com\/salamanca\/wp-content\/uploads\/sites\/7\/2020\/05\/roya-amarilla-del-trigo.jpeg\",\"datePublished\":\"2020-05-19T08:50:27+00:00\",\"dateModified\":\"2020-05-20T08:26:56+00:00\",\"author\":{\"@id\":\"https:\/\/www.asajacyl.com\/salamanca\/#\/schema\/person\/2bfc7da09988e1087e6291fafe99b67f\"},\"description\":\"Debido a que los condicionantes clim\u00e1ticos resultan compatibles con su desarrollo, se recuerda la necesidad de vigilancia\",\"breadcrumb\":{\"@id\":\"https:\/\/www.asajacyl.com\/salamanca\/asaja-salamanca-informa\/vigilancia-cereales-leguminosas#breadcrumb\"},\"inLanguage\":\"es\",\"potentialAction\":[{\"@type\":\"ReadAction\",\"target\":[\"https:\/\/www.asajacyl.com\/salamanca\/asaja-salamanca-informa\/vigilancia-cereales-leguminosas\"]}]},{\"@type\":\"ImageObject\",\"inLanguage\":\"es\",\"@id\":\"https:\/\/www.asajacyl.com\/salamanca\/asaja-salamanca-informa\/vigilancia-cereales-leguminosas#primaryimage\",\"url\":\"https:\/\/www.asajacyl.com\/salamanca\/wp-content\/uploads\/sites\/7\/2020\/05\/roya-amarilla-del-trigo.jpeg\",\"contentUrl\":\"https:\/\/www.asajacyl.com\/salamanca\/wp-content\/uploads\/sites\/7\/2020\/05\/roya-amarilla-del-trigo.jpeg\",\"width\":480,\"height\":368},{\"@type\":\"BreadcrumbList\",\"@id\":\"https:\/\/www.asajacyl.com\/salamanca\/asaja-salamanca-informa\/vigilancia-cereales-leguminosas#breadcrumb\",\"itemListElement\":[{\"@type\":\"ListItem\",\"position\":1,\"name\":\"Portada\",\"item\":\"https:\/\/www.asajacyl.com\/salamanca\/\"},{\"@type\":\"ListItem\",\"position\":2,\"name\":\"Se recomienda la vigilancia en los cereales y leguminosas por hongos, insectos y bacterias\"}]},{\"@type\":\"WebSite\",\"@id\":\"https:\/\/www.asajacyl.com\/salamanca\/#website\",\"url\":\"https:\/\/www.asajacyl.com\/salamanca\/\",\"name\":\"ASAJA Salamanca\",\"description\":\"Otro sitio m\u00e1s de Provincias ASAJA Castilla y Le\u00f3n\",\"potentialAction\":[{\"@type\":\"SearchAction\",\"target\":{\"@type\":\"EntryPoint\",\"urlTemplate\":\"https:\/\/www.asajacyl.com\/salamanca\/?s={search_term_string}\"},\"query-input\":{\"@type\":\"PropertyValueSpecification\",\"valueRequired\":true,\"valueName\":\"search_term_string\"}}],\"inLanguage\":\"es\"},{\"@type\":\"Person\",\"@id\":\"https:\/\/www.asajacyl.com\/salamanca\/#\/schema\/person\/2bfc7da09988e1087e6291fafe99b67f\",\"name\":\"Sonia\",\"image\":{\"@type\":\"ImageObject\",\"inLanguage\":\"es\",\"@id\":\"https:\/\/www.asajacyl.com\/salamanca\/#\/schema\/person\/image\/\",\"url\":\"https:\/\/secure.gravatar.com\/avatar\/6b0d6eb461a1e3687cc023d59022ef0d?s=96&d=mm&r=g\",\"contentUrl\":\"https:\/\/secure.gravatar.com\/avatar\/6b0d6eb461a1e3687cc023d59022ef0d?s=96&d=mm&r=g\",\"caption\":\"Sonia\"},\"url\":\"https:\/\/www.asajacyl.com\/salamanca\/author\/juanluisde\"}]}<\/script>\n<!-- \/ Yoast SEO plugin. -->","yoast_head_json":{"title":"Se recomienda la vigilancia en los cereales y leguminosas por hongos, insectos y bacterias","description":"Debido a que los condicionantes clim\u00e1ticos resultan compatibles con su desarrollo, se recuerda la necesidad de vigilancia","robots":{"index":"index","follow":"follow","max-snippet":"max-snippet:-1","max-image-preview":"max-image-preview:large","max-video-preview":"max-video-preview:-1"},"canonical":"https:\/\/www.asajacyl.com\/salamanca\/asaja-salamanca-informa\/vigilancia-cereales-leguminosas","og_locale":"es_ES","og_type":"article","og_title":"Se recomienda la vigilancia en los cereales y leguminosas por hongos, insectos y bacterias","og_description":"Debido a que los condicionantes clim\u00e1ticos resultan compatibles con su desarrollo, se recuerda la necesidad de vigilancia","og_url":"https:\/\/www.asajacyl.com\/salamanca\/asaja-salamanca-informa\/vigilancia-cereales-leguminosas","og_site_name":"ASAJA Salamanca","article_published_time":"2020-05-19T08:50:27+00:00","article_modified_time":"2020-05-20T08:26:56+00:00","og_image":[{"width":480,"height":368,"url":"https:\/\/www.asajacyl.com\/salamanca\/wp-content\/uploads\/sites\/7\/2020\/05\/roya-amarilla-del-trigo.jpeg","type":"image\/jpeg"}],"author":"Sonia","twitter_card":"summary_large_image","twitter_misc":{"Escrito por":"Sonia","Tiempo de lectura":"1 minuto"},"schema":{"@context":"https:\/\/schema.org","@graph":[{"@type":"WebPage","@id":"https:\/\/www.asajacyl.com\/salamanca\/asaja-salamanca-informa\/vigilancia-cereales-leguminosas","url":"https:\/\/www.asajacyl.com\/salamanca\/asaja-salamanca-informa\/vigilancia-cereales-leguminosas","name":"Se recomienda la vigilancia en los cereales y leguminosas por hongos, insectos y bacterias","isPartOf":{"@id":"https:\/\/www.asajacyl.com\/salamanca\/#website"},"primaryImageOfPage":{"@id":"https:\/\/www.asajacyl.com\/salamanca\/asaja-salamanca-informa\/vigilancia-cereales-leguminosas#primaryimage"},"image":{"@id":"https:\/\/www.asajacyl.com\/salamanca\/asaja-salamanca-informa\/vigilancia-cereales-leguminosas#primaryimage"},"thumbnailUrl":"https:\/\/www.asajacyl.com\/salamanca\/wp-content\/uploads\/sites\/7\/2020\/05\/roya-amarilla-del-trigo.jpeg","datePublished":"2020-05-19T08:50:27+00:00","dateModified":"2020-05-20T08:26:56+00:00","author":{"@id":"https:\/\/www.asajacyl.com\/salamanca\/#\/schema\/person\/2bfc7da09988e1087e6291fafe99b67f"},"description":"Debido a que los condicionantes clim\u00e1ticos resultan compatibles con su desarrollo, se recuerda la necesidad de vigilancia","breadcrumb":{"@id":"https:\/\/www.asajacyl.com\/salamanca\/asaja-salamanca-informa\/vigilancia-cereales-leguminosas#breadcrumb"},"inLanguage":"es","potentialAction":[{"@type":"ReadAction","target":["https:\/\/www.asajacyl.com\/salamanca\/asaja-salamanca-informa\/vigilancia-cereales-leguminosas"]}]},{"@type":"ImageObject","inLanguage":"es","@id":"https:\/\/www.asajacyl.com\/salamanca\/asaja-salamanca-informa\/vigilancia-cereales-leguminosas#primaryimage","url":"https:\/\/www.asajacyl.com\/salamanca\/wp-content\/uploads\/sites\/7\/2020\/05\/roya-amarilla-del-trigo.jpeg","contentUrl":"https:\/\/www.asajacyl.com\/salamanca\/wp-content\/uploads\/sites\/7\/2020\/05\/roya-amarilla-del-trigo.jpeg","width":480,"height":368},{"@type":"BreadcrumbList","@id":"https:\/\/www.asajacyl.com\/salamanca\/asaja-salamanca-informa\/vigilancia-cereales-leguminosas#breadcrumb","itemListElement":[{"@type":"ListItem","position":1,"name":"Portada","item":"https:\/\/www.asajacyl.com\/salamanca\/"},{"@type":"ListItem","position":2,"name":"Se recomienda la vigilancia en los cereales y leguminosas por hongos, insectos y bacterias"}]},{"@type":"WebSite","@id":"https:\/\/www.asajacyl.com\/salamanca\/#website","url":"https:\/\/www.asajacyl.com\/salamanca\/","name":"ASAJA Salamanca","description":"Otro sitio m\u00e1s de Provincias ASAJA Castilla y Le\u00f3n","potentialAction":[{"@type":"SearchAction","target":{"@type":"EntryPoint","urlTemplate":"https:\/\/www.asajacyl.com\/salamanca\/?s={search_term_string}"},"query-input":{"@type":"PropertyValueSpecification","valueRequired":true,"valueName":"search_term_string"}}],"inLanguage":"es"},{"@type":"Person","@id":"https:\/\/www.asajacyl.com\/salamanca\/#\/schema\/person\/2bfc7da09988e1087e6291fafe99b67f","name":"Sonia","image":{"@type":"ImageObject","inLanguage":"es","@id":"https:\/\/www.asajacyl.com\/salamanca\/#\/schema\/person\/image\/","url":"https:\/\/secure.gravatar.com\/avatar\/6b0d6eb461a1e3687cc023d59022ef0d?s=96&d=mm&r=g","contentUrl":"https:\/\/secure.gravatar.com\/avatar\/6b0d6eb461a1e3687cc023d59022ef0d?s=96&d=mm&r=g","caption":"Sonia"},"url":"https:\/\/www.asajacyl.com\/salamanca\/author\/juanluisde"}]}},"_links":{"self":[{"href":"https:\/\/www.asajacyl.com\/salamanca\/wp-json\/wp\/v2\/posts\/8589"}],"collection":[{"href":"https:\/\/www.asajacyl.com\/salamanca\/wp-json\/wp\/v2\/posts"}],"about":[{"href":"https:\/\/www.asajacyl.com\/salamanca\/wp-json\/wp\/v2\/types\/post"}],"author":[{"embeddable":true,"href":"https:\/\/www.asajacyl.com\/salamanca\/wp-json\/wp\/v2\/users\/10"}],"replies":[{"embeddable":true,"href":"https:\/\/www.asajacyl.com\/salamanca\/wp-json\/wp\/v2\/comments?post=8589"}],"version-history":[{"count":1,"href":"https:\/\/www.asajacyl.com\/salamanca\/wp-json\/wp\/v2\/posts\/8589\/revisions"}],"predecessor-version":[{"id":8598,"href":"https:\/\/www.asajacyl.com\/salamanca\/wp-json\/wp\/v2\/posts\/8589\/revisions\/8598"}],"wp:featuredmedia":[{"embeddable":true,"href":"https:\/\/www.asajacyl.com\/salamanca\/wp-json\/wp\/v2\/media\/8597"}],"wp:attachment":[{"href":"https:\/\/www.asajacyl.com\/salamanca\/wp-json\/wp\/v2\/media?parent=8589"}],"wp:term":[{"taxonomy":"category","embeddable":true,"href":"https:\/\/www.asajacyl.com\/salamanca\/wp-json\/wp\/v2\/categories?post=8589"},{"taxonomy":"post_tag","embeddable":true,"href":"https:\/\/www.asajacyl.com\/salamanca\/wp-json\/wp\/v2\/tags?post=8589"}],"curies":[{"name":"wp","href":"https:\/\/api.w.org\/{rel}","templated":true}]}}