{"id":8820,"date":"2020-06-18T08:16:17","date_gmt":"2020-06-18T08:16:17","guid":{"rendered":"https:\/\/www.asajacyl.com\/salamanca\/?p=8820"},"modified":"2020-06-22T10:27:59","modified_gmt":"2020-06-22T10:27:59","slug":"barato-pide-sanchez-aproveche-los-fondos-comunitarios-impulsar-al-sector-agrario","status":"publish","type":"post","link":"https:\/\/www.asajacyl.com\/salamanca\/asaja-salamanca-informa\/notas-de-prensa\/barato-pide-sanchez-aproveche-los-fondos-comunitarios-impulsar-al-sector-agrario","title":{"rendered":"Barato pide a S\u00e1nchez que aproveche los fondos comunitarios para impulsar al sector agrario"},"content":{"rendered":"<h2>El presidente de ASAJA, Pedro Barato, ha intervenido este mi\u00e9rcoles, 17 de junio, en la Mesa del Sector Agroalimentario en \u00a0la cumbre empresarial de CEOE que se celebra esta semana en Madrid. Junto a destacados l\u00edderes empresariales del sector agroalimentario, ha defendido la necesidad de que nuestro Gobierno aproveche al m\u00e1ximo las medidas extraordinarias y los recursos financieros puestos en marcha por Bruselas para afrontar la recuperaci\u00f3n de la actividad econ\u00f3mica tras la crisis provocada por la COVID-19.<\/h2>\n<p><strong>\u00a0<\/strong>Sus primeras palabras han sido de reconocimiento para los empresarios agrarios que con su trabajo y junto al resto de la cadena alimentaria han conseguido, prestar un servicio p\u00fablico de primera necesidad, como es el aprovisionamiento de alimentos sanos, seguros y a precios asequibles para la sociedad. <em>\u201cEn este sentido, estamos orgullosos de haber contribuido a lo que nosotros llamamos Serenidad Alimentaria, tan esencial en estos tiempos de incertidumbre\u201d.<\/em><\/p>\n<p><em>\u201cSi algo ha puesto de manifiesto esta crisis<\/em> -ha explicado Barato- <em>es la evidencia de que el aprovisionamiento de alimentos para la sociedad no se puede dejar en manos de terceros pa\u00edses y por eso necesitamos tener un modelo productivo, potente y eficiente\u201d. <\/em>En este sentido, el presidente de ASAJA ha aludido a los retos esenciales que tiene por delante el sector como son el Cambio Clim\u00e1tico, el empleo, la revitalizaci\u00f3n del medio rural y digitalizaci\u00f3n del sector.<\/p>\n<p>Para poder levantar nuestro sector, \u201c<em>que tambi\u00e9n ha sufrido lo suyo, y que arrastra problemas coyunturales que frenan su competitividad\u201d <\/em>\u00a0(hay que recordar que el sector agrario interrumpi\u00f3 sus protestas y aparc\u00f3 reivindicaciones por la pandemia) es importante actuar tanto en el propio sector como en otros conexos, precisamente algunos de los m\u00e1s afectados, la restauraci\u00f3n y el turismo<strong>. <\/strong><em>\u201cEl cierre del Canal Horeca ha tenido un efecto dram\u00e1tico en muchas de nuestras explotaciones y los agricultores y de manera especial los ganaderos necesitan una atenci\u00f3n especial en forma de medidas destinadas a reforzar estos sectores esenciales\u201d.<\/em><\/p>\n<p><em>\u00a0<\/em>En este punto, el presidente de ASAJA ha querido establecer la siguiente comparaci\u00f3n: las medidas adoptadas para abordar la crisis en los sectores agrarios de la UE han tenido un coste de\u00a0 85 millones de euros, por su parte, Estados Unidos ha aprobado un programa para apoyar a sus agricultores de m\u00e1s de 16.000 millones de d\u00f3lares en las denominadas \u201cayudas helic\u00f3ptero\u201d.<\/p>\n<p>Esa determinaci\u00f3n es la que Pedro Barato reclama al Gobierno espa\u00f1ol, con la adopci\u00f3n de medidas concretas de car\u00e1cter fiscal y tambi\u00e9n de financiaci\u00f3n preferencial para dar respuesta de manera inmediata a los problemas que atraviesas determinadas explotaciones. Igualmente el presidente de ASAJA ha pedido al presidente del Gobierno que aproveche los fondos comunitarios para dotar al sector de las mejores condiciones para competir, bien sea a trav\u00e9s de los fondos estructurales, del Marco Temporal aprobado el 19 de marzo o a trav\u00e9s del presupuesto espec\u00edfico \u201cNueva Generaci\u00f3n UE\u201d. <em>\u201cEsperemos que esos fondos puedan ayudar a la recuperaci\u00f3n del tejido econ\u00f3mico espa\u00f1ol\u201d<\/em>, ha se\u00f1alado.<\/p>\n<p>Incluso en el Programa de Recuperaci\u00f3n de la UE hay acciones previstas donde el sector agrario se puede ver reflejado. Son medidas para reducir la brecha digital, y avanzar hacia una transici\u00f3n verde, donde el medio rural en general y el sector agrario en particular, se constituyen en actores principales.<em>\u201cEn suma, <\/em>-ha concluido el presidente de ASAJA- <em>es esencial romper la brecha digital, apoyar la innovaci\u00f3n para mitigar el cambio clim\u00e1tico, modernizar nuestros regad\u00edos y adaptar la agricultura a los nuevos mercados\u201d. <\/em><\/p>\n<p>Pedro Barato intervino en la mesa del sector agroalimentario junto con Tom\u00e1s Pascual, presidente de Calidad de Pascual; Tom\u00e1s Fuertes, presidente del Grupo Fuertes; Antonio Hern\u00e1ndez, presidente del Grupo Ebro; Carlos Moro, presidente de Matarromera; Paulo Soares, presidente de Campofr\u00edo; Ignacio Osborne, presidente del Grupo Osborne y del Foro de Marcas Renombradas; Jos\u00e9 Domingo de Ampuero, presidente de VISCOFAN; y Javier Garat, secretario general de CEPESCA.<\/p>\n<p>&nbsp;<\/p>\n<p>&nbsp;<\/p>\n<p><strong>\u00a0<\/strong><\/p>\n","protected":false},"excerpt":{"rendered":"<p>El presidente de ASAJA, Pedro Barato, ha intervenido este mi\u00e9rcoles, 17 de junio, en la Mesa del Sector Agroalimentario en \u00a0la cumbre empresarial de CEOE que se celebra esta semana en Madrid. Junto a destacados l\u00edderes empresariales del sector agroalimentario, ha defendido la necesidad de que nuestro Gobierno aproveche al m\u00e1ximo las medidas extraordinarias y [&hellip;]<\/p>\n","protected":false},"author":10,"featured_media":8821,"comment_status":"open","ping_status":"open","sticky":false,"template":"","format":"standard","meta":{"footnotes":""},"categories":[10,28],"tags":[],"yoast_head":"<!-- This site is optimized with the Yoast SEO plugin v24.5 - https:\/\/yoast.com\/wordpress\/plugins\/seo\/ -->\n<title>Barato pide a S\u00e1nchez que aproveche los fondos comunitarios para impulsar al sector agrario - ASAJA Salamanca<\/title>\n<meta name=\"description\" content=\"El presidente de ASAJA, Pedro Barato, ha intervenido este mi\u00e9rcoles, 17 de junio, en la Mesa del Sector Agroalimentario en \u00a0la cumbre empresarial de CEOE\" \/>\n<meta name=\"robots\" content=\"index, follow, max-snippet:-1, max-image-preview:large, max-video-preview:-1\" \/>\n<link rel=\"canonical\" href=\"https:\/\/www.asajacyl.com\/salamanca\/asaja-salamanca-informa\/notas-de-prensa\/barato-pide-sanchez-aproveche-los-fondos-comunitarios-impulsar-al-sector-agrario\" \/>\n<meta property=\"og:locale\" content=\"es_ES\" \/>\n<meta property=\"og:type\" content=\"article\" \/>\n<meta property=\"og:title\" content=\"Barato pide a S\u00e1nchez que aproveche los fondos comunitarios para impulsar al sector agrario - ASAJA Salamanca\" \/>\n<meta property=\"og:description\" content=\"El presidente de ASAJA, Pedro Barato, ha intervenido este mi\u00e9rcoles, 17 de junio, en la Mesa del Sector Agroalimentario en \u00a0la cumbre empresarial de CEOE\" \/>\n<meta property=\"og:url\" content=\"https:\/\/www.asajacyl.com\/salamanca\/asaja-salamanca-informa\/notas-de-prensa\/barato-pide-sanchez-aproveche-los-fondos-comunitarios-impulsar-al-sector-agrario\" \/>\n<meta property=\"og:site_name\" content=\"ASAJA Salamanca\" \/>\n<meta property=\"article:published_time\" content=\"2020-06-18T08:16:17+00:00\" \/>\n<meta property=\"article:modified_time\" content=\"2020-06-22T10:27:59+00:00\" \/>\n<meta property=\"og:image\" content=\"https:\/\/www.asajacyl.com\/salamanca\/wp-content\/uploads\/sites\/7\/2020\/06\/6-Pedro-Barato-presidente-nacional.jpg\" \/>\n\t<meta property=\"og:image:width\" content=\"2500\" \/>\n\t<meta property=\"og:image:height\" content=\"1875\" \/>\n\t<meta property=\"og:image:type\" content=\"image\/jpeg\" \/>\n<meta name=\"author\" content=\"Sonia\" \/>\n<meta name=\"twitter:card\" content=\"summary_large_image\" \/>\n<meta name=\"twitter:label1\" content=\"Escrito por\" \/>\n\t<meta name=\"twitter:data1\" content=\"Sonia\" \/>\n\t<meta name=\"twitter:label2\" content=\"Tiempo de lectura\" \/>\n\t<meta name=\"twitter:data2\" content=\"3 minutos\" \/>\n<script type=\"application\/ld+json\" class=\"yoast-schema-graph\">{\"@context\":\"https:\/\/schema.org\",\"@graph\":[{\"@type\":\"WebPage\",\"@id\":\"https:\/\/www.asajacyl.com\/salamanca\/asaja-salamanca-informa\/notas-de-prensa\/barato-pide-sanchez-aproveche-los-fondos-comunitarios-impulsar-al-sector-agrario\",\"url\":\"https:\/\/www.asajacyl.com\/salamanca\/asaja-salamanca-informa\/notas-de-prensa\/barato-pide-sanchez-aproveche-los-fondos-comunitarios-impulsar-al-sector-agrario\",\"name\":\"Barato pide a S\u00e1nchez que aproveche los fondos comunitarios para impulsar al sector agrario - ASAJA Salamanca\",\"isPartOf\":{\"@id\":\"https:\/\/www.asajacyl.com\/salamanca\/#website\"},\"primaryImageOfPage\":{\"@id\":\"https:\/\/www.asajacyl.com\/salamanca\/asaja-salamanca-informa\/notas-de-prensa\/barato-pide-sanchez-aproveche-los-fondos-comunitarios-impulsar-al-sector-agrario#primaryimage\"},\"image\":{\"@id\":\"https:\/\/www.asajacyl.com\/salamanca\/asaja-salamanca-informa\/notas-de-prensa\/barato-pide-sanchez-aproveche-los-fondos-comunitarios-impulsar-al-sector-agrario#primaryimage\"},\"thumbnailUrl\":\"https:\/\/www.asajacyl.com\/salamanca\/wp-content\/uploads\/sites\/7\/2020\/06\/6-Pedro-Barato-presidente-nacional.jpg\",\"datePublished\":\"2020-06-18T08:16:17+00:00\",\"dateModified\":\"2020-06-22T10:27:59+00:00\",\"author\":{\"@id\":\"https:\/\/www.asajacyl.com\/salamanca\/#\/schema\/person\/2bfc7da09988e1087e6291fafe99b67f\"},\"description\":\"El presidente de ASAJA, Pedro Barato, ha intervenido este mi\u00e9rcoles, 17 de junio, en la Mesa del Sector Agroalimentario en \u00a0la cumbre empresarial de CEOE\",\"breadcrumb\":{\"@id\":\"https:\/\/www.asajacyl.com\/salamanca\/asaja-salamanca-informa\/notas-de-prensa\/barato-pide-sanchez-aproveche-los-fondos-comunitarios-impulsar-al-sector-agrario#breadcrumb\"},\"inLanguage\":\"es\",\"potentialAction\":[{\"@type\":\"ReadAction\",\"target\":[\"https:\/\/www.asajacyl.com\/salamanca\/asaja-salamanca-informa\/notas-de-prensa\/barato-pide-sanchez-aproveche-los-fondos-comunitarios-impulsar-al-sector-agrario\"]}]},{\"@type\":\"ImageObject\",\"inLanguage\":\"es\",\"@id\":\"https:\/\/www.asajacyl.com\/salamanca\/asaja-salamanca-informa\/notas-de-prensa\/barato-pide-sanchez-aproveche-los-fondos-comunitarios-impulsar-al-sector-agrario#primaryimage\",\"url\":\"https:\/\/www.asajacyl.com\/salamanca\/wp-content\/uploads\/sites\/7\/2020\/06\/6-Pedro-Barato-presidente-nacional.jpg\",\"contentUrl\":\"https:\/\/www.asajacyl.com\/salamanca\/wp-content\/uploads\/sites\/7\/2020\/06\/6-Pedro-Barato-presidente-nacional.jpg\",\"width\":2500,\"height\":1875},{\"@type\":\"BreadcrumbList\",\"@id\":\"https:\/\/www.asajacyl.com\/salamanca\/asaja-salamanca-informa\/notas-de-prensa\/barato-pide-sanchez-aproveche-los-fondos-comunitarios-impulsar-al-sector-agrario#breadcrumb\",\"itemListElement\":[{\"@type\":\"ListItem\",\"position\":1,\"name\":\"Portada\",\"item\":\"https:\/\/www.asajacyl.com\/salamanca\/\"},{\"@type\":\"ListItem\",\"position\":2,\"name\":\"Barato pide a S\u00e1nchez que aproveche los fondos comunitarios para impulsar al sector agrario\"}]},{\"@type\":\"WebSite\",\"@id\":\"https:\/\/www.asajacyl.com\/salamanca\/#website\",\"url\":\"https:\/\/www.asajacyl.com\/salamanca\/\",\"name\":\"ASAJA Salamanca\",\"description\":\"Otro sitio m\u00e1s de Provincias ASAJA Castilla y Le\u00f3n\",\"potentialAction\":[{\"@type\":\"SearchAction\",\"target\":{\"@type\":\"EntryPoint\",\"urlTemplate\":\"https:\/\/www.asajacyl.com\/salamanca\/?s={search_term_string}\"},\"query-input\":{\"@type\":\"PropertyValueSpecification\",\"valueRequired\":true,\"valueName\":\"search_term_string\"}}],\"inLanguage\":\"es\"},{\"@type\":\"Person\",\"@id\":\"https:\/\/www.asajacyl.com\/salamanca\/#\/schema\/person\/2bfc7da09988e1087e6291fafe99b67f\",\"name\":\"Sonia\",\"image\":{\"@type\":\"ImageObject\",\"inLanguage\":\"es\",\"@id\":\"https:\/\/www.asajacyl.com\/salamanca\/#\/schema\/person\/image\/\",\"url\":\"https:\/\/secure.gravatar.com\/avatar\/6b0d6eb461a1e3687cc023d59022ef0d?s=96&d=mm&r=g\",\"contentUrl\":\"https:\/\/secure.gravatar.com\/avatar\/6b0d6eb461a1e3687cc023d59022ef0d?s=96&d=mm&r=g\",\"caption\":\"Sonia\"},\"url\":\"https:\/\/www.asajacyl.com\/salamanca\/author\/juanluisde\"}]}<\/script>\n<!-- \/ Yoast SEO plugin. -->","yoast_head_json":{"title":"Barato pide a S\u00e1nchez que aproveche los fondos comunitarios para impulsar al sector agrario - ASAJA Salamanca","description":"El presidente de ASAJA, Pedro Barato, ha intervenido este mi\u00e9rcoles, 17 de junio, en la Mesa del Sector Agroalimentario en \u00a0la cumbre empresarial de CEOE","robots":{"index":"index","follow":"follow","max-snippet":"max-snippet:-1","max-image-preview":"max-image-preview:large","max-video-preview":"max-video-preview:-1"},"canonical":"https:\/\/www.asajacyl.com\/salamanca\/asaja-salamanca-informa\/notas-de-prensa\/barato-pide-sanchez-aproveche-los-fondos-comunitarios-impulsar-al-sector-agrario","og_locale":"es_ES","og_type":"article","og_title":"Barato pide a S\u00e1nchez que aproveche los fondos comunitarios para impulsar al sector agrario - ASAJA Salamanca","og_description":"El presidente de ASAJA, Pedro Barato, ha intervenido este mi\u00e9rcoles, 17 de junio, en la Mesa del Sector Agroalimentario en \u00a0la cumbre empresarial de CEOE","og_url":"https:\/\/www.asajacyl.com\/salamanca\/asaja-salamanca-informa\/notas-de-prensa\/barato-pide-sanchez-aproveche-los-fondos-comunitarios-impulsar-al-sector-agrario","og_site_name":"ASAJA Salamanca","article_published_time":"2020-06-18T08:16:17+00:00","article_modified_time":"2020-06-22T10:27:59+00:00","og_image":[{"width":2500,"height":1875,"url":"https:\/\/www.asajacyl.com\/salamanca\/wp-content\/uploads\/sites\/7\/2020\/06\/6-Pedro-Barato-presidente-nacional.jpg","type":"image\/jpeg"}],"author":"Sonia","twitter_card":"summary_large_image","twitter_misc":{"Escrito por":"Sonia","Tiempo de lectura":"3 minutos"},"schema":{"@context":"https:\/\/schema.org","@graph":[{"@type":"WebPage","@id":"https:\/\/www.asajacyl.com\/salamanca\/asaja-salamanca-informa\/notas-de-prensa\/barato-pide-sanchez-aproveche-los-fondos-comunitarios-impulsar-al-sector-agrario","url":"https:\/\/www.asajacyl.com\/salamanca\/asaja-salamanca-informa\/notas-de-prensa\/barato-pide-sanchez-aproveche-los-fondos-comunitarios-impulsar-al-sector-agrario","name":"Barato pide a S\u00e1nchez que aproveche los fondos comunitarios para impulsar al sector agrario - ASAJA Salamanca","isPartOf":{"@id":"https:\/\/www.asajacyl.com\/salamanca\/#website"},"primaryImageOfPage":{"@id":"https:\/\/www.asajacyl.com\/salamanca\/asaja-salamanca-informa\/notas-de-prensa\/barato-pide-sanchez-aproveche-los-fondos-comunitarios-impulsar-al-sector-agrario#primaryimage"},"image":{"@id":"https:\/\/www.asajacyl.com\/salamanca\/asaja-salamanca-informa\/notas-de-prensa\/barato-pide-sanchez-aproveche-los-fondos-comunitarios-impulsar-al-sector-agrario#primaryimage"},"thumbnailUrl":"https:\/\/www.asajacyl.com\/salamanca\/wp-content\/uploads\/sites\/7\/2020\/06\/6-Pedro-Barato-presidente-nacional.jpg","datePublished":"2020-06-18T08:16:17+00:00","dateModified":"2020-06-22T10:27:59+00:00","author":{"@id":"https:\/\/www.asajacyl.com\/salamanca\/#\/schema\/person\/2bfc7da09988e1087e6291fafe99b67f"},"description":"El presidente de ASAJA, Pedro Barato, ha intervenido este mi\u00e9rcoles, 17 de junio, en la Mesa del Sector Agroalimentario en \u00a0la cumbre empresarial de CEOE","breadcrumb":{"@id":"https:\/\/www.asajacyl.com\/salamanca\/asaja-salamanca-informa\/notas-de-prensa\/barato-pide-sanchez-aproveche-los-fondos-comunitarios-impulsar-al-sector-agrario#breadcrumb"},"inLanguage":"es","potentialAction":[{"@type":"ReadAction","target":["https:\/\/www.asajacyl.com\/salamanca\/asaja-salamanca-informa\/notas-de-prensa\/barato-pide-sanchez-aproveche-los-fondos-comunitarios-impulsar-al-sector-agrario"]}]},{"@type":"ImageObject","inLanguage":"es","@id":"https:\/\/www.asajacyl.com\/salamanca\/asaja-salamanca-informa\/notas-de-prensa\/barato-pide-sanchez-aproveche-los-fondos-comunitarios-impulsar-al-sector-agrario#primaryimage","url":"https:\/\/www.asajacyl.com\/salamanca\/wp-content\/uploads\/sites\/7\/2020\/06\/6-Pedro-Barato-presidente-nacional.jpg","contentUrl":"https:\/\/www.asajacyl.com\/salamanca\/wp-content\/uploads\/sites\/7\/2020\/06\/6-Pedro-Barato-presidente-nacional.jpg","width":2500,"height":1875},{"@type":"BreadcrumbList","@id":"https:\/\/www.asajacyl.com\/salamanca\/asaja-salamanca-informa\/notas-de-prensa\/barato-pide-sanchez-aproveche-los-fondos-comunitarios-impulsar-al-sector-agrario#breadcrumb","itemListElement":[{"@type":"ListItem","position":1,"name":"Portada","item":"https:\/\/www.asajacyl.com\/salamanca\/"},{"@type":"ListItem","position":2,"name":"Barato pide a S\u00e1nchez que aproveche los fondos comunitarios para impulsar al sector agrario"}]},{"@type":"WebSite","@id":"https:\/\/www.asajacyl.com\/salamanca\/#website","url":"https:\/\/www.asajacyl.com\/salamanca\/","name":"ASAJA Salamanca","description":"Otro sitio m\u00e1s de Provincias ASAJA Castilla y Le\u00f3n","potentialAction":[{"@type":"SearchAction","target":{"@type":"EntryPoint","urlTemplate":"https:\/\/www.asajacyl.com\/salamanca\/?s={search_term_string}"},"query-input":{"@type":"PropertyValueSpecification","valueRequired":true,"valueName":"search_term_string"}}],"inLanguage":"es"},{"@type":"Person","@id":"https:\/\/www.asajacyl.com\/salamanca\/#\/schema\/person\/2bfc7da09988e1087e6291fafe99b67f","name":"Sonia","image":{"@type":"ImageObject","inLanguage":"es","@id":"https:\/\/www.asajacyl.com\/salamanca\/#\/schema\/person\/image\/","url":"https:\/\/secure.gravatar.com\/avatar\/6b0d6eb461a1e3687cc023d59022ef0d?s=96&d=mm&r=g","contentUrl":"https:\/\/secure.gravatar.com\/avatar\/6b0d6eb461a1e3687cc023d59022ef0d?s=96&d=mm&r=g","caption":"Sonia"},"url":"https:\/\/www.asajacyl.com\/salamanca\/author\/juanluisde"}]}},"_links":{"self":[{"href":"https:\/\/www.asajacyl.com\/salamanca\/wp-json\/wp\/v2\/posts\/8820"}],"collection":[{"href":"https:\/\/www.asajacyl.com\/salamanca\/wp-json\/wp\/v2\/posts"}],"about":[{"href":"https:\/\/www.asajacyl.com\/salamanca\/wp-json\/wp\/v2\/types\/post"}],"author":[{"embeddable":true,"href":"https:\/\/www.asajacyl.com\/salamanca\/wp-json\/wp\/v2\/users\/10"}],"replies":[{"embeddable":true,"href":"https:\/\/www.asajacyl.com\/salamanca\/wp-json\/wp\/v2\/comments?post=8820"}],"version-history":[{"count":1,"href":"https:\/\/www.asajacyl.com\/salamanca\/wp-json\/wp\/v2\/posts\/8820\/revisions"}],"predecessor-version":[{"id":8822,"href":"https:\/\/www.asajacyl.com\/salamanca\/wp-json\/wp\/v2\/posts\/8820\/revisions\/8822"}],"wp:featuredmedia":[{"embeddable":true,"href":"https:\/\/www.asajacyl.com\/salamanca\/wp-json\/wp\/v2\/media\/8821"}],"wp:attachment":[{"href":"https:\/\/www.asajacyl.com\/salamanca\/wp-json\/wp\/v2\/media?parent=8820"}],"wp:term":[{"taxonomy":"category","embeddable":true,"href":"https:\/\/www.asajacyl.com\/salamanca\/wp-json\/wp\/v2\/categories?post=8820"},{"taxonomy":"post_tag","embeddable":true,"href":"https:\/\/www.asajacyl.com\/salamanca\/wp-json\/wp\/v2\/tags?post=8820"}],"curies":[{"name":"wp","href":"https:\/\/api.w.org\/{rel}","templated":true}]}}