{"id":8960,"date":"2020-07-02T08:25:15","date_gmt":"2020-07-02T08:25:15","guid":{"rendered":"https:\/\/www.asajacyl.com\/salamanca\/?p=8960"},"modified":"2020-07-02T10:05:54","modified_gmt":"2020-07-02T10:05:54","slug":"ministerio-comunidades-autonomas-vigilan-la-temperatura-los-transportes-ganado-verano","status":"publish","type":"post","link":"https:\/\/www.asajacyl.com\/salamanca\/asaja-salamanca-informa\/ministerio-comunidades-autonomas-vigilan-la-temperatura-los-transportes-ganado-verano","title":{"rendered":"Ministerio y comunidades aut\u00f3nomas vigilan la temperatura de los transportes de ganado durante el verano"},"content":{"rendered":"<ul>\n<li>\n<h2>Los organizadores de traslados de animales tienen que asegurarse de que no se sobrepasar\u00e1n los m\u00e1ximos admitidos y habr\u00e1n de entregar registros de temperatura a las autoridades competentes una vez finalizado el viaje<\/h2>\n<\/li>\n<li>\n<h2>La campa\u00f1a de control se extender\u00e1 hasta el 15 de septiembre y las comunidades aut\u00f3nomas enviar\u00e1n un informe final al Ministerio<\/h2>\n<\/li>\n<\/ul>\n<p>El Ministerio de Agricultura, Pesca y Alimentaci\u00f3n (MAPA), en coordinaci\u00f3n con las comunidades aut\u00f3nomas, ha puesto en marcha un plan de actuaci\u00f3n para el control de las temperaturas en los transportes de animales durante el verano de 2020. <strong>Afecta a los transportes de m\u00e1s de 8 horas con destino a otros pa\u00edses<\/strong>, tanto de la Uni\u00f3n Europea como de fuera de ella.<\/p>\n<p><strong>Entre el 19 de junio y hasta el 15 de septiembre<\/strong>, la autoridad competente en el lugar de origen solicitar\u00e1 al organizador del viaje que, junto a la devoluci\u00f3n del cuaderno de a bordo que tiene que realizar, env\u00ede tambi\u00e9n los registros de temperatura del viaje realizado.<\/p>\n<p>Asimismo, se asegurar\u00e1 de que el operador que gestiona el traslado haya comprobado previamente que las condiciones meteorol\u00f3gicas previstas posibilitan el viaje y que las temperaturas se mantendr\u00e1n en el interior del medio de transporte entre 5 y 30 \u00baC, con una tolerancia de \u00b1 5 \u00baC en funci\u00f3n de la temperatura exterior. En caso de que los registros indiquen que las temperaturas superaron los 35 \u00baC se tramitar\u00e1 el expediente sancionador correspondiente.<\/p>\n<p>El plan contempla tambi\u00e9n un seguimiento por parte del Estado, que recibir\u00e1 un informe final de las comunidades aut\u00f3nomas. En este documento se reflejar\u00e1:<\/p>\n<ul>\n<li>el n\u00famero de viajes rechazados por no asegurar el cumplimiento de los niveles de temperatura pertinentes<\/li>\n<li>el n\u00famero de viajes realizados<\/li>\n<li>el de aquellos en los que no se devolvieron los registros de temperatura en el plazo establecido<\/li>\n<li>el n\u00famero de expedientes sancionadores tramitados<\/li>\n<\/ul>\n<p>Por otra parte, en el caso de viajes en veh\u00edculos autorizados hasta 12 horas que no tienen obligaci\u00f3n de contar con un sistema de registro de temperaturas, la autoridad competente deber\u00e1 asegurarse de que el transportista toma las medidas necesarias para que los animales est\u00e9n adecuadamente atendidos.<\/p>\n<p>La normativa comunitaria, que regula la protecci\u00f3n de los animales durante el transporte y operaciones conexas, establece que en los traslados de animales vivos por carretera (\u00e9quidos, bovinos, ovinos, caprinos y porcinos) en viajes largos se debe mantener, en el interior del veh\u00edculo, el intervalo de temperaturas se\u00f1alado. Para ello, los veh\u00edculos deben estar equipados con un sistema de control de la temperatura, provisto de un dispositivo de registro de estos datos.<\/p>\n<p>Del mismo modo, establece que se utilizar\u00e1n medios de transporte cuyos sistemas de ventilaci\u00f3n se hayan dise\u00f1ado, construido y mantenido de modo que, en todo momento e independientemente de que el veh\u00edculo est\u00e9 parado o en movimiento, en el interior del medio de transporte pueda mantenerse la temperatura adecuada.<\/p>\n<p>El texto \u00edntegro del plan puede consultarse en el siguiente enlace:<\/p>\n<p><a href=\"https:\/\/www.mapa.gob.es\/es\/ganaderia\/temas\/produccion-y-mercados-ganaderos\/20200602_plan_temperatura_transporte_animales_2020final_tcm30-540542.pdf\">https:\/\/www.mapa.gob.es\/es\/ganaderia\/temas\/produccion-y-mercados-ganaderos\/20200602_plan_temperatura_transporte_animales_2020final_tcm30-540542.pdf<\/a><\/p>\n","protected":false},"excerpt":{"rendered":"<p>Los organizadores de traslados de animales tienen que asegurarse de que no se sobrepasar\u00e1n los m\u00e1ximos admitidos y habr\u00e1n de entregar registros de temperatura a las autoridades competentes una vez finalizado el viaje La campa\u00f1a de control se extender\u00e1 hasta el 15 de septiembre y las comunidades aut\u00f3nomas enviar\u00e1n un informe final al Ministerio El [&hellip;]<\/p>\n","protected":false},"author":10,"featured_media":8961,"comment_status":"open","ping_status":"open","sticky":false,"template":"","format":"standard","meta":{"footnotes":""},"categories":[10,510,39],"tags":[],"yoast_head":"<!-- This site is optimized with the Yoast SEO plugin v24.5 - https:\/\/yoast.com\/wordpress\/plugins\/seo\/ -->\n<title>Ministerio y comunidades aut\u00f3nomas vigilan la temperatura de los transportes de ganado durante el verano - ASAJA Salamanca<\/title>\n<meta name=\"description\" content=\"Los organizadores de traslados de animales tienen que asegurarse de que no se sobrepasar\u00e1n los m\u00e1ximos admitidos y habr\u00e1n de entregar registros de\" \/>\n<meta name=\"robots\" content=\"index, follow, max-snippet:-1, max-image-preview:large, max-video-preview:-1\" \/>\n<link rel=\"canonical\" href=\"https:\/\/www.asajacyl.com\/salamanca\/asaja-salamanca-informa\/ministerio-comunidades-autonomas-vigilan-la-temperatura-los-transportes-ganado-verano\" \/>\n<meta property=\"og:locale\" content=\"es_ES\" \/>\n<meta property=\"og:type\" content=\"article\" \/>\n<meta property=\"og:title\" content=\"Ministerio y comunidades aut\u00f3nomas vigilan la temperatura de los transportes de ganado durante el verano - ASAJA Salamanca\" \/>\n<meta property=\"og:description\" content=\"Los organizadores de traslados de animales tienen que asegurarse de que no se sobrepasar\u00e1n los m\u00e1ximos admitidos y habr\u00e1n de entregar registros de\" \/>\n<meta property=\"og:url\" content=\"https:\/\/www.asajacyl.com\/salamanca\/asaja-salamanca-informa\/ministerio-comunidades-autonomas-vigilan-la-temperatura-los-transportes-ganado-verano\" \/>\n<meta property=\"og:site_name\" content=\"ASAJA Salamanca\" \/>\n<meta property=\"article:published_time\" content=\"2020-07-02T08:25:15+00:00\" \/>\n<meta property=\"article:modified_time\" content=\"2020-07-02T10:05:54+00:00\" \/>\n<meta property=\"og:image\" content=\"https:\/\/www.asajacyl.com\/salamanca\/wp-content\/uploads\/sites\/7\/2020\/07\/porcino-transporte.jpg\" \/>\n\t<meta property=\"og:image:width\" content=\"730\" \/>\n\t<meta property=\"og:image:height\" content=\"355\" \/>\n\t<meta property=\"og:image:type\" content=\"image\/jpeg\" \/>\n<meta name=\"author\" content=\"Sonia\" \/>\n<meta name=\"twitter:card\" content=\"summary_large_image\" \/>\n<meta name=\"twitter:label1\" content=\"Escrito por\" \/>\n\t<meta name=\"twitter:data1\" content=\"Sonia\" \/>\n\t<meta name=\"twitter:label2\" content=\"Tiempo de lectura\" \/>\n\t<meta name=\"twitter:data2\" content=\"3 minutos\" \/>\n<script type=\"application\/ld+json\" class=\"yoast-schema-graph\">{\"@context\":\"https:\/\/schema.org\",\"@graph\":[{\"@type\":\"WebPage\",\"@id\":\"https:\/\/www.asajacyl.com\/salamanca\/asaja-salamanca-informa\/ministerio-comunidades-autonomas-vigilan-la-temperatura-los-transportes-ganado-verano\",\"url\":\"https:\/\/www.asajacyl.com\/salamanca\/asaja-salamanca-informa\/ministerio-comunidades-autonomas-vigilan-la-temperatura-los-transportes-ganado-verano\",\"name\":\"Ministerio y comunidades aut\u00f3nomas vigilan la temperatura de los transportes de ganado durante el verano - ASAJA Salamanca\",\"isPartOf\":{\"@id\":\"https:\/\/www.asajacyl.com\/salamanca\/#website\"},\"primaryImageOfPage\":{\"@id\":\"https:\/\/www.asajacyl.com\/salamanca\/asaja-salamanca-informa\/ministerio-comunidades-autonomas-vigilan-la-temperatura-los-transportes-ganado-verano#primaryimage\"},\"image\":{\"@id\":\"https:\/\/www.asajacyl.com\/salamanca\/asaja-salamanca-informa\/ministerio-comunidades-autonomas-vigilan-la-temperatura-los-transportes-ganado-verano#primaryimage\"},\"thumbnailUrl\":\"https:\/\/www.asajacyl.com\/salamanca\/wp-content\/uploads\/sites\/7\/2020\/07\/porcino-transporte.jpg\",\"datePublished\":\"2020-07-02T08:25:15+00:00\",\"dateModified\":\"2020-07-02T10:05:54+00:00\",\"author\":{\"@id\":\"https:\/\/www.asajacyl.com\/salamanca\/#\/schema\/person\/2bfc7da09988e1087e6291fafe99b67f\"},\"description\":\"Los organizadores de traslados de animales tienen que asegurarse de que no se sobrepasar\u00e1n los m\u00e1ximos admitidos y habr\u00e1n de entregar registros de\",\"breadcrumb\":{\"@id\":\"https:\/\/www.asajacyl.com\/salamanca\/asaja-salamanca-informa\/ministerio-comunidades-autonomas-vigilan-la-temperatura-los-transportes-ganado-verano#breadcrumb\"},\"inLanguage\":\"es\",\"potentialAction\":[{\"@type\":\"ReadAction\",\"target\":[\"https:\/\/www.asajacyl.com\/salamanca\/asaja-salamanca-informa\/ministerio-comunidades-autonomas-vigilan-la-temperatura-los-transportes-ganado-verano\"]}]},{\"@type\":\"ImageObject\",\"inLanguage\":\"es\",\"@id\":\"https:\/\/www.asajacyl.com\/salamanca\/asaja-salamanca-informa\/ministerio-comunidades-autonomas-vigilan-la-temperatura-los-transportes-ganado-verano#primaryimage\",\"url\":\"https:\/\/www.asajacyl.com\/salamanca\/wp-content\/uploads\/sites\/7\/2020\/07\/porcino-transporte.jpg\",\"contentUrl\":\"https:\/\/www.asajacyl.com\/salamanca\/wp-content\/uploads\/sites\/7\/2020\/07\/porcino-transporte.jpg\",\"width\":730,\"height\":355},{\"@type\":\"BreadcrumbList\",\"@id\":\"https:\/\/www.asajacyl.com\/salamanca\/asaja-salamanca-informa\/ministerio-comunidades-autonomas-vigilan-la-temperatura-los-transportes-ganado-verano#breadcrumb\",\"itemListElement\":[{\"@type\":\"ListItem\",\"position\":1,\"name\":\"Portada\",\"item\":\"https:\/\/www.asajacyl.com\/salamanca\/\"},{\"@type\":\"ListItem\",\"position\":2,\"name\":\"Ministerio y comunidades aut\u00f3nomas vigilan la temperatura de los transportes de ganado durante el verano\"}]},{\"@type\":\"WebSite\",\"@id\":\"https:\/\/www.asajacyl.com\/salamanca\/#website\",\"url\":\"https:\/\/www.asajacyl.com\/salamanca\/\",\"name\":\"ASAJA Salamanca\",\"description\":\"Otro sitio m\u00e1s de Provincias ASAJA Castilla y Le\u00f3n\",\"potentialAction\":[{\"@type\":\"SearchAction\",\"target\":{\"@type\":\"EntryPoint\",\"urlTemplate\":\"https:\/\/www.asajacyl.com\/salamanca\/?s={search_term_string}\"},\"query-input\":{\"@type\":\"PropertyValueSpecification\",\"valueRequired\":true,\"valueName\":\"search_term_string\"}}],\"inLanguage\":\"es\"},{\"@type\":\"Person\",\"@id\":\"https:\/\/www.asajacyl.com\/salamanca\/#\/schema\/person\/2bfc7da09988e1087e6291fafe99b67f\",\"name\":\"Sonia\",\"image\":{\"@type\":\"ImageObject\",\"inLanguage\":\"es\",\"@id\":\"https:\/\/www.asajacyl.com\/salamanca\/#\/schema\/person\/image\/\",\"url\":\"https:\/\/secure.gravatar.com\/avatar\/6b0d6eb461a1e3687cc023d59022ef0d?s=96&d=mm&r=g\",\"contentUrl\":\"https:\/\/secure.gravatar.com\/avatar\/6b0d6eb461a1e3687cc023d59022ef0d?s=96&d=mm&r=g\",\"caption\":\"Sonia\"},\"url\":\"https:\/\/www.asajacyl.com\/salamanca\/author\/juanluisde\"}]}<\/script>\n<!-- \/ Yoast SEO plugin. -->","yoast_head_json":{"title":"Ministerio y comunidades aut\u00f3nomas vigilan la temperatura de los transportes de ganado durante el verano - ASAJA Salamanca","description":"Los organizadores de traslados de animales tienen que asegurarse de que no se sobrepasar\u00e1n los m\u00e1ximos admitidos y habr\u00e1n de entregar registros de","robots":{"index":"index","follow":"follow","max-snippet":"max-snippet:-1","max-image-preview":"max-image-preview:large","max-video-preview":"max-video-preview:-1"},"canonical":"https:\/\/www.asajacyl.com\/salamanca\/asaja-salamanca-informa\/ministerio-comunidades-autonomas-vigilan-la-temperatura-los-transportes-ganado-verano","og_locale":"es_ES","og_type":"article","og_title":"Ministerio y comunidades aut\u00f3nomas vigilan la temperatura de los transportes de ganado durante el verano - ASAJA Salamanca","og_description":"Los organizadores de traslados de animales tienen que asegurarse de que no se sobrepasar\u00e1n los m\u00e1ximos admitidos y habr\u00e1n de entregar registros de","og_url":"https:\/\/www.asajacyl.com\/salamanca\/asaja-salamanca-informa\/ministerio-comunidades-autonomas-vigilan-la-temperatura-los-transportes-ganado-verano","og_site_name":"ASAJA Salamanca","article_published_time":"2020-07-02T08:25:15+00:00","article_modified_time":"2020-07-02T10:05:54+00:00","og_image":[{"width":730,"height":355,"url":"https:\/\/www.asajacyl.com\/salamanca\/wp-content\/uploads\/sites\/7\/2020\/07\/porcino-transporte.jpg","type":"image\/jpeg"}],"author":"Sonia","twitter_card":"summary_large_image","twitter_misc":{"Escrito por":"Sonia","Tiempo de lectura":"3 minutos"},"schema":{"@context":"https:\/\/schema.org","@graph":[{"@type":"WebPage","@id":"https:\/\/www.asajacyl.com\/salamanca\/asaja-salamanca-informa\/ministerio-comunidades-autonomas-vigilan-la-temperatura-los-transportes-ganado-verano","url":"https:\/\/www.asajacyl.com\/salamanca\/asaja-salamanca-informa\/ministerio-comunidades-autonomas-vigilan-la-temperatura-los-transportes-ganado-verano","name":"Ministerio y comunidades aut\u00f3nomas vigilan la temperatura de los transportes de ganado durante el verano - ASAJA Salamanca","isPartOf":{"@id":"https:\/\/www.asajacyl.com\/salamanca\/#website"},"primaryImageOfPage":{"@id":"https:\/\/www.asajacyl.com\/salamanca\/asaja-salamanca-informa\/ministerio-comunidades-autonomas-vigilan-la-temperatura-los-transportes-ganado-verano#primaryimage"},"image":{"@id":"https:\/\/www.asajacyl.com\/salamanca\/asaja-salamanca-informa\/ministerio-comunidades-autonomas-vigilan-la-temperatura-los-transportes-ganado-verano#primaryimage"},"thumbnailUrl":"https:\/\/www.asajacyl.com\/salamanca\/wp-content\/uploads\/sites\/7\/2020\/07\/porcino-transporte.jpg","datePublished":"2020-07-02T08:25:15+00:00","dateModified":"2020-07-02T10:05:54+00:00","author":{"@id":"https:\/\/www.asajacyl.com\/salamanca\/#\/schema\/person\/2bfc7da09988e1087e6291fafe99b67f"},"description":"Los organizadores de traslados de animales tienen que asegurarse de que no se sobrepasar\u00e1n los m\u00e1ximos admitidos y habr\u00e1n de entregar registros de","breadcrumb":{"@id":"https:\/\/www.asajacyl.com\/salamanca\/asaja-salamanca-informa\/ministerio-comunidades-autonomas-vigilan-la-temperatura-los-transportes-ganado-verano#breadcrumb"},"inLanguage":"es","potentialAction":[{"@type":"ReadAction","target":["https:\/\/www.asajacyl.com\/salamanca\/asaja-salamanca-informa\/ministerio-comunidades-autonomas-vigilan-la-temperatura-los-transportes-ganado-verano"]}]},{"@type":"ImageObject","inLanguage":"es","@id":"https:\/\/www.asajacyl.com\/salamanca\/asaja-salamanca-informa\/ministerio-comunidades-autonomas-vigilan-la-temperatura-los-transportes-ganado-verano#primaryimage","url":"https:\/\/www.asajacyl.com\/salamanca\/wp-content\/uploads\/sites\/7\/2020\/07\/porcino-transporte.jpg","contentUrl":"https:\/\/www.asajacyl.com\/salamanca\/wp-content\/uploads\/sites\/7\/2020\/07\/porcino-transporte.jpg","width":730,"height":355},{"@type":"BreadcrumbList","@id":"https:\/\/www.asajacyl.com\/salamanca\/asaja-salamanca-informa\/ministerio-comunidades-autonomas-vigilan-la-temperatura-los-transportes-ganado-verano#breadcrumb","itemListElement":[{"@type":"ListItem","position":1,"name":"Portada","item":"https:\/\/www.asajacyl.com\/salamanca\/"},{"@type":"ListItem","position":2,"name":"Ministerio y comunidades aut\u00f3nomas vigilan la temperatura de los transportes de ganado durante el verano"}]},{"@type":"WebSite","@id":"https:\/\/www.asajacyl.com\/salamanca\/#website","url":"https:\/\/www.asajacyl.com\/salamanca\/","name":"ASAJA Salamanca","description":"Otro sitio m\u00e1s de Provincias ASAJA Castilla y Le\u00f3n","potentialAction":[{"@type":"SearchAction","target":{"@type":"EntryPoint","urlTemplate":"https:\/\/www.asajacyl.com\/salamanca\/?s={search_term_string}"},"query-input":{"@type":"PropertyValueSpecification","valueRequired":true,"valueName":"search_term_string"}}],"inLanguage":"es"},{"@type":"Person","@id":"https:\/\/www.asajacyl.com\/salamanca\/#\/schema\/person\/2bfc7da09988e1087e6291fafe99b67f","name":"Sonia","image":{"@type":"ImageObject","inLanguage":"es","@id":"https:\/\/www.asajacyl.com\/salamanca\/#\/schema\/person\/image\/","url":"https:\/\/secure.gravatar.com\/avatar\/6b0d6eb461a1e3687cc023d59022ef0d?s=96&d=mm&r=g","contentUrl":"https:\/\/secure.gravatar.com\/avatar\/6b0d6eb461a1e3687cc023d59022ef0d?s=96&d=mm&r=g","caption":"Sonia"},"url":"https:\/\/www.asajacyl.com\/salamanca\/author\/juanluisde"}]}},"_links":{"self":[{"href":"https:\/\/www.asajacyl.com\/salamanca\/wp-json\/wp\/v2\/posts\/8960"}],"collection":[{"href":"https:\/\/www.asajacyl.com\/salamanca\/wp-json\/wp\/v2\/posts"}],"about":[{"href":"https:\/\/www.asajacyl.com\/salamanca\/wp-json\/wp\/v2\/types\/post"}],"author":[{"embeddable":true,"href":"https:\/\/www.asajacyl.com\/salamanca\/wp-json\/wp\/v2\/users\/10"}],"replies":[{"embeddable":true,"href":"https:\/\/www.asajacyl.com\/salamanca\/wp-json\/wp\/v2\/comments?post=8960"}],"version-history":[{"count":1,"href":"https:\/\/www.asajacyl.com\/salamanca\/wp-json\/wp\/v2\/posts\/8960\/revisions"}],"predecessor-version":[{"id":8962,"href":"https:\/\/www.asajacyl.com\/salamanca\/wp-json\/wp\/v2\/posts\/8960\/revisions\/8962"}],"wp:featuredmedia":[{"embeddable":true,"href":"https:\/\/www.asajacyl.com\/salamanca\/wp-json\/wp\/v2\/media\/8961"}],"wp:attachment":[{"href":"https:\/\/www.asajacyl.com\/salamanca\/wp-json\/wp\/v2\/media?parent=8960"}],"wp:term":[{"taxonomy":"category","embeddable":true,"href":"https:\/\/www.asajacyl.com\/salamanca\/wp-json\/wp\/v2\/categories?post=8960"},{"taxonomy":"post_tag","embeddable":true,"href":"https:\/\/www.asajacyl.com\/salamanca\/wp-json\/wp\/v2\/tags?post=8960"}],"curies":[{"name":"wp","href":"https:\/\/api.w.org\/{rel}","templated":true}]}}