{"id":8985,"date":"2020-07-07T08:12:54","date_gmt":"2020-07-07T08:12:54","guid":{"rendered":"https:\/\/www.asajacyl.com\/salamanca\/?p=8985"},"modified":"2020-07-16T09:04:36","modified_gmt":"2020-07-16T09:04:36","slug":"nuevo-curso-manipulador-plaguicidas","status":"publish","type":"post","link":"https:\/\/www.asajacyl.com\/salamanca\/servicios-socio\/plazos\/nuevo-curso-manipulador-plaguicidas","title":{"rendered":"Nuevo curso de manipulador de plaguicidas"},"content":{"rendered":"<h2>La actividad formativa ser\u00e1 del 15 al 23 de julio<\/h2>\n<p>ASAJA Salamanca organiza e imparte una nueva edici\u00f3n del curso de Manipulador de productos de uso fitosanitario del 15 al 23 de julio.<\/p>\n<p>La sala de formaci\u00f3n de la sede central en Salamanca es el escenario elegido para otorgar las clases de nivel b\u00e1sico en un horario desde las seis y media de la tarde hasta las diez de la noche, excepto el \u00faltimo d\u00eda, el 23, cuando el curso de manipulador se otorgue por la ma\u00f1ana; de diez a dos.<\/p>\n<blockquote><p>Las inscripciones para el nivel b\u00e1sico de manipulador cierran el 14 de julio<\/p><\/blockquote>\n<p>Los destinatarios del curso (personal auxiliar de tratamientos terrestres -incluidos los no agr\u00edcolas-, usuarios o agricultores que realicen tratamientos en su propia explotaci\u00f3n y personal auxiliar de la distribuci\u00f3n que manipule productos fitosanitarios) podr\u00e1n apuntarse al curso llamando al 923 190 720. O bien mandando un correo a olas siguientes direcciones:\u00a0<u><b><a href=\"mailto:asaja@asajasalamanca.com\">asaja@asajasalamanca.com<\/a><\/b><\/u><b>, <\/b><u><b><a href=\"mailto:vitigudino@asajasalamanca.com\">vitigudino@asajasalamanca.com<\/a><\/b><\/u><b>, <\/b><u><b><a href=\"mailto:ciudadrodrigo@asajasalamanca.com\">ciudadrodrigo@asajasalamanca.com<\/a><\/b><\/u><\/p>\n<p>Las inscripciones para el curso de manipulador se cierran el pr\u00f3ximo martes, 14 de julio.<\/p>\n<p><img loading=\"lazy\" decoding=\"async\" class=\"aligncenter wp-image-9072 size-full\" src=\"https:\/\/www.asajacyl.com\/salamanca\/wp-content\/uploads\/sites\/7\/2020\/07\/WhatsApp-Image-2020-07-15-at-21.03.06.jpeg\" alt=\"\" width=\"1600\" height=\"898\" srcset=\"https:\/\/www.asajacyl.com\/salamanca\/wp-content\/uploads\/sites\/7\/2020\/07\/WhatsApp-Image-2020-07-15-at-21.03.06.jpeg 1600w, https:\/\/www.asajacyl.com\/salamanca\/wp-content\/uploads\/sites\/7\/2020\/07\/WhatsApp-Image-2020-07-15-at-21.03.06-300x168.jpeg 300w, https:\/\/www.asajacyl.com\/salamanca\/wp-content\/uploads\/sites\/7\/2020\/07\/WhatsApp-Image-2020-07-15-at-21.03.06-768x431.jpeg 768w, https:\/\/www.asajacyl.com\/salamanca\/wp-content\/uploads\/sites\/7\/2020\/07\/WhatsApp-Image-2020-07-15-at-21.03.06-1024x575.jpeg 1024w, https:\/\/www.asajacyl.com\/salamanca\/wp-content\/uploads\/sites\/7\/2020\/07\/WhatsApp-Image-2020-07-15-at-21.03.06-696x391.jpeg 696w, https:\/\/www.asajacyl.com\/salamanca\/wp-content\/uploads\/sites\/7\/2020\/07\/WhatsApp-Image-2020-07-15-at-21.03.06-1068x599.jpeg 1068w, https:\/\/www.asajacyl.com\/salamanca\/wp-content\/uploads\/sites\/7\/2020\/07\/WhatsApp-Image-2020-07-15-at-21.03.06-748x420.jpeg 748w\" sizes=\"(max-width: 1600px) 100vw, 1600px\" \/><\/p>\n","protected":false},"excerpt":{"rendered":"<p>La actividad formativa ser\u00e1 del 15 al 23 de julio ASAJA Salamanca organiza e imparte una nueva edici\u00f3n del curso de Manipulador de productos de uso fitosanitario del 15 al 23 de julio. La sala de formaci\u00f3n de la sede central en Salamanca es el escenario elegido para otorgar las clases de nivel b\u00e1sico en [&hellip;]<\/p>\n","protected":false},"author":10,"featured_media":8986,"comment_status":"open","ping_status":"open","sticky":false,"template":"","format":"standard","meta":{"footnotes":""},"categories":[36,510,39,9],"tags":[],"yoast_head":"<!-- This site is optimized with the Yoast SEO plugin v24.5 - https:\/\/yoast.com\/wordpress\/plugins\/seo\/ -->\n<title>Nuevo curso de manipulador de plaguicidas - ASAJA Salamanca<\/title>\n<meta name=\"description\" content=\"La actividad formativa ser\u00e1 del 15 al 23 de julio ASAJA Salamanca organiza e imparte una nueva edici\u00f3n del curso de Manipulador de productos de uso\" \/>\n<meta name=\"robots\" content=\"index, follow, max-snippet:-1, max-image-preview:large, max-video-preview:-1\" \/>\n<link rel=\"canonical\" href=\"https:\/\/www.asajacyl.com\/salamanca\/servicios-socio\/plazos\/nuevo-curso-manipulador-plaguicidas\" \/>\n<meta property=\"og:locale\" content=\"es_ES\" \/>\n<meta property=\"og:type\" content=\"article\" \/>\n<meta property=\"og:title\" content=\"Nuevo curso de manipulador de plaguicidas - ASAJA Salamanca\" \/>\n<meta property=\"og:description\" content=\"La actividad formativa ser\u00e1 del 15 al 23 de julio ASAJA Salamanca organiza e imparte una nueva edici\u00f3n del curso de Manipulador de productos de uso\" \/>\n<meta property=\"og:url\" content=\"https:\/\/www.asajacyl.com\/salamanca\/servicios-socio\/plazos\/nuevo-curso-manipulador-plaguicidas\" \/>\n<meta property=\"og:site_name\" content=\"ASAJA Salamanca\" \/>\n<meta property=\"article:published_time\" content=\"2020-07-07T08:12:54+00:00\" \/>\n<meta property=\"article:modified_time\" content=\"2020-07-16T09:04:36+00:00\" \/>\n<meta property=\"og:image\" content=\"https:\/\/www.asajacyl.com\/salamanca\/wp-content\/uploads\/sites\/7\/2020\/07\/plaguicidas.jpg\" \/>\n\t<meta property=\"og:image:width\" content=\"1297\" \/>\n\t<meta property=\"og:image:height\" content=\"436\" \/>\n\t<meta property=\"og:image:type\" content=\"image\/jpeg\" \/>\n<meta name=\"author\" content=\"Sonia\" \/>\n<meta name=\"twitter:card\" content=\"summary_large_image\" \/>\n<meta name=\"twitter:label1\" content=\"Escrito por\" \/>\n\t<meta name=\"twitter:data1\" content=\"Sonia\" \/>\n\t<meta name=\"twitter:label2\" content=\"Tiempo de lectura\" \/>\n\t<meta name=\"twitter:data2\" content=\"1 minuto\" \/>\n<script type=\"application\/ld+json\" class=\"yoast-schema-graph\">{\"@context\":\"https:\/\/schema.org\",\"@graph\":[{\"@type\":\"WebPage\",\"@id\":\"https:\/\/www.asajacyl.com\/salamanca\/servicios-socio\/plazos\/nuevo-curso-manipulador-plaguicidas\",\"url\":\"https:\/\/www.asajacyl.com\/salamanca\/servicios-socio\/plazos\/nuevo-curso-manipulador-plaguicidas\",\"name\":\"Nuevo curso de manipulador de plaguicidas - ASAJA Salamanca\",\"isPartOf\":{\"@id\":\"https:\/\/www.asajacyl.com\/salamanca\/#website\"},\"primaryImageOfPage\":{\"@id\":\"https:\/\/www.asajacyl.com\/salamanca\/servicios-socio\/plazos\/nuevo-curso-manipulador-plaguicidas#primaryimage\"},\"image\":{\"@id\":\"https:\/\/www.asajacyl.com\/salamanca\/servicios-socio\/plazos\/nuevo-curso-manipulador-plaguicidas#primaryimage\"},\"thumbnailUrl\":\"https:\/\/www.asajacyl.com\/salamanca\/wp-content\/uploads\/sites\/7\/2020\/07\/plaguicidas.jpg\",\"datePublished\":\"2020-07-07T08:12:54+00:00\",\"dateModified\":\"2020-07-16T09:04:36+00:00\",\"author\":{\"@id\":\"https:\/\/www.asajacyl.com\/salamanca\/#\/schema\/person\/2bfc7da09988e1087e6291fafe99b67f\"},\"description\":\"La actividad formativa ser\u00e1 del 15 al 23 de julio ASAJA Salamanca organiza e imparte una nueva edici\u00f3n del curso de Manipulador de productos de uso\",\"breadcrumb\":{\"@id\":\"https:\/\/www.asajacyl.com\/salamanca\/servicios-socio\/plazos\/nuevo-curso-manipulador-plaguicidas#breadcrumb\"},\"inLanguage\":\"es\",\"potentialAction\":[{\"@type\":\"ReadAction\",\"target\":[\"https:\/\/www.asajacyl.com\/salamanca\/servicios-socio\/plazos\/nuevo-curso-manipulador-plaguicidas\"]}]},{\"@type\":\"ImageObject\",\"inLanguage\":\"es\",\"@id\":\"https:\/\/www.asajacyl.com\/salamanca\/servicios-socio\/plazos\/nuevo-curso-manipulador-plaguicidas#primaryimage\",\"url\":\"https:\/\/www.asajacyl.com\/salamanca\/wp-content\/uploads\/sites\/7\/2020\/07\/plaguicidas.jpg\",\"contentUrl\":\"https:\/\/www.asajacyl.com\/salamanca\/wp-content\/uploads\/sites\/7\/2020\/07\/plaguicidas.jpg\",\"width\":1297,\"height\":436},{\"@type\":\"BreadcrumbList\",\"@id\":\"https:\/\/www.asajacyl.com\/salamanca\/servicios-socio\/plazos\/nuevo-curso-manipulador-plaguicidas#breadcrumb\",\"itemListElement\":[{\"@type\":\"ListItem\",\"position\":1,\"name\":\"Portada\",\"item\":\"https:\/\/www.asajacyl.com\/salamanca\/\"},{\"@type\":\"ListItem\",\"position\":2,\"name\":\"Nuevo curso de manipulador de plaguicidas\"}]},{\"@type\":\"WebSite\",\"@id\":\"https:\/\/www.asajacyl.com\/salamanca\/#website\",\"url\":\"https:\/\/www.asajacyl.com\/salamanca\/\",\"name\":\"ASAJA Salamanca\",\"description\":\"Otro sitio m\u00e1s de Provincias ASAJA Castilla y Le\u00f3n\",\"potentialAction\":[{\"@type\":\"SearchAction\",\"target\":{\"@type\":\"EntryPoint\",\"urlTemplate\":\"https:\/\/www.asajacyl.com\/salamanca\/?s={search_term_string}\"},\"query-input\":{\"@type\":\"PropertyValueSpecification\",\"valueRequired\":true,\"valueName\":\"search_term_string\"}}],\"inLanguage\":\"es\"},{\"@type\":\"Person\",\"@id\":\"https:\/\/www.asajacyl.com\/salamanca\/#\/schema\/person\/2bfc7da09988e1087e6291fafe99b67f\",\"name\":\"Sonia\",\"image\":{\"@type\":\"ImageObject\",\"inLanguage\":\"es\",\"@id\":\"https:\/\/www.asajacyl.com\/salamanca\/#\/schema\/person\/image\/\",\"url\":\"https:\/\/secure.gravatar.com\/avatar\/6b0d6eb461a1e3687cc023d59022ef0d?s=96&d=mm&r=g\",\"contentUrl\":\"https:\/\/secure.gravatar.com\/avatar\/6b0d6eb461a1e3687cc023d59022ef0d?s=96&d=mm&r=g\",\"caption\":\"Sonia\"},\"url\":\"https:\/\/www.asajacyl.com\/salamanca\/author\/juanluisde\"}]}<\/script>\n<!-- \/ Yoast SEO plugin. -->","yoast_head_json":{"title":"Nuevo curso de manipulador de plaguicidas - ASAJA Salamanca","description":"La actividad formativa ser\u00e1 del 15 al 23 de julio ASAJA Salamanca organiza e imparte una nueva edici\u00f3n del curso de Manipulador de productos de uso","robots":{"index":"index","follow":"follow","max-snippet":"max-snippet:-1","max-image-preview":"max-image-preview:large","max-video-preview":"max-video-preview:-1"},"canonical":"https:\/\/www.asajacyl.com\/salamanca\/servicios-socio\/plazos\/nuevo-curso-manipulador-plaguicidas","og_locale":"es_ES","og_type":"article","og_title":"Nuevo curso de manipulador de plaguicidas - ASAJA Salamanca","og_description":"La actividad formativa ser\u00e1 del 15 al 23 de julio ASAJA Salamanca organiza e imparte una nueva edici\u00f3n del curso de Manipulador de productos de uso","og_url":"https:\/\/www.asajacyl.com\/salamanca\/servicios-socio\/plazos\/nuevo-curso-manipulador-plaguicidas","og_site_name":"ASAJA Salamanca","article_published_time":"2020-07-07T08:12:54+00:00","article_modified_time":"2020-07-16T09:04:36+00:00","og_image":[{"width":1297,"height":436,"url":"https:\/\/www.asajacyl.com\/salamanca\/wp-content\/uploads\/sites\/7\/2020\/07\/plaguicidas.jpg","type":"image\/jpeg"}],"author":"Sonia","twitter_card":"summary_large_image","twitter_misc":{"Escrito por":"Sonia","Tiempo de lectura":"1 minuto"},"schema":{"@context":"https:\/\/schema.org","@graph":[{"@type":"WebPage","@id":"https:\/\/www.asajacyl.com\/salamanca\/servicios-socio\/plazos\/nuevo-curso-manipulador-plaguicidas","url":"https:\/\/www.asajacyl.com\/salamanca\/servicios-socio\/plazos\/nuevo-curso-manipulador-plaguicidas","name":"Nuevo curso de manipulador de plaguicidas - ASAJA Salamanca","isPartOf":{"@id":"https:\/\/www.asajacyl.com\/salamanca\/#website"},"primaryImageOfPage":{"@id":"https:\/\/www.asajacyl.com\/salamanca\/servicios-socio\/plazos\/nuevo-curso-manipulador-plaguicidas#primaryimage"},"image":{"@id":"https:\/\/www.asajacyl.com\/salamanca\/servicios-socio\/plazos\/nuevo-curso-manipulador-plaguicidas#primaryimage"},"thumbnailUrl":"https:\/\/www.asajacyl.com\/salamanca\/wp-content\/uploads\/sites\/7\/2020\/07\/plaguicidas.jpg","datePublished":"2020-07-07T08:12:54+00:00","dateModified":"2020-07-16T09:04:36+00:00","author":{"@id":"https:\/\/www.asajacyl.com\/salamanca\/#\/schema\/person\/2bfc7da09988e1087e6291fafe99b67f"},"description":"La actividad formativa ser\u00e1 del 15 al 23 de julio ASAJA Salamanca organiza e imparte una nueva edici\u00f3n del curso de Manipulador de productos de uso","breadcrumb":{"@id":"https:\/\/www.asajacyl.com\/salamanca\/servicios-socio\/plazos\/nuevo-curso-manipulador-plaguicidas#breadcrumb"},"inLanguage":"es","potentialAction":[{"@type":"ReadAction","target":["https:\/\/www.asajacyl.com\/salamanca\/servicios-socio\/plazos\/nuevo-curso-manipulador-plaguicidas"]}]},{"@type":"ImageObject","inLanguage":"es","@id":"https:\/\/www.asajacyl.com\/salamanca\/servicios-socio\/plazos\/nuevo-curso-manipulador-plaguicidas#primaryimage","url":"https:\/\/www.asajacyl.com\/salamanca\/wp-content\/uploads\/sites\/7\/2020\/07\/plaguicidas.jpg","contentUrl":"https:\/\/www.asajacyl.com\/salamanca\/wp-content\/uploads\/sites\/7\/2020\/07\/plaguicidas.jpg","width":1297,"height":436},{"@type":"BreadcrumbList","@id":"https:\/\/www.asajacyl.com\/salamanca\/servicios-socio\/plazos\/nuevo-curso-manipulador-plaguicidas#breadcrumb","itemListElement":[{"@type":"ListItem","position":1,"name":"Portada","item":"https:\/\/www.asajacyl.com\/salamanca\/"},{"@type":"ListItem","position":2,"name":"Nuevo curso de manipulador de plaguicidas"}]},{"@type":"WebSite","@id":"https:\/\/www.asajacyl.com\/salamanca\/#website","url":"https:\/\/www.asajacyl.com\/salamanca\/","name":"ASAJA Salamanca","description":"Otro sitio m\u00e1s de Provincias ASAJA Castilla y Le\u00f3n","potentialAction":[{"@type":"SearchAction","target":{"@type":"EntryPoint","urlTemplate":"https:\/\/www.asajacyl.com\/salamanca\/?s={search_term_string}"},"query-input":{"@type":"PropertyValueSpecification","valueRequired":true,"valueName":"search_term_string"}}],"inLanguage":"es"},{"@type":"Person","@id":"https:\/\/www.asajacyl.com\/salamanca\/#\/schema\/person\/2bfc7da09988e1087e6291fafe99b67f","name":"Sonia","image":{"@type":"ImageObject","inLanguage":"es","@id":"https:\/\/www.asajacyl.com\/salamanca\/#\/schema\/person\/image\/","url":"https:\/\/secure.gravatar.com\/avatar\/6b0d6eb461a1e3687cc023d59022ef0d?s=96&d=mm&r=g","contentUrl":"https:\/\/secure.gravatar.com\/avatar\/6b0d6eb461a1e3687cc023d59022ef0d?s=96&d=mm&r=g","caption":"Sonia"},"url":"https:\/\/www.asajacyl.com\/salamanca\/author\/juanluisde"}]}},"_links":{"self":[{"href":"https:\/\/www.asajacyl.com\/salamanca\/wp-json\/wp\/v2\/posts\/8985"}],"collection":[{"href":"https:\/\/www.asajacyl.com\/salamanca\/wp-json\/wp\/v2\/posts"}],"about":[{"href":"https:\/\/www.asajacyl.com\/salamanca\/wp-json\/wp\/v2\/types\/post"}],"author":[{"embeddable":true,"href":"https:\/\/www.asajacyl.com\/salamanca\/wp-json\/wp\/v2\/users\/10"}],"replies":[{"embeddable":true,"href":"https:\/\/www.asajacyl.com\/salamanca\/wp-json\/wp\/v2\/comments?post=8985"}],"version-history":[{"count":2,"href":"https:\/\/www.asajacyl.com\/salamanca\/wp-json\/wp\/v2\/posts\/8985\/revisions"}],"predecessor-version":[{"id":9073,"href":"https:\/\/www.asajacyl.com\/salamanca\/wp-json\/wp\/v2\/posts\/8985\/revisions\/9073"}],"wp:featuredmedia":[{"embeddable":true,"href":"https:\/\/www.asajacyl.com\/salamanca\/wp-json\/wp\/v2\/media\/8986"}],"wp:attachment":[{"href":"https:\/\/www.asajacyl.com\/salamanca\/wp-json\/wp\/v2\/media?parent=8985"}],"wp:term":[{"taxonomy":"category","embeddable":true,"href":"https:\/\/www.asajacyl.com\/salamanca\/wp-json\/wp\/v2\/categories?post=8985"},{"taxonomy":"post_tag","embeddable":true,"href":"https:\/\/www.asajacyl.com\/salamanca\/wp-json\/wp\/v2\/tags?post=8985"}],"curies":[{"name":"wp","href":"https:\/\/api.w.org\/{rel}","templated":true}]}}