{"id":9069,"date":"2020-07-16T09:02:14","date_gmt":"2020-07-16T09:02:14","guid":{"rendered":"https:\/\/www.asajacyl.com\/salamanca\/?p=9069"},"modified":"2020-07-16T09:02:14","modified_gmt":"2020-07-16T09:02:14","slug":"los-ministros-illa-planas-se-reunen-las-cc-aa-abordar-la-situacion-epidemiologica-los-trabajadores-temporeros","status":"publish","type":"post","link":"https:\/\/www.asajacyl.com\/salamanca\/sin-categoria\/los-ministros-illa-planas-se-reunen-las-cc-aa-abordar-la-situacion-epidemiologica-los-trabajadores-temporeros","title":{"rendered":"Los ministros Illa y Planas se re\u00fanen con las CC.AA. para abordar la situaci\u00f3n epidemiol\u00f3gica de los trabajadores temporeros"},"content":{"rendered":"<ul>\n<li>\n<h2>En la reuni\u00f3n han participado un total de 11 comunidades aut\u00f3nomas en las que la actividad agr\u00edcola y hortofrut\u00edcola supone un importante movimiento de temporeros en diferentes \u00e9pocas del a\u00f1o<\/h2>\n<\/li>\n<\/ul>\n<ul>\n<li>\n<h2>Se trata de un colectivo vulnerable que ha sufrido brotes de la COVID-19 en varias localidades como Lleida o Huesca<\/h2>\n<\/li>\n<\/ul>\n<p><strong>15 de julio de 2020<\/strong>.- El ministro de Sanidad, Salvador Illa, y el ministro de Agricultura, Pesca y Alimentaci\u00f3n, Luis Planas, han presidido este mi\u00e9rcoles un encuentro con las comunidades aut\u00f3nomas para abordar la situaci\u00f3n del personal dedicado a las tareas de recolecci\u00f3n hortofrut\u00edcola de temporada ante la epidemia causada por la COVID-19.<\/p>\n<p>En la reuni\u00f3n, celebrada por videoconferencia, han participado los titulares de las Consejer\u00edas de Sanidad y de Agricultura de 11 comunidades aut\u00f3nomas:\u00a0 Catalu\u00f1a, Pa\u00eds Vasco, Andaluc\u00eda, La Rioja, Murcia, Comunidad Valenciana, Arag\u00f3n, Castilla La Mancha, Navarra, Extremadura y Castilla y Le\u00f3n. Todas ellas, comunidades en las que la actividad agraria y hortofrut\u00edcola supone un importante movimiento de trabajadores temporeros en distintos periodos del a\u00f1o.<\/p>\n<p>Todas las partes han estado de acuerdo en que la recogida de la fruta es una actividad esencial en nuestro pa\u00eds, pero que es necesario proteger la actividad para que no genere o agrave un problema de salud p\u00fablica que, en este caso, est\u00e1 m\u00e1s asociado a las condiciones de vida o de transporte de los trabajadores temporeros que con la propia actividad desarrollada.<\/p>\n<p>Los ministros han acordado con las comunidades aut\u00f3nomas mantener encuentros peri\u00f3dicos para anticiparse a las pr\u00f3ximas campa\u00f1as agr\u00edcolas.<\/p>\n<p><strong>\u00a0<\/strong><\/p>\n<p><strong>\u00a0<\/strong><\/p>\n","protected":false},"excerpt":{"rendered":"<p>En la reuni\u00f3n han participado un total de 11 comunidades aut\u00f3nomas en las que la actividad agr\u00edcola y hortofrut\u00edcola supone un importante movimiento de temporeros en diferentes \u00e9pocas del a\u00f1o Se trata de un colectivo vulnerable que ha sufrido brotes de la COVID-19 en varias localidades como Lleida o Huesca 15 de julio de 2020.- [&hellip;]<\/p>\n","protected":false},"author":10,"featured_media":9070,"comment_status":"open","ping_status":"open","sticky":false,"template":"","format":"standard","meta":{"footnotes":""},"categories":[1],"tags":[],"yoast_head":"<!-- This site is optimized with the Yoast SEO plugin v24.5 - https:\/\/yoast.com\/wordpress\/plugins\/seo\/ -->\n<title>Los ministros Illa y Planas se re\u00fanen con las CC.AA. para abordar la situaci\u00f3n epidemiol\u00f3gica de los trabajadores temporeros - ASAJA Salamanca<\/title>\n<meta name=\"description\" content=\"En la reuni\u00f3n han participado un total de 11 comunidades aut\u00f3nomas en las que la actividad agr\u00edcola y hortofrut\u00edcola supone un importante movimiento de\" \/>\n<meta name=\"robots\" content=\"index, follow, max-snippet:-1, max-image-preview:large, max-video-preview:-1\" \/>\n<link rel=\"canonical\" href=\"https:\/\/www.asajacyl.com\/salamanca\/sin-categoria\/los-ministros-illa-planas-se-reunen-las-cc-aa-abordar-la-situacion-epidemiologica-los-trabajadores-temporeros\" \/>\n<meta property=\"og:locale\" content=\"es_ES\" \/>\n<meta property=\"og:type\" content=\"article\" \/>\n<meta property=\"og:title\" content=\"Los ministros Illa y Planas se re\u00fanen con las CC.AA. para abordar la situaci\u00f3n epidemiol\u00f3gica de los trabajadores temporeros - ASAJA Salamanca\" \/>\n<meta property=\"og:description\" content=\"En la reuni\u00f3n han participado un total de 11 comunidades aut\u00f3nomas en las que la actividad agr\u00edcola y hortofrut\u00edcola supone un importante movimiento de\" \/>\n<meta property=\"og:url\" content=\"https:\/\/www.asajacyl.com\/salamanca\/sin-categoria\/los-ministros-illa-planas-se-reunen-las-cc-aa-abordar-la-situacion-epidemiologica-los-trabajadores-temporeros\" \/>\n<meta property=\"og:site_name\" content=\"ASAJA Salamanca\" \/>\n<meta property=\"article:published_time\" content=\"2020-07-16T09:02:14+00:00\" \/>\n<meta property=\"og:image\" content=\"https:\/\/www.asajacyl.com\/salamanca\/wp-content\/uploads\/sites\/7\/2020\/07\/temporeros-reuni\u00f3n.jpg\" \/>\n\t<meta property=\"og:image:width\" content=\"461\" \/>\n\t<meta property=\"og:image:height\" content=\"347\" \/>\n\t<meta property=\"og:image:type\" content=\"image\/jpeg\" \/>\n<meta name=\"author\" content=\"Sonia\" \/>\n<meta name=\"twitter:card\" content=\"summary_large_image\" \/>\n<meta name=\"twitter:label1\" content=\"Escrito por\" \/>\n\t<meta name=\"twitter:data1\" content=\"Sonia\" \/>\n\t<meta name=\"twitter:label2\" content=\"Tiempo de lectura\" \/>\n\t<meta name=\"twitter:data2\" content=\"1 minuto\" \/>\n<script type=\"application\/ld+json\" class=\"yoast-schema-graph\">{\"@context\":\"https:\/\/schema.org\",\"@graph\":[{\"@type\":\"WebPage\",\"@id\":\"https:\/\/www.asajacyl.com\/salamanca\/sin-categoria\/los-ministros-illa-planas-se-reunen-las-cc-aa-abordar-la-situacion-epidemiologica-los-trabajadores-temporeros\",\"url\":\"https:\/\/www.asajacyl.com\/salamanca\/sin-categoria\/los-ministros-illa-planas-se-reunen-las-cc-aa-abordar-la-situacion-epidemiologica-los-trabajadores-temporeros\",\"name\":\"Los ministros Illa y Planas se re\u00fanen con las CC.AA. para abordar la situaci\u00f3n epidemiol\u00f3gica de los trabajadores temporeros - ASAJA Salamanca\",\"isPartOf\":{\"@id\":\"https:\/\/www.asajacyl.com\/salamanca\/#website\"},\"primaryImageOfPage\":{\"@id\":\"https:\/\/www.asajacyl.com\/salamanca\/sin-categoria\/los-ministros-illa-planas-se-reunen-las-cc-aa-abordar-la-situacion-epidemiologica-los-trabajadores-temporeros#primaryimage\"},\"image\":{\"@id\":\"https:\/\/www.asajacyl.com\/salamanca\/sin-categoria\/los-ministros-illa-planas-se-reunen-las-cc-aa-abordar-la-situacion-epidemiologica-los-trabajadores-temporeros#primaryimage\"},\"thumbnailUrl\":\"https:\/\/www.asajacyl.com\/salamanca\/wp-content\/uploads\/sites\/7\/2020\/07\/temporeros-reuni\u00f3n.jpg\",\"datePublished\":\"2020-07-16T09:02:14+00:00\",\"author\":{\"@id\":\"https:\/\/www.asajacyl.com\/salamanca\/#\/schema\/person\/2bfc7da09988e1087e6291fafe99b67f\"},\"description\":\"En la reuni\u00f3n han participado un total de 11 comunidades aut\u00f3nomas en las que la actividad agr\u00edcola y hortofrut\u00edcola supone un importante movimiento de\",\"breadcrumb\":{\"@id\":\"https:\/\/www.asajacyl.com\/salamanca\/sin-categoria\/los-ministros-illa-planas-se-reunen-las-cc-aa-abordar-la-situacion-epidemiologica-los-trabajadores-temporeros#breadcrumb\"},\"inLanguage\":\"es\",\"potentialAction\":[{\"@type\":\"ReadAction\",\"target\":[\"https:\/\/www.asajacyl.com\/salamanca\/sin-categoria\/los-ministros-illa-planas-se-reunen-las-cc-aa-abordar-la-situacion-epidemiologica-los-trabajadores-temporeros\"]}]},{\"@type\":\"ImageObject\",\"inLanguage\":\"es\",\"@id\":\"https:\/\/www.asajacyl.com\/salamanca\/sin-categoria\/los-ministros-illa-planas-se-reunen-las-cc-aa-abordar-la-situacion-epidemiologica-los-trabajadores-temporeros#primaryimage\",\"url\":\"https:\/\/www.asajacyl.com\/salamanca\/wp-content\/uploads\/sites\/7\/2020\/07\/temporeros-reuni\u00f3n.jpg\",\"contentUrl\":\"https:\/\/www.asajacyl.com\/salamanca\/wp-content\/uploads\/sites\/7\/2020\/07\/temporeros-reuni\u00f3n.jpg\",\"width\":461,\"height\":347},{\"@type\":\"BreadcrumbList\",\"@id\":\"https:\/\/www.asajacyl.com\/salamanca\/sin-categoria\/los-ministros-illa-planas-se-reunen-las-cc-aa-abordar-la-situacion-epidemiologica-los-trabajadores-temporeros#breadcrumb\",\"itemListElement\":[{\"@type\":\"ListItem\",\"position\":1,\"name\":\"Portada\",\"item\":\"https:\/\/www.asajacyl.com\/salamanca\/\"},{\"@type\":\"ListItem\",\"position\":2,\"name\":\"Los ministros Illa y Planas se re\u00fanen con las CC.AA. para abordar la situaci\u00f3n epidemiol\u00f3gica de los trabajadores temporeros\"}]},{\"@type\":\"WebSite\",\"@id\":\"https:\/\/www.asajacyl.com\/salamanca\/#website\",\"url\":\"https:\/\/www.asajacyl.com\/salamanca\/\",\"name\":\"ASAJA Salamanca\",\"description\":\"Otro sitio m\u00e1s de Provincias ASAJA Castilla y Le\u00f3n\",\"potentialAction\":[{\"@type\":\"SearchAction\",\"target\":{\"@type\":\"EntryPoint\",\"urlTemplate\":\"https:\/\/www.asajacyl.com\/salamanca\/?s={search_term_string}\"},\"query-input\":{\"@type\":\"PropertyValueSpecification\",\"valueRequired\":true,\"valueName\":\"search_term_string\"}}],\"inLanguage\":\"es\"},{\"@type\":\"Person\",\"@id\":\"https:\/\/www.asajacyl.com\/salamanca\/#\/schema\/person\/2bfc7da09988e1087e6291fafe99b67f\",\"name\":\"Sonia\",\"image\":{\"@type\":\"ImageObject\",\"inLanguage\":\"es\",\"@id\":\"https:\/\/www.asajacyl.com\/salamanca\/#\/schema\/person\/image\/\",\"url\":\"https:\/\/secure.gravatar.com\/avatar\/6b0d6eb461a1e3687cc023d59022ef0d?s=96&d=mm&r=g\",\"contentUrl\":\"https:\/\/secure.gravatar.com\/avatar\/6b0d6eb461a1e3687cc023d59022ef0d?s=96&d=mm&r=g\",\"caption\":\"Sonia\"},\"url\":\"https:\/\/www.asajacyl.com\/salamanca\/author\/juanluisde\"}]}<\/script>\n<!-- \/ Yoast SEO plugin. -->","yoast_head_json":{"title":"Los ministros Illa y Planas se re\u00fanen con las CC.AA. para abordar la situaci\u00f3n epidemiol\u00f3gica de los trabajadores temporeros - ASAJA Salamanca","description":"En la reuni\u00f3n han participado un total de 11 comunidades aut\u00f3nomas en las que la actividad agr\u00edcola y hortofrut\u00edcola supone un importante movimiento de","robots":{"index":"index","follow":"follow","max-snippet":"max-snippet:-1","max-image-preview":"max-image-preview:large","max-video-preview":"max-video-preview:-1"},"canonical":"https:\/\/www.asajacyl.com\/salamanca\/sin-categoria\/los-ministros-illa-planas-se-reunen-las-cc-aa-abordar-la-situacion-epidemiologica-los-trabajadores-temporeros","og_locale":"es_ES","og_type":"article","og_title":"Los ministros Illa y Planas se re\u00fanen con las CC.AA. para abordar la situaci\u00f3n epidemiol\u00f3gica de los trabajadores temporeros - ASAJA Salamanca","og_description":"En la reuni\u00f3n han participado un total de 11 comunidades aut\u00f3nomas en las que la actividad agr\u00edcola y hortofrut\u00edcola supone un importante movimiento de","og_url":"https:\/\/www.asajacyl.com\/salamanca\/sin-categoria\/los-ministros-illa-planas-se-reunen-las-cc-aa-abordar-la-situacion-epidemiologica-los-trabajadores-temporeros","og_site_name":"ASAJA Salamanca","article_published_time":"2020-07-16T09:02:14+00:00","og_image":[{"width":461,"height":347,"url":"https:\/\/www.asajacyl.com\/salamanca\/wp-content\/uploads\/sites\/7\/2020\/07\/temporeros-reuni\u00f3n.jpg","type":"image\/jpeg"}],"author":"Sonia","twitter_card":"summary_large_image","twitter_misc":{"Escrito por":"Sonia","Tiempo de lectura":"1 minuto"},"schema":{"@context":"https:\/\/schema.org","@graph":[{"@type":"WebPage","@id":"https:\/\/www.asajacyl.com\/salamanca\/sin-categoria\/los-ministros-illa-planas-se-reunen-las-cc-aa-abordar-la-situacion-epidemiologica-los-trabajadores-temporeros","url":"https:\/\/www.asajacyl.com\/salamanca\/sin-categoria\/los-ministros-illa-planas-se-reunen-las-cc-aa-abordar-la-situacion-epidemiologica-los-trabajadores-temporeros","name":"Los ministros Illa y Planas se re\u00fanen con las CC.AA. para abordar la situaci\u00f3n epidemiol\u00f3gica de los trabajadores temporeros - ASAJA Salamanca","isPartOf":{"@id":"https:\/\/www.asajacyl.com\/salamanca\/#website"},"primaryImageOfPage":{"@id":"https:\/\/www.asajacyl.com\/salamanca\/sin-categoria\/los-ministros-illa-planas-se-reunen-las-cc-aa-abordar-la-situacion-epidemiologica-los-trabajadores-temporeros#primaryimage"},"image":{"@id":"https:\/\/www.asajacyl.com\/salamanca\/sin-categoria\/los-ministros-illa-planas-se-reunen-las-cc-aa-abordar-la-situacion-epidemiologica-los-trabajadores-temporeros#primaryimage"},"thumbnailUrl":"https:\/\/www.asajacyl.com\/salamanca\/wp-content\/uploads\/sites\/7\/2020\/07\/temporeros-reuni\u00f3n.jpg","datePublished":"2020-07-16T09:02:14+00:00","author":{"@id":"https:\/\/www.asajacyl.com\/salamanca\/#\/schema\/person\/2bfc7da09988e1087e6291fafe99b67f"},"description":"En la reuni\u00f3n han participado un total de 11 comunidades aut\u00f3nomas en las que la actividad agr\u00edcola y hortofrut\u00edcola supone un importante movimiento de","breadcrumb":{"@id":"https:\/\/www.asajacyl.com\/salamanca\/sin-categoria\/los-ministros-illa-planas-se-reunen-las-cc-aa-abordar-la-situacion-epidemiologica-los-trabajadores-temporeros#breadcrumb"},"inLanguage":"es","potentialAction":[{"@type":"ReadAction","target":["https:\/\/www.asajacyl.com\/salamanca\/sin-categoria\/los-ministros-illa-planas-se-reunen-las-cc-aa-abordar-la-situacion-epidemiologica-los-trabajadores-temporeros"]}]},{"@type":"ImageObject","inLanguage":"es","@id":"https:\/\/www.asajacyl.com\/salamanca\/sin-categoria\/los-ministros-illa-planas-se-reunen-las-cc-aa-abordar-la-situacion-epidemiologica-los-trabajadores-temporeros#primaryimage","url":"https:\/\/www.asajacyl.com\/salamanca\/wp-content\/uploads\/sites\/7\/2020\/07\/temporeros-reuni\u00f3n.jpg","contentUrl":"https:\/\/www.asajacyl.com\/salamanca\/wp-content\/uploads\/sites\/7\/2020\/07\/temporeros-reuni\u00f3n.jpg","width":461,"height":347},{"@type":"BreadcrumbList","@id":"https:\/\/www.asajacyl.com\/salamanca\/sin-categoria\/los-ministros-illa-planas-se-reunen-las-cc-aa-abordar-la-situacion-epidemiologica-los-trabajadores-temporeros#breadcrumb","itemListElement":[{"@type":"ListItem","position":1,"name":"Portada","item":"https:\/\/www.asajacyl.com\/salamanca\/"},{"@type":"ListItem","position":2,"name":"Los ministros Illa y Planas se re\u00fanen con las CC.AA. para abordar la situaci\u00f3n epidemiol\u00f3gica de los trabajadores temporeros"}]},{"@type":"WebSite","@id":"https:\/\/www.asajacyl.com\/salamanca\/#website","url":"https:\/\/www.asajacyl.com\/salamanca\/","name":"ASAJA Salamanca","description":"Otro sitio m\u00e1s de Provincias ASAJA Castilla y Le\u00f3n","potentialAction":[{"@type":"SearchAction","target":{"@type":"EntryPoint","urlTemplate":"https:\/\/www.asajacyl.com\/salamanca\/?s={search_term_string}"},"query-input":{"@type":"PropertyValueSpecification","valueRequired":true,"valueName":"search_term_string"}}],"inLanguage":"es"},{"@type":"Person","@id":"https:\/\/www.asajacyl.com\/salamanca\/#\/schema\/person\/2bfc7da09988e1087e6291fafe99b67f","name":"Sonia","image":{"@type":"ImageObject","inLanguage":"es","@id":"https:\/\/www.asajacyl.com\/salamanca\/#\/schema\/person\/image\/","url":"https:\/\/secure.gravatar.com\/avatar\/6b0d6eb461a1e3687cc023d59022ef0d?s=96&d=mm&r=g","contentUrl":"https:\/\/secure.gravatar.com\/avatar\/6b0d6eb461a1e3687cc023d59022ef0d?s=96&d=mm&r=g","caption":"Sonia"},"url":"https:\/\/www.asajacyl.com\/salamanca\/author\/juanluisde"}]}},"_links":{"self":[{"href":"https:\/\/www.asajacyl.com\/salamanca\/wp-json\/wp\/v2\/posts\/9069"}],"collection":[{"href":"https:\/\/www.asajacyl.com\/salamanca\/wp-json\/wp\/v2\/posts"}],"about":[{"href":"https:\/\/www.asajacyl.com\/salamanca\/wp-json\/wp\/v2\/types\/post"}],"author":[{"embeddable":true,"href":"https:\/\/www.asajacyl.com\/salamanca\/wp-json\/wp\/v2\/users\/10"}],"replies":[{"embeddable":true,"href":"https:\/\/www.asajacyl.com\/salamanca\/wp-json\/wp\/v2\/comments?post=9069"}],"version-history":[{"count":1,"href":"https:\/\/www.asajacyl.com\/salamanca\/wp-json\/wp\/v2\/posts\/9069\/revisions"}],"predecessor-version":[{"id":9071,"href":"https:\/\/www.asajacyl.com\/salamanca\/wp-json\/wp\/v2\/posts\/9069\/revisions\/9071"}],"wp:featuredmedia":[{"embeddable":true,"href":"https:\/\/www.asajacyl.com\/salamanca\/wp-json\/wp\/v2\/media\/9070"}],"wp:attachment":[{"href":"https:\/\/www.asajacyl.com\/salamanca\/wp-json\/wp\/v2\/media?parent=9069"}],"wp:term":[{"taxonomy":"category","embeddable":true,"href":"https:\/\/www.asajacyl.com\/salamanca\/wp-json\/wp\/v2\/categories?post=9069"},{"taxonomy":"post_tag","embeddable":true,"href":"https:\/\/www.asajacyl.com\/salamanca\/wp-json\/wp\/v2\/tags?post=9069"}],"curies":[{"name":"wp","href":"https:\/\/api.w.org\/{rel}","templated":true}]}}