{"id":9831,"date":"2020-10-09T11:27:32","date_gmt":"2020-10-09T11:27:32","guid":{"rendered":"https:\/\/www.asajacyl.com\/salamanca\/?p=9831"},"modified":"2020-10-09T11:27:34","modified_gmt":"2020-10-09T11:27:34","slug":"el-salmantino-miguel-del-rio-consigue-tres-estrellas-de-oro-en-los-oscar-mundiales-de-alimentacion","status":"publish","type":"post","link":"https:\/\/www.asajacyl.com\/salamanca\/asaja-salamanca-informa\/el-salmantino-miguel-del-rio-consigue-tres-estrellas-de-oro-en-los-oscar-mundiales-de-alimentacion","title":{"rendered":"El salmantino Miguel del R\u00edo consigue tres estrellas de oro en &#8216;los \u00d3scar&#8217; mundiales de alimentaci\u00f3n"},"content":{"rendered":"\n<h2>El socio de ASAJA Salamanca se ha alzado con las variedades de miel de brezo, miel crema de romero y miel crema de lavanda<\/h2>\n<p>Miguel del R\u00edo Exp\u00f3sito est\u00e1 de enhorabuena ya que, el apicultor salmantino y socio de ASAJA, ha conseguido hacerse con uno de los reconocimientos m\u00e1s importantes del mundo: tres estrellas de oro, en la d\u00e9cimo sexta edici\u00f3n de los Great Taste Award en Londres.<\/p>\n<p>Los considerados como los &#8216;\u00d3scar de la alimentaci\u00f3n&#8217;, celebrados entre el 16 de marzo y el 5 de junio en Londres y Dorset, han encumbrado a uno de los socios de ASAJA Salamanca que siempre apuesta por la innovaci\u00f3n, Miguel del R\u00edo, y su empresa familiar.\u00a0<\/p>\n<p><img loading=\"lazy\" decoding=\"async\" class=\"size-medium wp-image-9832 alignleft\" src=\"https:\/\/www.asajacyl.com\/salamanca\/wp-content\/uploads\/sites\/7\/2020\/10\/geat-taste-2020-apicultura-del-rio-300x225.jpg\" alt=\"\" width=\"300\" height=\"225\" srcset=\"https:\/\/www.asajacyl.com\/salamanca\/wp-content\/uploads\/sites\/7\/2020\/10\/geat-taste-2020-apicultura-del-rio-300x225.jpg 300w, https:\/\/www.asajacyl.com\/salamanca\/wp-content\/uploads\/sites\/7\/2020\/10\/geat-taste-2020-apicultura-del-rio-768x576.jpg 768w, https:\/\/www.asajacyl.com\/salamanca\/wp-content\/uploads\/sites\/7\/2020\/10\/geat-taste-2020-apicultura-del-rio-80x60.jpg 80w, https:\/\/www.asajacyl.com\/salamanca\/wp-content\/uploads\/sites\/7\/2020\/10\/geat-taste-2020-apicultura-del-rio-696x522.jpg 696w, https:\/\/www.asajacyl.com\/salamanca\/wp-content\/uploads\/sites\/7\/2020\/10\/geat-taste-2020-apicultura-del-rio-560x420.jpg 560w, https:\/\/www.asajacyl.com\/salamanca\/wp-content\/uploads\/sites\/7\/2020\/10\/geat-taste-2020-apicultura-del-rio.jpg 800w\" sizes=\"(max-width: 300px) 100vw, 300px\" \/>Las variedades que han sido reconocidas como merecedoras de una estrella de oro cada una han sido:\u00a0 las variedades de miel de brezo, miel crema de romero y miel crema de lavanda, producidas de manera artesanal. Las tres variedades han sido seleccionadas entre los 12.777 productos presentados, procedentes de 106 pa\u00edses.<\/p>\n<blockquote>\n<p>Valoran a ciegas el sabor sin tener en cuenta la marca o el embalaje del producto<\/p>\n<\/blockquote>\n<p>En el apartado de miel, 144 de los paladares m\u00e1s exigentes de mundo, pertenecientes a reconocidos cr\u00edticos gastron\u00f3micos, chefs, cocineros, restauradores, compradores, minoristas, productores, as\u00ed como por escritores gastron\u00f3micos y periodistas especializados han conformado el jurado.<\/p>\n<p>The Guild of Fine Food, la principal asociaci\u00f3n de productos gourmet del Reino Unido, organizadora de este certamen internacional, posiciona a la salmantina R\u00edo de la Miel como una de las mejores empresas del mundo.<\/p>\n<p>R\u00edo de la Miel no s\u00f3lo puede presumir de este reconocimiento sino tambi\u00e9n de tener la mejor miel clara de Espa\u00f1a en la segunda edici\u00f3n del Concurso Nacional de Mieles en 2017.<\/p>\n<p><strong>Great Taste Awards<\/strong><\/p>\n<p>Los\u00a0<strong>Great Taste Awards<\/strong>\u00a0 reconocen los productos gastron\u00f3micos por excelencia del mundo. La etiqueta negra que reciben los galardonados es una insignia de honor y el mejor indicador de que se trata de un producto excepcional, descubierto en catas a ciegas.<\/p>\n<p>Reconocido como un sello de excelencia entre consumidores y minoristas, los Great Taste Awards valoran el sabor por encima de todo, sin tener en cuenta la marca o el embalaje del producto. \u00a0<\/p>\n<p><iframe loading=\"lazy\" title=\"Campo Salmantino - Programa 27 de febrero de 2017\" width=\"696\" height=\"392\" src=\"https:\/\/www.youtube.com\/embed\/eo3zo535w6k?feature=oembed\" frameborder=\"0\" allow=\"accelerometer; autoplay; clipboard-write; encrypted-media; gyroscope; picture-in-picture\" allowfullscreen><\/iframe><\/p>\n","protected":false},"excerpt":{"rendered":"<p>El socio de ASAJA Salamanca se ha alzado con las variedades de miel de brezo, miel crema de romero y miel crema de lavanda Miguel del R\u00edo Exp\u00f3sito est\u00e1 de enhorabuena ya que, el apicultor salmantino y socio de ASAJA, ha conseguido hacerse con uno de los reconocimientos m\u00e1s importantes del mundo: tres estrellas de [&hellip;]<\/p>\n","protected":false},"author":10,"featured_media":9833,"comment_status":"open","ping_status":"open","sticky":false,"template":"","format":"standard","meta":{"footnotes":""},"categories":[10,510],"tags":[],"yoast_head":"<!-- This site is optimized with the Yoast SEO plugin v24.5 - https:\/\/yoast.com\/wordpress\/plugins\/seo\/ -->\n<title>El salmantino Miguel del R\u00edo consigue tres estrellas de oro en &#039;los \u00d3scar&#039; mundiales de alimentaci\u00f3n - ASAJA Salamanca<\/title>\n<meta name=\"description\" content=\"El socio de ASAJA Salamanca se ha alzado con las variedades de miel de brezo, miel crema de romero y miel crema de lavanda Miguel del R\u00edo Exp\u00f3sito est\u00e1 de\" \/>\n<meta name=\"robots\" content=\"index, follow, max-snippet:-1, max-image-preview:large, max-video-preview:-1\" \/>\n<link rel=\"canonical\" href=\"https:\/\/www.asajacyl.com\/salamanca\/asaja-salamanca-informa\/el-salmantino-miguel-del-rio-consigue-tres-estrellas-de-oro-en-los-oscar-mundiales-de-alimentacion\" \/>\n<meta property=\"og:locale\" content=\"es_ES\" \/>\n<meta property=\"og:type\" content=\"article\" \/>\n<meta property=\"og:title\" content=\"El salmantino Miguel del R\u00edo consigue tres estrellas de oro en &#039;los \u00d3scar&#039; mundiales de alimentaci\u00f3n - ASAJA Salamanca\" \/>\n<meta property=\"og:description\" content=\"El socio de ASAJA Salamanca se ha alzado con las variedades de miel de brezo, miel crema de romero y miel crema de lavanda Miguel del R\u00edo Exp\u00f3sito est\u00e1 de\" \/>\n<meta property=\"og:url\" content=\"https:\/\/www.asajacyl.com\/salamanca\/asaja-salamanca-informa\/el-salmantino-miguel-del-rio-consigue-tres-estrellas-de-oro-en-los-oscar-mundiales-de-alimentacion\" \/>\n<meta property=\"og:site_name\" content=\"ASAJA Salamanca\" \/>\n<meta property=\"article:published_time\" content=\"2020-10-09T11:27:32+00:00\" \/>\n<meta property=\"article:modified_time\" content=\"2020-10-09T11:27:34+00:00\" \/>\n<meta property=\"og:image\" content=\"https:\/\/www.asajacyl.com\/salamanca\/wp-content\/uploads\/sites\/7\/2020\/10\/miguel-del-rio.jpg\" \/>\n\t<meta property=\"og:image:width\" content=\"564\" \/>\n\t<meta property=\"og:image:height\" content=\"404\" \/>\n\t<meta property=\"og:image:type\" content=\"image\/jpeg\" \/>\n<meta name=\"author\" content=\"Sonia\" \/>\n<meta name=\"twitter:card\" content=\"summary_large_image\" \/>\n<meta name=\"twitter:label1\" content=\"Escrito por\" \/>\n\t<meta name=\"twitter:data1\" content=\"Sonia\" \/>\n\t<meta name=\"twitter:label2\" content=\"Tiempo de lectura\" \/>\n\t<meta name=\"twitter:data2\" content=\"2 minutos\" \/>\n<script type=\"application\/ld+json\" class=\"yoast-schema-graph\">{\"@context\":\"https:\/\/schema.org\",\"@graph\":[{\"@type\":\"WebPage\",\"@id\":\"https:\/\/www.asajacyl.com\/salamanca\/asaja-salamanca-informa\/el-salmantino-miguel-del-rio-consigue-tres-estrellas-de-oro-en-los-oscar-mundiales-de-alimentacion\",\"url\":\"https:\/\/www.asajacyl.com\/salamanca\/asaja-salamanca-informa\/el-salmantino-miguel-del-rio-consigue-tres-estrellas-de-oro-en-los-oscar-mundiales-de-alimentacion\",\"name\":\"El salmantino Miguel del R\u00edo consigue tres estrellas de oro en 'los \u00d3scar' mundiales de alimentaci\u00f3n - ASAJA Salamanca\",\"isPartOf\":{\"@id\":\"https:\/\/www.asajacyl.com\/salamanca\/#website\"},\"primaryImageOfPage\":{\"@id\":\"https:\/\/www.asajacyl.com\/salamanca\/asaja-salamanca-informa\/el-salmantino-miguel-del-rio-consigue-tres-estrellas-de-oro-en-los-oscar-mundiales-de-alimentacion#primaryimage\"},\"image\":{\"@id\":\"https:\/\/www.asajacyl.com\/salamanca\/asaja-salamanca-informa\/el-salmantino-miguel-del-rio-consigue-tres-estrellas-de-oro-en-los-oscar-mundiales-de-alimentacion#primaryimage\"},\"thumbnailUrl\":\"https:\/\/www.asajacyl.com\/salamanca\/wp-content\/uploads\/sites\/7\/2020\/10\/miguel-del-rio.jpg\",\"datePublished\":\"2020-10-09T11:27:32+00:00\",\"dateModified\":\"2020-10-09T11:27:34+00:00\",\"author\":{\"@id\":\"https:\/\/www.asajacyl.com\/salamanca\/#\/schema\/person\/2bfc7da09988e1087e6291fafe99b67f\"},\"description\":\"El socio de ASAJA Salamanca se ha alzado con las variedades de miel de brezo, miel crema de romero y miel crema de lavanda Miguel del R\u00edo Exp\u00f3sito est\u00e1 de\",\"breadcrumb\":{\"@id\":\"https:\/\/www.asajacyl.com\/salamanca\/asaja-salamanca-informa\/el-salmantino-miguel-del-rio-consigue-tres-estrellas-de-oro-en-los-oscar-mundiales-de-alimentacion#breadcrumb\"},\"inLanguage\":\"es\",\"potentialAction\":[{\"@type\":\"ReadAction\",\"target\":[\"https:\/\/www.asajacyl.com\/salamanca\/asaja-salamanca-informa\/el-salmantino-miguel-del-rio-consigue-tres-estrellas-de-oro-en-los-oscar-mundiales-de-alimentacion\"]}]},{\"@type\":\"ImageObject\",\"inLanguage\":\"es\",\"@id\":\"https:\/\/www.asajacyl.com\/salamanca\/asaja-salamanca-informa\/el-salmantino-miguel-del-rio-consigue-tres-estrellas-de-oro-en-los-oscar-mundiales-de-alimentacion#primaryimage\",\"url\":\"https:\/\/www.asajacyl.com\/salamanca\/wp-content\/uploads\/sites\/7\/2020\/10\/miguel-del-rio.jpg\",\"contentUrl\":\"https:\/\/www.asajacyl.com\/salamanca\/wp-content\/uploads\/sites\/7\/2020\/10\/miguel-del-rio.jpg\",\"width\":564,\"height\":404},{\"@type\":\"BreadcrumbList\",\"@id\":\"https:\/\/www.asajacyl.com\/salamanca\/asaja-salamanca-informa\/el-salmantino-miguel-del-rio-consigue-tres-estrellas-de-oro-en-los-oscar-mundiales-de-alimentacion#breadcrumb\",\"itemListElement\":[{\"@type\":\"ListItem\",\"position\":1,\"name\":\"Portada\",\"item\":\"https:\/\/www.asajacyl.com\/salamanca\/\"},{\"@type\":\"ListItem\",\"position\":2,\"name\":\"El salmantino Miguel del R\u00edo consigue tres estrellas de oro en &#8216;los \u00d3scar&#8217; mundiales de alimentaci\u00f3n\"}]},{\"@type\":\"WebSite\",\"@id\":\"https:\/\/www.asajacyl.com\/salamanca\/#website\",\"url\":\"https:\/\/www.asajacyl.com\/salamanca\/\",\"name\":\"ASAJA Salamanca\",\"description\":\"Otro sitio m\u00e1s de Provincias ASAJA Castilla y Le\u00f3n\",\"potentialAction\":[{\"@type\":\"SearchAction\",\"target\":{\"@type\":\"EntryPoint\",\"urlTemplate\":\"https:\/\/www.asajacyl.com\/salamanca\/?s={search_term_string}\"},\"query-input\":{\"@type\":\"PropertyValueSpecification\",\"valueRequired\":true,\"valueName\":\"search_term_string\"}}],\"inLanguage\":\"es\"},{\"@type\":\"Person\",\"@id\":\"https:\/\/www.asajacyl.com\/salamanca\/#\/schema\/person\/2bfc7da09988e1087e6291fafe99b67f\",\"name\":\"Sonia\",\"image\":{\"@type\":\"ImageObject\",\"inLanguage\":\"es\",\"@id\":\"https:\/\/www.asajacyl.com\/salamanca\/#\/schema\/person\/image\/\",\"url\":\"https:\/\/secure.gravatar.com\/avatar\/6b0d6eb461a1e3687cc023d59022ef0d?s=96&d=mm&r=g\",\"contentUrl\":\"https:\/\/secure.gravatar.com\/avatar\/6b0d6eb461a1e3687cc023d59022ef0d?s=96&d=mm&r=g\",\"caption\":\"Sonia\"},\"url\":\"https:\/\/www.asajacyl.com\/salamanca\/author\/juanluisde\"}]}<\/script>\n<!-- \/ Yoast SEO plugin. -->","yoast_head_json":{"title":"El salmantino Miguel del R\u00edo consigue tres estrellas de oro en 'los \u00d3scar' mundiales de alimentaci\u00f3n - ASAJA Salamanca","description":"El socio de ASAJA Salamanca se ha alzado con las variedades de miel de brezo, miel crema de romero y miel crema de lavanda Miguel del R\u00edo Exp\u00f3sito est\u00e1 de","robots":{"index":"index","follow":"follow","max-snippet":"max-snippet:-1","max-image-preview":"max-image-preview:large","max-video-preview":"max-video-preview:-1"},"canonical":"https:\/\/www.asajacyl.com\/salamanca\/asaja-salamanca-informa\/el-salmantino-miguel-del-rio-consigue-tres-estrellas-de-oro-en-los-oscar-mundiales-de-alimentacion","og_locale":"es_ES","og_type":"article","og_title":"El salmantino Miguel del R\u00edo consigue tres estrellas de oro en 'los \u00d3scar' mundiales de alimentaci\u00f3n - ASAJA Salamanca","og_description":"El socio de ASAJA Salamanca se ha alzado con las variedades de miel de brezo, miel crema de romero y miel crema de lavanda Miguel del R\u00edo Exp\u00f3sito est\u00e1 de","og_url":"https:\/\/www.asajacyl.com\/salamanca\/asaja-salamanca-informa\/el-salmantino-miguel-del-rio-consigue-tres-estrellas-de-oro-en-los-oscar-mundiales-de-alimentacion","og_site_name":"ASAJA Salamanca","article_published_time":"2020-10-09T11:27:32+00:00","article_modified_time":"2020-10-09T11:27:34+00:00","og_image":[{"width":564,"height":404,"url":"https:\/\/www.asajacyl.com\/salamanca\/wp-content\/uploads\/sites\/7\/2020\/10\/miguel-del-rio.jpg","type":"image\/jpeg"}],"author":"Sonia","twitter_card":"summary_large_image","twitter_misc":{"Escrito por":"Sonia","Tiempo de lectura":"2 minutos"},"schema":{"@context":"https:\/\/schema.org","@graph":[{"@type":"WebPage","@id":"https:\/\/www.asajacyl.com\/salamanca\/asaja-salamanca-informa\/el-salmantino-miguel-del-rio-consigue-tres-estrellas-de-oro-en-los-oscar-mundiales-de-alimentacion","url":"https:\/\/www.asajacyl.com\/salamanca\/asaja-salamanca-informa\/el-salmantino-miguel-del-rio-consigue-tres-estrellas-de-oro-en-los-oscar-mundiales-de-alimentacion","name":"El salmantino Miguel del R\u00edo consigue tres estrellas de oro en 'los \u00d3scar' mundiales de alimentaci\u00f3n - ASAJA Salamanca","isPartOf":{"@id":"https:\/\/www.asajacyl.com\/salamanca\/#website"},"primaryImageOfPage":{"@id":"https:\/\/www.asajacyl.com\/salamanca\/asaja-salamanca-informa\/el-salmantino-miguel-del-rio-consigue-tres-estrellas-de-oro-en-los-oscar-mundiales-de-alimentacion#primaryimage"},"image":{"@id":"https:\/\/www.asajacyl.com\/salamanca\/asaja-salamanca-informa\/el-salmantino-miguel-del-rio-consigue-tres-estrellas-de-oro-en-los-oscar-mundiales-de-alimentacion#primaryimage"},"thumbnailUrl":"https:\/\/www.asajacyl.com\/salamanca\/wp-content\/uploads\/sites\/7\/2020\/10\/miguel-del-rio.jpg","datePublished":"2020-10-09T11:27:32+00:00","dateModified":"2020-10-09T11:27:34+00:00","author":{"@id":"https:\/\/www.asajacyl.com\/salamanca\/#\/schema\/person\/2bfc7da09988e1087e6291fafe99b67f"},"description":"El socio de ASAJA Salamanca se ha alzado con las variedades de miel de brezo, miel crema de romero y miel crema de lavanda Miguel del R\u00edo Exp\u00f3sito est\u00e1 de","breadcrumb":{"@id":"https:\/\/www.asajacyl.com\/salamanca\/asaja-salamanca-informa\/el-salmantino-miguel-del-rio-consigue-tres-estrellas-de-oro-en-los-oscar-mundiales-de-alimentacion#breadcrumb"},"inLanguage":"es","potentialAction":[{"@type":"ReadAction","target":["https:\/\/www.asajacyl.com\/salamanca\/asaja-salamanca-informa\/el-salmantino-miguel-del-rio-consigue-tres-estrellas-de-oro-en-los-oscar-mundiales-de-alimentacion"]}]},{"@type":"ImageObject","inLanguage":"es","@id":"https:\/\/www.asajacyl.com\/salamanca\/asaja-salamanca-informa\/el-salmantino-miguel-del-rio-consigue-tres-estrellas-de-oro-en-los-oscar-mundiales-de-alimentacion#primaryimage","url":"https:\/\/www.asajacyl.com\/salamanca\/wp-content\/uploads\/sites\/7\/2020\/10\/miguel-del-rio.jpg","contentUrl":"https:\/\/www.asajacyl.com\/salamanca\/wp-content\/uploads\/sites\/7\/2020\/10\/miguel-del-rio.jpg","width":564,"height":404},{"@type":"BreadcrumbList","@id":"https:\/\/www.asajacyl.com\/salamanca\/asaja-salamanca-informa\/el-salmantino-miguel-del-rio-consigue-tres-estrellas-de-oro-en-los-oscar-mundiales-de-alimentacion#breadcrumb","itemListElement":[{"@type":"ListItem","position":1,"name":"Portada","item":"https:\/\/www.asajacyl.com\/salamanca\/"},{"@type":"ListItem","position":2,"name":"El salmantino Miguel del R\u00edo consigue tres estrellas de oro en &#8216;los \u00d3scar&#8217; mundiales de alimentaci\u00f3n"}]},{"@type":"WebSite","@id":"https:\/\/www.asajacyl.com\/salamanca\/#website","url":"https:\/\/www.asajacyl.com\/salamanca\/","name":"ASAJA Salamanca","description":"Otro sitio m\u00e1s de Provincias ASAJA Castilla y Le\u00f3n","potentialAction":[{"@type":"SearchAction","target":{"@type":"EntryPoint","urlTemplate":"https:\/\/www.asajacyl.com\/salamanca\/?s={search_term_string}"},"query-input":{"@type":"PropertyValueSpecification","valueRequired":true,"valueName":"search_term_string"}}],"inLanguage":"es"},{"@type":"Person","@id":"https:\/\/www.asajacyl.com\/salamanca\/#\/schema\/person\/2bfc7da09988e1087e6291fafe99b67f","name":"Sonia","image":{"@type":"ImageObject","inLanguage":"es","@id":"https:\/\/www.asajacyl.com\/salamanca\/#\/schema\/person\/image\/","url":"https:\/\/secure.gravatar.com\/avatar\/6b0d6eb461a1e3687cc023d59022ef0d?s=96&d=mm&r=g","contentUrl":"https:\/\/secure.gravatar.com\/avatar\/6b0d6eb461a1e3687cc023d59022ef0d?s=96&d=mm&r=g","caption":"Sonia"},"url":"https:\/\/www.asajacyl.com\/salamanca\/author\/juanluisde"}]}},"_links":{"self":[{"href":"https:\/\/www.asajacyl.com\/salamanca\/wp-json\/wp\/v2\/posts\/9831"}],"collection":[{"href":"https:\/\/www.asajacyl.com\/salamanca\/wp-json\/wp\/v2\/posts"}],"about":[{"href":"https:\/\/www.asajacyl.com\/salamanca\/wp-json\/wp\/v2\/types\/post"}],"author":[{"embeddable":true,"href":"https:\/\/www.asajacyl.com\/salamanca\/wp-json\/wp\/v2\/users\/10"}],"replies":[{"embeddable":true,"href":"https:\/\/www.asajacyl.com\/salamanca\/wp-json\/wp\/v2\/comments?post=9831"}],"version-history":[{"count":1,"href":"https:\/\/www.asajacyl.com\/salamanca\/wp-json\/wp\/v2\/posts\/9831\/revisions"}],"predecessor-version":[{"id":9834,"href":"https:\/\/www.asajacyl.com\/salamanca\/wp-json\/wp\/v2\/posts\/9831\/revisions\/9834"}],"wp:featuredmedia":[{"embeddable":true,"href":"https:\/\/www.asajacyl.com\/salamanca\/wp-json\/wp\/v2\/media\/9833"}],"wp:attachment":[{"href":"https:\/\/www.asajacyl.com\/salamanca\/wp-json\/wp\/v2\/media?parent=9831"}],"wp:term":[{"taxonomy":"category","embeddable":true,"href":"https:\/\/www.asajacyl.com\/salamanca\/wp-json\/wp\/v2\/categories?post=9831"},{"taxonomy":"post_tag","embeddable":true,"href":"https:\/\/www.asajacyl.com\/salamanca\/wp-json\/wp\/v2\/tags?post=9831"}],"curies":[{"name":"wp","href":"https:\/\/api.w.org\/{rel}","templated":true}]}}