{"id":9999,"date":"2020-10-27T11:53:35","date_gmt":"2020-10-27T11:53:35","guid":{"rendered":"https:\/\/www.asajacyl.com\/salamanca\/?p=9999"},"modified":"2020-11-10T11:57:44","modified_gmt":"2020-11-10T11:57:44","slug":"convocadas-las-subvenciones-a-proyectos-de-investigacion-apicola","status":"publish","type":"post","link":"https:\/\/www.asajacyl.com\/salamanca\/asaja-salamanca-informa\/convocadas-las-subvenciones-a-proyectos-de-investigacion-apicola","title":{"rendered":"Convocadas las subvenciones a proyectos de investigaci\u00f3n ap\u00edcola"},"content":{"rendered":"\n<h2>El plazo de presentaci\u00f3n de solicitudes va del 28 de octubre al 18 de noviembre de 2020<\/h2>\n\n\n\n<p>El Bolet\u00edn Oficial del Estado ha publicado el extracto de la Resoluci\u00f3n de 20 de octubre del 2020, del Fondo Espa\u00f1ol de Garant\u00eda Agraria O.A. (FEGA), por la que se convocan subvenciones para la realizaci\u00f3n de proyectos de investigaci\u00f3n aplicada en el sector ap\u00edcola y sus productos dentro del Programa Nacional de Medidas de Ayuda a la Apicultura.<\/p>\n\n\n\n<p>De esta forma, las entidades reconocidas podr\u00e1n solicitar la ayuda desde el 28 de octubre hasta el 18 de noviembre de 2020.<\/p>\n\n\n\n<p>La finalidad de estas subvenciones es la de mejorar las condiciones generales de producci\u00f3n y comercializaci\u00f3n de los productos ap\u00edcolas, a trav\u00e9s de la financiaci\u00f3n de proyectos de investigaci\u00f3n aplicada en el sector ap\u00edcola y sus productos, en desarrollo de las medidas de cooperaci\u00f3n con organismos especializados para la creaci\u00f3n de programas de investigaci\u00f3n aplicada en el sector ap\u00edcola, que establece el Reglamento \u00fanico para la OCM, dentro de los programas nacionales para el sector de la apicultura.<\/p>\n\n\n\n<p>La intensidad m\u00e1xima de la ayuda no superar\u00e1 la cantidad de 100.000 euros por proyecto subvencionable y convocatoria, con la \u00fanica excepci\u00f3n de que se aprobara un \u00fanico proyecto, en cuyo caso la cuant\u00eda de la ayuda podr\u00e1 ascender a la totalidad del presupuesto disponible para cada convocatoria (en este caso, 300.000 euros).<\/p>\n","protected":false},"excerpt":{"rendered":"<p>El plazo de presentaci\u00f3n de solicitudes va del 28 de octubre al 18 de noviembre de 2020 El Bolet\u00edn Oficial del Estado ha publicado el extracto de la Resoluci\u00f3n de 20 de octubre del 2020, del Fondo Espa\u00f1ol de Garant\u00eda Agraria O.A. (FEGA), por la que se convocan subvenciones para la realizaci\u00f3n de proyectos de [&hellip;]<\/p>\n","protected":false},"author":10,"featured_media":10003,"comment_status":"open","ping_status":"open","sticky":false,"template":"","format":"standard","meta":{"footnotes":""},"categories":[10,510,39],"tags":[],"yoast_head":"<!-- This site is optimized with the Yoast SEO plugin v24.5 - https:\/\/yoast.com\/wordpress\/plugins\/seo\/ -->\n<title>Convocadas las subvenciones a proyectos de investigaci\u00f3n ap\u00edcola - ASAJA Salamanca<\/title>\n<meta name=\"description\" content=\"El plazo de presentaci\u00f3n de solicitudes va del 28 de octubre al 18 de noviembre de 2020 El Bolet\u00edn Oficial del Estado ha publicado el extracto de la\" \/>\n<meta name=\"robots\" content=\"index, follow, max-snippet:-1, max-image-preview:large, max-video-preview:-1\" \/>\n<link rel=\"canonical\" href=\"https:\/\/www.asajacyl.com\/salamanca\/asaja-salamanca-informa\/convocadas-las-subvenciones-a-proyectos-de-investigacion-apicola\" \/>\n<meta property=\"og:locale\" content=\"es_ES\" \/>\n<meta property=\"og:type\" content=\"article\" \/>\n<meta property=\"og:title\" content=\"Convocadas las subvenciones a proyectos de investigaci\u00f3n ap\u00edcola - ASAJA Salamanca\" \/>\n<meta property=\"og:description\" content=\"El plazo de presentaci\u00f3n de solicitudes va del 28 de octubre al 18 de noviembre de 2020 El Bolet\u00edn Oficial del Estado ha publicado el extracto de la\" \/>\n<meta property=\"og:url\" content=\"https:\/\/www.asajacyl.com\/salamanca\/asaja-salamanca-informa\/convocadas-las-subvenciones-a-proyectos-de-investigacion-apicola\" \/>\n<meta property=\"og:site_name\" content=\"ASAJA Salamanca\" \/>\n<meta property=\"article:published_time\" content=\"2020-10-27T11:53:35+00:00\" \/>\n<meta property=\"article:modified_time\" content=\"2020-11-10T11:57:44+00:00\" \/>\n<meta property=\"og:image\" content=\"https:\/\/www.asajacyl.com\/salamanca\/wp-content\/uploads\/sites\/7\/2020\/10\/apiary-1867537_1920.jpg\" \/>\n\t<meta property=\"og:image:width\" content=\"1920\" \/>\n\t<meta property=\"og:image:height\" content=\"1280\" \/>\n\t<meta property=\"og:image:type\" content=\"image\/jpeg\" \/>\n<meta name=\"author\" content=\"Sonia\" \/>\n<meta name=\"twitter:card\" content=\"summary_large_image\" \/>\n<meta name=\"twitter:label1\" content=\"Escrito por\" \/>\n\t<meta name=\"twitter:data1\" content=\"Sonia\" \/>\n\t<meta name=\"twitter:label2\" content=\"Tiempo de lectura\" \/>\n\t<meta name=\"twitter:data2\" content=\"1 minuto\" \/>\n<script type=\"application\/ld+json\" class=\"yoast-schema-graph\">{\"@context\":\"https:\/\/schema.org\",\"@graph\":[{\"@type\":\"WebPage\",\"@id\":\"https:\/\/www.asajacyl.com\/salamanca\/asaja-salamanca-informa\/convocadas-las-subvenciones-a-proyectos-de-investigacion-apicola\",\"url\":\"https:\/\/www.asajacyl.com\/salamanca\/asaja-salamanca-informa\/convocadas-las-subvenciones-a-proyectos-de-investigacion-apicola\",\"name\":\"Convocadas las subvenciones a proyectos de investigaci\u00f3n ap\u00edcola - ASAJA Salamanca\",\"isPartOf\":{\"@id\":\"https:\/\/www.asajacyl.com\/salamanca\/#website\"},\"primaryImageOfPage\":{\"@id\":\"https:\/\/www.asajacyl.com\/salamanca\/asaja-salamanca-informa\/convocadas-las-subvenciones-a-proyectos-de-investigacion-apicola#primaryimage\"},\"image\":{\"@id\":\"https:\/\/www.asajacyl.com\/salamanca\/asaja-salamanca-informa\/convocadas-las-subvenciones-a-proyectos-de-investigacion-apicola#primaryimage\"},\"thumbnailUrl\":\"https:\/\/www.asajacyl.com\/salamanca\/wp-content\/uploads\/sites\/7\/2020\/10\/apiary-1867537_1920.jpg\",\"datePublished\":\"2020-10-27T11:53:35+00:00\",\"dateModified\":\"2020-11-10T11:57:44+00:00\",\"author\":{\"@id\":\"https:\/\/www.asajacyl.com\/salamanca\/#\/schema\/person\/2bfc7da09988e1087e6291fafe99b67f\"},\"description\":\"El plazo de presentaci\u00f3n de solicitudes va del 28 de octubre al 18 de noviembre de 2020 El Bolet\u00edn Oficial del Estado ha publicado el extracto de la\",\"breadcrumb\":{\"@id\":\"https:\/\/www.asajacyl.com\/salamanca\/asaja-salamanca-informa\/convocadas-las-subvenciones-a-proyectos-de-investigacion-apicola#breadcrumb\"},\"inLanguage\":\"es\",\"potentialAction\":[{\"@type\":\"ReadAction\",\"target\":[\"https:\/\/www.asajacyl.com\/salamanca\/asaja-salamanca-informa\/convocadas-las-subvenciones-a-proyectos-de-investigacion-apicola\"]}]},{\"@type\":\"ImageObject\",\"inLanguage\":\"es\",\"@id\":\"https:\/\/www.asajacyl.com\/salamanca\/asaja-salamanca-informa\/convocadas-las-subvenciones-a-proyectos-de-investigacion-apicola#primaryimage\",\"url\":\"https:\/\/www.asajacyl.com\/salamanca\/wp-content\/uploads\/sites\/7\/2020\/10\/apiary-1867537_1920.jpg\",\"contentUrl\":\"https:\/\/www.asajacyl.com\/salamanca\/wp-content\/uploads\/sites\/7\/2020\/10\/apiary-1867537_1920.jpg\",\"width\":1920,\"height\":1280},{\"@type\":\"BreadcrumbList\",\"@id\":\"https:\/\/www.asajacyl.com\/salamanca\/asaja-salamanca-informa\/convocadas-las-subvenciones-a-proyectos-de-investigacion-apicola#breadcrumb\",\"itemListElement\":[{\"@type\":\"ListItem\",\"position\":1,\"name\":\"Portada\",\"item\":\"https:\/\/www.asajacyl.com\/salamanca\/\"},{\"@type\":\"ListItem\",\"position\":2,\"name\":\"Convocadas las subvenciones a proyectos de investigaci\u00f3n ap\u00edcola\"}]},{\"@type\":\"WebSite\",\"@id\":\"https:\/\/www.asajacyl.com\/salamanca\/#website\",\"url\":\"https:\/\/www.asajacyl.com\/salamanca\/\",\"name\":\"ASAJA Salamanca\",\"description\":\"Otro sitio m\u00e1s de Provincias ASAJA Castilla y Le\u00f3n\",\"potentialAction\":[{\"@type\":\"SearchAction\",\"target\":{\"@type\":\"EntryPoint\",\"urlTemplate\":\"https:\/\/www.asajacyl.com\/salamanca\/?s={search_term_string}\"},\"query-input\":{\"@type\":\"PropertyValueSpecification\",\"valueRequired\":true,\"valueName\":\"search_term_string\"}}],\"inLanguage\":\"es\"},{\"@type\":\"Person\",\"@id\":\"https:\/\/www.asajacyl.com\/salamanca\/#\/schema\/person\/2bfc7da09988e1087e6291fafe99b67f\",\"name\":\"Sonia\",\"image\":{\"@type\":\"ImageObject\",\"inLanguage\":\"es\",\"@id\":\"https:\/\/www.asajacyl.com\/salamanca\/#\/schema\/person\/image\/\",\"url\":\"https:\/\/secure.gravatar.com\/avatar\/6b0d6eb461a1e3687cc023d59022ef0d?s=96&d=mm&r=g\",\"contentUrl\":\"https:\/\/secure.gravatar.com\/avatar\/6b0d6eb461a1e3687cc023d59022ef0d?s=96&d=mm&r=g\",\"caption\":\"Sonia\"},\"url\":\"https:\/\/www.asajacyl.com\/salamanca\/author\/juanluisde\"}]}<\/script>\n<!-- \/ Yoast SEO plugin. -->","yoast_head_json":{"title":"Convocadas las subvenciones a proyectos de investigaci\u00f3n ap\u00edcola - ASAJA Salamanca","description":"El plazo de presentaci\u00f3n de solicitudes va del 28 de octubre al 18 de noviembre de 2020 El Bolet\u00edn Oficial del Estado ha publicado el extracto de la","robots":{"index":"index","follow":"follow","max-snippet":"max-snippet:-1","max-image-preview":"max-image-preview:large","max-video-preview":"max-video-preview:-1"},"canonical":"https:\/\/www.asajacyl.com\/salamanca\/asaja-salamanca-informa\/convocadas-las-subvenciones-a-proyectos-de-investigacion-apicola","og_locale":"es_ES","og_type":"article","og_title":"Convocadas las subvenciones a proyectos de investigaci\u00f3n ap\u00edcola - ASAJA Salamanca","og_description":"El plazo de presentaci\u00f3n de solicitudes va del 28 de octubre al 18 de noviembre de 2020 El Bolet\u00edn Oficial del Estado ha publicado el extracto de la","og_url":"https:\/\/www.asajacyl.com\/salamanca\/asaja-salamanca-informa\/convocadas-las-subvenciones-a-proyectos-de-investigacion-apicola","og_site_name":"ASAJA Salamanca","article_published_time":"2020-10-27T11:53:35+00:00","article_modified_time":"2020-11-10T11:57:44+00:00","og_image":[{"width":1920,"height":1280,"url":"https:\/\/www.asajacyl.com\/salamanca\/wp-content\/uploads\/sites\/7\/2020\/10\/apiary-1867537_1920.jpg","type":"image\/jpeg"}],"author":"Sonia","twitter_card":"summary_large_image","twitter_misc":{"Escrito por":"Sonia","Tiempo de lectura":"1 minuto"},"schema":{"@context":"https:\/\/schema.org","@graph":[{"@type":"WebPage","@id":"https:\/\/www.asajacyl.com\/salamanca\/asaja-salamanca-informa\/convocadas-las-subvenciones-a-proyectos-de-investigacion-apicola","url":"https:\/\/www.asajacyl.com\/salamanca\/asaja-salamanca-informa\/convocadas-las-subvenciones-a-proyectos-de-investigacion-apicola","name":"Convocadas las subvenciones a proyectos de investigaci\u00f3n ap\u00edcola - ASAJA Salamanca","isPartOf":{"@id":"https:\/\/www.asajacyl.com\/salamanca\/#website"},"primaryImageOfPage":{"@id":"https:\/\/www.asajacyl.com\/salamanca\/asaja-salamanca-informa\/convocadas-las-subvenciones-a-proyectos-de-investigacion-apicola#primaryimage"},"image":{"@id":"https:\/\/www.asajacyl.com\/salamanca\/asaja-salamanca-informa\/convocadas-las-subvenciones-a-proyectos-de-investigacion-apicola#primaryimage"},"thumbnailUrl":"https:\/\/www.asajacyl.com\/salamanca\/wp-content\/uploads\/sites\/7\/2020\/10\/apiary-1867537_1920.jpg","datePublished":"2020-10-27T11:53:35+00:00","dateModified":"2020-11-10T11:57:44+00:00","author":{"@id":"https:\/\/www.asajacyl.com\/salamanca\/#\/schema\/person\/2bfc7da09988e1087e6291fafe99b67f"},"description":"El plazo de presentaci\u00f3n de solicitudes va del 28 de octubre al 18 de noviembre de 2020 El Bolet\u00edn Oficial del Estado ha publicado el extracto de la","breadcrumb":{"@id":"https:\/\/www.asajacyl.com\/salamanca\/asaja-salamanca-informa\/convocadas-las-subvenciones-a-proyectos-de-investigacion-apicola#breadcrumb"},"inLanguage":"es","potentialAction":[{"@type":"ReadAction","target":["https:\/\/www.asajacyl.com\/salamanca\/asaja-salamanca-informa\/convocadas-las-subvenciones-a-proyectos-de-investigacion-apicola"]}]},{"@type":"ImageObject","inLanguage":"es","@id":"https:\/\/www.asajacyl.com\/salamanca\/asaja-salamanca-informa\/convocadas-las-subvenciones-a-proyectos-de-investigacion-apicola#primaryimage","url":"https:\/\/www.asajacyl.com\/salamanca\/wp-content\/uploads\/sites\/7\/2020\/10\/apiary-1867537_1920.jpg","contentUrl":"https:\/\/www.asajacyl.com\/salamanca\/wp-content\/uploads\/sites\/7\/2020\/10\/apiary-1867537_1920.jpg","width":1920,"height":1280},{"@type":"BreadcrumbList","@id":"https:\/\/www.asajacyl.com\/salamanca\/asaja-salamanca-informa\/convocadas-las-subvenciones-a-proyectos-de-investigacion-apicola#breadcrumb","itemListElement":[{"@type":"ListItem","position":1,"name":"Portada","item":"https:\/\/www.asajacyl.com\/salamanca\/"},{"@type":"ListItem","position":2,"name":"Convocadas las subvenciones a proyectos de investigaci\u00f3n ap\u00edcola"}]},{"@type":"WebSite","@id":"https:\/\/www.asajacyl.com\/salamanca\/#website","url":"https:\/\/www.asajacyl.com\/salamanca\/","name":"ASAJA Salamanca","description":"Otro sitio m\u00e1s de Provincias ASAJA Castilla y Le\u00f3n","potentialAction":[{"@type":"SearchAction","target":{"@type":"EntryPoint","urlTemplate":"https:\/\/www.asajacyl.com\/salamanca\/?s={search_term_string}"},"query-input":{"@type":"PropertyValueSpecification","valueRequired":true,"valueName":"search_term_string"}}],"inLanguage":"es"},{"@type":"Person","@id":"https:\/\/www.asajacyl.com\/salamanca\/#\/schema\/person\/2bfc7da09988e1087e6291fafe99b67f","name":"Sonia","image":{"@type":"ImageObject","inLanguage":"es","@id":"https:\/\/www.asajacyl.com\/salamanca\/#\/schema\/person\/image\/","url":"https:\/\/secure.gravatar.com\/avatar\/6b0d6eb461a1e3687cc023d59022ef0d?s=96&d=mm&r=g","contentUrl":"https:\/\/secure.gravatar.com\/avatar\/6b0d6eb461a1e3687cc023d59022ef0d?s=96&d=mm&r=g","caption":"Sonia"},"url":"https:\/\/www.asajacyl.com\/salamanca\/author\/juanluisde"}]}},"_links":{"self":[{"href":"https:\/\/www.asajacyl.com\/salamanca\/wp-json\/wp\/v2\/posts\/9999"}],"collection":[{"href":"https:\/\/www.asajacyl.com\/salamanca\/wp-json\/wp\/v2\/posts"}],"about":[{"href":"https:\/\/www.asajacyl.com\/salamanca\/wp-json\/wp\/v2\/types\/post"}],"author":[{"embeddable":true,"href":"https:\/\/www.asajacyl.com\/salamanca\/wp-json\/wp\/v2\/users\/10"}],"replies":[{"embeddable":true,"href":"https:\/\/www.asajacyl.com\/salamanca\/wp-json\/wp\/v2\/comments?post=9999"}],"version-history":[{"count":2,"href":"https:\/\/www.asajacyl.com\/salamanca\/wp-json\/wp\/v2\/posts\/9999\/revisions"}],"predecessor-version":[{"id":10084,"href":"https:\/\/www.asajacyl.com\/salamanca\/wp-json\/wp\/v2\/posts\/9999\/revisions\/10084"}],"wp:featuredmedia":[{"embeddable":true,"href":"https:\/\/www.asajacyl.com\/salamanca\/wp-json\/wp\/v2\/media\/10003"}],"wp:attachment":[{"href":"https:\/\/www.asajacyl.com\/salamanca\/wp-json\/wp\/v2\/media?parent=9999"}],"wp:term":[{"taxonomy":"category","embeddable":true,"href":"https:\/\/www.asajacyl.com\/salamanca\/wp-json\/wp\/v2\/categories?post=9999"},{"taxonomy":"post_tag","embeddable":true,"href":"https:\/\/www.asajacyl.com\/salamanca\/wp-json\/wp\/v2\/tags?post=9999"}],"curies":[{"name":"wp","href":"https:\/\/api.w.org\/{rel}","templated":true}]}}