{"id":1084,"date":"2019-09-03T11:46:17","date_gmt":"2019-09-03T09:46:17","guid":{"rendered":"https:\/\/www.asajacyl.com\/segovia\/?p=1084"},"modified":"2019-09-12T14:23:08","modified_gmt":"2019-09-12T12:23:08","slug":"jornadas-y-cursos-septiembre-2019","status":"publish","type":"post","link":"https:\/\/www.asajacyl.com\/segovia\/servicios-socio\/cursos-jornadas\/jornadas-y-cursos-septiembre-2019","title":{"rendered":"JORNADAS T\u00c9CNICAS MALAS HIERBAS"},"content":{"rendered":"<h1><span style=\"color: #008000;font-size: 14pt\"><strong>\u201cJORNADAS T\u00c9CNICAS PARA EL CONTROL DE MALAS HIERBAS Y LA CORRECTA UTILIZACI\u00d3N DE LOS PRODUCTOS FITOSANITARIOS\u201d<\/strong><\/span><\/h1>\n<p><span style=\"font-size: 10pt\">FECHA: 16-09-2019\u00a0\u00a0\u00a0\u00a0\u00a0\u00a0\u00a0\u00a0\u00a0\u00a0\u00a0\u00a0LUGAR: VALVERDE DEL MAJANO (AULA CAMPO SEGOVIANO 2)<\/span><\/p>\n<p><span style=\"font-size: 10pt\">FECHA: 19-09-2019\u00a0\u00a0\u00a0\u00a0\u00a0\u00a0\u00a0\u00a0\u00a0\u00a0\u00a0\u00a0 LUGAR: AGUILAFUENTE (AULA CAMPO SEGOVIANO 2)<\/span><\/p>\n<p><span style=\"font-size: 10pt\">FECHA: 08-10-2019\u00a0\u00a0\u00a0\u00a0\u00a0\u00a0\u00a0\u00a0\u00a0\u00a0\u00a0\u00a0 LUGAR: CAMPO DE SAN PEDRO (AULA CAMPO SEGOVIANO 2)<\/span><\/p>\n<p><span style=\"font-size: 10pt\">DURACI\u00d3N: 4 HORAS, 1 D\u00cdA\u00a0\u00a0\u00a0\u00a0\u00a0\u00a0\u00a0\u00a0 HORARIO: DE 18,00 A 22,00 horas<\/span><\/p>\n<p><span style=\"font-size: 8pt\"><strong>DESTINATARIOS<\/strong>: agricultores, ganaderos y profesionales del sector agroalimentario dando preferencia a los j\u00f3venes que se incorporen y a las mujeres.<\/span><\/p>\n<p><span style=\"font-size: 8pt\"><strong>DESCRIPCI\u00d3N ACCI\u00d3N FORMATIVA: <\/strong>La actividad formativa se basa en la descripci\u00f3n tanto agron\u00f3mica como fotogr\u00e1fica de las malas hierbas habituales en los cultivos de la provincia de Segovia , su control con productos fitosanitarios de una manera sostenible y facilitando el conocimiento de otras alternativas a su uso. Se dar\u00e1n a conocer las nuevas t\u00e9cnicas que aporta la industria de la maquinaria agr\u00edcola para las aplicaciones con plaguicidas y el control de registros y documentos que se deben llevar a cobo en una explotaci\u00f3n agr\u00edcola.<\/span><\/p>\n<p><span style=\"font-size: 8pt\"><strong>OBJETIVOS: <\/strong>Reconocer las malas hierbas m\u00e1s habituales en los cultivos herb\u00e1ceos de la provincia de Segovia; utilizar adecuadamente los productos fitosanitarios disponibles, garantizando un uso sostenible de los mismos; conocer alternativas v\u00e1lidas a la utilizaci\u00f3n de plaguicidas; informar sobre las nuevas tecnolog\u00edas desarrolladas para la realizaci\u00f3n de tratamientos fitosanitarios con reducci\u00f3n de riesgos en su utilizaci\u00f3n y la disminuci\u00f3n de los efectos nocivos que conlleva su empleo; estar al d\u00eda de los registros y controles que se deben llevar a cabo para el uso sostenible de los productos plaguicidas en la agricultura actual.<\/span><\/p>\n<p><span style=\"font-size: 8pt\"><strong>INSCRIPCIONES<\/strong>: Hasta el 13 de septiembre de 2019.<\/span><\/p>\n<p><span style=\"font-size: 8pt\"><strong>\u00a0<\/strong><strong>Inscripci\u00f3n gratuita en ASAJA SEGOVIA.<\/strong><\/span><\/p>\n<p><span style=\"font-size: 8pt\"><strong>Tel\u00e9fono: 921430657 \/\u00a0\u00a0 asajasegovia@asajasegovia.com<\/strong><\/span><\/p>\n<p><span style=\"font-size: 8pt\"><strong>\u00a0<\/strong>ORGANIZA E IMPARTE: <span style=\"color: #339966\"><strong>ASAJA SEGOVIA<\/strong><\/span><\/span><\/p>\n<p><span style=\"font-size: 18pt\">ESTA OPERACI\u00d3N HA SIDO COFINANCIADA POR LA UNION EUROPEA A TRAVES DE FEADER.<\/span><\/p>\n<p><span style=\"font-size: 18pt\"><strong>ACCI\u00d3N COFINANCIADA por el FEADER en un 80%<\/strong><\/span><\/p>\n<p><span style=\"font-size: 18pt\">FINANCIAN:<\/span><\/p>\n<p><img loading=\"lazy\" decoding=\"async\" class=\"aligncenter wp-image-1096\" src=\"https:\/\/www.asajacyl.com\/segovia\/wp-content\/uploads\/sites\/8\/2017\/11\/LOGOS-WEB-CURSO.jpg\" alt=\"\" width=\"3000\" height=\"466\" srcset=\"https:\/\/www.asajacyl.com\/segovia\/wp-content\/uploads\/sites\/8\/2017\/11\/LOGOS-WEB-CURSO.jpg 2500w, https:\/\/www.asajacyl.com\/segovia\/wp-content\/uploads\/sites\/8\/2017\/11\/LOGOS-WEB-CURSO-300x47.jpg 300w, https:\/\/www.asajacyl.com\/segovia\/wp-content\/uploads\/sites\/8\/2017\/11\/LOGOS-WEB-CURSO-768x119.jpg 768w, https:\/\/www.asajacyl.com\/segovia\/wp-content\/uploads\/sites\/8\/2017\/11\/LOGOS-WEB-CURSO-1024x159.jpg 1024w, https:\/\/www.asajacyl.com\/segovia\/wp-content\/uploads\/sites\/8\/2017\/11\/LOGOS-WEB-CURSO-696x108.jpg 696w, https:\/\/www.asajacyl.com\/segovia\/wp-content\/uploads\/sites\/8\/2017\/11\/LOGOS-WEB-CURSO-1068x166.jpg 1068w, https:\/\/www.asajacyl.com\/segovia\/wp-content\/uploads\/sites\/8\/2017\/11\/LOGOS-WEB-CURSO-1920x298.jpg 1920w\" sizes=\"(max-width: 3000px) 100vw, 3000px\" \/><\/p>\n","protected":false},"excerpt":{"rendered":"<p>\u201cJORNADAS T\u00c9CNICAS PARA EL CONTROL DE MALAS HIERBAS Y LA CORRECTA UTILIZACI\u00d3N DE LOS PRODUCTOS FITOSANITARIOS\u201d FECHA: 16-09-2019\u00a0\u00a0\u00a0\u00a0\u00a0\u00a0\u00a0\u00a0\u00a0\u00a0\u00a0\u00a0LUGAR: VALVERDE DEL MAJANO (AULA CAMPO SEGOVIANO 2) FECHA: 19-09-2019\u00a0\u00a0\u00a0\u00a0\u00a0\u00a0\u00a0\u00a0\u00a0\u00a0\u00a0\u00a0 LUGAR: AGUILAFUENTE (AULA CAMPO SEGOVIANO 2) FECHA: 08-10-2019\u00a0\u00a0\u00a0\u00a0\u00a0\u00a0\u00a0\u00a0\u00a0\u00a0\u00a0\u00a0 LUGAR: CAMPO DE SAN PEDRO (AULA CAMPO SEGOVIANO 2) DURACI\u00d3N: 4 HORAS, 1 D\u00cdA\u00a0\u00a0\u00a0\u00a0\u00a0\u00a0\u00a0\u00a0 HORARIO: DE 18,00 A 22,00 horas [&hellip;]<\/p>\n","protected":false},"author":11,"featured_media":945,"comment_status":"open","ping_status":"open","sticky":false,"template":"","format":"standard","meta":{"footnotes":""},"categories":[37],"tags":[],"yoast_head":"<!-- This site is optimized with the Yoast SEO plugin v24.5 - https:\/\/yoast.com\/wordpress\/plugins\/seo\/ -->\n<title>JORNADAS T\u00c9CNICAS MALAS HIERBAS - ASAJA Segovia<\/title>\n<meta name=\"description\" content=\"\u201cJORNADAS T\u00c9CNICAS PARA EL CONTROL DE MALAS HIERBAS Y LA CORRECTA UTILIZACI\u00d3N DE LOS PRODUCTOS FITOSANITARIOS\u201d FECHA: 16-09-2019\u00a0\u00a0\u00a0\u00a0\u00a0\u00a0\u00a0\u00a0\u00a0\u00a0\u00a0\u00a0LUGAR:\" \/>\n<meta name=\"robots\" content=\"index, follow, max-snippet:-1, max-image-preview:large, max-video-preview:-1\" \/>\n<link rel=\"canonical\" href=\"https:\/\/www.asajacyl.com\/segovia\/servicios-socio\/cursos-jornadas\/jornadas-y-cursos-septiembre-2019\" \/>\n<meta property=\"og:locale\" content=\"es_ES\" \/>\n<meta property=\"og:type\" content=\"article\" \/>\n<meta property=\"og:title\" content=\"JORNADAS T\u00c9CNICAS MALAS HIERBAS - ASAJA Segovia\" \/>\n<meta property=\"og:description\" content=\"\u201cJORNADAS T\u00c9CNICAS PARA EL CONTROL DE MALAS HIERBAS Y LA CORRECTA UTILIZACI\u00d3N DE LOS PRODUCTOS FITOSANITARIOS\u201d FECHA: 16-09-2019\u00a0\u00a0\u00a0\u00a0\u00a0\u00a0\u00a0\u00a0\u00a0\u00a0\u00a0\u00a0LUGAR:\" \/>\n<meta property=\"og:url\" content=\"https:\/\/www.asajacyl.com\/segovia\/servicios-socio\/cursos-jornadas\/jornadas-y-cursos-septiembre-2019\" \/>\n<meta property=\"og:site_name\" content=\"ASAJA Segovia\" \/>\n<meta property=\"article:published_time\" content=\"2019-09-03T09:46:17+00:00\" \/>\n<meta property=\"article:modified_time\" content=\"2019-09-12T12:23:08+00:00\" \/>\n<meta property=\"og:image\" content=\"https:\/\/www.asajacyl.com\/segovia\/wp-content\/uploads\/sites\/8\/2018\/09\/girasoles-septiembre-2018.jpg\" \/>\n\t<meta property=\"og:image:width\" content=\"960\" \/>\n\t<meta property=\"og:image:height\" content=\"594\" \/>\n\t<meta property=\"og:image:type\" content=\"image\/jpeg\" \/>\n<meta name=\"author\" content=\"Alicia\" \/>\n<meta name=\"twitter:card\" content=\"summary_large_image\" \/>\n<meta name=\"twitter:label1\" content=\"Escrito por\" \/>\n\t<meta name=\"twitter:data1\" content=\"Alicia\" \/>\n\t<meta name=\"twitter:label2\" content=\"Tiempo de lectura\" \/>\n\t<meta name=\"twitter:data2\" content=\"2 minutos\" \/>\n<script type=\"application\/ld+json\" class=\"yoast-schema-graph\">{\"@context\":\"https:\/\/schema.org\",\"@graph\":[{\"@type\":\"WebPage\",\"@id\":\"https:\/\/www.asajacyl.com\/segovia\/servicios-socio\/cursos-jornadas\/jornadas-y-cursos-septiembre-2019\",\"url\":\"https:\/\/www.asajacyl.com\/segovia\/servicios-socio\/cursos-jornadas\/jornadas-y-cursos-septiembre-2019\",\"name\":\"JORNADAS T\u00c9CNICAS MALAS HIERBAS - ASAJA Segovia\",\"isPartOf\":{\"@id\":\"https:\/\/www.asajacyl.com\/segovia\/#website\"},\"primaryImageOfPage\":{\"@id\":\"https:\/\/www.asajacyl.com\/segovia\/servicios-socio\/cursos-jornadas\/jornadas-y-cursos-septiembre-2019#primaryimage\"},\"image\":{\"@id\":\"https:\/\/www.asajacyl.com\/segovia\/servicios-socio\/cursos-jornadas\/jornadas-y-cursos-septiembre-2019#primaryimage\"},\"thumbnailUrl\":\"https:\/\/www.asajacyl.com\/segovia\/wp-content\/uploads\/sites\/8\/2018\/09\/girasoles-septiembre-2018.jpg\",\"datePublished\":\"2019-09-03T09:46:17+00:00\",\"dateModified\":\"2019-09-12T12:23:08+00:00\",\"author\":{\"@id\":\"https:\/\/www.asajacyl.com\/segovia\/#\/schema\/person\/f044fca5805bb46713e11715709aef4d\"},\"description\":\"\u201cJORNADAS T\u00c9CNICAS PARA EL CONTROL DE MALAS HIERBAS Y LA CORRECTA UTILIZACI\u00d3N DE LOS PRODUCTOS FITOSANITARIOS\u201d FECHA: 16-09-2019\u00a0\u00a0\u00a0\u00a0\u00a0\u00a0\u00a0\u00a0\u00a0\u00a0\u00a0\u00a0LUGAR:\",\"breadcrumb\":{\"@id\":\"https:\/\/www.asajacyl.com\/segovia\/servicios-socio\/cursos-jornadas\/jornadas-y-cursos-septiembre-2019#breadcrumb\"},\"inLanguage\":\"es\",\"potentialAction\":[{\"@type\":\"ReadAction\",\"target\":[\"https:\/\/www.asajacyl.com\/segovia\/servicios-socio\/cursos-jornadas\/jornadas-y-cursos-septiembre-2019\"]}]},{\"@type\":\"ImageObject\",\"inLanguage\":\"es\",\"@id\":\"https:\/\/www.asajacyl.com\/segovia\/servicios-socio\/cursos-jornadas\/jornadas-y-cursos-septiembre-2019#primaryimage\",\"url\":\"https:\/\/www.asajacyl.com\/segovia\/wp-content\/uploads\/sites\/8\/2018\/09\/girasoles-septiembre-2018.jpg\",\"contentUrl\":\"https:\/\/www.asajacyl.com\/segovia\/wp-content\/uploads\/sites\/8\/2018\/09\/girasoles-septiembre-2018.jpg\",\"width\":960,\"height\":594},{\"@type\":\"BreadcrumbList\",\"@id\":\"https:\/\/www.asajacyl.com\/segovia\/servicios-socio\/cursos-jornadas\/jornadas-y-cursos-septiembre-2019#breadcrumb\",\"itemListElement\":[{\"@type\":\"ListItem\",\"position\":1,\"name\":\"Portada\",\"item\":\"https:\/\/www.asajacyl.com\/segovia\/\"},{\"@type\":\"ListItem\",\"position\":2,\"name\":\"JORNADAS T\u00c9CNICAS MALAS HIERBAS\"}]},{\"@type\":\"WebSite\",\"@id\":\"https:\/\/www.asajacyl.com\/segovia\/#website\",\"url\":\"https:\/\/www.asajacyl.com\/segovia\/\",\"name\":\"ASAJA Segovia\",\"description\":\"Otro sitio m\u00e1s de Provincias ASAJA Castilla y Le\u00f3n\",\"potentialAction\":[{\"@type\":\"SearchAction\",\"target\":{\"@type\":\"EntryPoint\",\"urlTemplate\":\"https:\/\/www.asajacyl.com\/segovia\/?s={search_term_string}\"},\"query-input\":{\"@type\":\"PropertyValueSpecification\",\"valueRequired\":true,\"valueName\":\"search_term_string\"}}],\"inLanguage\":\"es\"},{\"@type\":\"Person\",\"@id\":\"https:\/\/www.asajacyl.com\/segovia\/#\/schema\/person\/f044fca5805bb46713e11715709aef4d\",\"name\":\"Alicia\",\"image\":{\"@type\":\"ImageObject\",\"inLanguage\":\"es\",\"@id\":\"https:\/\/www.asajacyl.com\/segovia\/#\/schema\/person\/image\/\",\"url\":\"https:\/\/secure.gravatar.com\/avatar\/054cff43263e39aa6e74950dc4bb1690?s=96&d=mm&r=g\",\"contentUrl\":\"https:\/\/secure.gravatar.com\/avatar\/054cff43263e39aa6e74950dc4bb1690?s=96&d=mm&r=g\",\"caption\":\"Alicia\"},\"url\":\"https:\/\/www.asajacyl.com\/segovia\/author\/aliciasc\"}]}<\/script>\n<!-- \/ Yoast SEO plugin. -->","yoast_head_json":{"title":"JORNADAS T\u00c9CNICAS MALAS HIERBAS - ASAJA Segovia","description":"\u201cJORNADAS T\u00c9CNICAS PARA EL CONTROL DE MALAS HIERBAS Y LA CORRECTA UTILIZACI\u00d3N DE LOS PRODUCTOS FITOSANITARIOS\u201d FECHA: 16-09-2019\u00a0\u00a0\u00a0\u00a0\u00a0\u00a0\u00a0\u00a0\u00a0\u00a0\u00a0\u00a0LUGAR:","robots":{"index":"index","follow":"follow","max-snippet":"max-snippet:-1","max-image-preview":"max-image-preview:large","max-video-preview":"max-video-preview:-1"},"canonical":"https:\/\/www.asajacyl.com\/segovia\/servicios-socio\/cursos-jornadas\/jornadas-y-cursos-septiembre-2019","og_locale":"es_ES","og_type":"article","og_title":"JORNADAS T\u00c9CNICAS MALAS HIERBAS - ASAJA Segovia","og_description":"\u201cJORNADAS T\u00c9CNICAS PARA EL CONTROL DE MALAS HIERBAS Y LA CORRECTA UTILIZACI\u00d3N DE LOS PRODUCTOS FITOSANITARIOS\u201d FECHA: 16-09-2019\u00a0\u00a0\u00a0\u00a0\u00a0\u00a0\u00a0\u00a0\u00a0\u00a0\u00a0\u00a0LUGAR:","og_url":"https:\/\/www.asajacyl.com\/segovia\/servicios-socio\/cursos-jornadas\/jornadas-y-cursos-septiembre-2019","og_site_name":"ASAJA Segovia","article_published_time":"2019-09-03T09:46:17+00:00","article_modified_time":"2019-09-12T12:23:08+00:00","og_image":[{"width":960,"height":594,"url":"https:\/\/www.asajacyl.com\/segovia\/wp-content\/uploads\/sites\/8\/2018\/09\/girasoles-septiembre-2018.jpg","type":"image\/jpeg"}],"author":"Alicia","twitter_card":"summary_large_image","twitter_misc":{"Escrito por":"Alicia","Tiempo de lectura":"2 minutos"},"schema":{"@context":"https:\/\/schema.org","@graph":[{"@type":"WebPage","@id":"https:\/\/www.asajacyl.com\/segovia\/servicios-socio\/cursos-jornadas\/jornadas-y-cursos-septiembre-2019","url":"https:\/\/www.asajacyl.com\/segovia\/servicios-socio\/cursos-jornadas\/jornadas-y-cursos-septiembre-2019","name":"JORNADAS T\u00c9CNICAS MALAS HIERBAS - ASAJA Segovia","isPartOf":{"@id":"https:\/\/www.asajacyl.com\/segovia\/#website"},"primaryImageOfPage":{"@id":"https:\/\/www.asajacyl.com\/segovia\/servicios-socio\/cursos-jornadas\/jornadas-y-cursos-septiembre-2019#primaryimage"},"image":{"@id":"https:\/\/www.asajacyl.com\/segovia\/servicios-socio\/cursos-jornadas\/jornadas-y-cursos-septiembre-2019#primaryimage"},"thumbnailUrl":"https:\/\/www.asajacyl.com\/segovia\/wp-content\/uploads\/sites\/8\/2018\/09\/girasoles-septiembre-2018.jpg","datePublished":"2019-09-03T09:46:17+00:00","dateModified":"2019-09-12T12:23:08+00:00","author":{"@id":"https:\/\/www.asajacyl.com\/segovia\/#\/schema\/person\/f044fca5805bb46713e11715709aef4d"},"description":"\u201cJORNADAS T\u00c9CNICAS PARA EL CONTROL DE MALAS HIERBAS Y LA CORRECTA UTILIZACI\u00d3N DE LOS PRODUCTOS FITOSANITARIOS\u201d FECHA: 16-09-2019\u00a0\u00a0\u00a0\u00a0\u00a0\u00a0\u00a0\u00a0\u00a0\u00a0\u00a0\u00a0LUGAR:","breadcrumb":{"@id":"https:\/\/www.asajacyl.com\/segovia\/servicios-socio\/cursos-jornadas\/jornadas-y-cursos-septiembre-2019#breadcrumb"},"inLanguage":"es","potentialAction":[{"@type":"ReadAction","target":["https:\/\/www.asajacyl.com\/segovia\/servicios-socio\/cursos-jornadas\/jornadas-y-cursos-septiembre-2019"]}]},{"@type":"ImageObject","inLanguage":"es","@id":"https:\/\/www.asajacyl.com\/segovia\/servicios-socio\/cursos-jornadas\/jornadas-y-cursos-septiembre-2019#primaryimage","url":"https:\/\/www.asajacyl.com\/segovia\/wp-content\/uploads\/sites\/8\/2018\/09\/girasoles-septiembre-2018.jpg","contentUrl":"https:\/\/www.asajacyl.com\/segovia\/wp-content\/uploads\/sites\/8\/2018\/09\/girasoles-septiembre-2018.jpg","width":960,"height":594},{"@type":"BreadcrumbList","@id":"https:\/\/www.asajacyl.com\/segovia\/servicios-socio\/cursos-jornadas\/jornadas-y-cursos-septiembre-2019#breadcrumb","itemListElement":[{"@type":"ListItem","position":1,"name":"Portada","item":"https:\/\/www.asajacyl.com\/segovia\/"},{"@type":"ListItem","position":2,"name":"JORNADAS T\u00c9CNICAS MALAS HIERBAS"}]},{"@type":"WebSite","@id":"https:\/\/www.asajacyl.com\/segovia\/#website","url":"https:\/\/www.asajacyl.com\/segovia\/","name":"ASAJA Segovia","description":"Otro sitio m\u00e1s de Provincias ASAJA Castilla y Le\u00f3n","potentialAction":[{"@type":"SearchAction","target":{"@type":"EntryPoint","urlTemplate":"https:\/\/www.asajacyl.com\/segovia\/?s={search_term_string}"},"query-input":{"@type":"PropertyValueSpecification","valueRequired":true,"valueName":"search_term_string"}}],"inLanguage":"es"},{"@type":"Person","@id":"https:\/\/www.asajacyl.com\/segovia\/#\/schema\/person\/f044fca5805bb46713e11715709aef4d","name":"Alicia","image":{"@type":"ImageObject","inLanguage":"es","@id":"https:\/\/www.asajacyl.com\/segovia\/#\/schema\/person\/image\/","url":"https:\/\/secure.gravatar.com\/avatar\/054cff43263e39aa6e74950dc4bb1690?s=96&d=mm&r=g","contentUrl":"https:\/\/secure.gravatar.com\/avatar\/054cff43263e39aa6e74950dc4bb1690?s=96&d=mm&r=g","caption":"Alicia"},"url":"https:\/\/www.asajacyl.com\/segovia\/author\/aliciasc"}]}},"_links":{"self":[{"href":"https:\/\/www.asajacyl.com\/segovia\/wp-json\/wp\/v2\/posts\/1084"}],"collection":[{"href":"https:\/\/www.asajacyl.com\/segovia\/wp-json\/wp\/v2\/posts"}],"about":[{"href":"https:\/\/www.asajacyl.com\/segovia\/wp-json\/wp\/v2\/types\/post"}],"author":[{"embeddable":true,"href":"https:\/\/www.asajacyl.com\/segovia\/wp-json\/wp\/v2\/users\/11"}],"replies":[{"embeddable":true,"href":"https:\/\/www.asajacyl.com\/segovia\/wp-json\/wp\/v2\/comments?post=1084"}],"version-history":[{"count":11,"href":"https:\/\/www.asajacyl.com\/segovia\/wp-json\/wp\/v2\/posts\/1084\/revisions"}],"predecessor-version":[{"id":1586,"href":"https:\/\/www.asajacyl.com\/segovia\/wp-json\/wp\/v2\/posts\/1084\/revisions\/1586"}],"wp:featuredmedia":[{"embeddable":true,"href":"https:\/\/www.asajacyl.com\/segovia\/wp-json\/wp\/v2\/media\/945"}],"wp:attachment":[{"href":"https:\/\/www.asajacyl.com\/segovia\/wp-json\/wp\/v2\/media?parent=1084"}],"wp:term":[{"taxonomy":"category","embeddable":true,"href":"https:\/\/www.asajacyl.com\/segovia\/wp-json\/wp\/v2\/categories?post=1084"},{"taxonomy":"post_tag","embeddable":true,"href":"https:\/\/www.asajacyl.com\/segovia\/wp-json\/wp\/v2\/tags?post=1084"}],"curies":[{"name":"wp","href":"https:\/\/api.w.org\/{rel}","templated":true}]}}