{"id":1257,"date":"2020-05-14T20:08:06","date_gmt":"2020-05-14T18:08:06","guid":{"rendered":"https:\/\/www.asajacyl.com\/segovia\/?p=1257"},"modified":"2020-06-25T18:24:11","modified_gmt":"2020-06-25T16:24:11","slug":"san-isidro-labrador-nuestra-fiesta-ano-imposible-olvidar","status":"publish","type":"post","link":"https:\/\/www.asajacyl.com\/segovia\/asaja-segovia-informa\/san-isidro-labrador-nuestra-fiesta-ano-imposible-olvidar","title":{"rendered":"SAN ISIDRO LABRADOR, NUESTRA FIESTA, EN UN A\u00d1O IMPOSIBLE DE OLVIDAR"},"content":{"rendered":"<h1><strong>SAN ISIDRO LABRADOR, NUESTRA FIESTA, EN UN A\u00d1O IMPOSIBLE DE OLVIDAR<\/strong><\/h1>\n<p>ASAJA SEGOVIA y la Cooperativa Campo Segoviano \u2013 2 invitan a sumarse a guardar <strong>UN<\/strong> <strong>MINUTO DE SILENCIO<\/strong> con motivo de la festividad de San Isidro Labrador, patr\u00f3n de los profesionales del campo.<\/p>\n<p>Las restricciones que obliga el estado de alarma en el que nos encontramos, impiden celebrar, como hacemos todos los a\u00f1os este d\u00eda los agricultores y ganaderos la festividad de S. Isidro labrador, nuestro patr\u00f3n.<\/p>\n<p>Este a\u00f1o, como acto simb\u00f3lico, queremos hacer un llamamiento a todos los profesionales del sector agrario, e incluso a toda la sociedad en general, a que este viernes 15 de mayo guardemos un minuto de silencio en honor y recordatorio de todos los fallecidos por el COVID-19, pidi\u00e9ndole al santo patr\u00f3n, que adem\u00e1s de proteger nuestros campos y ganados otorgue consuelo a todas las familias que en esta pandemia hayan perdido alg\u00fan ser querido.<\/p>\n<p>&nbsp;<\/p>\n<p>&nbsp;<\/p>\n<p>Segovia, mayo 2020<\/p>\n","protected":false},"excerpt":{"rendered":"<p>SAN ISIDRO LABRADOR, NUESTRA FIESTA, EN UN A\u00d1O IMPOSIBLE DE OLVIDAR ASAJA SEGOVIA y la Cooperativa Campo Segoviano \u2013 2 invitan a sumarse a guardar UN MINUTO DE SILENCIO con motivo de la festividad de San Isidro Labrador, patr\u00f3n de los profesionales del campo. Las restricciones que obliga el estado de alarma en el que [&hellip;]<\/p>\n","protected":false},"author":11,"featured_media":1038,"comment_status":"open","ping_status":"open","sticky":false,"template":"","format":"standard","meta":{"footnotes":""},"categories":[10,26],"tags":[],"yoast_head":"<!-- This site is optimized with the Yoast SEO plugin v24.5 - https:\/\/yoast.com\/wordpress\/plugins\/seo\/ -->\n<title>SAN ISIDRO LABRADOR, NUESTRA FIESTA, EN UN A\u00d1O IMPOSIBLE DE OLVIDAR - ASAJA Segovia<\/title>\n<meta name=\"description\" content=\"SAN ISIDRO LABRADOR, NUESTRA FIESTA, EN UN A\u00d1O IMPOSIBLE DE OLVIDAR ASAJA SEGOVIA y la Cooperativa Campo Segoviano \u2013 2 invitan a sumarse a guardar UN\" \/>\n<meta name=\"robots\" content=\"index, follow, max-snippet:-1, max-image-preview:large, max-video-preview:-1\" \/>\n<link rel=\"canonical\" href=\"https:\/\/www.asajacyl.com\/segovia\/asaja-segovia-informa\/san-isidro-labrador-nuestra-fiesta-ano-imposible-olvidar\" \/>\n<meta property=\"og:locale\" content=\"es_ES\" \/>\n<meta property=\"og:type\" content=\"article\" \/>\n<meta property=\"og:title\" content=\"SAN ISIDRO LABRADOR, NUESTRA FIESTA, EN UN A\u00d1O IMPOSIBLE DE OLVIDAR - ASAJA Segovia\" \/>\n<meta property=\"og:description\" content=\"SAN ISIDRO LABRADOR, NUESTRA FIESTA, EN UN A\u00d1O IMPOSIBLE DE OLVIDAR ASAJA SEGOVIA y la Cooperativa Campo Segoviano \u2013 2 invitan a sumarse a guardar UN\" \/>\n<meta property=\"og:url\" content=\"https:\/\/www.asajacyl.com\/segovia\/asaja-segovia-informa\/san-isidro-labrador-nuestra-fiesta-ano-imposible-olvidar\" \/>\n<meta property=\"og:site_name\" content=\"ASAJA Segovia\" \/>\n<meta property=\"article:published_time\" content=\"2020-05-14T18:08:06+00:00\" \/>\n<meta property=\"article:modified_time\" content=\"2020-06-25T16:24:11+00:00\" \/>\n<meta property=\"og:image\" content=\"https:\/\/www.asajacyl.com\/segovia\/wp-content\/uploads\/sites\/8\/2019\/05\/San-Isidro-Labrador.jpg\" \/>\n\t<meta property=\"og:image:width\" content=\"632\" \/>\n\t<meta property=\"og:image:height\" content=\"474\" \/>\n\t<meta property=\"og:image:type\" content=\"image\/jpeg\" \/>\n<meta name=\"author\" content=\"Alicia\" \/>\n<meta name=\"twitter:card\" content=\"summary_large_image\" \/>\n<meta name=\"twitter:label1\" content=\"Escrito por\" \/>\n\t<meta name=\"twitter:data1\" content=\"Alicia\" \/>\n\t<meta name=\"twitter:label2\" content=\"Tiempo de lectura\" \/>\n\t<meta name=\"twitter:data2\" content=\"1 minuto\" \/>\n<script type=\"application\/ld+json\" class=\"yoast-schema-graph\">{\"@context\":\"https:\/\/schema.org\",\"@graph\":[{\"@type\":\"WebPage\",\"@id\":\"https:\/\/www.asajacyl.com\/segovia\/asaja-segovia-informa\/san-isidro-labrador-nuestra-fiesta-ano-imposible-olvidar\",\"url\":\"https:\/\/www.asajacyl.com\/segovia\/asaja-segovia-informa\/san-isidro-labrador-nuestra-fiesta-ano-imposible-olvidar\",\"name\":\"SAN ISIDRO LABRADOR, NUESTRA FIESTA, EN UN A\u00d1O IMPOSIBLE DE OLVIDAR - ASAJA Segovia\",\"isPartOf\":{\"@id\":\"https:\/\/www.asajacyl.com\/segovia\/#website\"},\"primaryImageOfPage\":{\"@id\":\"https:\/\/www.asajacyl.com\/segovia\/asaja-segovia-informa\/san-isidro-labrador-nuestra-fiesta-ano-imposible-olvidar#primaryimage\"},\"image\":{\"@id\":\"https:\/\/www.asajacyl.com\/segovia\/asaja-segovia-informa\/san-isidro-labrador-nuestra-fiesta-ano-imposible-olvidar#primaryimage\"},\"thumbnailUrl\":\"https:\/\/www.asajacyl.com\/segovia\/wp-content\/uploads\/sites\/8\/2019\/05\/San-Isidro-Labrador.jpg\",\"datePublished\":\"2020-05-14T18:08:06+00:00\",\"dateModified\":\"2020-06-25T16:24:11+00:00\",\"author\":{\"@id\":\"https:\/\/www.asajacyl.com\/segovia\/#\/schema\/person\/f044fca5805bb46713e11715709aef4d\"},\"description\":\"SAN ISIDRO LABRADOR, NUESTRA FIESTA, EN UN A\u00d1O IMPOSIBLE DE OLVIDAR ASAJA SEGOVIA y la Cooperativa Campo Segoviano \u2013 2 invitan a sumarse a guardar UN\",\"breadcrumb\":{\"@id\":\"https:\/\/www.asajacyl.com\/segovia\/asaja-segovia-informa\/san-isidro-labrador-nuestra-fiesta-ano-imposible-olvidar#breadcrumb\"},\"inLanguage\":\"es\",\"potentialAction\":[{\"@type\":\"ReadAction\",\"target\":[\"https:\/\/www.asajacyl.com\/segovia\/asaja-segovia-informa\/san-isidro-labrador-nuestra-fiesta-ano-imposible-olvidar\"]}]},{\"@type\":\"ImageObject\",\"inLanguage\":\"es\",\"@id\":\"https:\/\/www.asajacyl.com\/segovia\/asaja-segovia-informa\/san-isidro-labrador-nuestra-fiesta-ano-imposible-olvidar#primaryimage\",\"url\":\"https:\/\/www.asajacyl.com\/segovia\/wp-content\/uploads\/sites\/8\/2019\/05\/San-Isidro-Labrador.jpg\",\"contentUrl\":\"https:\/\/www.asajacyl.com\/segovia\/wp-content\/uploads\/sites\/8\/2019\/05\/San-Isidro-Labrador.jpg\",\"width\":632,\"height\":474},{\"@type\":\"BreadcrumbList\",\"@id\":\"https:\/\/www.asajacyl.com\/segovia\/asaja-segovia-informa\/san-isidro-labrador-nuestra-fiesta-ano-imposible-olvidar#breadcrumb\",\"itemListElement\":[{\"@type\":\"ListItem\",\"position\":1,\"name\":\"Portada\",\"item\":\"https:\/\/www.asajacyl.com\/segovia\/\"},{\"@type\":\"ListItem\",\"position\":2,\"name\":\"SAN ISIDRO LABRADOR, NUESTRA FIESTA, EN UN A\u00d1O IMPOSIBLE DE OLVIDAR\"}]},{\"@type\":\"WebSite\",\"@id\":\"https:\/\/www.asajacyl.com\/segovia\/#website\",\"url\":\"https:\/\/www.asajacyl.com\/segovia\/\",\"name\":\"ASAJA Segovia\",\"description\":\"Otro sitio m\u00e1s de Provincias ASAJA Castilla y Le\u00f3n\",\"potentialAction\":[{\"@type\":\"SearchAction\",\"target\":{\"@type\":\"EntryPoint\",\"urlTemplate\":\"https:\/\/www.asajacyl.com\/segovia\/?s={search_term_string}\"},\"query-input\":{\"@type\":\"PropertyValueSpecification\",\"valueRequired\":true,\"valueName\":\"search_term_string\"}}],\"inLanguage\":\"es\"},{\"@type\":\"Person\",\"@id\":\"https:\/\/www.asajacyl.com\/segovia\/#\/schema\/person\/f044fca5805bb46713e11715709aef4d\",\"name\":\"Alicia\",\"image\":{\"@type\":\"ImageObject\",\"inLanguage\":\"es\",\"@id\":\"https:\/\/www.asajacyl.com\/segovia\/#\/schema\/person\/image\/\",\"url\":\"https:\/\/secure.gravatar.com\/avatar\/054cff43263e39aa6e74950dc4bb1690?s=96&d=mm&r=g\",\"contentUrl\":\"https:\/\/secure.gravatar.com\/avatar\/054cff43263e39aa6e74950dc4bb1690?s=96&d=mm&r=g\",\"caption\":\"Alicia\"},\"url\":\"https:\/\/www.asajacyl.com\/segovia\/author\/aliciasc\"}]}<\/script>\n<!-- \/ Yoast SEO plugin. -->","yoast_head_json":{"title":"SAN ISIDRO LABRADOR, NUESTRA FIESTA, EN UN A\u00d1O IMPOSIBLE DE OLVIDAR - ASAJA Segovia","description":"SAN ISIDRO LABRADOR, NUESTRA FIESTA, EN UN A\u00d1O IMPOSIBLE DE OLVIDAR ASAJA SEGOVIA y la Cooperativa Campo Segoviano \u2013 2 invitan a sumarse a guardar UN","robots":{"index":"index","follow":"follow","max-snippet":"max-snippet:-1","max-image-preview":"max-image-preview:large","max-video-preview":"max-video-preview:-1"},"canonical":"https:\/\/www.asajacyl.com\/segovia\/asaja-segovia-informa\/san-isidro-labrador-nuestra-fiesta-ano-imposible-olvidar","og_locale":"es_ES","og_type":"article","og_title":"SAN ISIDRO LABRADOR, NUESTRA FIESTA, EN UN A\u00d1O IMPOSIBLE DE OLVIDAR - ASAJA Segovia","og_description":"SAN ISIDRO LABRADOR, NUESTRA FIESTA, EN UN A\u00d1O IMPOSIBLE DE OLVIDAR ASAJA SEGOVIA y la Cooperativa Campo Segoviano \u2013 2 invitan a sumarse a guardar UN","og_url":"https:\/\/www.asajacyl.com\/segovia\/asaja-segovia-informa\/san-isidro-labrador-nuestra-fiesta-ano-imposible-olvidar","og_site_name":"ASAJA Segovia","article_published_time":"2020-05-14T18:08:06+00:00","article_modified_time":"2020-06-25T16:24:11+00:00","og_image":[{"width":632,"height":474,"url":"https:\/\/www.asajacyl.com\/segovia\/wp-content\/uploads\/sites\/8\/2019\/05\/San-Isidro-Labrador.jpg","type":"image\/jpeg"}],"author":"Alicia","twitter_card":"summary_large_image","twitter_misc":{"Escrito por":"Alicia","Tiempo de lectura":"1 minuto"},"schema":{"@context":"https:\/\/schema.org","@graph":[{"@type":"WebPage","@id":"https:\/\/www.asajacyl.com\/segovia\/asaja-segovia-informa\/san-isidro-labrador-nuestra-fiesta-ano-imposible-olvidar","url":"https:\/\/www.asajacyl.com\/segovia\/asaja-segovia-informa\/san-isidro-labrador-nuestra-fiesta-ano-imposible-olvidar","name":"SAN ISIDRO LABRADOR, NUESTRA FIESTA, EN UN A\u00d1O IMPOSIBLE DE OLVIDAR - ASAJA Segovia","isPartOf":{"@id":"https:\/\/www.asajacyl.com\/segovia\/#website"},"primaryImageOfPage":{"@id":"https:\/\/www.asajacyl.com\/segovia\/asaja-segovia-informa\/san-isidro-labrador-nuestra-fiesta-ano-imposible-olvidar#primaryimage"},"image":{"@id":"https:\/\/www.asajacyl.com\/segovia\/asaja-segovia-informa\/san-isidro-labrador-nuestra-fiesta-ano-imposible-olvidar#primaryimage"},"thumbnailUrl":"https:\/\/www.asajacyl.com\/segovia\/wp-content\/uploads\/sites\/8\/2019\/05\/San-Isidro-Labrador.jpg","datePublished":"2020-05-14T18:08:06+00:00","dateModified":"2020-06-25T16:24:11+00:00","author":{"@id":"https:\/\/www.asajacyl.com\/segovia\/#\/schema\/person\/f044fca5805bb46713e11715709aef4d"},"description":"SAN ISIDRO LABRADOR, NUESTRA FIESTA, EN UN A\u00d1O IMPOSIBLE DE OLVIDAR ASAJA SEGOVIA y la Cooperativa Campo Segoviano \u2013 2 invitan a sumarse a guardar UN","breadcrumb":{"@id":"https:\/\/www.asajacyl.com\/segovia\/asaja-segovia-informa\/san-isidro-labrador-nuestra-fiesta-ano-imposible-olvidar#breadcrumb"},"inLanguage":"es","potentialAction":[{"@type":"ReadAction","target":["https:\/\/www.asajacyl.com\/segovia\/asaja-segovia-informa\/san-isidro-labrador-nuestra-fiesta-ano-imposible-olvidar"]}]},{"@type":"ImageObject","inLanguage":"es","@id":"https:\/\/www.asajacyl.com\/segovia\/asaja-segovia-informa\/san-isidro-labrador-nuestra-fiesta-ano-imposible-olvidar#primaryimage","url":"https:\/\/www.asajacyl.com\/segovia\/wp-content\/uploads\/sites\/8\/2019\/05\/San-Isidro-Labrador.jpg","contentUrl":"https:\/\/www.asajacyl.com\/segovia\/wp-content\/uploads\/sites\/8\/2019\/05\/San-Isidro-Labrador.jpg","width":632,"height":474},{"@type":"BreadcrumbList","@id":"https:\/\/www.asajacyl.com\/segovia\/asaja-segovia-informa\/san-isidro-labrador-nuestra-fiesta-ano-imposible-olvidar#breadcrumb","itemListElement":[{"@type":"ListItem","position":1,"name":"Portada","item":"https:\/\/www.asajacyl.com\/segovia\/"},{"@type":"ListItem","position":2,"name":"SAN ISIDRO LABRADOR, NUESTRA FIESTA, EN UN A\u00d1O IMPOSIBLE DE OLVIDAR"}]},{"@type":"WebSite","@id":"https:\/\/www.asajacyl.com\/segovia\/#website","url":"https:\/\/www.asajacyl.com\/segovia\/","name":"ASAJA Segovia","description":"Otro sitio m\u00e1s de Provincias ASAJA Castilla y Le\u00f3n","potentialAction":[{"@type":"SearchAction","target":{"@type":"EntryPoint","urlTemplate":"https:\/\/www.asajacyl.com\/segovia\/?s={search_term_string}"},"query-input":{"@type":"PropertyValueSpecification","valueRequired":true,"valueName":"search_term_string"}}],"inLanguage":"es"},{"@type":"Person","@id":"https:\/\/www.asajacyl.com\/segovia\/#\/schema\/person\/f044fca5805bb46713e11715709aef4d","name":"Alicia","image":{"@type":"ImageObject","inLanguage":"es","@id":"https:\/\/www.asajacyl.com\/segovia\/#\/schema\/person\/image\/","url":"https:\/\/secure.gravatar.com\/avatar\/054cff43263e39aa6e74950dc4bb1690?s=96&d=mm&r=g","contentUrl":"https:\/\/secure.gravatar.com\/avatar\/054cff43263e39aa6e74950dc4bb1690?s=96&d=mm&r=g","caption":"Alicia"},"url":"https:\/\/www.asajacyl.com\/segovia\/author\/aliciasc"}]}},"_links":{"self":[{"href":"https:\/\/www.asajacyl.com\/segovia\/wp-json\/wp\/v2\/posts\/1257"}],"collection":[{"href":"https:\/\/www.asajacyl.com\/segovia\/wp-json\/wp\/v2\/posts"}],"about":[{"href":"https:\/\/www.asajacyl.com\/segovia\/wp-json\/wp\/v2\/types\/post"}],"author":[{"embeddable":true,"href":"https:\/\/www.asajacyl.com\/segovia\/wp-json\/wp\/v2\/users\/11"}],"replies":[{"embeddable":true,"href":"https:\/\/www.asajacyl.com\/segovia\/wp-json\/wp\/v2\/comments?post=1257"}],"version-history":[{"count":1,"href":"https:\/\/www.asajacyl.com\/segovia\/wp-json\/wp\/v2\/posts\/1257\/revisions"}],"predecessor-version":[{"id":1258,"href":"https:\/\/www.asajacyl.com\/segovia\/wp-json\/wp\/v2\/posts\/1257\/revisions\/1258"}],"wp:featuredmedia":[{"embeddable":true,"href":"https:\/\/www.asajacyl.com\/segovia\/wp-json\/wp\/v2\/media\/1038"}],"wp:attachment":[{"href":"https:\/\/www.asajacyl.com\/segovia\/wp-json\/wp\/v2\/media?parent=1257"}],"wp:term":[{"taxonomy":"category","embeddable":true,"href":"https:\/\/www.asajacyl.com\/segovia\/wp-json\/wp\/v2\/categories?post=1257"},{"taxonomy":"post_tag","embeddable":true,"href":"https:\/\/www.asajacyl.com\/segovia\/wp-json\/wp\/v2\/tags?post=1257"}],"curies":[{"name":"wp","href":"https:\/\/api.w.org\/{rel}","templated":true}]}}