{"id":1510,"date":"2022-01-05T10:08:17","date_gmt":"2022-01-05T09:08:17","guid":{"rendered":"https:\/\/www.asajacyl.com\/segovia\/?p=1510"},"modified":"2022-01-05T10:08:18","modified_gmt":"2022-01-05T09:08:18","slug":"curso-bienestar-animal-en-el-transporte","status":"publish","type":"post","link":"https:\/\/www.asajacyl.com\/segovia\/servicios-socio\/cursos-jornadas\/curso-bienestar-animal-en-el-transporte","title":{"rendered":"CURSO BIENESTAR ANIMAL EN EL TRANSPORTE"},"content":{"rendered":"\n<figure class=\"wp-block-table\"><table><tbody><tr><td><\/td><\/tr><tr><td><\/td><td><strong><u>DIRIGIDO A \u00a0PERSONAS QUE TRANSPORTAN TODA CLASE DE\u00a0 ANIMALES VIVOS<\/u><\/strong> <strong><u>\u00a0<\/u><\/strong><br> <strong><u>LOCALIDAD: <\/u>VALVERDE DEL MAJANO (SEGOVIA)<\/strong> <strong>\u00a0<\/strong> <br><strong><u>D\u00cdAS: <\/u>DEL 19 AL 25 DE ENERO DE 2022<\/strong> <strong>(19, 20, 21, 24 Y 25 DE ENERO)<\/strong> <strong>\u00a0<\/strong> <br><strong><u>HORARIO<\/u>: DE 17,00 A 21,00 HORAS<\/strong> \u00a0<br><br><strong><em>Los interesados\u00a0 en este curso\u00a0 os pod\u00e9is poner en contacto:<\/em><\/strong><br><strong><em>ASAJA EN SEGOVIA: 921430657\u00a0\u00a0\u00a0\u00a0\u00a0\u00a0\u00a0 <\/em><\/strong><a href=\"mailto:asajasegovia@asajasegovia.com\"><strong><em>asajasegovia@asajasegovia.com<\/em><\/strong><\/a><br><strong><em>ASAJA EN C\u00daELLAR: 921141562\u00a0\u00a0\u00a0\u00a0\u00a0\u00a0\u00a0 cuellar1@asajasegovia.com<br><\/em><\/strong><\/td><\/tr><\/tbody><\/table><\/figure>\n","protected":false},"excerpt":{"rendered":"<p>DIRIGIDO A \u00a0PERSONAS QUE TRANSPORTAN TODA CLASE DE\u00a0 ANIMALES VIVOS \u00a0 LOCALIDAD: VALVERDE DEL MAJANO (SEGOVIA) \u00a0 D\u00cdAS: DEL 19 AL 25 DE ENERO DE 2022 (19, 20, 21, 24 Y 25 DE ENERO) \u00a0 HORARIO: DE 17,00 A 21,00 HORAS \u00a0 Los interesados\u00a0 en este curso\u00a0 os pod\u00e9is poner en contacto:ASAJA EN SEGOVIA: 921430657\u00a0\u00a0\u00a0\u00a0\u00a0\u00a0\u00a0 [&hellip;]<\/p>\n","protected":false},"author":11,"featured_media":1511,"comment_status":"open","ping_status":"open","sticky":false,"template":"","format":"standard","meta":{"footnotes":""},"categories":[37,9],"tags":[],"yoast_head":"<!-- This site is optimized with the Yoast SEO plugin v24.5 - https:\/\/yoast.com\/wordpress\/plugins\/seo\/ -->\n<title>CURSO BIENESTAR ANIMAL EN EL TRANSPORTE - ASAJA Segovia<\/title>\n<meta name=\"description\" content=\"DIRIGIDO A \u00a0PERSONAS QUE TRANSPORTAN TODA CLASE DE\u00a0 ANIMALES VIVOS \u00a0 LOCALIDAD: VALVERDE DEL MAJANO (SEGOVIA) \u00a0 D\u00cdAS: DEL 19 AL 25 DE ENERO DE 2022 (19,\" \/>\n<meta name=\"robots\" content=\"index, follow, max-snippet:-1, max-image-preview:large, max-video-preview:-1\" \/>\n<link rel=\"canonical\" href=\"https:\/\/www.asajacyl.com\/segovia\/servicios-socio\/cursos-jornadas\/curso-bienestar-animal-en-el-transporte\" \/>\n<meta property=\"og:locale\" content=\"es_ES\" \/>\n<meta property=\"og:type\" content=\"article\" \/>\n<meta property=\"og:title\" content=\"CURSO BIENESTAR ANIMAL EN EL TRANSPORTE - ASAJA Segovia\" \/>\n<meta property=\"og:description\" content=\"DIRIGIDO A \u00a0PERSONAS QUE TRANSPORTAN TODA CLASE DE\u00a0 ANIMALES VIVOS \u00a0 LOCALIDAD: VALVERDE DEL MAJANO (SEGOVIA) \u00a0 D\u00cdAS: DEL 19 AL 25 DE ENERO DE 2022 (19,\" \/>\n<meta property=\"og:url\" content=\"https:\/\/www.asajacyl.com\/segovia\/servicios-socio\/cursos-jornadas\/curso-bienestar-animal-en-el-transporte\" \/>\n<meta property=\"og:site_name\" content=\"ASAJA Segovia\" \/>\n<meta property=\"article:published_time\" content=\"2022-01-05T09:08:17+00:00\" \/>\n<meta property=\"article:modified_time\" content=\"2022-01-05T09:08:18+00:00\" \/>\n<meta property=\"og:image\" content=\"https:\/\/www.asajacyl.com\/segovia\/wp-content\/uploads\/sites\/8\/2022\/01\/foto-transporte-ganaddo.jpg\" \/>\n\t<meta property=\"og:image:width\" content=\"1716\" \/>\n\t<meta property=\"og:image:height\" content=\"1265\" \/>\n\t<meta property=\"og:image:type\" content=\"image\/jpeg\" \/>\n<meta name=\"author\" content=\"Alicia\" \/>\n<meta name=\"twitter:card\" content=\"summary_large_image\" \/>\n<meta name=\"twitter:label1\" content=\"Escrito por\" \/>\n\t<meta name=\"twitter:data1\" content=\"Alicia\" \/>\n\t<meta name=\"twitter:label2\" content=\"Tiempo de lectura\" \/>\n\t<meta name=\"twitter:data2\" content=\"1 minuto\" \/>\n<script type=\"application\/ld+json\" class=\"yoast-schema-graph\">{\"@context\":\"https:\/\/schema.org\",\"@graph\":[{\"@type\":\"WebPage\",\"@id\":\"https:\/\/www.asajacyl.com\/segovia\/servicios-socio\/cursos-jornadas\/curso-bienestar-animal-en-el-transporte\",\"url\":\"https:\/\/www.asajacyl.com\/segovia\/servicios-socio\/cursos-jornadas\/curso-bienestar-animal-en-el-transporte\",\"name\":\"CURSO BIENESTAR ANIMAL EN EL TRANSPORTE - ASAJA Segovia\",\"isPartOf\":{\"@id\":\"https:\/\/www.asajacyl.com\/segovia\/#website\"},\"primaryImageOfPage\":{\"@id\":\"https:\/\/www.asajacyl.com\/segovia\/servicios-socio\/cursos-jornadas\/curso-bienestar-animal-en-el-transporte#primaryimage\"},\"image\":{\"@id\":\"https:\/\/www.asajacyl.com\/segovia\/servicios-socio\/cursos-jornadas\/curso-bienestar-animal-en-el-transporte#primaryimage\"},\"thumbnailUrl\":\"https:\/\/www.asajacyl.com\/segovia\/wp-content\/uploads\/sites\/8\/2022\/01\/foto-transporte-ganaddo.jpg\",\"datePublished\":\"2022-01-05T09:08:17+00:00\",\"dateModified\":\"2022-01-05T09:08:18+00:00\",\"author\":{\"@id\":\"https:\/\/www.asajacyl.com\/segovia\/#\/schema\/person\/f044fca5805bb46713e11715709aef4d\"},\"description\":\"DIRIGIDO A \u00a0PERSONAS QUE TRANSPORTAN TODA CLASE DE\u00a0 ANIMALES VIVOS \u00a0 LOCALIDAD: VALVERDE DEL MAJANO (SEGOVIA) \u00a0 D\u00cdAS: DEL 19 AL 25 DE ENERO DE 2022 (19,\",\"breadcrumb\":{\"@id\":\"https:\/\/www.asajacyl.com\/segovia\/servicios-socio\/cursos-jornadas\/curso-bienestar-animal-en-el-transporte#breadcrumb\"},\"inLanguage\":\"es\",\"potentialAction\":[{\"@type\":\"ReadAction\",\"target\":[\"https:\/\/www.asajacyl.com\/segovia\/servicios-socio\/cursos-jornadas\/curso-bienestar-animal-en-el-transporte\"]}]},{\"@type\":\"ImageObject\",\"inLanguage\":\"es\",\"@id\":\"https:\/\/www.asajacyl.com\/segovia\/servicios-socio\/cursos-jornadas\/curso-bienestar-animal-en-el-transporte#primaryimage\",\"url\":\"https:\/\/www.asajacyl.com\/segovia\/wp-content\/uploads\/sites\/8\/2022\/01\/foto-transporte-ganaddo.jpg\",\"contentUrl\":\"https:\/\/www.asajacyl.com\/segovia\/wp-content\/uploads\/sites\/8\/2022\/01\/foto-transporte-ganaddo.jpg\",\"width\":1716,\"height\":1265,\"caption\":\"PAM02. PAMPLONA, 13-06-06. Dos vacas, hoy, en un cami\u00f3n de transporte de ganado en Navarra, comunidad en la que se encuentra el matadero al que se tralad\u00f3 la res procedente de una explotaci\u00f3n de Covaleda (Soria), engordada durante dos meses en La Rioja, y en la que la Consejer\u00eda de Agricultura de esta \u00faltima comunidad ha detectado un caso de Encefalopat\u00eda Espongiforme Bovina (EEB). EFE\/VILLAR L\u00d3PEZ.\"},{\"@type\":\"BreadcrumbList\",\"@id\":\"https:\/\/www.asajacyl.com\/segovia\/servicios-socio\/cursos-jornadas\/curso-bienestar-animal-en-el-transporte#breadcrumb\",\"itemListElement\":[{\"@type\":\"ListItem\",\"position\":1,\"name\":\"Portada\",\"item\":\"https:\/\/www.asajacyl.com\/segovia\/\"},{\"@type\":\"ListItem\",\"position\":2,\"name\":\"CURSO BIENESTAR ANIMAL EN EL TRANSPORTE\"}]},{\"@type\":\"WebSite\",\"@id\":\"https:\/\/www.asajacyl.com\/segovia\/#website\",\"url\":\"https:\/\/www.asajacyl.com\/segovia\/\",\"name\":\"ASAJA Segovia\",\"description\":\"Otro sitio m\u00e1s de Provincias ASAJA Castilla y Le\u00f3n\",\"potentialAction\":[{\"@type\":\"SearchAction\",\"target\":{\"@type\":\"EntryPoint\",\"urlTemplate\":\"https:\/\/www.asajacyl.com\/segovia\/?s={search_term_string}\"},\"query-input\":{\"@type\":\"PropertyValueSpecification\",\"valueRequired\":true,\"valueName\":\"search_term_string\"}}],\"inLanguage\":\"es\"},{\"@type\":\"Person\",\"@id\":\"https:\/\/www.asajacyl.com\/segovia\/#\/schema\/person\/f044fca5805bb46713e11715709aef4d\",\"name\":\"Alicia\",\"image\":{\"@type\":\"ImageObject\",\"inLanguage\":\"es\",\"@id\":\"https:\/\/www.asajacyl.com\/segovia\/#\/schema\/person\/image\/\",\"url\":\"https:\/\/secure.gravatar.com\/avatar\/054cff43263e39aa6e74950dc4bb1690?s=96&d=mm&r=g\",\"contentUrl\":\"https:\/\/secure.gravatar.com\/avatar\/054cff43263e39aa6e74950dc4bb1690?s=96&d=mm&r=g\",\"caption\":\"Alicia\"},\"url\":\"https:\/\/www.asajacyl.com\/segovia\/author\/aliciasc\"}]}<\/script>\n<!-- \/ Yoast SEO plugin. -->","yoast_head_json":{"title":"CURSO BIENESTAR ANIMAL EN EL TRANSPORTE - ASAJA Segovia","description":"DIRIGIDO A \u00a0PERSONAS QUE TRANSPORTAN TODA CLASE DE\u00a0 ANIMALES VIVOS \u00a0 LOCALIDAD: VALVERDE DEL MAJANO (SEGOVIA) \u00a0 D\u00cdAS: DEL 19 AL 25 DE ENERO DE 2022 (19,","robots":{"index":"index","follow":"follow","max-snippet":"max-snippet:-1","max-image-preview":"max-image-preview:large","max-video-preview":"max-video-preview:-1"},"canonical":"https:\/\/www.asajacyl.com\/segovia\/servicios-socio\/cursos-jornadas\/curso-bienestar-animal-en-el-transporte","og_locale":"es_ES","og_type":"article","og_title":"CURSO BIENESTAR ANIMAL EN EL TRANSPORTE - ASAJA Segovia","og_description":"DIRIGIDO A \u00a0PERSONAS QUE TRANSPORTAN TODA CLASE DE\u00a0 ANIMALES VIVOS \u00a0 LOCALIDAD: VALVERDE DEL MAJANO (SEGOVIA) \u00a0 D\u00cdAS: DEL 19 AL 25 DE ENERO DE 2022 (19,","og_url":"https:\/\/www.asajacyl.com\/segovia\/servicios-socio\/cursos-jornadas\/curso-bienestar-animal-en-el-transporte","og_site_name":"ASAJA Segovia","article_published_time":"2022-01-05T09:08:17+00:00","article_modified_time":"2022-01-05T09:08:18+00:00","og_image":[{"width":1716,"height":1265,"url":"https:\/\/www.asajacyl.com\/segovia\/wp-content\/uploads\/sites\/8\/2022\/01\/foto-transporte-ganaddo.jpg","type":"image\/jpeg"}],"author":"Alicia","twitter_card":"summary_large_image","twitter_misc":{"Escrito por":"Alicia","Tiempo de lectura":"1 minuto"},"schema":{"@context":"https:\/\/schema.org","@graph":[{"@type":"WebPage","@id":"https:\/\/www.asajacyl.com\/segovia\/servicios-socio\/cursos-jornadas\/curso-bienestar-animal-en-el-transporte","url":"https:\/\/www.asajacyl.com\/segovia\/servicios-socio\/cursos-jornadas\/curso-bienestar-animal-en-el-transporte","name":"CURSO BIENESTAR ANIMAL EN EL TRANSPORTE - ASAJA Segovia","isPartOf":{"@id":"https:\/\/www.asajacyl.com\/segovia\/#website"},"primaryImageOfPage":{"@id":"https:\/\/www.asajacyl.com\/segovia\/servicios-socio\/cursos-jornadas\/curso-bienestar-animal-en-el-transporte#primaryimage"},"image":{"@id":"https:\/\/www.asajacyl.com\/segovia\/servicios-socio\/cursos-jornadas\/curso-bienestar-animal-en-el-transporte#primaryimage"},"thumbnailUrl":"https:\/\/www.asajacyl.com\/segovia\/wp-content\/uploads\/sites\/8\/2022\/01\/foto-transporte-ganaddo.jpg","datePublished":"2022-01-05T09:08:17+00:00","dateModified":"2022-01-05T09:08:18+00:00","author":{"@id":"https:\/\/www.asajacyl.com\/segovia\/#\/schema\/person\/f044fca5805bb46713e11715709aef4d"},"description":"DIRIGIDO A \u00a0PERSONAS QUE TRANSPORTAN TODA CLASE DE\u00a0 ANIMALES VIVOS \u00a0 LOCALIDAD: VALVERDE DEL MAJANO (SEGOVIA) \u00a0 D\u00cdAS: DEL 19 AL 25 DE ENERO DE 2022 (19,","breadcrumb":{"@id":"https:\/\/www.asajacyl.com\/segovia\/servicios-socio\/cursos-jornadas\/curso-bienestar-animal-en-el-transporte#breadcrumb"},"inLanguage":"es","potentialAction":[{"@type":"ReadAction","target":["https:\/\/www.asajacyl.com\/segovia\/servicios-socio\/cursos-jornadas\/curso-bienestar-animal-en-el-transporte"]}]},{"@type":"ImageObject","inLanguage":"es","@id":"https:\/\/www.asajacyl.com\/segovia\/servicios-socio\/cursos-jornadas\/curso-bienestar-animal-en-el-transporte#primaryimage","url":"https:\/\/www.asajacyl.com\/segovia\/wp-content\/uploads\/sites\/8\/2022\/01\/foto-transporte-ganaddo.jpg","contentUrl":"https:\/\/www.asajacyl.com\/segovia\/wp-content\/uploads\/sites\/8\/2022\/01\/foto-transporte-ganaddo.jpg","width":1716,"height":1265,"caption":"PAM02. PAMPLONA, 13-06-06. Dos vacas, hoy, en un cami\u00f3n de transporte de ganado en Navarra, comunidad en la que se encuentra el matadero al que se tralad\u00f3 la res procedente de una explotaci\u00f3n de Covaleda (Soria), engordada durante dos meses en La Rioja, y en la que la Consejer\u00eda de Agricultura de esta \u00faltima comunidad ha detectado un caso de Encefalopat\u00eda Espongiforme Bovina (EEB). EFE\/VILLAR L\u00d3PEZ."},{"@type":"BreadcrumbList","@id":"https:\/\/www.asajacyl.com\/segovia\/servicios-socio\/cursos-jornadas\/curso-bienestar-animal-en-el-transporte#breadcrumb","itemListElement":[{"@type":"ListItem","position":1,"name":"Portada","item":"https:\/\/www.asajacyl.com\/segovia\/"},{"@type":"ListItem","position":2,"name":"CURSO BIENESTAR ANIMAL EN EL TRANSPORTE"}]},{"@type":"WebSite","@id":"https:\/\/www.asajacyl.com\/segovia\/#website","url":"https:\/\/www.asajacyl.com\/segovia\/","name":"ASAJA Segovia","description":"Otro sitio m\u00e1s de Provincias ASAJA Castilla y Le\u00f3n","potentialAction":[{"@type":"SearchAction","target":{"@type":"EntryPoint","urlTemplate":"https:\/\/www.asajacyl.com\/segovia\/?s={search_term_string}"},"query-input":{"@type":"PropertyValueSpecification","valueRequired":true,"valueName":"search_term_string"}}],"inLanguage":"es"},{"@type":"Person","@id":"https:\/\/www.asajacyl.com\/segovia\/#\/schema\/person\/f044fca5805bb46713e11715709aef4d","name":"Alicia","image":{"@type":"ImageObject","inLanguage":"es","@id":"https:\/\/www.asajacyl.com\/segovia\/#\/schema\/person\/image\/","url":"https:\/\/secure.gravatar.com\/avatar\/054cff43263e39aa6e74950dc4bb1690?s=96&d=mm&r=g","contentUrl":"https:\/\/secure.gravatar.com\/avatar\/054cff43263e39aa6e74950dc4bb1690?s=96&d=mm&r=g","caption":"Alicia"},"url":"https:\/\/www.asajacyl.com\/segovia\/author\/aliciasc"}]}},"_links":{"self":[{"href":"https:\/\/www.asajacyl.com\/segovia\/wp-json\/wp\/v2\/posts\/1510"}],"collection":[{"href":"https:\/\/www.asajacyl.com\/segovia\/wp-json\/wp\/v2\/posts"}],"about":[{"href":"https:\/\/www.asajacyl.com\/segovia\/wp-json\/wp\/v2\/types\/post"}],"author":[{"embeddable":true,"href":"https:\/\/www.asajacyl.com\/segovia\/wp-json\/wp\/v2\/users\/11"}],"replies":[{"embeddable":true,"href":"https:\/\/www.asajacyl.com\/segovia\/wp-json\/wp\/v2\/comments?post=1510"}],"version-history":[{"count":1,"href":"https:\/\/www.asajacyl.com\/segovia\/wp-json\/wp\/v2\/posts\/1510\/revisions"}],"predecessor-version":[{"id":1512,"href":"https:\/\/www.asajacyl.com\/segovia\/wp-json\/wp\/v2\/posts\/1510\/revisions\/1512"}],"wp:featuredmedia":[{"embeddable":true,"href":"https:\/\/www.asajacyl.com\/segovia\/wp-json\/wp\/v2\/media\/1511"}],"wp:attachment":[{"href":"https:\/\/www.asajacyl.com\/segovia\/wp-json\/wp\/v2\/media?parent=1510"}],"wp:term":[{"taxonomy":"category","embeddable":true,"href":"https:\/\/www.asajacyl.com\/segovia\/wp-json\/wp\/v2\/categories?post=1510"},{"taxonomy":"post_tag","embeddable":true,"href":"https:\/\/www.asajacyl.com\/segovia\/wp-json\/wp\/v2\/tags?post=1510"}],"curies":[{"name":"wp","href":"https:\/\/api.w.org\/{rel}","templated":true}]}}