{"id":1606,"date":"2023-11-23T09:48:55","date_gmt":"2023-11-23T08:48:55","guid":{"rendered":"https:\/\/www.asajacyl.com\/segovia\/?p=1606"},"modified":"2023-11-23T09:48:58","modified_gmt":"2023-11-23T08:48:58","slug":"jornada-nutricion-suelos-sostenible-2","status":"publish","type":"post","link":"https:\/\/www.asajacyl.com\/segovia\/asaja-segovia-informa\/jornada-nutricion-suelos-sostenible-2","title":{"rendered":"JORNADA NUTRICI\u00d3N SUELOS SOSTENIBLE"},"content":{"rendered":"\n<figure class=\"wp-block-image size-large\"><img loading=\"lazy\" decoding=\"async\" width=\"1024\" height=\"724\" src=\"https:\/\/www.asajacyl.com\/segovia\/wp-content\/uploads\/sites\/8\/2023\/11\/image-3-1024x724.jpg\" alt=\"\" class=\"wp-image-1609\" srcset=\"https:\/\/www.asajacyl.com\/segovia\/wp-content\/uploads\/sites\/8\/2023\/11\/image-3-1024x724.jpg 1024w, https:\/\/www.asajacyl.com\/segovia\/wp-content\/uploads\/sites\/8\/2023\/11\/image-3-300x212.jpg 300w, https:\/\/www.asajacyl.com\/segovia\/wp-content\/uploads\/sites\/8\/2023\/11\/image-3-768x543.jpg 768w, https:\/\/www.asajacyl.com\/segovia\/wp-content\/uploads\/sites\/8\/2023\/11\/image-3-1536x1086.jpg 1536w, https:\/\/www.asajacyl.com\/segovia\/wp-content\/uploads\/sites\/8\/2023\/11\/image-3-2048x1448.jpg 2048w, https:\/\/www.asajacyl.com\/segovia\/wp-content\/uploads\/sites\/8\/2023\/11\/image-3-696x492.jpg 696w, https:\/\/www.asajacyl.com\/segovia\/wp-content\/uploads\/sites\/8\/2023\/11\/image-3-1068x755.jpg 1068w, https:\/\/www.asajacyl.com\/segovia\/wp-content\/uploads\/sites\/8\/2023\/11\/image-3-1920x1358.jpg 1920w, https:\/\/www.asajacyl.com\/segovia\/wp-content\/uploads\/sites\/8\/2023\/11\/image-3-594x420.jpg 594w\" sizes=\"(max-width: 1024px) 100vw, 1024px\" \/><\/figure>\n\n\n\n<p><strong><u>JORNADA FORMATIVA<\/u><\/strong><\/p>\n\n\n\n<p><strong>\u201cJORNADA DE NUTRICI\u00d3N DE SUELOS SOSTENIBLE\u201d<\/strong><\/p>\n\n\n\n<p><strong>FECHA: 12-12-2023<\/strong><\/p>\n\n\n\n<p><strong>LUGAR: <u>CU\u00c9LLAR<\/u>&nbsp; <a><\/a><a><\/a><\/strong><\/p>\n\n\n\n<p><strong>(PALACIO PEDRO I. &nbsp;CALLE COLEGIO 9)<\/strong><strong><\/strong><\/p>\n\n\n\n<p><strong>DURACI\u00d3N<\/strong>: 4 HORAS, 1 D\u00cdA<\/p>\n\n\n\n<p><strong>HORARIO<\/strong>: DE 18,00 A 22,00 horas<\/p>\n\n\n\n<p><strong>DESTINATARIOS<\/strong>: agricultores, ganaderos y profesionales del sector agroalimentario y forestal, dando preferencia a los j\u00f3venes que se incorporen y a las mujeres.<\/p>\n\n\n\n<p><strong>DESCRIPCI\u00d3N DE LA ACCI\u00d3N FORMATIVA<\/strong>:<\/p>\n\n\n\n<p>La actividad formativa consiste en conocer las necesidades de nutrici\u00f3n de los suelos agrarios en funci\u00f3n de su utilizaci\u00f3n productiva y determinar el tipo de abonado sostenible que hay que realizar en el mismo; teniendo en cuenta si es zona vulnerable o no, si se utilizada abono org\u00e1nico o no y, en definitiva, si se est\u00e1n cumpliendo los requisitos de la normativa aplicable a esta actividad agraria. La finalidad de esta formaci\u00f3n debe ser dotar el alumno de un conocimiento m\u00ednimo para desarrollar el cuaderno de explotaci\u00f3n, sobre todo en lo que respecta a la hoja de abonado y al Plan de fertilizaci\u00f3n, en caso de ser necesario.<\/p>\n\n\n\n<p><strong>OBJETIVOS<\/strong>:<\/p>\n\n\n\n<p>&#8211; Conocer la legislaci\u00f3n sobre nutrici\u00f3n sostenible de suelos agrarios<\/p>\n\n\n\n<p>&#8211; Informar sobre las Zonas Vulnerables a la contaminaci\u00f3n de las aguas por nitratos en la provincia de Segovia.<\/p>\n\n\n\n<p>&#8211; Aplicar la Legislaci\u00f3n espec\u00edfica sobre zonas vulnerables para conocer y calcular la dosis de abono que se puede aplicar seg\u00fan el tipo de cultivo.<\/p>\n\n\n\n<p>&#8211; Relacionar el abonado org\u00e1nico y mineral de las fincas agr\u00edcolas con la normativa de la PAC al respecto y la realizaci\u00f3n del cuaderno de campo.<\/p>\n\n\n\n<p><strong>INSCRIPCIONES<\/strong>: Hasta el 12 de diciembre de 2023.<\/p>\n\n\n\n<p><strong>Inscripci\u00f3n gratuita en ASAJA SEGOVIA.<\/strong><\/p>\n\n\n\n<p><strong>Tel\u00e9fono: 921430657&nbsp; \/&nbsp;&nbsp; asajasegovia@asajasegovia.com<\/strong><\/p>\n\n\n\n<p>OPERACI\u00d3N COFINANCIADA POR LA UNION EUROPEA A TRAV\u00c9S DEL FEADER EN UN 55%<\/p>\n\n\n\n<p><strong>ORGANIZA E IMPARTE<\/strong>: <strong><u>ASAJA SEGOVIA<\/u><\/strong><\/p>\n\n\n\n<p>FINANCIAN:<\/p>\n\n\n\n<figure class=\"wp-block-image size-full is-resized\"><img loading=\"lazy\" decoding=\"async\" src=\"https:\/\/www.asajacyl.com\/segovia\/wp-content\/uploads\/sites\/8\/2023\/11\/image-2.png\" alt=\"\" class=\"wp-image-1608\" width=\"899\" height=\"188\" \/><\/figure>\n","protected":false},"excerpt":{"rendered":"<p>JORNADA FORMATIVA \u201cJORNADA DE NUTRICI\u00d3N DE SUELOS SOSTENIBLE\u201d FECHA: 12-12-2023 LUGAR: CU\u00c9LLAR&nbsp; (PALACIO PEDRO I. &nbsp;CALLE COLEGIO 9) DURACI\u00d3N: 4 HORAS, 1 D\u00cdA HORARIO: DE 18,00 A 22,00 horas DESTINATARIOS: agricultores, ganaderos y profesionales del sector agroalimentario y forestal, dando preferencia a los j\u00f3venes que se incorporen y a las mujeres. DESCRIPCI\u00d3N DE LA ACCI\u00d3N [&hellip;]<\/p>\n","protected":false},"author":11,"featured_media":708,"comment_status":"open","ping_status":"open","sticky":false,"template":"","format":"standard","meta":{"footnotes":""},"categories":[10,37,9],"tags":[],"yoast_head":"<!-- This site is optimized with the Yoast SEO plugin v24.5 - https:\/\/yoast.com\/wordpress\/plugins\/seo\/ -->\n<title>JORNADA NUTRICI\u00d3N SUELOS SOSTENIBLE - ASAJA Segovia<\/title>\n<meta name=\"description\" content=\"JORNADA FORMATIVA \u201cJORNADA DE NUTRICI\u00d3N DE SUELOS SOSTENIBLE\u201d FECHA: 12-12-2023 LUGAR: CU\u00c9LLAR&nbsp; (PALACIO PEDRO I. &nbsp;CALLE COLEGIO 9) DURACI\u00d3N: 4\" \/>\n<meta name=\"robots\" content=\"index, follow, max-snippet:-1, max-image-preview:large, max-video-preview:-1\" \/>\n<link rel=\"canonical\" href=\"https:\/\/www.asajacyl.com\/segovia\/asaja-segovia-informa\/jornada-nutricion-suelos-sostenible-2\" \/>\n<meta property=\"og:locale\" content=\"es_ES\" \/>\n<meta property=\"og:type\" content=\"article\" \/>\n<meta property=\"og:title\" content=\"JORNADA NUTRICI\u00d3N SUELOS SOSTENIBLE - ASAJA Segovia\" \/>\n<meta property=\"og:description\" content=\"JORNADA FORMATIVA \u201cJORNADA DE NUTRICI\u00d3N DE SUELOS SOSTENIBLE\u201d FECHA: 12-12-2023 LUGAR: CU\u00c9LLAR&nbsp; (PALACIO PEDRO I. &nbsp;CALLE COLEGIO 9) DURACI\u00d3N: 4\" \/>\n<meta property=\"og:url\" content=\"https:\/\/www.asajacyl.com\/segovia\/asaja-segovia-informa\/jornada-nutricion-suelos-sostenible-2\" \/>\n<meta property=\"og:site_name\" content=\"ASAJA Segovia\" \/>\n<meta property=\"article:published_time\" content=\"2023-11-23T08:48:55+00:00\" \/>\n<meta property=\"article:modified_time\" content=\"2023-11-23T08:48:58+00:00\" \/>\n<meta property=\"og:image\" content=\"https:\/\/www.asajacyl.com\/segovia\/wp-content\/uploads\/sites\/8\/2023\/11\/image-3-1024x724.jpg\" \/>\n<meta name=\"author\" content=\"Alicia\" \/>\n<meta name=\"twitter:card\" content=\"summary_large_image\" \/>\n<meta name=\"twitter:label1\" content=\"Escrito por\" \/>\n\t<meta name=\"twitter:data1\" content=\"Alicia\" \/>\n\t<meta name=\"twitter:label2\" content=\"Tiempo de lectura\" \/>\n\t<meta name=\"twitter:data2\" content=\"2 minutos\" \/>\n<script type=\"application\/ld+json\" class=\"yoast-schema-graph\">{\"@context\":\"https:\/\/schema.org\",\"@graph\":[{\"@type\":\"WebPage\",\"@id\":\"https:\/\/www.asajacyl.com\/segovia\/asaja-segovia-informa\/jornada-nutricion-suelos-sostenible-2\",\"url\":\"https:\/\/www.asajacyl.com\/segovia\/asaja-segovia-informa\/jornada-nutricion-suelos-sostenible-2\",\"name\":\"JORNADA NUTRICI\u00d3N SUELOS SOSTENIBLE - ASAJA Segovia\",\"isPartOf\":{\"@id\":\"https:\/\/www.asajacyl.com\/segovia\/#website\"},\"primaryImageOfPage\":{\"@id\":\"https:\/\/www.asajacyl.com\/segovia\/asaja-segovia-informa\/jornada-nutricion-suelos-sostenible-2#primaryimage\"},\"image\":{\"@id\":\"https:\/\/www.asajacyl.com\/segovia\/asaja-segovia-informa\/jornada-nutricion-suelos-sostenible-2#primaryimage\"},\"thumbnailUrl\":\"https:\/\/www.asajacyl.com\/segovia\/wp-content\/uploads\/sites\/8\/2017\/11\/im_predefinida_1920x1080.jpg\",\"datePublished\":\"2023-11-23T08:48:55+00:00\",\"dateModified\":\"2023-11-23T08:48:58+00:00\",\"author\":{\"@id\":\"https:\/\/www.asajacyl.com\/segovia\/#\/schema\/person\/f044fca5805bb46713e11715709aef4d\"},\"description\":\"JORNADA FORMATIVA \u201cJORNADA DE NUTRICI\u00d3N DE SUELOS SOSTENIBLE\u201d FECHA: 12-12-2023 LUGAR: CU\u00c9LLAR&nbsp; (PALACIO PEDRO I. &nbsp;CALLE COLEGIO 9) DURACI\u00d3N: 4\",\"breadcrumb\":{\"@id\":\"https:\/\/www.asajacyl.com\/segovia\/asaja-segovia-informa\/jornada-nutricion-suelos-sostenible-2#breadcrumb\"},\"inLanguage\":\"es\",\"potentialAction\":[{\"@type\":\"ReadAction\",\"target\":[\"https:\/\/www.asajacyl.com\/segovia\/asaja-segovia-informa\/jornada-nutricion-suelos-sostenible-2\"]}]},{\"@type\":\"ImageObject\",\"inLanguage\":\"es\",\"@id\":\"https:\/\/www.asajacyl.com\/segovia\/asaja-segovia-informa\/jornada-nutricion-suelos-sostenible-2#primaryimage\",\"url\":\"https:\/\/www.asajacyl.com\/segovia\/wp-content\/uploads\/sites\/8\/2017\/11\/im_predefinida_1920x1080.jpg\",\"contentUrl\":\"https:\/\/www.asajacyl.com\/segovia\/wp-content\/uploads\/sites\/8\/2017\/11\/im_predefinida_1920x1080.jpg\",\"width\":1920,\"height\":1080,\"caption\":\"Logotipo ASAJA Segovia\"},{\"@type\":\"BreadcrumbList\",\"@id\":\"https:\/\/www.asajacyl.com\/segovia\/asaja-segovia-informa\/jornada-nutricion-suelos-sostenible-2#breadcrumb\",\"itemListElement\":[{\"@type\":\"ListItem\",\"position\":1,\"name\":\"Portada\",\"item\":\"https:\/\/www.asajacyl.com\/segovia\/\"},{\"@type\":\"ListItem\",\"position\":2,\"name\":\"JORNADA NUTRICI\u00d3N SUELOS SOSTENIBLE\"}]},{\"@type\":\"WebSite\",\"@id\":\"https:\/\/www.asajacyl.com\/segovia\/#website\",\"url\":\"https:\/\/www.asajacyl.com\/segovia\/\",\"name\":\"ASAJA Segovia\",\"description\":\"Otro sitio m\u00e1s de Provincias ASAJA Castilla y Le\u00f3n\",\"potentialAction\":[{\"@type\":\"SearchAction\",\"target\":{\"@type\":\"EntryPoint\",\"urlTemplate\":\"https:\/\/www.asajacyl.com\/segovia\/?s={search_term_string}\"},\"query-input\":{\"@type\":\"PropertyValueSpecification\",\"valueRequired\":true,\"valueName\":\"search_term_string\"}}],\"inLanguage\":\"es\"},{\"@type\":\"Person\",\"@id\":\"https:\/\/www.asajacyl.com\/segovia\/#\/schema\/person\/f044fca5805bb46713e11715709aef4d\",\"name\":\"Alicia\",\"image\":{\"@type\":\"ImageObject\",\"inLanguage\":\"es\",\"@id\":\"https:\/\/www.asajacyl.com\/segovia\/#\/schema\/person\/image\/\",\"url\":\"https:\/\/secure.gravatar.com\/avatar\/054cff43263e39aa6e74950dc4bb1690?s=96&d=mm&r=g\",\"contentUrl\":\"https:\/\/secure.gravatar.com\/avatar\/054cff43263e39aa6e74950dc4bb1690?s=96&d=mm&r=g\",\"caption\":\"Alicia\"},\"url\":\"https:\/\/www.asajacyl.com\/segovia\/author\/aliciasc\"}]}<\/script>\n<!-- \/ Yoast SEO plugin. -->","yoast_head_json":{"title":"JORNADA NUTRICI\u00d3N SUELOS SOSTENIBLE - ASAJA Segovia","description":"JORNADA FORMATIVA \u201cJORNADA DE NUTRICI\u00d3N DE SUELOS SOSTENIBLE\u201d FECHA: 12-12-2023 LUGAR: CU\u00c9LLAR&nbsp; (PALACIO PEDRO I. &nbsp;CALLE COLEGIO 9) DURACI\u00d3N: 4","robots":{"index":"index","follow":"follow","max-snippet":"max-snippet:-1","max-image-preview":"max-image-preview:large","max-video-preview":"max-video-preview:-1"},"canonical":"https:\/\/www.asajacyl.com\/segovia\/asaja-segovia-informa\/jornada-nutricion-suelos-sostenible-2","og_locale":"es_ES","og_type":"article","og_title":"JORNADA NUTRICI\u00d3N SUELOS SOSTENIBLE - ASAJA Segovia","og_description":"JORNADA FORMATIVA \u201cJORNADA DE NUTRICI\u00d3N DE SUELOS SOSTENIBLE\u201d FECHA: 12-12-2023 LUGAR: CU\u00c9LLAR&nbsp; (PALACIO PEDRO I. &nbsp;CALLE COLEGIO 9) DURACI\u00d3N: 4","og_url":"https:\/\/www.asajacyl.com\/segovia\/asaja-segovia-informa\/jornada-nutricion-suelos-sostenible-2","og_site_name":"ASAJA Segovia","article_published_time":"2023-11-23T08:48:55+00:00","article_modified_time":"2023-11-23T08:48:58+00:00","og_image":[{"url":"https:\/\/www.asajacyl.com\/segovia\/wp-content\/uploads\/sites\/8\/2023\/11\/image-3-1024x724.jpg","type":"","width":"","height":""}],"author":"Alicia","twitter_card":"summary_large_image","twitter_misc":{"Escrito por":"Alicia","Tiempo de lectura":"2 minutos"},"schema":{"@context":"https:\/\/schema.org","@graph":[{"@type":"WebPage","@id":"https:\/\/www.asajacyl.com\/segovia\/asaja-segovia-informa\/jornada-nutricion-suelos-sostenible-2","url":"https:\/\/www.asajacyl.com\/segovia\/asaja-segovia-informa\/jornada-nutricion-suelos-sostenible-2","name":"JORNADA NUTRICI\u00d3N SUELOS SOSTENIBLE - ASAJA Segovia","isPartOf":{"@id":"https:\/\/www.asajacyl.com\/segovia\/#website"},"primaryImageOfPage":{"@id":"https:\/\/www.asajacyl.com\/segovia\/asaja-segovia-informa\/jornada-nutricion-suelos-sostenible-2#primaryimage"},"image":{"@id":"https:\/\/www.asajacyl.com\/segovia\/asaja-segovia-informa\/jornada-nutricion-suelos-sostenible-2#primaryimage"},"thumbnailUrl":"https:\/\/www.asajacyl.com\/segovia\/wp-content\/uploads\/sites\/8\/2017\/11\/im_predefinida_1920x1080.jpg","datePublished":"2023-11-23T08:48:55+00:00","dateModified":"2023-11-23T08:48:58+00:00","author":{"@id":"https:\/\/www.asajacyl.com\/segovia\/#\/schema\/person\/f044fca5805bb46713e11715709aef4d"},"description":"JORNADA FORMATIVA \u201cJORNADA DE NUTRICI\u00d3N DE SUELOS SOSTENIBLE\u201d FECHA: 12-12-2023 LUGAR: CU\u00c9LLAR&nbsp; (PALACIO PEDRO I. &nbsp;CALLE COLEGIO 9) DURACI\u00d3N: 4","breadcrumb":{"@id":"https:\/\/www.asajacyl.com\/segovia\/asaja-segovia-informa\/jornada-nutricion-suelos-sostenible-2#breadcrumb"},"inLanguage":"es","potentialAction":[{"@type":"ReadAction","target":["https:\/\/www.asajacyl.com\/segovia\/asaja-segovia-informa\/jornada-nutricion-suelos-sostenible-2"]}]},{"@type":"ImageObject","inLanguage":"es","@id":"https:\/\/www.asajacyl.com\/segovia\/asaja-segovia-informa\/jornada-nutricion-suelos-sostenible-2#primaryimage","url":"https:\/\/www.asajacyl.com\/segovia\/wp-content\/uploads\/sites\/8\/2017\/11\/im_predefinida_1920x1080.jpg","contentUrl":"https:\/\/www.asajacyl.com\/segovia\/wp-content\/uploads\/sites\/8\/2017\/11\/im_predefinida_1920x1080.jpg","width":1920,"height":1080,"caption":"Logotipo ASAJA Segovia"},{"@type":"BreadcrumbList","@id":"https:\/\/www.asajacyl.com\/segovia\/asaja-segovia-informa\/jornada-nutricion-suelos-sostenible-2#breadcrumb","itemListElement":[{"@type":"ListItem","position":1,"name":"Portada","item":"https:\/\/www.asajacyl.com\/segovia\/"},{"@type":"ListItem","position":2,"name":"JORNADA NUTRICI\u00d3N SUELOS SOSTENIBLE"}]},{"@type":"WebSite","@id":"https:\/\/www.asajacyl.com\/segovia\/#website","url":"https:\/\/www.asajacyl.com\/segovia\/","name":"ASAJA Segovia","description":"Otro sitio m\u00e1s de Provincias ASAJA Castilla y Le\u00f3n","potentialAction":[{"@type":"SearchAction","target":{"@type":"EntryPoint","urlTemplate":"https:\/\/www.asajacyl.com\/segovia\/?s={search_term_string}"},"query-input":{"@type":"PropertyValueSpecification","valueRequired":true,"valueName":"search_term_string"}}],"inLanguage":"es"},{"@type":"Person","@id":"https:\/\/www.asajacyl.com\/segovia\/#\/schema\/person\/f044fca5805bb46713e11715709aef4d","name":"Alicia","image":{"@type":"ImageObject","inLanguage":"es","@id":"https:\/\/www.asajacyl.com\/segovia\/#\/schema\/person\/image\/","url":"https:\/\/secure.gravatar.com\/avatar\/054cff43263e39aa6e74950dc4bb1690?s=96&d=mm&r=g","contentUrl":"https:\/\/secure.gravatar.com\/avatar\/054cff43263e39aa6e74950dc4bb1690?s=96&d=mm&r=g","caption":"Alicia"},"url":"https:\/\/www.asajacyl.com\/segovia\/author\/aliciasc"}]}},"_links":{"self":[{"href":"https:\/\/www.asajacyl.com\/segovia\/wp-json\/wp\/v2\/posts\/1606"}],"collection":[{"href":"https:\/\/www.asajacyl.com\/segovia\/wp-json\/wp\/v2\/posts"}],"about":[{"href":"https:\/\/www.asajacyl.com\/segovia\/wp-json\/wp\/v2\/types\/post"}],"author":[{"embeddable":true,"href":"https:\/\/www.asajacyl.com\/segovia\/wp-json\/wp\/v2\/users\/11"}],"replies":[{"embeddable":true,"href":"https:\/\/www.asajacyl.com\/segovia\/wp-json\/wp\/v2\/comments?post=1606"}],"version-history":[{"count":1,"href":"https:\/\/www.asajacyl.com\/segovia\/wp-json\/wp\/v2\/posts\/1606\/revisions"}],"predecessor-version":[{"id":1610,"href":"https:\/\/www.asajacyl.com\/segovia\/wp-json\/wp\/v2\/posts\/1606\/revisions\/1610"}],"wp:featuredmedia":[{"embeddable":true,"href":"https:\/\/www.asajacyl.com\/segovia\/wp-json\/wp\/v2\/media\/708"}],"wp:attachment":[{"href":"https:\/\/www.asajacyl.com\/segovia\/wp-json\/wp\/v2\/media?parent=1606"}],"wp:term":[{"taxonomy":"category","embeddable":true,"href":"https:\/\/www.asajacyl.com\/segovia\/wp-json\/wp\/v2\/categories?post=1606"},{"taxonomy":"post_tag","embeddable":true,"href":"https:\/\/www.asajacyl.com\/segovia\/wp-json\/wp\/v2\/tags?post=1606"}],"curies":[{"name":"wp","href":"https:\/\/api.w.org\/{rel}","templated":true}]}}