{"id":1637,"date":"2024-02-16T14:26:57","date_gmt":"2024-02-16T13:26:57","guid":{"rendered":"https:\/\/www.asajacyl.com\/segovia\/?p=1637"},"modified":"2024-02-16T14:26:59","modified_gmt":"2024-02-16T13:26:59","slug":"asaja-segovia-considera-que-se-ha-iniciado-el-proceso-para-la-mejora-de-la-situacion-de-nuestro-sector","status":"publish","type":"post","link":"https:\/\/www.asajacyl.com\/segovia\/asaja-segovia-informa\/asaja-segovia-considera-que-se-ha-iniciado-el-proceso-para-la-mejora-de-la-situacion-de-nuestro-sector","title":{"rendered":"ASAJA Segovia considera que se ha iniciado el proceso para la mejora de la situaci\u00f3n de nuestro sector."},"content":{"rendered":"\n<p><strong>El Ministerio de Agricultura se ha reunido con ASAJA, COAG y UPA, para abordar las demandas del sector. El camino va a ser largo y se deben de empezar abrir todos los temas que est\u00e1n sobre la mesa, que perjudican de forma directa a nuestro sector.<\/strong><\/p>\n\n\n\n<p>En la reuni\u00f3n celebrada ayer con las OPAs, se inici\u00f3 el proceso para ir trabajando en la mejora de la normativa que afecta a nuestro sector. Se trataron temas muy importantes relacionados con:<\/p>\n\n\n\n<ul>\n<li>Las flexibilidades de la PAC, principalmente de la condicionalidad de la PAC: derogaci\u00f3n de la rotaci\u00f3n de cultivos, eliminaci\u00f3n se superficie no productiva en regad\u00edos y permitir en laboreo despu\u00e9s de la cosecha.<\/li>\n\n\n\n<li>Ley de la cadena alimentaria: Est\u00e1 claro que si no existe voluntad pol\u00edtica clara para aplicarla de forma contundente, seguir\u00e1 siendo un canto al sol.<\/li>\n\n\n\n<li>Hay que incidir de forma valiente en que los pa\u00edses terceros deben de producir con las mismas herramientas que nosotros.<\/li>\n\n\n\n<li>Mejora en el sistema de Seguros Agrarios.<\/li>\n\n\n\n<li>Mantenimiento del gas\u00f3leo agr\u00edcola y mejora el sistema de gesti\u00f3n.<\/li>\n\n\n\n<li>No ser\u00e1 obligatorio el Cuadernos de Campo Digital.<\/li>\n<\/ul>\n\n\n\n<p>Se quedaron muchos temas de vital importancia sin tratar, pero ya estamos insistiendo&nbsp; que hay que abordarlos de forma r\u00e1pida y contundente porque perjudican gravemente nuestra actividad.<\/p>\n\n\n\n<p>Los temas de lo que no se habl\u00f3 y son de vital importancia y sobre los que ya estamos incidiendo son: normativa de bienestar animal y producci\u00f3n ganadera, normativa medioambiental, abonado org\u00e1nico, saneamiento y movimientos ganaderos, concesi\u00f3n de captaciones de agua, fauna salvaje y aranceles a productos for\u00e1neos.<\/p>\n\n\n\n<p>Hemos echado en falta todo este tipo de temas, las mejoras fiscales y ayudas directas destinas al sector justificadas por los altos costes de producci\u00f3n.<\/p>\n\n\n\n<p>Para la mejora de nuestro sector se deben implicar m\u00e1s Ministerios como son: el de Transici\u00f3n ecol\u00f3gica, Hacienda y Seguridad Social.<\/p>\n\n\n\n<p>En lo que no veamos implicaci\u00f3n total del Gobierno en su conjunto no pararemos las movilizaciones y no nos cansaremos de protestar. Seguiremos luchando por la LIBERTAD y RENTABILIDAD DE NUESTROS SECTOR.<\/p>\n","protected":false},"excerpt":{"rendered":"<p>El Ministerio de Agricultura se ha reunido con ASAJA, COAG y UPA, para abordar las demandas del sector. El camino va a ser largo y se deben de empezar abrir todos los temas que est\u00e1n sobre la mesa, que perjudican de forma directa a nuestro sector. En la reuni\u00f3n celebrada ayer con las OPAs, se [&hellip;]<\/p>\n","protected":false},"author":11,"featured_media":1635,"comment_status":"open","ping_status":"open","sticky":false,"template":"","format":"standard","meta":{"footnotes":""},"categories":[10,27,26],"tags":[],"yoast_head":"<!-- This site is optimized with the Yoast SEO plugin v24.5 - https:\/\/yoast.com\/wordpress\/plugins\/seo\/ -->\n<title>ASAJA Segovia considera que se ha iniciado el proceso para la mejora de la situaci\u00f3n de nuestro sector. - ASAJA Segovia<\/title>\n<meta name=\"description\" content=\"El Ministerio de Agricultura se ha reunido con ASAJA, COAG y UPA, para abordar las demandas del sector. El camino va a ser largo y se deben de empezar\" \/>\n<meta name=\"robots\" content=\"index, follow, max-snippet:-1, max-image-preview:large, max-video-preview:-1\" \/>\n<link rel=\"canonical\" href=\"https:\/\/www.asajacyl.com\/segovia\/asaja-segovia-informa\/asaja-segovia-considera-que-se-ha-iniciado-el-proceso-para-la-mejora-de-la-situacion-de-nuestro-sector\" \/>\n<meta property=\"og:locale\" content=\"es_ES\" \/>\n<meta property=\"og:type\" content=\"article\" \/>\n<meta property=\"og:title\" content=\"ASAJA Segovia considera que se ha iniciado el proceso para la mejora de la situaci\u00f3n de nuestro sector. - ASAJA Segovia\" \/>\n<meta property=\"og:description\" content=\"El Ministerio de Agricultura se ha reunido con ASAJA, COAG y UPA, para abordar las demandas del sector. El camino va a ser largo y se deben de empezar\" \/>\n<meta property=\"og:url\" content=\"https:\/\/www.asajacyl.com\/segovia\/asaja-segovia-informa\/asaja-segovia-considera-que-se-ha-iniciado-el-proceso-para-la-mejora-de-la-situacion-de-nuestro-sector\" \/>\n<meta property=\"og:site_name\" content=\"ASAJA Segovia\" \/>\n<meta property=\"article:published_time\" content=\"2024-02-16T13:26:57+00:00\" \/>\n<meta property=\"article:modified_time\" content=\"2024-02-16T13:26:59+00:00\" \/>\n<meta property=\"og:image\" content=\"https:\/\/www.asajacyl.com\/segovia\/wp-content\/uploads\/sites\/8\/2024\/02\/LOGO-ASAJA-SEGOVIA-BANDERA.jpg\" \/>\n\t<meta property=\"og:image:width\" content=\"616\" \/>\n\t<meta property=\"og:image:height\" content=\"246\" \/>\n\t<meta property=\"og:image:type\" content=\"image\/jpeg\" \/>\n<meta name=\"author\" content=\"Alicia\" \/>\n<meta name=\"twitter:card\" content=\"summary_large_image\" \/>\n<meta name=\"twitter:label1\" content=\"Escrito por\" \/>\n\t<meta name=\"twitter:data1\" content=\"Alicia\" \/>\n\t<meta name=\"twitter:label2\" content=\"Tiempo de lectura\" \/>\n\t<meta name=\"twitter:data2\" content=\"2 minutos\" \/>\n<script type=\"application\/ld+json\" class=\"yoast-schema-graph\">{\"@context\":\"https:\/\/schema.org\",\"@graph\":[{\"@type\":\"WebPage\",\"@id\":\"https:\/\/www.asajacyl.com\/segovia\/asaja-segovia-informa\/asaja-segovia-considera-que-se-ha-iniciado-el-proceso-para-la-mejora-de-la-situacion-de-nuestro-sector\",\"url\":\"https:\/\/www.asajacyl.com\/segovia\/asaja-segovia-informa\/asaja-segovia-considera-que-se-ha-iniciado-el-proceso-para-la-mejora-de-la-situacion-de-nuestro-sector\",\"name\":\"ASAJA Segovia considera que se ha iniciado el proceso para la mejora de la situaci\u00f3n de nuestro sector. - ASAJA Segovia\",\"isPartOf\":{\"@id\":\"https:\/\/www.asajacyl.com\/segovia\/#website\"},\"primaryImageOfPage\":{\"@id\":\"https:\/\/www.asajacyl.com\/segovia\/asaja-segovia-informa\/asaja-segovia-considera-que-se-ha-iniciado-el-proceso-para-la-mejora-de-la-situacion-de-nuestro-sector#primaryimage\"},\"image\":{\"@id\":\"https:\/\/www.asajacyl.com\/segovia\/asaja-segovia-informa\/asaja-segovia-considera-que-se-ha-iniciado-el-proceso-para-la-mejora-de-la-situacion-de-nuestro-sector#primaryimage\"},\"thumbnailUrl\":\"https:\/\/www.asajacyl.com\/segovia\/wp-content\/uploads\/sites\/8\/2024\/02\/LOGO-ASAJA-SEGOVIA-BANDERA.jpg\",\"datePublished\":\"2024-02-16T13:26:57+00:00\",\"dateModified\":\"2024-02-16T13:26:59+00:00\",\"author\":{\"@id\":\"https:\/\/www.asajacyl.com\/segovia\/#\/schema\/person\/f044fca5805bb46713e11715709aef4d\"},\"description\":\"El Ministerio de Agricultura se ha reunido con ASAJA, COAG y UPA, para abordar las demandas del sector. El camino va a ser largo y se deben de empezar\",\"breadcrumb\":{\"@id\":\"https:\/\/www.asajacyl.com\/segovia\/asaja-segovia-informa\/asaja-segovia-considera-que-se-ha-iniciado-el-proceso-para-la-mejora-de-la-situacion-de-nuestro-sector#breadcrumb\"},\"inLanguage\":\"es\",\"potentialAction\":[{\"@type\":\"ReadAction\",\"target\":[\"https:\/\/www.asajacyl.com\/segovia\/asaja-segovia-informa\/asaja-segovia-considera-que-se-ha-iniciado-el-proceso-para-la-mejora-de-la-situacion-de-nuestro-sector\"]}]},{\"@type\":\"ImageObject\",\"inLanguage\":\"es\",\"@id\":\"https:\/\/www.asajacyl.com\/segovia\/asaja-segovia-informa\/asaja-segovia-considera-que-se-ha-iniciado-el-proceso-para-la-mejora-de-la-situacion-de-nuestro-sector#primaryimage\",\"url\":\"https:\/\/www.asajacyl.com\/segovia\/wp-content\/uploads\/sites\/8\/2024\/02\/LOGO-ASAJA-SEGOVIA-BANDERA.jpg\",\"contentUrl\":\"https:\/\/www.asajacyl.com\/segovia\/wp-content\/uploads\/sites\/8\/2024\/02\/LOGO-ASAJA-SEGOVIA-BANDERA.jpg\",\"width\":616,\"height\":246},{\"@type\":\"BreadcrumbList\",\"@id\":\"https:\/\/www.asajacyl.com\/segovia\/asaja-segovia-informa\/asaja-segovia-considera-que-se-ha-iniciado-el-proceso-para-la-mejora-de-la-situacion-de-nuestro-sector#breadcrumb\",\"itemListElement\":[{\"@type\":\"ListItem\",\"position\":1,\"name\":\"Portada\",\"item\":\"https:\/\/www.asajacyl.com\/segovia\/\"},{\"@type\":\"ListItem\",\"position\":2,\"name\":\"ASAJA Segovia considera que se ha iniciado el proceso para la mejora de la situaci\u00f3n de nuestro sector.\"}]},{\"@type\":\"WebSite\",\"@id\":\"https:\/\/www.asajacyl.com\/segovia\/#website\",\"url\":\"https:\/\/www.asajacyl.com\/segovia\/\",\"name\":\"ASAJA Segovia\",\"description\":\"Otro sitio m\u00e1s de Provincias ASAJA Castilla y Le\u00f3n\",\"potentialAction\":[{\"@type\":\"SearchAction\",\"target\":{\"@type\":\"EntryPoint\",\"urlTemplate\":\"https:\/\/www.asajacyl.com\/segovia\/?s={search_term_string}\"},\"query-input\":{\"@type\":\"PropertyValueSpecification\",\"valueRequired\":true,\"valueName\":\"search_term_string\"}}],\"inLanguage\":\"es\"},{\"@type\":\"Person\",\"@id\":\"https:\/\/www.asajacyl.com\/segovia\/#\/schema\/person\/f044fca5805bb46713e11715709aef4d\",\"name\":\"Alicia\",\"image\":{\"@type\":\"ImageObject\",\"inLanguage\":\"es\",\"@id\":\"https:\/\/www.asajacyl.com\/segovia\/#\/schema\/person\/image\/\",\"url\":\"https:\/\/secure.gravatar.com\/avatar\/054cff43263e39aa6e74950dc4bb1690?s=96&d=mm&r=g\",\"contentUrl\":\"https:\/\/secure.gravatar.com\/avatar\/054cff43263e39aa6e74950dc4bb1690?s=96&d=mm&r=g\",\"caption\":\"Alicia\"},\"url\":\"https:\/\/www.asajacyl.com\/segovia\/author\/aliciasc\"}]}<\/script>\n<!-- \/ Yoast SEO plugin. -->","yoast_head_json":{"title":"ASAJA Segovia considera que se ha iniciado el proceso para la mejora de la situaci\u00f3n de nuestro sector. - ASAJA Segovia","description":"El Ministerio de Agricultura se ha reunido con ASAJA, COAG y UPA, para abordar las demandas del sector. El camino va a ser largo y se deben de empezar","robots":{"index":"index","follow":"follow","max-snippet":"max-snippet:-1","max-image-preview":"max-image-preview:large","max-video-preview":"max-video-preview:-1"},"canonical":"https:\/\/www.asajacyl.com\/segovia\/asaja-segovia-informa\/asaja-segovia-considera-que-se-ha-iniciado-el-proceso-para-la-mejora-de-la-situacion-de-nuestro-sector","og_locale":"es_ES","og_type":"article","og_title":"ASAJA Segovia considera que se ha iniciado el proceso para la mejora de la situaci\u00f3n de nuestro sector. - ASAJA Segovia","og_description":"El Ministerio de Agricultura se ha reunido con ASAJA, COAG y UPA, para abordar las demandas del sector. El camino va a ser largo y se deben de empezar","og_url":"https:\/\/www.asajacyl.com\/segovia\/asaja-segovia-informa\/asaja-segovia-considera-que-se-ha-iniciado-el-proceso-para-la-mejora-de-la-situacion-de-nuestro-sector","og_site_name":"ASAJA Segovia","article_published_time":"2024-02-16T13:26:57+00:00","article_modified_time":"2024-02-16T13:26:59+00:00","og_image":[{"width":616,"height":246,"url":"https:\/\/www.asajacyl.com\/segovia\/wp-content\/uploads\/sites\/8\/2024\/02\/LOGO-ASAJA-SEGOVIA-BANDERA.jpg","type":"image\/jpeg"}],"author":"Alicia","twitter_card":"summary_large_image","twitter_misc":{"Escrito por":"Alicia","Tiempo de lectura":"2 minutos"},"schema":{"@context":"https:\/\/schema.org","@graph":[{"@type":"WebPage","@id":"https:\/\/www.asajacyl.com\/segovia\/asaja-segovia-informa\/asaja-segovia-considera-que-se-ha-iniciado-el-proceso-para-la-mejora-de-la-situacion-de-nuestro-sector","url":"https:\/\/www.asajacyl.com\/segovia\/asaja-segovia-informa\/asaja-segovia-considera-que-se-ha-iniciado-el-proceso-para-la-mejora-de-la-situacion-de-nuestro-sector","name":"ASAJA Segovia considera que se ha iniciado el proceso para la mejora de la situaci\u00f3n de nuestro sector. - ASAJA Segovia","isPartOf":{"@id":"https:\/\/www.asajacyl.com\/segovia\/#website"},"primaryImageOfPage":{"@id":"https:\/\/www.asajacyl.com\/segovia\/asaja-segovia-informa\/asaja-segovia-considera-que-se-ha-iniciado-el-proceso-para-la-mejora-de-la-situacion-de-nuestro-sector#primaryimage"},"image":{"@id":"https:\/\/www.asajacyl.com\/segovia\/asaja-segovia-informa\/asaja-segovia-considera-que-se-ha-iniciado-el-proceso-para-la-mejora-de-la-situacion-de-nuestro-sector#primaryimage"},"thumbnailUrl":"https:\/\/www.asajacyl.com\/segovia\/wp-content\/uploads\/sites\/8\/2024\/02\/LOGO-ASAJA-SEGOVIA-BANDERA.jpg","datePublished":"2024-02-16T13:26:57+00:00","dateModified":"2024-02-16T13:26:59+00:00","author":{"@id":"https:\/\/www.asajacyl.com\/segovia\/#\/schema\/person\/f044fca5805bb46713e11715709aef4d"},"description":"El Ministerio de Agricultura se ha reunido con ASAJA, COAG y UPA, para abordar las demandas del sector. El camino va a ser largo y se deben de empezar","breadcrumb":{"@id":"https:\/\/www.asajacyl.com\/segovia\/asaja-segovia-informa\/asaja-segovia-considera-que-se-ha-iniciado-el-proceso-para-la-mejora-de-la-situacion-de-nuestro-sector#breadcrumb"},"inLanguage":"es","potentialAction":[{"@type":"ReadAction","target":["https:\/\/www.asajacyl.com\/segovia\/asaja-segovia-informa\/asaja-segovia-considera-que-se-ha-iniciado-el-proceso-para-la-mejora-de-la-situacion-de-nuestro-sector"]}]},{"@type":"ImageObject","inLanguage":"es","@id":"https:\/\/www.asajacyl.com\/segovia\/asaja-segovia-informa\/asaja-segovia-considera-que-se-ha-iniciado-el-proceso-para-la-mejora-de-la-situacion-de-nuestro-sector#primaryimage","url":"https:\/\/www.asajacyl.com\/segovia\/wp-content\/uploads\/sites\/8\/2024\/02\/LOGO-ASAJA-SEGOVIA-BANDERA.jpg","contentUrl":"https:\/\/www.asajacyl.com\/segovia\/wp-content\/uploads\/sites\/8\/2024\/02\/LOGO-ASAJA-SEGOVIA-BANDERA.jpg","width":616,"height":246},{"@type":"BreadcrumbList","@id":"https:\/\/www.asajacyl.com\/segovia\/asaja-segovia-informa\/asaja-segovia-considera-que-se-ha-iniciado-el-proceso-para-la-mejora-de-la-situacion-de-nuestro-sector#breadcrumb","itemListElement":[{"@type":"ListItem","position":1,"name":"Portada","item":"https:\/\/www.asajacyl.com\/segovia\/"},{"@type":"ListItem","position":2,"name":"ASAJA Segovia considera que se ha iniciado el proceso para la mejora de la situaci\u00f3n de nuestro sector."}]},{"@type":"WebSite","@id":"https:\/\/www.asajacyl.com\/segovia\/#website","url":"https:\/\/www.asajacyl.com\/segovia\/","name":"ASAJA Segovia","description":"Otro sitio m\u00e1s de Provincias ASAJA Castilla y Le\u00f3n","potentialAction":[{"@type":"SearchAction","target":{"@type":"EntryPoint","urlTemplate":"https:\/\/www.asajacyl.com\/segovia\/?s={search_term_string}"},"query-input":{"@type":"PropertyValueSpecification","valueRequired":true,"valueName":"search_term_string"}}],"inLanguage":"es"},{"@type":"Person","@id":"https:\/\/www.asajacyl.com\/segovia\/#\/schema\/person\/f044fca5805bb46713e11715709aef4d","name":"Alicia","image":{"@type":"ImageObject","inLanguage":"es","@id":"https:\/\/www.asajacyl.com\/segovia\/#\/schema\/person\/image\/","url":"https:\/\/secure.gravatar.com\/avatar\/054cff43263e39aa6e74950dc4bb1690?s=96&d=mm&r=g","contentUrl":"https:\/\/secure.gravatar.com\/avatar\/054cff43263e39aa6e74950dc4bb1690?s=96&d=mm&r=g","caption":"Alicia"},"url":"https:\/\/www.asajacyl.com\/segovia\/author\/aliciasc"}]}},"_links":{"self":[{"href":"https:\/\/www.asajacyl.com\/segovia\/wp-json\/wp\/v2\/posts\/1637"}],"collection":[{"href":"https:\/\/www.asajacyl.com\/segovia\/wp-json\/wp\/v2\/posts"}],"about":[{"href":"https:\/\/www.asajacyl.com\/segovia\/wp-json\/wp\/v2\/types\/post"}],"author":[{"embeddable":true,"href":"https:\/\/www.asajacyl.com\/segovia\/wp-json\/wp\/v2\/users\/11"}],"replies":[{"embeddable":true,"href":"https:\/\/www.asajacyl.com\/segovia\/wp-json\/wp\/v2\/comments?post=1637"}],"version-history":[{"count":1,"href":"https:\/\/www.asajacyl.com\/segovia\/wp-json\/wp\/v2\/posts\/1637\/revisions"}],"predecessor-version":[{"id":1638,"href":"https:\/\/www.asajacyl.com\/segovia\/wp-json\/wp\/v2\/posts\/1637\/revisions\/1638"}],"wp:featuredmedia":[{"embeddable":true,"href":"https:\/\/www.asajacyl.com\/segovia\/wp-json\/wp\/v2\/media\/1635"}],"wp:attachment":[{"href":"https:\/\/www.asajacyl.com\/segovia\/wp-json\/wp\/v2\/media?parent=1637"}],"wp:term":[{"taxonomy":"category","embeddable":true,"href":"https:\/\/www.asajacyl.com\/segovia\/wp-json\/wp\/v2\/categories?post=1637"},{"taxonomy":"post_tag","embeddable":true,"href":"https:\/\/www.asajacyl.com\/segovia\/wp-json\/wp\/v2\/tags?post=1637"}],"curies":[{"name":"wp","href":"https:\/\/api.w.org\/{rel}","templated":true}]}}