{"id":1682,"date":"2024-06-18T11:40:19","date_gmt":"2024-06-18T09:40:19","guid":{"rendered":"https:\/\/www.asajacyl.com\/segovia\/?p=1682"},"modified":"2024-06-18T14:32:37","modified_gmt":"2024-06-18T12:32:37","slug":"programa-cultiva","status":"publish","type":"post","link":"https:\/\/www.asajacyl.com\/segovia\/asaja-segovia-informa\/programa-cultiva","title":{"rendered":"PROGRAMA CULTIVA"},"content":{"rendered":"\n<p>\ud83d\ude9c\ud83c\udf3e \u00a1As\u00ed ha sido la visita a Patatas Tarsa en \ud83d\udccd #Pinarnegrillo, #Segovia! #ProgramaCULTIVA<\/p>\n\n\n\n<p>Innovaci\u00f3n en la producci\u00f3n de patatas y cereales, con un enfoque en sostenibilidad \ud83c\udf31<\/p>\n\n\n\n<p>Patatas Tarsa ofrece estancias formativas de cinco d\u00edas para j\u00f3venes agricultores, abordando desde la planificaci\u00f3n econ\u00f3mica hasta pr\u00e1cticas ecol\u00f3gicas. Con un fuerte compromiso con la sostenibilidad, esta explotaci\u00f3n es un ejemplo de que la agricultura es una elecci\u00f3n de vida y un negocio sostenible.<\/p>\n\n\n\n<p>Estancia \ud83d\udc49 <a href=\"https:\/\/ow.ly\/t5Gk50RWj3A\">https:\/\/ow.ly\/t5Gk50RWj3A<\/a><\/p>\n\n\n\n<p>Programa Cultiva \ud83d\udc49 <a href=\"https:\/\/ow.ly\/GWBy50REPmk\">https:\/\/ow.ly\/GWBy50REPmk<\/a> @ministerio de agricultura, pesca y alimentaci\u00f3n<\/p>\n\n\n\n<figure class=\"wp-block-image size-large\"><img loading=\"lazy\" decoding=\"async\" width=\"1024\" height=\"1024\" src=\"https:\/\/www.asajacyl.com\/segovia\/wp-content\/uploads\/sites\/8\/2024\/06\/1-1-1024x1024.jpg\" alt=\"\" class=\"wp-image-1684\" srcset=\"https:\/\/www.asajacyl.com\/segovia\/wp-content\/uploads\/sites\/8\/2024\/06\/1-1-1024x1024.jpg 1024w, https:\/\/www.asajacyl.com\/segovia\/wp-content\/uploads\/sites\/8\/2024\/06\/1-1-300x300.jpg 300w, https:\/\/www.asajacyl.com\/segovia\/wp-content\/uploads\/sites\/8\/2024\/06\/1-1-150x150.jpg 150w, https:\/\/www.asajacyl.com\/segovia\/wp-content\/uploads\/sites\/8\/2024\/06\/1-1-768x768.jpg 768w, https:\/\/www.asajacyl.com\/segovia\/wp-content\/uploads\/sites\/8\/2024\/06\/1-1-420x420.jpg 420w, https:\/\/www.asajacyl.com\/segovia\/wp-content\/uploads\/sites\/8\/2024\/06\/1-1-696x696.jpg 696w, https:\/\/www.asajacyl.com\/segovia\/wp-content\/uploads\/sites\/8\/2024\/06\/1-1-1068x1068.jpg 1068w, https:\/\/www.asajacyl.com\/segovia\/wp-content\/uploads\/sites\/8\/2024\/06\/1-1.jpg 1080w\" sizes=\"(max-width: 1024px) 100vw, 1024px\" \/><\/figure>\n\n\n\n<p><\/p>\n\n\n\n<p><\/p>\n\n\n\n<p><\/p>\n\n\n\n<figure class=\"wp-block-image size-large\"><img loading=\"lazy\" decoding=\"async\" width=\"1024\" height=\"1024\" src=\"https:\/\/www.asajacyl.com\/segovia\/wp-content\/uploads\/sites\/8\/2024\/06\/2-1024x1024.jpg\" alt=\"\" class=\"wp-image-1685\" srcset=\"https:\/\/www.asajacyl.com\/segovia\/wp-content\/uploads\/sites\/8\/2024\/06\/2-1024x1024.jpg 1024w, https:\/\/www.asajacyl.com\/segovia\/wp-content\/uploads\/sites\/8\/2024\/06\/2-300x300.jpg 300w, https:\/\/www.asajacyl.com\/segovia\/wp-content\/uploads\/sites\/8\/2024\/06\/2-150x150.jpg 150w, https:\/\/www.asajacyl.com\/segovia\/wp-content\/uploads\/sites\/8\/2024\/06\/2-768x768.jpg 768w, https:\/\/www.asajacyl.com\/segovia\/wp-content\/uploads\/sites\/8\/2024\/06\/2-420x420.jpg 420w, https:\/\/www.asajacyl.com\/segovia\/wp-content\/uploads\/sites\/8\/2024\/06\/2-696x696.jpg 696w, https:\/\/www.asajacyl.com\/segovia\/wp-content\/uploads\/sites\/8\/2024\/06\/2-1068x1068.jpg 1068w, https:\/\/www.asajacyl.com\/segovia\/wp-content\/uploads\/sites\/8\/2024\/06\/2.jpg 1080w\" sizes=\"(max-width: 1024px) 100vw, 1024px\" \/><\/figure>\n\n\n\n<p><\/p>\n\n\n\n<figure class=\"wp-block-image size-large\"><img loading=\"lazy\" decoding=\"async\" width=\"1024\" height=\"1024\" src=\"https:\/\/www.asajacyl.com\/segovia\/wp-content\/uploads\/sites\/8\/2024\/06\/3-1024x1024.jpg\" alt=\"\" class=\"wp-image-1686\" srcset=\"https:\/\/www.asajacyl.com\/segovia\/wp-content\/uploads\/sites\/8\/2024\/06\/3-1024x1024.jpg 1024w, https:\/\/www.asajacyl.com\/segovia\/wp-content\/uploads\/sites\/8\/2024\/06\/3-300x300.jpg 300w, https:\/\/www.asajacyl.com\/segovia\/wp-content\/uploads\/sites\/8\/2024\/06\/3-150x150.jpg 150w, https:\/\/www.asajacyl.com\/segovia\/wp-content\/uploads\/sites\/8\/2024\/06\/3-768x768.jpg 768w, https:\/\/www.asajacyl.com\/segovia\/wp-content\/uploads\/sites\/8\/2024\/06\/3-420x420.jpg 420w, https:\/\/www.asajacyl.com\/segovia\/wp-content\/uploads\/sites\/8\/2024\/06\/3-696x696.jpg 696w, https:\/\/www.asajacyl.com\/segovia\/wp-content\/uploads\/sites\/8\/2024\/06\/3-1068x1068.jpg 1068w, https:\/\/www.asajacyl.com\/segovia\/wp-content\/uploads\/sites\/8\/2024\/06\/3.jpg 1080w\" sizes=\"(max-width: 1024px) 100vw, 1024px\" \/><\/figure>\n\n\n\n<p><\/p>\n\n\n\n<figure class=\"wp-block-image size-large\"><img loading=\"lazy\" decoding=\"async\" width=\"1024\" height=\"1024\" src=\"https:\/\/www.asajacyl.com\/segovia\/wp-content\/uploads\/sites\/8\/2024\/06\/9-1024x1024.jpg\" alt=\"\" class=\"wp-image-1687\" srcset=\"https:\/\/www.asajacyl.com\/segovia\/wp-content\/uploads\/sites\/8\/2024\/06\/9-1024x1024.jpg 1024w, https:\/\/www.asajacyl.com\/segovia\/wp-content\/uploads\/sites\/8\/2024\/06\/9-300x300.jpg 300w, https:\/\/www.asajacyl.com\/segovia\/wp-content\/uploads\/sites\/8\/2024\/06\/9-150x150.jpg 150w, https:\/\/www.asajacyl.com\/segovia\/wp-content\/uploads\/sites\/8\/2024\/06\/9-768x768.jpg 768w, https:\/\/www.asajacyl.com\/segovia\/wp-content\/uploads\/sites\/8\/2024\/06\/9-420x420.jpg 420w, https:\/\/www.asajacyl.com\/segovia\/wp-content\/uploads\/sites\/8\/2024\/06\/9-696x696.jpg 696w, https:\/\/www.asajacyl.com\/segovia\/wp-content\/uploads\/sites\/8\/2024\/06\/9-1068x1068.jpg 1068w, https:\/\/www.asajacyl.com\/segovia\/wp-content\/uploads\/sites\/8\/2024\/06\/9.jpg 1080w\" sizes=\"(max-width: 1024px) 100vw, 1024px\" \/><\/figure>\n","protected":false},"excerpt":{"rendered":"<p>\ud83d\ude9c\ud83c\udf3e \u00a1As\u00ed ha sido la visita a Patatas Tarsa en \ud83d\udccd #Pinarnegrillo, #Segovia! #ProgramaCULTIVA Innovaci\u00f3n en la producci\u00f3n de patatas y cereales, con un enfoque en sostenibilidad \ud83c\udf31 Patatas Tarsa ofrece estancias formativas de cinco d\u00edas para j\u00f3venes agricultores, abordando desde la planificaci\u00f3n econ\u00f3mica hasta pr\u00e1cticas ecol\u00f3gicas. Con un fuerte compromiso con la sostenibilidad, esta [&hellip;]<\/p>\n","protected":false},"author":11,"featured_media":1683,"comment_status":"open","ping_status":"open","sticky":false,"template":"","format":"standard","meta":{"footnotes":""},"categories":[10,38,27,26],"tags":[],"yoast_head":"<!-- This site is optimized with the Yoast SEO plugin v24.5 - https:\/\/yoast.com\/wordpress\/plugins\/seo\/ -->\n<title>PROGRAMA CULTIVA - ASAJA Segovia<\/title>\n<meta name=\"description\" content=\"\ud83d\ude9c\ud83c\udf3e \u00a1As\u00ed ha sido la visita a Patatas Tarsa en \ud83d\udccd #Pinarnegrillo, #Segovia! #ProgramaCULTIVA Innovaci\u00f3n en la producci\u00f3n de patatas y cereales, con un\" \/>\n<meta name=\"robots\" content=\"index, follow, max-snippet:-1, max-image-preview:large, max-video-preview:-1\" \/>\n<link rel=\"canonical\" href=\"https:\/\/www.asajacyl.com\/segovia\/asaja-segovia-informa\/programa-cultiva\" \/>\n<meta property=\"og:locale\" content=\"es_ES\" \/>\n<meta property=\"og:type\" content=\"article\" \/>\n<meta property=\"og:title\" content=\"PROGRAMA CULTIVA - ASAJA Segovia\" \/>\n<meta property=\"og:description\" content=\"\ud83d\ude9c\ud83c\udf3e \u00a1As\u00ed ha sido la visita a Patatas Tarsa en \ud83d\udccd #Pinarnegrillo, #Segovia! #ProgramaCULTIVA Innovaci\u00f3n en la producci\u00f3n de patatas y cereales, con un\" \/>\n<meta property=\"og:url\" content=\"https:\/\/www.asajacyl.com\/segovia\/asaja-segovia-informa\/programa-cultiva\" \/>\n<meta property=\"og:site_name\" content=\"ASAJA Segovia\" \/>\n<meta property=\"article:published_time\" content=\"2024-06-18T09:40:19+00:00\" \/>\n<meta property=\"article:modified_time\" content=\"2024-06-18T12:32:37+00:00\" \/>\n<meta property=\"og:image\" content=\"https:\/\/www.asajacyl.com\/segovia\/wp-content\/uploads\/sites\/8\/2024\/06\/1.jpg\" \/>\n\t<meta property=\"og:image:width\" content=\"1080\" \/>\n\t<meta property=\"og:image:height\" content=\"1080\" \/>\n\t<meta property=\"og:image:type\" content=\"image\/jpeg\" \/>\n<meta name=\"author\" content=\"Alicia\" \/>\n<meta name=\"twitter:card\" content=\"summary_large_image\" \/>\n<meta name=\"twitter:label1\" content=\"Escrito por\" \/>\n\t<meta name=\"twitter:data1\" content=\"Alicia\" \/>\n\t<meta name=\"twitter:label2\" content=\"Tiempo de lectura\" \/>\n\t<meta name=\"twitter:data2\" content=\"2 minutos\" \/>\n<script type=\"application\/ld+json\" class=\"yoast-schema-graph\">{\"@context\":\"https:\/\/schema.org\",\"@graph\":[{\"@type\":\"WebPage\",\"@id\":\"https:\/\/www.asajacyl.com\/segovia\/asaja-segovia-informa\/programa-cultiva\",\"url\":\"https:\/\/www.asajacyl.com\/segovia\/asaja-segovia-informa\/programa-cultiva\",\"name\":\"PROGRAMA CULTIVA - ASAJA Segovia\",\"isPartOf\":{\"@id\":\"https:\/\/www.asajacyl.com\/segovia\/#website\"},\"primaryImageOfPage\":{\"@id\":\"https:\/\/www.asajacyl.com\/segovia\/asaja-segovia-informa\/programa-cultiva#primaryimage\"},\"image\":{\"@id\":\"https:\/\/www.asajacyl.com\/segovia\/asaja-segovia-informa\/programa-cultiva#primaryimage\"},\"thumbnailUrl\":\"https:\/\/www.asajacyl.com\/segovia\/wp-content\/uploads\/sites\/8\/2024\/06\/1.jpg\",\"datePublished\":\"2024-06-18T09:40:19+00:00\",\"dateModified\":\"2024-06-18T12:32:37+00:00\",\"author\":{\"@id\":\"https:\/\/www.asajacyl.com\/segovia\/#\/schema\/person\/f044fca5805bb46713e11715709aef4d\"},\"description\":\"\ud83d\ude9c\ud83c\udf3e \u00a1As\u00ed ha sido la visita a Patatas Tarsa en \ud83d\udccd #Pinarnegrillo, #Segovia! #ProgramaCULTIVA Innovaci\u00f3n en la producci\u00f3n de patatas y cereales, con un\",\"breadcrumb\":{\"@id\":\"https:\/\/www.asajacyl.com\/segovia\/asaja-segovia-informa\/programa-cultiva#breadcrumb\"},\"inLanguage\":\"es\",\"potentialAction\":[{\"@type\":\"ReadAction\",\"target\":[\"https:\/\/www.asajacyl.com\/segovia\/asaja-segovia-informa\/programa-cultiva\"]}]},{\"@type\":\"ImageObject\",\"inLanguage\":\"es\",\"@id\":\"https:\/\/www.asajacyl.com\/segovia\/asaja-segovia-informa\/programa-cultiva#primaryimage\",\"url\":\"https:\/\/www.asajacyl.com\/segovia\/wp-content\/uploads\/sites\/8\/2024\/06\/1.jpg\",\"contentUrl\":\"https:\/\/www.asajacyl.com\/segovia\/wp-content\/uploads\/sites\/8\/2024\/06\/1.jpg\",\"width\":1080,\"height\":1080},{\"@type\":\"BreadcrumbList\",\"@id\":\"https:\/\/www.asajacyl.com\/segovia\/asaja-segovia-informa\/programa-cultiva#breadcrumb\",\"itemListElement\":[{\"@type\":\"ListItem\",\"position\":1,\"name\":\"Portada\",\"item\":\"https:\/\/www.asajacyl.com\/segovia\/\"},{\"@type\":\"ListItem\",\"position\":2,\"name\":\"PROGRAMA CULTIVA\"}]},{\"@type\":\"WebSite\",\"@id\":\"https:\/\/www.asajacyl.com\/segovia\/#website\",\"url\":\"https:\/\/www.asajacyl.com\/segovia\/\",\"name\":\"ASAJA Segovia\",\"description\":\"Otro sitio m\u00e1s de Provincias ASAJA Castilla y Le\u00f3n\",\"potentialAction\":[{\"@type\":\"SearchAction\",\"target\":{\"@type\":\"EntryPoint\",\"urlTemplate\":\"https:\/\/www.asajacyl.com\/segovia\/?s={search_term_string}\"},\"query-input\":{\"@type\":\"PropertyValueSpecification\",\"valueRequired\":true,\"valueName\":\"search_term_string\"}}],\"inLanguage\":\"es\"},{\"@type\":\"Person\",\"@id\":\"https:\/\/www.asajacyl.com\/segovia\/#\/schema\/person\/f044fca5805bb46713e11715709aef4d\",\"name\":\"Alicia\",\"image\":{\"@type\":\"ImageObject\",\"inLanguage\":\"es\",\"@id\":\"https:\/\/www.asajacyl.com\/segovia\/#\/schema\/person\/image\/\",\"url\":\"https:\/\/secure.gravatar.com\/avatar\/054cff43263e39aa6e74950dc4bb1690?s=96&d=mm&r=g\",\"contentUrl\":\"https:\/\/secure.gravatar.com\/avatar\/054cff43263e39aa6e74950dc4bb1690?s=96&d=mm&r=g\",\"caption\":\"Alicia\"},\"url\":\"https:\/\/www.asajacyl.com\/segovia\/author\/aliciasc\"}]}<\/script>\n<!-- \/ Yoast SEO plugin. -->","yoast_head_json":{"title":"PROGRAMA CULTIVA - ASAJA Segovia","description":"\ud83d\ude9c\ud83c\udf3e \u00a1As\u00ed ha sido la visita a Patatas Tarsa en \ud83d\udccd #Pinarnegrillo, #Segovia! #ProgramaCULTIVA Innovaci\u00f3n en la producci\u00f3n de patatas y cereales, con un","robots":{"index":"index","follow":"follow","max-snippet":"max-snippet:-1","max-image-preview":"max-image-preview:large","max-video-preview":"max-video-preview:-1"},"canonical":"https:\/\/www.asajacyl.com\/segovia\/asaja-segovia-informa\/programa-cultiva","og_locale":"es_ES","og_type":"article","og_title":"PROGRAMA CULTIVA - ASAJA Segovia","og_description":"\ud83d\ude9c\ud83c\udf3e \u00a1As\u00ed ha sido la visita a Patatas Tarsa en \ud83d\udccd #Pinarnegrillo, #Segovia! #ProgramaCULTIVA Innovaci\u00f3n en la producci\u00f3n de patatas y cereales, con un","og_url":"https:\/\/www.asajacyl.com\/segovia\/asaja-segovia-informa\/programa-cultiva","og_site_name":"ASAJA Segovia","article_published_time":"2024-06-18T09:40:19+00:00","article_modified_time":"2024-06-18T12:32:37+00:00","og_image":[{"width":1080,"height":1080,"url":"https:\/\/www.asajacyl.com\/segovia\/wp-content\/uploads\/sites\/8\/2024\/06\/1.jpg","type":"image\/jpeg"}],"author":"Alicia","twitter_card":"summary_large_image","twitter_misc":{"Escrito por":"Alicia","Tiempo de lectura":"2 minutos"},"schema":{"@context":"https:\/\/schema.org","@graph":[{"@type":"WebPage","@id":"https:\/\/www.asajacyl.com\/segovia\/asaja-segovia-informa\/programa-cultiva","url":"https:\/\/www.asajacyl.com\/segovia\/asaja-segovia-informa\/programa-cultiva","name":"PROGRAMA CULTIVA - ASAJA Segovia","isPartOf":{"@id":"https:\/\/www.asajacyl.com\/segovia\/#website"},"primaryImageOfPage":{"@id":"https:\/\/www.asajacyl.com\/segovia\/asaja-segovia-informa\/programa-cultiva#primaryimage"},"image":{"@id":"https:\/\/www.asajacyl.com\/segovia\/asaja-segovia-informa\/programa-cultiva#primaryimage"},"thumbnailUrl":"https:\/\/www.asajacyl.com\/segovia\/wp-content\/uploads\/sites\/8\/2024\/06\/1.jpg","datePublished":"2024-06-18T09:40:19+00:00","dateModified":"2024-06-18T12:32:37+00:00","author":{"@id":"https:\/\/www.asajacyl.com\/segovia\/#\/schema\/person\/f044fca5805bb46713e11715709aef4d"},"description":"\ud83d\ude9c\ud83c\udf3e \u00a1As\u00ed ha sido la visita a Patatas Tarsa en \ud83d\udccd #Pinarnegrillo, #Segovia! #ProgramaCULTIVA Innovaci\u00f3n en la producci\u00f3n de patatas y cereales, con un","breadcrumb":{"@id":"https:\/\/www.asajacyl.com\/segovia\/asaja-segovia-informa\/programa-cultiva#breadcrumb"},"inLanguage":"es","potentialAction":[{"@type":"ReadAction","target":["https:\/\/www.asajacyl.com\/segovia\/asaja-segovia-informa\/programa-cultiva"]}]},{"@type":"ImageObject","inLanguage":"es","@id":"https:\/\/www.asajacyl.com\/segovia\/asaja-segovia-informa\/programa-cultiva#primaryimage","url":"https:\/\/www.asajacyl.com\/segovia\/wp-content\/uploads\/sites\/8\/2024\/06\/1.jpg","contentUrl":"https:\/\/www.asajacyl.com\/segovia\/wp-content\/uploads\/sites\/8\/2024\/06\/1.jpg","width":1080,"height":1080},{"@type":"BreadcrumbList","@id":"https:\/\/www.asajacyl.com\/segovia\/asaja-segovia-informa\/programa-cultiva#breadcrumb","itemListElement":[{"@type":"ListItem","position":1,"name":"Portada","item":"https:\/\/www.asajacyl.com\/segovia\/"},{"@type":"ListItem","position":2,"name":"PROGRAMA CULTIVA"}]},{"@type":"WebSite","@id":"https:\/\/www.asajacyl.com\/segovia\/#website","url":"https:\/\/www.asajacyl.com\/segovia\/","name":"ASAJA Segovia","description":"Otro sitio m\u00e1s de Provincias ASAJA Castilla y Le\u00f3n","potentialAction":[{"@type":"SearchAction","target":{"@type":"EntryPoint","urlTemplate":"https:\/\/www.asajacyl.com\/segovia\/?s={search_term_string}"},"query-input":{"@type":"PropertyValueSpecification","valueRequired":true,"valueName":"search_term_string"}}],"inLanguage":"es"},{"@type":"Person","@id":"https:\/\/www.asajacyl.com\/segovia\/#\/schema\/person\/f044fca5805bb46713e11715709aef4d","name":"Alicia","image":{"@type":"ImageObject","inLanguage":"es","@id":"https:\/\/www.asajacyl.com\/segovia\/#\/schema\/person\/image\/","url":"https:\/\/secure.gravatar.com\/avatar\/054cff43263e39aa6e74950dc4bb1690?s=96&d=mm&r=g","contentUrl":"https:\/\/secure.gravatar.com\/avatar\/054cff43263e39aa6e74950dc4bb1690?s=96&d=mm&r=g","caption":"Alicia"},"url":"https:\/\/www.asajacyl.com\/segovia\/author\/aliciasc"}]}},"_links":{"self":[{"href":"https:\/\/www.asajacyl.com\/segovia\/wp-json\/wp\/v2\/posts\/1682"}],"collection":[{"href":"https:\/\/www.asajacyl.com\/segovia\/wp-json\/wp\/v2\/posts"}],"about":[{"href":"https:\/\/www.asajacyl.com\/segovia\/wp-json\/wp\/v2\/types\/post"}],"author":[{"embeddable":true,"href":"https:\/\/www.asajacyl.com\/segovia\/wp-json\/wp\/v2\/users\/11"}],"replies":[{"embeddable":true,"href":"https:\/\/www.asajacyl.com\/segovia\/wp-json\/wp\/v2\/comments?post=1682"}],"version-history":[{"count":2,"href":"https:\/\/www.asajacyl.com\/segovia\/wp-json\/wp\/v2\/posts\/1682\/revisions"}],"predecessor-version":[{"id":1689,"href":"https:\/\/www.asajacyl.com\/segovia\/wp-json\/wp\/v2\/posts\/1682\/revisions\/1689"}],"wp:featuredmedia":[{"embeddable":true,"href":"https:\/\/www.asajacyl.com\/segovia\/wp-json\/wp\/v2\/media\/1683"}],"wp:attachment":[{"href":"https:\/\/www.asajacyl.com\/segovia\/wp-json\/wp\/v2\/media?parent=1682"}],"wp:term":[{"taxonomy":"category","embeddable":true,"href":"https:\/\/www.asajacyl.com\/segovia\/wp-json\/wp\/v2\/categories?post=1682"},{"taxonomy":"post_tag","embeddable":true,"href":"https:\/\/www.asajacyl.com\/segovia\/wp-json\/wp\/v2\/tags?post=1682"}],"curies":[{"name":"wp","href":"https:\/\/api.w.org\/{rel}","templated":true}]}}