{"id":1690,"date":"2024-06-25T14:39:40","date_gmt":"2024-06-25T12:39:40","guid":{"rendered":"https:\/\/www.asajacyl.com\/segovia\/?p=1690"},"modified":"2024-06-25T14:39:44","modified_gmt":"2024-06-25T12:39:44","slug":"la-lana-espanola-un-producto-de-primer-nivel-se-convierte-en-un-problema-para-nuestros-ganaderos-de-ovino","status":"publish","type":"post","link":"https:\/\/www.asajacyl.com\/segovia\/asaja-segovia-informa\/la-lana-espanola-un-producto-de-primer-nivel-se-convierte-en-un-problema-para-nuestros-ganaderos-de-ovino","title":{"rendered":"La lana espa\u00f1ola, un producto de primer nivel, se convierte en un problema para nuestros ganaderos de ovino."},"content":{"rendered":"\n<p><strong>ASAJA-Segovia alerta del gran problema que tienen las ganader\u00edas Ovino con el mercado de la lana.<\/strong><\/p>\n\n\n\n<p><strong>Las Administraciones P\u00fablicas est\u00e1n realizando una labor nefasta en relaci\u00f3n a la gesti\u00f3n del mercado de la lana, lo que conlleva un problema para nuestros ganaderos de ovino, por la p\u00e9rdida de rentabilidad y la p\u00e9rdida de valor a\u00f1adido hac\u00eda nuestra sociedad por la desaparici\u00f3n de un material textil de primer nivel.<\/strong><\/p>\n\n\n\n<p>El cierre del mercado chino lleva al sector lanero a una situaci\u00f3n nunca vista.<\/p>\n\n\n\n<p>Desgraciadamente, la lana espa\u00f1ola se acumula en los almacenes desde hace dos a\u00f1os porque China, nuestro principal comprador, cerr\u00f3 los mercados cuando se detect\u00f3 el primer foco de&nbsp;viruela ovina&nbsp;en Espa\u00f1a a finales de 2022. Y aunque ya estamos libres de esta enfermedad, China no reabre los mercados. El Ministerio de Agricultura debe de realizar su trabajo y certificar en todos los \u00e1mbitos que nuestro pa\u00eds est\u00e1 libre de viruela ovina, realizar un trabajo en el \u00e1rea diplom\u00e1tica y volver a la situaci\u00f3n anterior, para poder paliar la situaci\u00f3n de nuestro mercado lanero.<\/p>\n\n\n\n<p>Hay que tener en cuenta que, seg\u00fan los \u00faltimos datos de Comercio Exterior, Espa\u00f1a ha exportado en el \u00faltimo a\u00f1o m\u00f3vil (a marzo) algo m\u00e1s de 9.000 toneladas de lana, con China cerrada, frente a las m\u00e1s de&nbsp;14.000 toneladas anuales&nbsp;antes de que cerrase el gigante asi\u00e1tico. Algo m\u00e1s de la mitad de ese volumen de ventas al exterior iba destinado a este pa\u00eds asi\u00e1tico.<\/p>\n\n\n\n<p>Adem\u00e1s, el mercado est\u00e1 copado por la lana de&nbsp;Australia y Nueva Zelanda. Y por si fuera poco, a esto se suma una ca\u00edda de la demanda mundial porque el sector textil prefiere otras materias primas como las&nbsp;fibras sint\u00e9ticas.<\/p>\n\n\n\n<p>La campa\u00f1a est\u00e1 a punto de terminar y la lana sigue sin salida. De hecho, ni siquiera cotiza en las lonjas. Hace tres a\u00f1os, cuando los precios ya eran bajos, el kilo de lana merina se compraba&nbsp;2,40 euros, desplom\u00e1ndose los precios en la actualidad en el entorno de los 0,25 euros\/kg. Como no es rentable venderla, la lana almacenada se est\u00e1 convirtiendo en&nbsp;un residuo&nbsp;y en un gasto extra para los ganaderos. La situaci\u00f3n es tan complicada que ya hay empresas que se encargan de convertir la lana en abono.<\/p>\n\n\n\n<p>Es una pena que una provincia como la nuestra, con tant\u00edsima tradici\u00f3n en el mercado de la lana tenga que ver como nuestros ganaderos se tengan que deshacer de ella por la falta de preocupaci\u00f3n pol\u00edtica, suponi\u00e9ndoles y gastos a mayores dentro de la cuenta de explotaci\u00f3n de su empresa.<\/p>\n\n\n\n<p><strong>ASAJA-SEGOVIA CALIFICA \u201cDE FALTA DE VOLUNTAD DE LAS ADMINITRACIONES P\u00daBLICAS, CON EL FUTURO DE NUESTRA CABA\u00d1A OVINA Y CAPRINA\u201d. NUESTRA GANADER\u00cdA OVINA Y CAPRINA ES UNO DE LOS PRINCIPALES EJES SOBRE LOS QUE SE SOSTIENE EL MATENIMIENTO DE NUETRO MEDIO-AMBIENTE Y EL FUTURO DE NUESTRO MEDIO RURAL.<\/strong><\/p>\n\n\n\n<figure class=\"wp-block-image size-large is-resized\"><img loading=\"lazy\" decoding=\"async\" width=\"1024\" height=\"768\" src=\"https:\/\/www.asajacyl.com\/segovia\/wp-content\/uploads\/sites\/8\/2024\/06\/Lana-Almacenada-en-Ganaderia-de-Ovino-de-Segovia-1-1024x768.jpeg\" alt=\"\" class=\"wp-image-1692\" style=\"width:1068px;height:auto\" srcset=\"https:\/\/www.asajacyl.com\/segovia\/wp-content\/uploads\/sites\/8\/2024\/06\/Lana-Almacenada-en-Ganaderia-de-Ovino-de-Segovia-1-1024x768.jpeg 1024w, https:\/\/www.asajacyl.com\/segovia\/wp-content\/uploads\/sites\/8\/2024\/06\/Lana-Almacenada-en-Ganaderia-de-Ovino-de-Segovia-1-300x225.jpeg 300w, https:\/\/www.asajacyl.com\/segovia\/wp-content\/uploads\/sites\/8\/2024\/06\/Lana-Almacenada-en-Ganaderia-de-Ovino-de-Segovia-1-768x576.jpeg 768w, https:\/\/www.asajacyl.com\/segovia\/wp-content\/uploads\/sites\/8\/2024\/06\/Lana-Almacenada-en-Ganaderia-de-Ovino-de-Segovia-1-1536x1152.jpeg 1536w, https:\/\/www.asajacyl.com\/segovia\/wp-content\/uploads\/sites\/8\/2024\/06\/Lana-Almacenada-en-Ganaderia-de-Ovino-de-Segovia-1-560x420.jpeg 560w, https:\/\/www.asajacyl.com\/segovia\/wp-content\/uploads\/sites\/8\/2024\/06\/Lana-Almacenada-en-Ganaderia-de-Ovino-de-Segovia-1-80x60.jpeg 80w, https:\/\/www.asajacyl.com\/segovia\/wp-content\/uploads\/sites\/8\/2024\/06\/Lana-Almacenada-en-Ganaderia-de-Ovino-de-Segovia-1-696x522.jpeg 696w, https:\/\/www.asajacyl.com\/segovia\/wp-content\/uploads\/sites\/8\/2024\/06\/Lana-Almacenada-en-Ganaderia-de-Ovino-de-Segovia-1-1068x801.jpeg 1068w, https:\/\/www.asajacyl.com\/segovia\/wp-content\/uploads\/sites\/8\/2024\/06\/Lana-Almacenada-en-Ganaderia-de-Ovino-de-Segovia-1-1920x1440.jpeg 1920w, https:\/\/www.asajacyl.com\/segovia\/wp-content\/uploads\/sites\/8\/2024\/06\/Lana-Almacenada-en-Ganaderia-de-Ovino-de-Segovia-1.jpeg 2000w\" sizes=\"(max-width: 1024px) 100vw, 1024px\" \/><\/figure>\n\n\n\n<p><\/p>\n\n\n\n<figure class=\"wp-block-image size-large is-resized\"><img loading=\"lazy\" decoding=\"async\" width=\"1024\" height=\"768\" src=\"https:\/\/www.asajacyl.com\/segovia\/wp-content\/uploads\/sites\/8\/2024\/06\/WhatsApp-Image-2024-06-25-at-14.24.25-1024x768.jpeg\" alt=\"\" class=\"wp-image-1693\" style=\"width:1068px;height:auto\" srcset=\"https:\/\/www.asajacyl.com\/segovia\/wp-content\/uploads\/sites\/8\/2024\/06\/WhatsApp-Image-2024-06-25-at-14.24.25-1024x768.jpeg 1024w, https:\/\/www.asajacyl.com\/segovia\/wp-content\/uploads\/sites\/8\/2024\/06\/WhatsApp-Image-2024-06-25-at-14.24.25-300x225.jpeg 300w, https:\/\/www.asajacyl.com\/segovia\/wp-content\/uploads\/sites\/8\/2024\/06\/WhatsApp-Image-2024-06-25-at-14.24.25-768x576.jpeg 768w, https:\/\/www.asajacyl.com\/segovia\/wp-content\/uploads\/sites\/8\/2024\/06\/WhatsApp-Image-2024-06-25-at-14.24.25-1536x1152.jpeg 1536w, https:\/\/www.asajacyl.com\/segovia\/wp-content\/uploads\/sites\/8\/2024\/06\/WhatsApp-Image-2024-06-25-at-14.24.25-560x420.jpeg 560w, https:\/\/www.asajacyl.com\/segovia\/wp-content\/uploads\/sites\/8\/2024\/06\/WhatsApp-Image-2024-06-25-at-14.24.25-80x60.jpeg 80w, https:\/\/www.asajacyl.com\/segovia\/wp-content\/uploads\/sites\/8\/2024\/06\/WhatsApp-Image-2024-06-25-at-14.24.25-696x522.jpeg 696w, https:\/\/www.asajacyl.com\/segovia\/wp-content\/uploads\/sites\/8\/2024\/06\/WhatsApp-Image-2024-06-25-at-14.24.25-1068x801.jpeg 1068w, https:\/\/www.asajacyl.com\/segovia\/wp-content\/uploads\/sites\/8\/2024\/06\/WhatsApp-Image-2024-06-25-at-14.24.25-1920x1440.jpeg 1920w, https:\/\/www.asajacyl.com\/segovia\/wp-content\/uploads\/sites\/8\/2024\/06\/WhatsApp-Image-2024-06-25-at-14.24.25.jpeg 2000w\" sizes=\"(max-width: 1024px) 100vw, 1024px\" \/><\/figure>\n\n\n\n<figure class=\"wp-block-image size-large\"><img loading=\"lazy\" decoding=\"async\" width=\"1024\" height=\"768\" src=\"https:\/\/www.asajacyl.com\/segovia\/wp-content\/uploads\/sites\/8\/2024\/06\/Ovejas-esquiladas-1024x768.jpeg\" alt=\"\" class=\"wp-image-1694\" srcset=\"https:\/\/www.asajacyl.com\/segovia\/wp-content\/uploads\/sites\/8\/2024\/06\/Ovejas-esquiladas-1024x768.jpeg 1024w, https:\/\/www.asajacyl.com\/segovia\/wp-content\/uploads\/sites\/8\/2024\/06\/Ovejas-esquiladas-300x225.jpeg 300w, https:\/\/www.asajacyl.com\/segovia\/wp-content\/uploads\/sites\/8\/2024\/06\/Ovejas-esquiladas-768x576.jpeg 768w, https:\/\/www.asajacyl.com\/segovia\/wp-content\/uploads\/sites\/8\/2024\/06\/Ovejas-esquiladas-1536x1152.jpeg 1536w, https:\/\/www.asajacyl.com\/segovia\/wp-content\/uploads\/sites\/8\/2024\/06\/Ovejas-esquiladas-560x420.jpeg 560w, https:\/\/www.asajacyl.com\/segovia\/wp-content\/uploads\/sites\/8\/2024\/06\/Ovejas-esquiladas-80x60.jpeg 80w, https:\/\/www.asajacyl.com\/segovia\/wp-content\/uploads\/sites\/8\/2024\/06\/Ovejas-esquiladas-696x522.jpeg 696w, https:\/\/www.asajacyl.com\/segovia\/wp-content\/uploads\/sites\/8\/2024\/06\/Ovejas-esquiladas-1068x801.jpeg 1068w, https:\/\/www.asajacyl.com\/segovia\/wp-content\/uploads\/sites\/8\/2024\/06\/Ovejas-esquiladas.jpeg 1600w\" sizes=\"(max-width: 1024px) 100vw, 1024px\" \/><\/figure>\n","protected":false},"excerpt":{"rendered":"<p>ASAJA-Segovia alerta del gran problema que tienen las ganader\u00edas Ovino con el mercado de la lana. Las Administraciones P\u00fablicas est\u00e1n realizando una labor nefasta en relaci\u00f3n a la gesti\u00f3n del mercado de la lana, lo que conlleva un problema para nuestros ganaderos de ovino, por la p\u00e9rdida de rentabilidad y la p\u00e9rdida de valor a\u00f1adido [&hellip;]<\/p>\n","protected":false},"author":11,"featured_media":1691,"comment_status":"open","ping_status":"open","sticky":false,"template":"","format":"standard","meta":{"footnotes":""},"categories":[10,27,26],"tags":[],"yoast_head":"<!-- This site is optimized with the Yoast SEO plugin v24.5 - https:\/\/yoast.com\/wordpress\/plugins\/seo\/ -->\n<title>La lana espa\u00f1ola, un producto de primer nivel, se convierte en un problema para nuestros ganaderos de ovino. - ASAJA Segovia<\/title>\n<meta name=\"description\" content=\"ASAJA-Segovia alerta del gran problema que tienen las ganader\u00edas Ovino con el mercado de la lana. Las Administraciones P\u00fablicas est\u00e1n realizando una labor\" \/>\n<meta name=\"robots\" content=\"index, follow, max-snippet:-1, max-image-preview:large, max-video-preview:-1\" \/>\n<link rel=\"canonical\" href=\"https:\/\/www.asajacyl.com\/segovia\/asaja-segovia-informa\/la-lana-espanola-un-producto-de-primer-nivel-se-convierte-en-un-problema-para-nuestros-ganaderos-de-ovino\" \/>\n<meta property=\"og:locale\" content=\"es_ES\" \/>\n<meta property=\"og:type\" content=\"article\" \/>\n<meta property=\"og:title\" content=\"La lana espa\u00f1ola, un producto de primer nivel, se convierte en un problema para nuestros ganaderos de ovino. - ASAJA Segovia\" \/>\n<meta property=\"og:description\" content=\"ASAJA-Segovia alerta del gran problema que tienen las ganader\u00edas Ovino con el mercado de la lana. Las Administraciones P\u00fablicas est\u00e1n realizando una labor\" \/>\n<meta property=\"og:url\" content=\"https:\/\/www.asajacyl.com\/segovia\/asaja-segovia-informa\/la-lana-espanola-un-producto-de-primer-nivel-se-convierte-en-un-problema-para-nuestros-ganaderos-de-ovino\" \/>\n<meta property=\"og:site_name\" content=\"ASAJA Segovia\" \/>\n<meta property=\"article:published_time\" content=\"2024-06-25T12:39:40+00:00\" \/>\n<meta property=\"article:modified_time\" content=\"2024-06-25T12:39:44+00:00\" \/>\n<meta property=\"og:image\" content=\"https:\/\/www.asajacyl.com\/segovia\/wp-content\/uploads\/sites\/8\/2024\/06\/Lana-Almacenada-en-Ganaderia-de-Ovino-de-Segovia.jpeg\" \/>\n\t<meta property=\"og:image:width\" content=\"2000\" \/>\n\t<meta property=\"og:image:height\" content=\"1500\" \/>\n\t<meta property=\"og:image:type\" content=\"image\/jpeg\" \/>\n<meta name=\"author\" content=\"Alicia\" \/>\n<meta name=\"twitter:card\" content=\"summary_large_image\" \/>\n<meta name=\"twitter:label1\" content=\"Escrito por\" \/>\n\t<meta name=\"twitter:data1\" content=\"Alicia\" \/>\n\t<meta name=\"twitter:label2\" content=\"Tiempo de lectura\" \/>\n\t<meta name=\"twitter:data2\" content=\"3 minutos\" \/>\n<script type=\"application\/ld+json\" class=\"yoast-schema-graph\">{\"@context\":\"https:\/\/schema.org\",\"@graph\":[{\"@type\":\"WebPage\",\"@id\":\"https:\/\/www.asajacyl.com\/segovia\/asaja-segovia-informa\/la-lana-espanola-un-producto-de-primer-nivel-se-convierte-en-un-problema-para-nuestros-ganaderos-de-ovino\",\"url\":\"https:\/\/www.asajacyl.com\/segovia\/asaja-segovia-informa\/la-lana-espanola-un-producto-de-primer-nivel-se-convierte-en-un-problema-para-nuestros-ganaderos-de-ovino\",\"name\":\"La lana espa\u00f1ola, un producto de primer nivel, se convierte en un problema para nuestros ganaderos de ovino. - ASAJA Segovia\",\"isPartOf\":{\"@id\":\"https:\/\/www.asajacyl.com\/segovia\/#website\"},\"primaryImageOfPage\":{\"@id\":\"https:\/\/www.asajacyl.com\/segovia\/asaja-segovia-informa\/la-lana-espanola-un-producto-de-primer-nivel-se-convierte-en-un-problema-para-nuestros-ganaderos-de-ovino#primaryimage\"},\"image\":{\"@id\":\"https:\/\/www.asajacyl.com\/segovia\/asaja-segovia-informa\/la-lana-espanola-un-producto-de-primer-nivel-se-convierte-en-un-problema-para-nuestros-ganaderos-de-ovino#primaryimage\"},\"thumbnailUrl\":\"https:\/\/www.asajacyl.com\/segovia\/wp-content\/uploads\/sites\/8\/2024\/06\/Lana-Almacenada-en-Ganaderia-de-Ovino-de-Segovia.jpeg\",\"datePublished\":\"2024-06-25T12:39:40+00:00\",\"dateModified\":\"2024-06-25T12:39:44+00:00\",\"author\":{\"@id\":\"https:\/\/www.asajacyl.com\/segovia\/#\/schema\/person\/f044fca5805bb46713e11715709aef4d\"},\"description\":\"ASAJA-Segovia alerta del gran problema que tienen las ganader\u00edas Ovino con el mercado de la lana. Las Administraciones P\u00fablicas est\u00e1n realizando una labor\",\"breadcrumb\":{\"@id\":\"https:\/\/www.asajacyl.com\/segovia\/asaja-segovia-informa\/la-lana-espanola-un-producto-de-primer-nivel-se-convierte-en-un-problema-para-nuestros-ganaderos-de-ovino#breadcrumb\"},\"inLanguage\":\"es\",\"potentialAction\":[{\"@type\":\"ReadAction\",\"target\":[\"https:\/\/www.asajacyl.com\/segovia\/asaja-segovia-informa\/la-lana-espanola-un-producto-de-primer-nivel-se-convierte-en-un-problema-para-nuestros-ganaderos-de-ovino\"]}]},{\"@type\":\"ImageObject\",\"inLanguage\":\"es\",\"@id\":\"https:\/\/www.asajacyl.com\/segovia\/asaja-segovia-informa\/la-lana-espanola-un-producto-de-primer-nivel-se-convierte-en-un-problema-para-nuestros-ganaderos-de-ovino#primaryimage\",\"url\":\"https:\/\/www.asajacyl.com\/segovia\/wp-content\/uploads\/sites\/8\/2024\/06\/Lana-Almacenada-en-Ganaderia-de-Ovino-de-Segovia.jpeg\",\"contentUrl\":\"https:\/\/www.asajacyl.com\/segovia\/wp-content\/uploads\/sites\/8\/2024\/06\/Lana-Almacenada-en-Ganaderia-de-Ovino-de-Segovia.jpeg\",\"width\":2000,\"height\":1500},{\"@type\":\"BreadcrumbList\",\"@id\":\"https:\/\/www.asajacyl.com\/segovia\/asaja-segovia-informa\/la-lana-espanola-un-producto-de-primer-nivel-se-convierte-en-un-problema-para-nuestros-ganaderos-de-ovino#breadcrumb\",\"itemListElement\":[{\"@type\":\"ListItem\",\"position\":1,\"name\":\"Portada\",\"item\":\"https:\/\/www.asajacyl.com\/segovia\/\"},{\"@type\":\"ListItem\",\"position\":2,\"name\":\"La lana espa\u00f1ola, un producto de primer nivel, se convierte en un problema para nuestros ganaderos de ovino.\"}]},{\"@type\":\"WebSite\",\"@id\":\"https:\/\/www.asajacyl.com\/segovia\/#website\",\"url\":\"https:\/\/www.asajacyl.com\/segovia\/\",\"name\":\"ASAJA Segovia\",\"description\":\"Otro sitio m\u00e1s de Provincias ASAJA Castilla y Le\u00f3n\",\"potentialAction\":[{\"@type\":\"SearchAction\",\"target\":{\"@type\":\"EntryPoint\",\"urlTemplate\":\"https:\/\/www.asajacyl.com\/segovia\/?s={search_term_string}\"},\"query-input\":{\"@type\":\"PropertyValueSpecification\",\"valueRequired\":true,\"valueName\":\"search_term_string\"}}],\"inLanguage\":\"es\"},{\"@type\":\"Person\",\"@id\":\"https:\/\/www.asajacyl.com\/segovia\/#\/schema\/person\/f044fca5805bb46713e11715709aef4d\",\"name\":\"Alicia\",\"image\":{\"@type\":\"ImageObject\",\"inLanguage\":\"es\",\"@id\":\"https:\/\/www.asajacyl.com\/segovia\/#\/schema\/person\/image\/\",\"url\":\"https:\/\/secure.gravatar.com\/avatar\/054cff43263e39aa6e74950dc4bb1690?s=96&d=mm&r=g\",\"contentUrl\":\"https:\/\/secure.gravatar.com\/avatar\/054cff43263e39aa6e74950dc4bb1690?s=96&d=mm&r=g\",\"caption\":\"Alicia\"},\"url\":\"https:\/\/www.asajacyl.com\/segovia\/author\/aliciasc\"}]}<\/script>\n<!-- \/ Yoast SEO plugin. -->","yoast_head_json":{"title":"La lana espa\u00f1ola, un producto de primer nivel, se convierte en un problema para nuestros ganaderos de ovino. - ASAJA Segovia","description":"ASAJA-Segovia alerta del gran problema que tienen las ganader\u00edas Ovino con el mercado de la lana. Las Administraciones P\u00fablicas est\u00e1n realizando una labor","robots":{"index":"index","follow":"follow","max-snippet":"max-snippet:-1","max-image-preview":"max-image-preview:large","max-video-preview":"max-video-preview:-1"},"canonical":"https:\/\/www.asajacyl.com\/segovia\/asaja-segovia-informa\/la-lana-espanola-un-producto-de-primer-nivel-se-convierte-en-un-problema-para-nuestros-ganaderos-de-ovino","og_locale":"es_ES","og_type":"article","og_title":"La lana espa\u00f1ola, un producto de primer nivel, se convierte en un problema para nuestros ganaderos de ovino. - ASAJA Segovia","og_description":"ASAJA-Segovia alerta del gran problema que tienen las ganader\u00edas Ovino con el mercado de la lana. Las Administraciones P\u00fablicas est\u00e1n realizando una labor","og_url":"https:\/\/www.asajacyl.com\/segovia\/asaja-segovia-informa\/la-lana-espanola-un-producto-de-primer-nivel-se-convierte-en-un-problema-para-nuestros-ganaderos-de-ovino","og_site_name":"ASAJA Segovia","article_published_time":"2024-06-25T12:39:40+00:00","article_modified_time":"2024-06-25T12:39:44+00:00","og_image":[{"width":2000,"height":1500,"url":"https:\/\/www.asajacyl.com\/segovia\/wp-content\/uploads\/sites\/8\/2024\/06\/Lana-Almacenada-en-Ganaderia-de-Ovino-de-Segovia.jpeg","type":"image\/jpeg"}],"author":"Alicia","twitter_card":"summary_large_image","twitter_misc":{"Escrito por":"Alicia","Tiempo de lectura":"3 minutos"},"schema":{"@context":"https:\/\/schema.org","@graph":[{"@type":"WebPage","@id":"https:\/\/www.asajacyl.com\/segovia\/asaja-segovia-informa\/la-lana-espanola-un-producto-de-primer-nivel-se-convierte-en-un-problema-para-nuestros-ganaderos-de-ovino","url":"https:\/\/www.asajacyl.com\/segovia\/asaja-segovia-informa\/la-lana-espanola-un-producto-de-primer-nivel-se-convierte-en-un-problema-para-nuestros-ganaderos-de-ovino","name":"La lana espa\u00f1ola, un producto de primer nivel, se convierte en un problema para nuestros ganaderos de ovino. - ASAJA Segovia","isPartOf":{"@id":"https:\/\/www.asajacyl.com\/segovia\/#website"},"primaryImageOfPage":{"@id":"https:\/\/www.asajacyl.com\/segovia\/asaja-segovia-informa\/la-lana-espanola-un-producto-de-primer-nivel-se-convierte-en-un-problema-para-nuestros-ganaderos-de-ovino#primaryimage"},"image":{"@id":"https:\/\/www.asajacyl.com\/segovia\/asaja-segovia-informa\/la-lana-espanola-un-producto-de-primer-nivel-se-convierte-en-un-problema-para-nuestros-ganaderos-de-ovino#primaryimage"},"thumbnailUrl":"https:\/\/www.asajacyl.com\/segovia\/wp-content\/uploads\/sites\/8\/2024\/06\/Lana-Almacenada-en-Ganaderia-de-Ovino-de-Segovia.jpeg","datePublished":"2024-06-25T12:39:40+00:00","dateModified":"2024-06-25T12:39:44+00:00","author":{"@id":"https:\/\/www.asajacyl.com\/segovia\/#\/schema\/person\/f044fca5805bb46713e11715709aef4d"},"description":"ASAJA-Segovia alerta del gran problema que tienen las ganader\u00edas Ovino con el mercado de la lana. Las Administraciones P\u00fablicas est\u00e1n realizando una labor","breadcrumb":{"@id":"https:\/\/www.asajacyl.com\/segovia\/asaja-segovia-informa\/la-lana-espanola-un-producto-de-primer-nivel-se-convierte-en-un-problema-para-nuestros-ganaderos-de-ovino#breadcrumb"},"inLanguage":"es","potentialAction":[{"@type":"ReadAction","target":["https:\/\/www.asajacyl.com\/segovia\/asaja-segovia-informa\/la-lana-espanola-un-producto-de-primer-nivel-se-convierte-en-un-problema-para-nuestros-ganaderos-de-ovino"]}]},{"@type":"ImageObject","inLanguage":"es","@id":"https:\/\/www.asajacyl.com\/segovia\/asaja-segovia-informa\/la-lana-espanola-un-producto-de-primer-nivel-se-convierte-en-un-problema-para-nuestros-ganaderos-de-ovino#primaryimage","url":"https:\/\/www.asajacyl.com\/segovia\/wp-content\/uploads\/sites\/8\/2024\/06\/Lana-Almacenada-en-Ganaderia-de-Ovino-de-Segovia.jpeg","contentUrl":"https:\/\/www.asajacyl.com\/segovia\/wp-content\/uploads\/sites\/8\/2024\/06\/Lana-Almacenada-en-Ganaderia-de-Ovino-de-Segovia.jpeg","width":2000,"height":1500},{"@type":"BreadcrumbList","@id":"https:\/\/www.asajacyl.com\/segovia\/asaja-segovia-informa\/la-lana-espanola-un-producto-de-primer-nivel-se-convierte-en-un-problema-para-nuestros-ganaderos-de-ovino#breadcrumb","itemListElement":[{"@type":"ListItem","position":1,"name":"Portada","item":"https:\/\/www.asajacyl.com\/segovia\/"},{"@type":"ListItem","position":2,"name":"La lana espa\u00f1ola, un producto de primer nivel, se convierte en un problema para nuestros ganaderos de ovino."}]},{"@type":"WebSite","@id":"https:\/\/www.asajacyl.com\/segovia\/#website","url":"https:\/\/www.asajacyl.com\/segovia\/","name":"ASAJA Segovia","description":"Otro sitio m\u00e1s de Provincias ASAJA Castilla y Le\u00f3n","potentialAction":[{"@type":"SearchAction","target":{"@type":"EntryPoint","urlTemplate":"https:\/\/www.asajacyl.com\/segovia\/?s={search_term_string}"},"query-input":{"@type":"PropertyValueSpecification","valueRequired":true,"valueName":"search_term_string"}}],"inLanguage":"es"},{"@type":"Person","@id":"https:\/\/www.asajacyl.com\/segovia\/#\/schema\/person\/f044fca5805bb46713e11715709aef4d","name":"Alicia","image":{"@type":"ImageObject","inLanguage":"es","@id":"https:\/\/www.asajacyl.com\/segovia\/#\/schema\/person\/image\/","url":"https:\/\/secure.gravatar.com\/avatar\/054cff43263e39aa6e74950dc4bb1690?s=96&d=mm&r=g","contentUrl":"https:\/\/secure.gravatar.com\/avatar\/054cff43263e39aa6e74950dc4bb1690?s=96&d=mm&r=g","caption":"Alicia"},"url":"https:\/\/www.asajacyl.com\/segovia\/author\/aliciasc"}]}},"_links":{"self":[{"href":"https:\/\/www.asajacyl.com\/segovia\/wp-json\/wp\/v2\/posts\/1690"}],"collection":[{"href":"https:\/\/www.asajacyl.com\/segovia\/wp-json\/wp\/v2\/posts"}],"about":[{"href":"https:\/\/www.asajacyl.com\/segovia\/wp-json\/wp\/v2\/types\/post"}],"author":[{"embeddable":true,"href":"https:\/\/www.asajacyl.com\/segovia\/wp-json\/wp\/v2\/users\/11"}],"replies":[{"embeddable":true,"href":"https:\/\/www.asajacyl.com\/segovia\/wp-json\/wp\/v2\/comments?post=1690"}],"version-history":[{"count":1,"href":"https:\/\/www.asajacyl.com\/segovia\/wp-json\/wp\/v2\/posts\/1690\/revisions"}],"predecessor-version":[{"id":1695,"href":"https:\/\/www.asajacyl.com\/segovia\/wp-json\/wp\/v2\/posts\/1690\/revisions\/1695"}],"wp:featuredmedia":[{"embeddable":true,"href":"https:\/\/www.asajacyl.com\/segovia\/wp-json\/wp\/v2\/media\/1691"}],"wp:attachment":[{"href":"https:\/\/www.asajacyl.com\/segovia\/wp-json\/wp\/v2\/media?parent=1690"}],"wp:term":[{"taxonomy":"category","embeddable":true,"href":"https:\/\/www.asajacyl.com\/segovia\/wp-json\/wp\/v2\/categories?post=1690"},{"taxonomy":"post_tag","embeddable":true,"href":"https:\/\/www.asajacyl.com\/segovia\/wp-json\/wp\/v2\/tags?post=1690"}],"curies":[{"name":"wp","href":"https:\/\/api.w.org\/{rel}","templated":true}]}}