{"id":1697,"date":"2024-06-28T12:13:04","date_gmt":"2024-06-28T10:13:04","guid":{"rendered":"https:\/\/www.asajacyl.com\/segovia\/?p=1697"},"modified":"2024-06-28T12:13:07","modified_gmt":"2024-06-28T10:13:07","slug":"el-precio-del-grano-la-ruina-del-sector-cerealista","status":"publish","type":"post","link":"https:\/\/www.asajacyl.com\/segovia\/asaja-segovia-informa\/el-precio-del-grano-la-ruina-del-sector-cerealista","title":{"rendered":"El precio del grano, la ruina del sector cerealista."},"content":{"rendered":"\n<p><strong>ASAJA-Segovia denuncia la situaci\u00f3n de precariedad del sector cerealista: <\/strong>precios de hace 40 a\u00f1os, con unos costes de producci\u00f3n insostenibles y un Gobierno que no atiende ninguna demanda del sector.<\/p>\n\n\n\n<p><strong>Segovia, 28 de junio de 2024.- <\/strong>El precio del cereal en Espa\u00f1a se encuentra en situaci\u00f3n de ca\u00edda absoluta, lo que va a derivar en una crisis nunca vista en el sector cerealista de nuestro pa\u00eds.<\/p>\n\n\n\n<p>Desde nuestra organizaci\u00f3n provincial solicitamos de manera urgente un plan de choque que evita la destrucci\u00f3n y ruina total de nuestros agricultores.<\/p>\n\n\n\n<p>Este plan de choque debe tocar varios puntos de forma inmediata que palie la situaci\u00f3n del sector. Si est\u00e1 situaci\u00f3n no se revierte el sector entrar\u00e1 en quiebra t\u00e9cnica en muy pocos d\u00edas.<\/p>\n\n\n\n<ul>\n<li>Implantaci\u00f3n de aranceles ya, a las importaciones de cualquier pa\u00eds de fuera de la Uni\u00f3n Europea, principalmente Ucrania y Rusia.<\/li>\n\n\n\n<li>Implantaci\u00f3n de ayudas para la compra de fertilizantes.<\/li>\n\n\n\n<li>Aumento en el importe de devoluci\u00f3n del Impuesto Especial de Hidrocarburos.<\/li>\n\n\n\n<li>Sanciones a operadores, que presionan el precio del grano a la baja sin ning\u00fan criterio de mercado, \u00fanicamente con el objetivo de hundir los precios.<\/li>\n\n\n\n<li>Aumento de la subvenci\u00f3n y condiciones de Agroseguro para cubrir nuestras producciones a mejor precio.<\/li>\n\n\n\n<li>Intervenci\u00f3n del mercado, hasta que haya una recuperaci\u00f3n de precios.<\/li>\n\n\n\n<li>Aplicaci\u00f3n inmediata de la Ley de la cadena, implementando sanciones aquellos operadores que trabajen al margen de la legalidad.<\/li>\n\n\n\n<li>Recuperar ciertas materias activas que eran \u00fatiles en agricultura, que facilitaban las producciones de cereal y oleaginosas.<\/li>\n\n\n\n<li>Permitir la quema de rastrojos, porque mejorar\u00eda el control de malas hierbas y enfermedades lo que derivar\u00eda en la mejora del Medio Ambiente por el uso de menos fitosanitarios.<\/li>\n\n\n\n<li>Implementar medidas para que los pa\u00edses importadores de materias primas, tengan los mismos condicionantes de producci\u00f3n que en nuestro pa\u00eds.<\/li>\n<\/ul>\n\n\n\n<p>Las medidas propuestas, son medidas de car\u00e1cter urgente y coyuntural, para evitar la ruina del sector en corto plazo. Pero si nuestro Gobierno no act\u00faa de forma coordinada con las CC.AA y con voluntad de mejorar la situaci\u00f3n del sector, estas crisis de volver\u00e1n estructurales, lo que derivar\u00e1 en la desaparici\u00f3n del sector cerealista espa\u00f1ol.<\/p>\n\n\n\n<p>Los costes de producci\u00f3n, tambi\u00e9n un a\u00f1o m\u00e1s, han sido muy elevados y los precios que se est\u00e1n pagando a los agricultores siguen siendo bajos. &nbsp;Los precios nos vienen marcados por los puertos y son los grandes compradores los que est\u00e1n presionando los precios a la baja, la especulaci\u00f3n sigue imponi\u00e9ndose en los precios del cereal lo que conlleva la falta de rentabilidad y cada vez m\u00e1s cercana la ruina del campo.<\/p>\n\n\n\n<p>Desde ASAJA consideramos prioritario que la Ley de la Cadena Agroalimentaria se aplique tambi\u00e9n para el mercado de los cereales y se haga con rigor ya que los agricultores no pueden seguir manteniendo su actividad productora y vendiendo el cereal, en muchos casos, a p\u00e9rdidas.<\/p>\n\n\n\n<p>Es insostenible que el precio del cereal sea el mismo de hace 40 a\u00f1os, cuando la evoluci\u00f3n de los precios ha ido en aumento a una media de 2% anual aproximadamente. Solo con fijarnos en la evoluci\u00f3n de los precios por ejemplo de: maquinaria, abono, salarios p\u00fablicos y privados, combustible, construcci\u00f3n, combustibles, luz etc\u2026 El precio del cereal se ha quedado desplazado del sistema econ\u00f3mico ordinario, lo que est\u00e1 derivando en la ruina de nuestros agricultores.<\/p>\n\n\n\n<p>Desde ASAJA, le insistimos a nuestro Gobierno que oiga a nuestro sector e implemente medidas reales y eficaces para solucionar la situaci\u00f3n del precio del cereal y se deje de fuegos de artificios que no solucionan nada.<\/p>\n\n\n\n<figure class=\"wp-block-image size-large\"><img loading=\"lazy\" decoding=\"async\" width=\"1024\" height=\"767\" src=\"https:\/\/www.asajacyl.com\/segovia\/wp-content\/uploads\/sites\/8\/2024\/06\/cosechadora-junio-2024-1024x767.jpg\" alt=\"\" class=\"wp-image-1699\" srcset=\"https:\/\/www.asajacyl.com\/segovia\/wp-content\/uploads\/sites\/8\/2024\/06\/cosechadora-junio-2024-1024x767.jpg 1024w, https:\/\/www.asajacyl.com\/segovia\/wp-content\/uploads\/sites\/8\/2024\/06\/cosechadora-junio-2024-300x225.jpg 300w, https:\/\/www.asajacyl.com\/segovia\/wp-content\/uploads\/sites\/8\/2024\/06\/cosechadora-junio-2024-768x575.jpg 768w, https:\/\/www.asajacyl.com\/segovia\/wp-content\/uploads\/sites\/8\/2024\/06\/cosechadora-junio-2024-560x420.jpg 560w, https:\/\/www.asajacyl.com\/segovia\/wp-content\/uploads\/sites\/8\/2024\/06\/cosechadora-junio-2024-80x60.jpg 80w, https:\/\/www.asajacyl.com\/segovia\/wp-content\/uploads\/sites\/8\/2024\/06\/cosechadora-junio-2024-696x522.jpg 696w, https:\/\/www.asajacyl.com\/segovia\/wp-content\/uploads\/sites\/8\/2024\/06\/cosechadora-junio-2024-1068x800.jpg 1068w, https:\/\/www.asajacyl.com\/segovia\/wp-content\/uploads\/sites\/8\/2024\/06\/cosechadora-junio-2024.jpg 1500w\" sizes=\"(max-width: 1024px) 100vw, 1024px\" \/><\/figure>\n","protected":false},"excerpt":{"rendered":"<p>ASAJA-Segovia denuncia la situaci\u00f3n de precariedad del sector cerealista: precios de hace 40 a\u00f1os, con unos costes de producci\u00f3n insostenibles y un Gobierno que no atiende ninguna demanda del sector. Segovia, 28 de junio de 2024.- El precio del cereal en Espa\u00f1a se encuentra en situaci\u00f3n de ca\u00edda absoluta, lo que va a derivar en [&hellip;]<\/p>\n","protected":false},"author":11,"featured_media":1698,"comment_status":"open","ping_status":"open","sticky":false,"template":"","format":"standard","meta":{"footnotes":""},"categories":[10,27,26],"tags":[],"yoast_head":"<!-- This site is optimized with the Yoast SEO plugin v24.5 - https:\/\/yoast.com\/wordpress\/plugins\/seo\/ -->\n<title>El precio del grano, la ruina del sector cerealista. - ASAJA Segovia<\/title>\n<meta name=\"description\" content=\"ASAJA-Segovia denuncia la situaci\u00f3n de precariedad del sector cerealista: precios de hace 40 a\u00f1os, con unos costes de producci\u00f3n insostenibles y un\" \/>\n<meta name=\"robots\" content=\"index, follow, max-snippet:-1, max-image-preview:large, max-video-preview:-1\" \/>\n<link rel=\"canonical\" href=\"https:\/\/www.asajacyl.com\/segovia\/asaja-segovia-informa\/el-precio-del-grano-la-ruina-del-sector-cerealista\" \/>\n<meta property=\"og:locale\" content=\"es_ES\" \/>\n<meta property=\"og:type\" content=\"article\" \/>\n<meta property=\"og:title\" content=\"El precio del grano, la ruina del sector cerealista. - ASAJA Segovia\" \/>\n<meta property=\"og:description\" content=\"ASAJA-Segovia denuncia la situaci\u00f3n de precariedad del sector cerealista: precios de hace 40 a\u00f1os, con unos costes de producci\u00f3n insostenibles y un\" \/>\n<meta property=\"og:url\" content=\"https:\/\/www.asajacyl.com\/segovia\/asaja-segovia-informa\/el-precio-del-grano-la-ruina-del-sector-cerealista\" \/>\n<meta property=\"og:site_name\" content=\"ASAJA Segovia\" \/>\n<meta property=\"article:published_time\" content=\"2024-06-28T10:13:04+00:00\" \/>\n<meta property=\"article:modified_time\" content=\"2024-06-28T10:13:07+00:00\" \/>\n<meta property=\"og:image\" content=\"https:\/\/www.asajacyl.com\/segovia\/wp-content\/uploads\/sites\/8\/2024\/06\/foto-junio-cosechadora-montaje-copia.jpg\" \/>\n\t<meta property=\"og:image:width\" content=\"984\" \/>\n\t<meta property=\"og:image:height\" content=\"472\" \/>\n\t<meta property=\"og:image:type\" content=\"image\/jpeg\" \/>\n<meta name=\"author\" content=\"Alicia\" \/>\n<meta name=\"twitter:card\" content=\"summary_large_image\" \/>\n<meta name=\"twitter:label1\" content=\"Escrito por\" \/>\n\t<meta name=\"twitter:data1\" content=\"Alicia\" \/>\n\t<meta name=\"twitter:label2\" content=\"Tiempo de lectura\" \/>\n\t<meta name=\"twitter:data2\" content=\"4 minutos\" \/>\n<script type=\"application\/ld+json\" class=\"yoast-schema-graph\">{\"@context\":\"https:\/\/schema.org\",\"@graph\":[{\"@type\":\"WebPage\",\"@id\":\"https:\/\/www.asajacyl.com\/segovia\/asaja-segovia-informa\/el-precio-del-grano-la-ruina-del-sector-cerealista\",\"url\":\"https:\/\/www.asajacyl.com\/segovia\/asaja-segovia-informa\/el-precio-del-grano-la-ruina-del-sector-cerealista\",\"name\":\"El precio del grano, la ruina del sector cerealista. - ASAJA Segovia\",\"isPartOf\":{\"@id\":\"https:\/\/www.asajacyl.com\/segovia\/#website\"},\"primaryImageOfPage\":{\"@id\":\"https:\/\/www.asajacyl.com\/segovia\/asaja-segovia-informa\/el-precio-del-grano-la-ruina-del-sector-cerealista#primaryimage\"},\"image\":{\"@id\":\"https:\/\/www.asajacyl.com\/segovia\/asaja-segovia-informa\/el-precio-del-grano-la-ruina-del-sector-cerealista#primaryimage\"},\"thumbnailUrl\":\"https:\/\/www.asajacyl.com\/segovia\/wp-content\/uploads\/sites\/8\/2024\/06\/foto-junio-cosechadora-montaje-copia.jpg\",\"datePublished\":\"2024-06-28T10:13:04+00:00\",\"dateModified\":\"2024-06-28T10:13:07+00:00\",\"author\":{\"@id\":\"https:\/\/www.asajacyl.com\/segovia\/#\/schema\/person\/f044fca5805bb46713e11715709aef4d\"},\"description\":\"ASAJA-Segovia denuncia la situaci\u00f3n de precariedad del sector cerealista: precios de hace 40 a\u00f1os, con unos costes de producci\u00f3n insostenibles y un\",\"breadcrumb\":{\"@id\":\"https:\/\/www.asajacyl.com\/segovia\/asaja-segovia-informa\/el-precio-del-grano-la-ruina-del-sector-cerealista#breadcrumb\"},\"inLanguage\":\"es\",\"potentialAction\":[{\"@type\":\"ReadAction\",\"target\":[\"https:\/\/www.asajacyl.com\/segovia\/asaja-segovia-informa\/el-precio-del-grano-la-ruina-del-sector-cerealista\"]}]},{\"@type\":\"ImageObject\",\"inLanguage\":\"es\",\"@id\":\"https:\/\/www.asajacyl.com\/segovia\/asaja-segovia-informa\/el-precio-del-grano-la-ruina-del-sector-cerealista#primaryimage\",\"url\":\"https:\/\/www.asajacyl.com\/segovia\/wp-content\/uploads\/sites\/8\/2024\/06\/foto-junio-cosechadora-montaje-copia.jpg\",\"contentUrl\":\"https:\/\/www.asajacyl.com\/segovia\/wp-content\/uploads\/sites\/8\/2024\/06\/foto-junio-cosechadora-montaje-copia.jpg\",\"width\":984,\"height\":472},{\"@type\":\"BreadcrumbList\",\"@id\":\"https:\/\/www.asajacyl.com\/segovia\/asaja-segovia-informa\/el-precio-del-grano-la-ruina-del-sector-cerealista#breadcrumb\",\"itemListElement\":[{\"@type\":\"ListItem\",\"position\":1,\"name\":\"Portada\",\"item\":\"https:\/\/www.asajacyl.com\/segovia\/\"},{\"@type\":\"ListItem\",\"position\":2,\"name\":\"El precio del grano, la ruina del sector cerealista.\"}]},{\"@type\":\"WebSite\",\"@id\":\"https:\/\/www.asajacyl.com\/segovia\/#website\",\"url\":\"https:\/\/www.asajacyl.com\/segovia\/\",\"name\":\"ASAJA Segovia\",\"description\":\"Otro sitio m\u00e1s de Provincias ASAJA Castilla y Le\u00f3n\",\"potentialAction\":[{\"@type\":\"SearchAction\",\"target\":{\"@type\":\"EntryPoint\",\"urlTemplate\":\"https:\/\/www.asajacyl.com\/segovia\/?s={search_term_string}\"},\"query-input\":{\"@type\":\"PropertyValueSpecification\",\"valueRequired\":true,\"valueName\":\"search_term_string\"}}],\"inLanguage\":\"es\"},{\"@type\":\"Person\",\"@id\":\"https:\/\/www.asajacyl.com\/segovia\/#\/schema\/person\/f044fca5805bb46713e11715709aef4d\",\"name\":\"Alicia\",\"image\":{\"@type\":\"ImageObject\",\"inLanguage\":\"es\",\"@id\":\"https:\/\/www.asajacyl.com\/segovia\/#\/schema\/person\/image\/\",\"url\":\"https:\/\/secure.gravatar.com\/avatar\/054cff43263e39aa6e74950dc4bb1690?s=96&d=mm&r=g\",\"contentUrl\":\"https:\/\/secure.gravatar.com\/avatar\/054cff43263e39aa6e74950dc4bb1690?s=96&d=mm&r=g\",\"caption\":\"Alicia\"},\"url\":\"https:\/\/www.asajacyl.com\/segovia\/author\/aliciasc\"}]}<\/script>\n<!-- \/ Yoast SEO plugin. -->","yoast_head_json":{"title":"El precio del grano, la ruina del sector cerealista. - ASAJA Segovia","description":"ASAJA-Segovia denuncia la situaci\u00f3n de precariedad del sector cerealista: precios de hace 40 a\u00f1os, con unos costes de producci\u00f3n insostenibles y un","robots":{"index":"index","follow":"follow","max-snippet":"max-snippet:-1","max-image-preview":"max-image-preview:large","max-video-preview":"max-video-preview:-1"},"canonical":"https:\/\/www.asajacyl.com\/segovia\/asaja-segovia-informa\/el-precio-del-grano-la-ruina-del-sector-cerealista","og_locale":"es_ES","og_type":"article","og_title":"El precio del grano, la ruina del sector cerealista. - ASAJA Segovia","og_description":"ASAJA-Segovia denuncia la situaci\u00f3n de precariedad del sector cerealista: precios de hace 40 a\u00f1os, con unos costes de producci\u00f3n insostenibles y un","og_url":"https:\/\/www.asajacyl.com\/segovia\/asaja-segovia-informa\/el-precio-del-grano-la-ruina-del-sector-cerealista","og_site_name":"ASAJA Segovia","article_published_time":"2024-06-28T10:13:04+00:00","article_modified_time":"2024-06-28T10:13:07+00:00","og_image":[{"width":984,"height":472,"url":"https:\/\/www.asajacyl.com\/segovia\/wp-content\/uploads\/sites\/8\/2024\/06\/foto-junio-cosechadora-montaje-copia.jpg","type":"image\/jpeg"}],"author":"Alicia","twitter_card":"summary_large_image","twitter_misc":{"Escrito por":"Alicia","Tiempo de lectura":"4 minutos"},"schema":{"@context":"https:\/\/schema.org","@graph":[{"@type":"WebPage","@id":"https:\/\/www.asajacyl.com\/segovia\/asaja-segovia-informa\/el-precio-del-grano-la-ruina-del-sector-cerealista","url":"https:\/\/www.asajacyl.com\/segovia\/asaja-segovia-informa\/el-precio-del-grano-la-ruina-del-sector-cerealista","name":"El precio del grano, la ruina del sector cerealista. - ASAJA Segovia","isPartOf":{"@id":"https:\/\/www.asajacyl.com\/segovia\/#website"},"primaryImageOfPage":{"@id":"https:\/\/www.asajacyl.com\/segovia\/asaja-segovia-informa\/el-precio-del-grano-la-ruina-del-sector-cerealista#primaryimage"},"image":{"@id":"https:\/\/www.asajacyl.com\/segovia\/asaja-segovia-informa\/el-precio-del-grano-la-ruina-del-sector-cerealista#primaryimage"},"thumbnailUrl":"https:\/\/www.asajacyl.com\/segovia\/wp-content\/uploads\/sites\/8\/2024\/06\/foto-junio-cosechadora-montaje-copia.jpg","datePublished":"2024-06-28T10:13:04+00:00","dateModified":"2024-06-28T10:13:07+00:00","author":{"@id":"https:\/\/www.asajacyl.com\/segovia\/#\/schema\/person\/f044fca5805bb46713e11715709aef4d"},"description":"ASAJA-Segovia denuncia la situaci\u00f3n de precariedad del sector cerealista: precios de hace 40 a\u00f1os, con unos costes de producci\u00f3n insostenibles y un","breadcrumb":{"@id":"https:\/\/www.asajacyl.com\/segovia\/asaja-segovia-informa\/el-precio-del-grano-la-ruina-del-sector-cerealista#breadcrumb"},"inLanguage":"es","potentialAction":[{"@type":"ReadAction","target":["https:\/\/www.asajacyl.com\/segovia\/asaja-segovia-informa\/el-precio-del-grano-la-ruina-del-sector-cerealista"]}]},{"@type":"ImageObject","inLanguage":"es","@id":"https:\/\/www.asajacyl.com\/segovia\/asaja-segovia-informa\/el-precio-del-grano-la-ruina-del-sector-cerealista#primaryimage","url":"https:\/\/www.asajacyl.com\/segovia\/wp-content\/uploads\/sites\/8\/2024\/06\/foto-junio-cosechadora-montaje-copia.jpg","contentUrl":"https:\/\/www.asajacyl.com\/segovia\/wp-content\/uploads\/sites\/8\/2024\/06\/foto-junio-cosechadora-montaje-copia.jpg","width":984,"height":472},{"@type":"BreadcrumbList","@id":"https:\/\/www.asajacyl.com\/segovia\/asaja-segovia-informa\/el-precio-del-grano-la-ruina-del-sector-cerealista#breadcrumb","itemListElement":[{"@type":"ListItem","position":1,"name":"Portada","item":"https:\/\/www.asajacyl.com\/segovia\/"},{"@type":"ListItem","position":2,"name":"El precio del grano, la ruina del sector cerealista."}]},{"@type":"WebSite","@id":"https:\/\/www.asajacyl.com\/segovia\/#website","url":"https:\/\/www.asajacyl.com\/segovia\/","name":"ASAJA Segovia","description":"Otro sitio m\u00e1s de Provincias ASAJA Castilla y Le\u00f3n","potentialAction":[{"@type":"SearchAction","target":{"@type":"EntryPoint","urlTemplate":"https:\/\/www.asajacyl.com\/segovia\/?s={search_term_string}"},"query-input":{"@type":"PropertyValueSpecification","valueRequired":true,"valueName":"search_term_string"}}],"inLanguage":"es"},{"@type":"Person","@id":"https:\/\/www.asajacyl.com\/segovia\/#\/schema\/person\/f044fca5805bb46713e11715709aef4d","name":"Alicia","image":{"@type":"ImageObject","inLanguage":"es","@id":"https:\/\/www.asajacyl.com\/segovia\/#\/schema\/person\/image\/","url":"https:\/\/secure.gravatar.com\/avatar\/054cff43263e39aa6e74950dc4bb1690?s=96&d=mm&r=g","contentUrl":"https:\/\/secure.gravatar.com\/avatar\/054cff43263e39aa6e74950dc4bb1690?s=96&d=mm&r=g","caption":"Alicia"},"url":"https:\/\/www.asajacyl.com\/segovia\/author\/aliciasc"}]}},"_links":{"self":[{"href":"https:\/\/www.asajacyl.com\/segovia\/wp-json\/wp\/v2\/posts\/1697"}],"collection":[{"href":"https:\/\/www.asajacyl.com\/segovia\/wp-json\/wp\/v2\/posts"}],"about":[{"href":"https:\/\/www.asajacyl.com\/segovia\/wp-json\/wp\/v2\/types\/post"}],"author":[{"embeddable":true,"href":"https:\/\/www.asajacyl.com\/segovia\/wp-json\/wp\/v2\/users\/11"}],"replies":[{"embeddable":true,"href":"https:\/\/www.asajacyl.com\/segovia\/wp-json\/wp\/v2\/comments?post=1697"}],"version-history":[{"count":1,"href":"https:\/\/www.asajacyl.com\/segovia\/wp-json\/wp\/v2\/posts\/1697\/revisions"}],"predecessor-version":[{"id":1700,"href":"https:\/\/www.asajacyl.com\/segovia\/wp-json\/wp\/v2\/posts\/1697\/revisions\/1700"}],"wp:featuredmedia":[{"embeddable":true,"href":"https:\/\/www.asajacyl.com\/segovia\/wp-json\/wp\/v2\/media\/1698"}],"wp:attachment":[{"href":"https:\/\/www.asajacyl.com\/segovia\/wp-json\/wp\/v2\/media?parent=1697"}],"wp:term":[{"taxonomy":"category","embeddable":true,"href":"https:\/\/www.asajacyl.com\/segovia\/wp-json\/wp\/v2\/categories?post=1697"},{"taxonomy":"post_tag","embeddable":true,"href":"https:\/\/www.asajacyl.com\/segovia\/wp-json\/wp\/v2\/tags?post=1697"}],"curies":[{"name":"wp","href":"https:\/\/api.w.org\/{rel}","templated":true}]}}