{"id":1710,"date":"2024-07-10T12:22:47","date_gmt":"2024-07-10T10:22:47","guid":{"rendered":"https:\/\/www.asajacyl.com\/segovia\/?p=1710"},"modified":"2024-07-10T12:24:32","modified_gmt":"2024-07-10T10:24:32","slug":"el-granizo-agrava-la-mala-situacion-del-sector-cerealista-en-segovia","status":"publish","type":"post","link":"https:\/\/www.asajacyl.com\/segovia\/asaja-segovia-informa\/el-granizo-agrava-la-mala-situacion-del-sector-cerealista-en-segovia","title":{"rendered":"El granizo agrava la mala situaci\u00f3n del sector cerealista en Segovia"},"content":{"rendered":"\n<p><strong>El granizo y la sequ\u00eda comprometen la rentabilidad de las explotaciones cerealistas del centro y sur de la provincia de Segovia.<\/strong><\/p>\n\n\n\n<p>En algunos municipios de nuestra provincia los \u00faltimos siniestros por granizo han causado un 80% de media de da\u00f1os a nivel de parcela, por lo que el a\u00f1o 2024 para muchas explotaciones cerealistas de Segovia ser\u00e1 ruinoso.<\/p>\n\n\n\n<p>El granizo ha afectado a diversos municipios de la provincia como son: Carbonero de Ahus\u00edn, Los Huertos, Valverde del Majano, Escarabajosa de Cabezas, Cantimpalos, Abades, Lastras del Pozo, etc.<\/p>\n\n\n\n<p>Este suceso meteorol\u00f3gico ha agravado la situaci\u00f3n de crisis en muchas explotaciones cerealistas de la provincia; los altos costes de producci\u00f3n y los bajos precios del grano, pueden dar la puntilla a muchos agricultores de nuestra provincia.<\/p>\n\n\n\n<p>Desde ASAJA SEGOVIA, demandamos que se articulen medidas urgentes de apoyo a estas explotaciones que han tenido graves problemas por sequ\u00eda y granizo, debido a que la falta de rentabilidad y los altos costes e insumos de las explotaciones cerealistas conllevar\u00e1 a una situaci\u00f3n limite en cuanto a rentabilidad y sostenimiento de explotaciones de nuestra provincia.<\/p>\n\n\n\n<p>Desde nuestra organizaci\u00f3n provincial alertamos a las administraciones p\u00fablicas que si no hacen caso a las demandas del sector a la vuelta de muy poco tiempo no habr\u00e1 personas dedicadas a la producci\u00f3n de alimentos de alta calidad y primera necesidad, lo que provocar\u00e1 un despoblamiento total de nuestras zonas rurales.<\/p>\n","protected":false},"excerpt":{"rendered":"<p>El granizo y la sequ\u00eda comprometen la rentabilidad de las explotaciones cerealistas del centro y sur de la provincia de Segovia. En algunos municipios de nuestra provincia los \u00faltimos siniestros por granizo han causado un 80% de media de da\u00f1os a nivel de parcela, por lo que el a\u00f1o 2024 para muchas explotaciones cerealistas de [&hellip;]<\/p>\n","protected":false},"author":11,"featured_media":1711,"comment_status":"open","ping_status":"open","sticky":false,"template":"","format":"standard","meta":{"footnotes":""},"categories":[10,27,28,26],"tags":[],"yoast_head":"<!-- This site is optimized with the Yoast SEO plugin v24.5 - https:\/\/yoast.com\/wordpress\/plugins\/seo\/ -->\n<title>El granizo agrava la mala situaci\u00f3n del sector cerealista en Segovia - ASAJA Segovia<\/title>\n<meta name=\"description\" content=\"El granizo y la sequ\u00eda comprometen la rentabilidad de las explotaciones cerealistas del centro y sur de la provincia de Segovia. En algunos municipios de\" \/>\n<meta name=\"robots\" content=\"index, follow, max-snippet:-1, max-image-preview:large, max-video-preview:-1\" \/>\n<link rel=\"canonical\" href=\"https:\/\/www.asajacyl.com\/segovia\/asaja-segovia-informa\/el-granizo-agrava-la-mala-situacion-del-sector-cerealista-en-segovia\" \/>\n<meta property=\"og:locale\" content=\"es_ES\" \/>\n<meta property=\"og:type\" content=\"article\" \/>\n<meta property=\"og:title\" content=\"El granizo agrava la mala situaci\u00f3n del sector cerealista en Segovia - ASAJA Segovia\" \/>\n<meta property=\"og:description\" content=\"El granizo y la sequ\u00eda comprometen la rentabilidad de las explotaciones cerealistas del centro y sur de la provincia de Segovia. En algunos municipios de\" \/>\n<meta property=\"og:url\" content=\"https:\/\/www.asajacyl.com\/segovia\/asaja-segovia-informa\/el-granizo-agrava-la-mala-situacion-del-sector-cerealista-en-segovia\" \/>\n<meta property=\"og:site_name\" content=\"ASAJA Segovia\" \/>\n<meta property=\"article:published_time\" content=\"2024-07-10T10:22:47+00:00\" \/>\n<meta property=\"article:modified_time\" content=\"2024-07-10T10:24:32+00:00\" \/>\n<meta property=\"og:image\" content=\"https:\/\/www.asajacyl.com\/segovia\/wp-content\/uploads\/sites\/8\/2024\/07\/CULTIVOS-CEREAL-GRANIZADA.jpg\" \/>\n\t<meta property=\"og:image:width\" content=\"1068\" \/>\n\t<meta property=\"og:image:height\" content=\"688\" \/>\n\t<meta property=\"og:image:type\" content=\"image\/jpeg\" \/>\n<meta name=\"author\" content=\"Alicia\" \/>\n<meta name=\"twitter:card\" content=\"summary_large_image\" \/>\n<meta name=\"twitter:label1\" content=\"Escrito por\" \/>\n\t<meta name=\"twitter:data1\" content=\"Alicia\" \/>\n\t<meta name=\"twitter:label2\" content=\"Tiempo de lectura\" \/>\n\t<meta name=\"twitter:data2\" content=\"2 minutos\" \/>\n<script type=\"application\/ld+json\" class=\"yoast-schema-graph\">{\"@context\":\"https:\/\/schema.org\",\"@graph\":[{\"@type\":\"WebPage\",\"@id\":\"https:\/\/www.asajacyl.com\/segovia\/asaja-segovia-informa\/el-granizo-agrava-la-mala-situacion-del-sector-cerealista-en-segovia\",\"url\":\"https:\/\/www.asajacyl.com\/segovia\/asaja-segovia-informa\/el-granizo-agrava-la-mala-situacion-del-sector-cerealista-en-segovia\",\"name\":\"El granizo agrava la mala situaci\u00f3n del sector cerealista en Segovia - ASAJA Segovia\",\"isPartOf\":{\"@id\":\"https:\/\/www.asajacyl.com\/segovia\/#website\"},\"primaryImageOfPage\":{\"@id\":\"https:\/\/www.asajacyl.com\/segovia\/asaja-segovia-informa\/el-granizo-agrava-la-mala-situacion-del-sector-cerealista-en-segovia#primaryimage\"},\"image\":{\"@id\":\"https:\/\/www.asajacyl.com\/segovia\/asaja-segovia-informa\/el-granizo-agrava-la-mala-situacion-del-sector-cerealista-en-segovia#primaryimage\"},\"thumbnailUrl\":\"https:\/\/www.asajacyl.com\/segovia\/wp-content\/uploads\/sites\/8\/2024\/07\/CULTIVOS-CEREAL-GRANIZADA.jpg\",\"datePublished\":\"2024-07-10T10:22:47+00:00\",\"dateModified\":\"2024-07-10T10:24:32+00:00\",\"author\":{\"@id\":\"https:\/\/www.asajacyl.com\/segovia\/#\/schema\/person\/f044fca5805bb46713e11715709aef4d\"},\"description\":\"El granizo y la sequ\u00eda comprometen la rentabilidad de las explotaciones cerealistas del centro y sur de la provincia de Segovia. En algunos municipios de\",\"breadcrumb\":{\"@id\":\"https:\/\/www.asajacyl.com\/segovia\/asaja-segovia-informa\/el-granizo-agrava-la-mala-situacion-del-sector-cerealista-en-segovia#breadcrumb\"},\"inLanguage\":\"es\",\"potentialAction\":[{\"@type\":\"ReadAction\",\"target\":[\"https:\/\/www.asajacyl.com\/segovia\/asaja-segovia-informa\/el-granizo-agrava-la-mala-situacion-del-sector-cerealista-en-segovia\"]}]},{\"@type\":\"ImageObject\",\"inLanguage\":\"es\",\"@id\":\"https:\/\/www.asajacyl.com\/segovia\/asaja-segovia-informa\/el-granizo-agrava-la-mala-situacion-del-sector-cerealista-en-segovia#primaryimage\",\"url\":\"https:\/\/www.asajacyl.com\/segovia\/wp-content\/uploads\/sites\/8\/2024\/07\/CULTIVOS-CEREAL-GRANIZADA.jpg\",\"contentUrl\":\"https:\/\/www.asajacyl.com\/segovia\/wp-content\/uploads\/sites\/8\/2024\/07\/CULTIVOS-CEREAL-GRANIZADA.jpg\",\"width\":1068,\"height\":688},{\"@type\":\"BreadcrumbList\",\"@id\":\"https:\/\/www.asajacyl.com\/segovia\/asaja-segovia-informa\/el-granizo-agrava-la-mala-situacion-del-sector-cerealista-en-segovia#breadcrumb\",\"itemListElement\":[{\"@type\":\"ListItem\",\"position\":1,\"name\":\"Portada\",\"item\":\"https:\/\/www.asajacyl.com\/segovia\/\"},{\"@type\":\"ListItem\",\"position\":2,\"name\":\"El granizo agrava la mala situaci\u00f3n del sector cerealista en Segovia\"}]},{\"@type\":\"WebSite\",\"@id\":\"https:\/\/www.asajacyl.com\/segovia\/#website\",\"url\":\"https:\/\/www.asajacyl.com\/segovia\/\",\"name\":\"ASAJA Segovia\",\"description\":\"Otro sitio m\u00e1s de Provincias ASAJA Castilla y Le\u00f3n\",\"potentialAction\":[{\"@type\":\"SearchAction\",\"target\":{\"@type\":\"EntryPoint\",\"urlTemplate\":\"https:\/\/www.asajacyl.com\/segovia\/?s={search_term_string}\"},\"query-input\":{\"@type\":\"PropertyValueSpecification\",\"valueRequired\":true,\"valueName\":\"search_term_string\"}}],\"inLanguage\":\"es\"},{\"@type\":\"Person\",\"@id\":\"https:\/\/www.asajacyl.com\/segovia\/#\/schema\/person\/f044fca5805bb46713e11715709aef4d\",\"name\":\"Alicia\",\"image\":{\"@type\":\"ImageObject\",\"inLanguage\":\"es\",\"@id\":\"https:\/\/www.asajacyl.com\/segovia\/#\/schema\/person\/image\/\",\"url\":\"https:\/\/secure.gravatar.com\/avatar\/054cff43263e39aa6e74950dc4bb1690?s=96&d=mm&r=g\",\"contentUrl\":\"https:\/\/secure.gravatar.com\/avatar\/054cff43263e39aa6e74950dc4bb1690?s=96&d=mm&r=g\",\"caption\":\"Alicia\"},\"url\":\"https:\/\/www.asajacyl.com\/segovia\/author\/aliciasc\"}]}<\/script>\n<!-- \/ Yoast SEO plugin. -->","yoast_head_json":{"title":"El granizo agrava la mala situaci\u00f3n del sector cerealista en Segovia - ASAJA Segovia","description":"El granizo y la sequ\u00eda comprometen la rentabilidad de las explotaciones cerealistas del centro y sur de la provincia de Segovia. En algunos municipios de","robots":{"index":"index","follow":"follow","max-snippet":"max-snippet:-1","max-image-preview":"max-image-preview:large","max-video-preview":"max-video-preview:-1"},"canonical":"https:\/\/www.asajacyl.com\/segovia\/asaja-segovia-informa\/el-granizo-agrava-la-mala-situacion-del-sector-cerealista-en-segovia","og_locale":"es_ES","og_type":"article","og_title":"El granizo agrava la mala situaci\u00f3n del sector cerealista en Segovia - ASAJA Segovia","og_description":"El granizo y la sequ\u00eda comprometen la rentabilidad de las explotaciones cerealistas del centro y sur de la provincia de Segovia. En algunos municipios de","og_url":"https:\/\/www.asajacyl.com\/segovia\/asaja-segovia-informa\/el-granizo-agrava-la-mala-situacion-del-sector-cerealista-en-segovia","og_site_name":"ASAJA Segovia","article_published_time":"2024-07-10T10:22:47+00:00","article_modified_time":"2024-07-10T10:24:32+00:00","og_image":[{"width":1068,"height":688,"url":"https:\/\/www.asajacyl.com\/segovia\/wp-content\/uploads\/sites\/8\/2024\/07\/CULTIVOS-CEREAL-GRANIZADA.jpg","type":"image\/jpeg"}],"author":"Alicia","twitter_card":"summary_large_image","twitter_misc":{"Escrito por":"Alicia","Tiempo de lectura":"2 minutos"},"schema":{"@context":"https:\/\/schema.org","@graph":[{"@type":"WebPage","@id":"https:\/\/www.asajacyl.com\/segovia\/asaja-segovia-informa\/el-granizo-agrava-la-mala-situacion-del-sector-cerealista-en-segovia","url":"https:\/\/www.asajacyl.com\/segovia\/asaja-segovia-informa\/el-granizo-agrava-la-mala-situacion-del-sector-cerealista-en-segovia","name":"El granizo agrava la mala situaci\u00f3n del sector cerealista en Segovia - ASAJA Segovia","isPartOf":{"@id":"https:\/\/www.asajacyl.com\/segovia\/#website"},"primaryImageOfPage":{"@id":"https:\/\/www.asajacyl.com\/segovia\/asaja-segovia-informa\/el-granizo-agrava-la-mala-situacion-del-sector-cerealista-en-segovia#primaryimage"},"image":{"@id":"https:\/\/www.asajacyl.com\/segovia\/asaja-segovia-informa\/el-granizo-agrava-la-mala-situacion-del-sector-cerealista-en-segovia#primaryimage"},"thumbnailUrl":"https:\/\/www.asajacyl.com\/segovia\/wp-content\/uploads\/sites\/8\/2024\/07\/CULTIVOS-CEREAL-GRANIZADA.jpg","datePublished":"2024-07-10T10:22:47+00:00","dateModified":"2024-07-10T10:24:32+00:00","author":{"@id":"https:\/\/www.asajacyl.com\/segovia\/#\/schema\/person\/f044fca5805bb46713e11715709aef4d"},"description":"El granizo y la sequ\u00eda comprometen la rentabilidad de las explotaciones cerealistas del centro y sur de la provincia de Segovia. En algunos municipios de","breadcrumb":{"@id":"https:\/\/www.asajacyl.com\/segovia\/asaja-segovia-informa\/el-granizo-agrava-la-mala-situacion-del-sector-cerealista-en-segovia#breadcrumb"},"inLanguage":"es","potentialAction":[{"@type":"ReadAction","target":["https:\/\/www.asajacyl.com\/segovia\/asaja-segovia-informa\/el-granizo-agrava-la-mala-situacion-del-sector-cerealista-en-segovia"]}]},{"@type":"ImageObject","inLanguage":"es","@id":"https:\/\/www.asajacyl.com\/segovia\/asaja-segovia-informa\/el-granizo-agrava-la-mala-situacion-del-sector-cerealista-en-segovia#primaryimage","url":"https:\/\/www.asajacyl.com\/segovia\/wp-content\/uploads\/sites\/8\/2024\/07\/CULTIVOS-CEREAL-GRANIZADA.jpg","contentUrl":"https:\/\/www.asajacyl.com\/segovia\/wp-content\/uploads\/sites\/8\/2024\/07\/CULTIVOS-CEREAL-GRANIZADA.jpg","width":1068,"height":688},{"@type":"BreadcrumbList","@id":"https:\/\/www.asajacyl.com\/segovia\/asaja-segovia-informa\/el-granizo-agrava-la-mala-situacion-del-sector-cerealista-en-segovia#breadcrumb","itemListElement":[{"@type":"ListItem","position":1,"name":"Portada","item":"https:\/\/www.asajacyl.com\/segovia\/"},{"@type":"ListItem","position":2,"name":"El granizo agrava la mala situaci\u00f3n del sector cerealista en Segovia"}]},{"@type":"WebSite","@id":"https:\/\/www.asajacyl.com\/segovia\/#website","url":"https:\/\/www.asajacyl.com\/segovia\/","name":"ASAJA Segovia","description":"Otro sitio m\u00e1s de Provincias ASAJA Castilla y Le\u00f3n","potentialAction":[{"@type":"SearchAction","target":{"@type":"EntryPoint","urlTemplate":"https:\/\/www.asajacyl.com\/segovia\/?s={search_term_string}"},"query-input":{"@type":"PropertyValueSpecification","valueRequired":true,"valueName":"search_term_string"}}],"inLanguage":"es"},{"@type":"Person","@id":"https:\/\/www.asajacyl.com\/segovia\/#\/schema\/person\/f044fca5805bb46713e11715709aef4d","name":"Alicia","image":{"@type":"ImageObject","inLanguage":"es","@id":"https:\/\/www.asajacyl.com\/segovia\/#\/schema\/person\/image\/","url":"https:\/\/secure.gravatar.com\/avatar\/054cff43263e39aa6e74950dc4bb1690?s=96&d=mm&r=g","contentUrl":"https:\/\/secure.gravatar.com\/avatar\/054cff43263e39aa6e74950dc4bb1690?s=96&d=mm&r=g","caption":"Alicia"},"url":"https:\/\/www.asajacyl.com\/segovia\/author\/aliciasc"}]}},"_links":{"self":[{"href":"https:\/\/www.asajacyl.com\/segovia\/wp-json\/wp\/v2\/posts\/1710"}],"collection":[{"href":"https:\/\/www.asajacyl.com\/segovia\/wp-json\/wp\/v2\/posts"}],"about":[{"href":"https:\/\/www.asajacyl.com\/segovia\/wp-json\/wp\/v2\/types\/post"}],"author":[{"embeddable":true,"href":"https:\/\/www.asajacyl.com\/segovia\/wp-json\/wp\/v2\/users\/11"}],"replies":[{"embeddable":true,"href":"https:\/\/www.asajacyl.com\/segovia\/wp-json\/wp\/v2\/comments?post=1710"}],"version-history":[{"count":1,"href":"https:\/\/www.asajacyl.com\/segovia\/wp-json\/wp\/v2\/posts\/1710\/revisions"}],"predecessor-version":[{"id":1712,"href":"https:\/\/www.asajacyl.com\/segovia\/wp-json\/wp\/v2\/posts\/1710\/revisions\/1712"}],"wp:featuredmedia":[{"embeddable":true,"href":"https:\/\/www.asajacyl.com\/segovia\/wp-json\/wp\/v2\/media\/1711"}],"wp:attachment":[{"href":"https:\/\/www.asajacyl.com\/segovia\/wp-json\/wp\/v2\/media?parent=1710"}],"wp:term":[{"taxonomy":"category","embeddable":true,"href":"https:\/\/www.asajacyl.com\/segovia\/wp-json\/wp\/v2\/categories?post=1710"},{"taxonomy":"post_tag","embeddable":true,"href":"https:\/\/www.asajacyl.com\/segovia\/wp-json\/wp\/v2\/tags?post=1710"}],"curies":[{"name":"wp","href":"https:\/\/api.w.org\/{rel}","templated":true}]}}