{"id":1721,"date":"2024-07-12T13:58:52","date_gmt":"2024-07-12T11:58:52","guid":{"rendered":"https:\/\/www.asajacyl.com\/segovia\/?p=1721"},"modified":"2024-07-12T13:58:54","modified_gmt":"2024-07-12T11:58:54","slug":"asaja-segovia-valora-positivamente-las-medidas-propuestas-por-el-ministerio-en-cuanto-a-la-tuberculosis-bovina","status":"publish","type":"post","link":"https:\/\/www.asajacyl.com\/segovia\/asaja-segovia-informa\/opinion-asaja\/asaja-segovia-valora-positivamente-las-medidas-propuestas-por-el-ministerio-en-cuanto-a-la-tuberculosis-bovina","title":{"rendered":"ASAJA SEGOVIA valora positivamente las medidas propuestas por el ministerio en cuanto a la Tuberculosis Bovina"},"content":{"rendered":"\n<p><strong>Se ha publicado el Programa Nacional de Erradicaci\u00f3n de Tuberculosis Bovina 2024. Este programa incluye las modificaciones acordadas en el Comit\u00e9 RASVE del 6 de junio de 2024.<\/strong><\/p>\n\n\n\n<p>Una de las novedades en las modificaciones del Plan Nacional de Erradicaci\u00f3n es la exenci\u00f3n de pruebas de movimiento a cebaderos de ciclo cerrado que ya se encuentra en vigor. Los movimientos de animales con destino directo a cebadero cerrado ubicados en Comunidades Aut\u00f3nomas o provincias que no son oficialmente libres est\u00e1n exentos de pruebas previas siempre y cuando el establecimiento de origen se haya chequeado de acuerdo con la frecuencia de pruebas de mantenimiento aplicables (en los 6 o 12 meses anteriores). Sin embargo, de momento, esta exenci\u00f3n no es aplicable para movimientos con destino a Le\u00f3n, Burgos y Valladolid por ser provincias oficialmente indemnes.\u00a0<\/p>\n\n\n\n<p>Otras de las medidas adoptadas es la posibilidad de que las Comunidades Aut\u00f3nomas except\u00faen la doble vuelta del saneamiento en explotaciones con calificaci\u00f3n sanitaria T3H que se encuentran en comarcas que tienen m\u00e1s de un 3% de prevalencia, siempre que se hagan pruebas de movimiento a los animales que se muevan a pastos comunales, incluidos los del mismo municipio. M\u00e1s acciones novedosas que se incluyen dentro del programa nacional son: flexibilizaci\u00f3n en el movimiento de reproductores desde establecimientos T3 que recuperan la calificaci\u00f3n, incentivaci\u00f3n del refuerzo de vigilancia en mataderos, creaci\u00f3n de un grupo de trabajo espec\u00edfico de Comunidades Aut\u00f3nomas y Ministerio en cuanto a lidias y festejos taurinos para estudiar su problem\u00e1tica, etc.<\/p>\n\n\n\n<p>Desde ASAJA Segovia valoramos positivamente las acciones y el trabajo empleado en modificar el Plan Nacional de Erradicaci\u00f3n, pero consideramos que a\u00fan queda mucho recorrido en el que trabajar para poder llevar a cabo un Plan Nacional de Erradicaci\u00f3n que no comprometa la rentabilidad de las explotaciones ganaderas. Consideramos que hay que trabajar en los siguientes puntos: disminuci\u00f3n de los tiempos de inmovilizaci\u00f3n de animales para vida, mejora en las t\u00e9cnicas de detecci\u00f3n, mejora en el \u00e1mbito relacionado de la enfermedad con Agroseguro, facilidad en la recuperaci\u00f3n de la calificaci\u00f3n sanitaria y es imprescindible que se trabaje en el control de la fauna silvestre, como son el jabal\u00ed, el corzo y la cabra montesa, que son los principales vectores de tuberculosis bovina.<\/p>\n","protected":false},"excerpt":{"rendered":"<p>Se ha publicado el Programa Nacional de Erradicaci\u00f3n de Tuberculosis Bovina 2024. Este programa incluye las modificaciones acordadas en el Comit\u00e9 RASVE del 6 de junio de 2024. Una de las novedades en las modificaciones del Plan Nacional de Erradicaci\u00f3n es la exenci\u00f3n de pruebas de movimiento a cebaderos de ciclo cerrado que ya se [&hellip;]<\/p>\n","protected":false},"author":11,"featured_media":1722,"comment_status":"open","ping_status":"open","sticky":false,"template":"","format":"standard","meta":{"footnotes":""},"categories":[10,27,28,26],"tags":[],"yoast_head":"<!-- This site is optimized with the Yoast SEO plugin v24.5 - https:\/\/yoast.com\/wordpress\/plugins\/seo\/ -->\n<title>ASAJA SEGOVIA valora positivamente las medidas propuestas por el ministerio en cuanto a la Tuberculosis Bovina - ASAJA Segovia<\/title>\n<meta name=\"description\" content=\"Se ha publicado el Programa Nacional de Erradicaci\u00f3n de Tuberculosis Bovina 2024. Este programa incluye las modificaciones acordadas en el Comit\u00e9 RASVE\" \/>\n<meta name=\"robots\" content=\"index, follow, max-snippet:-1, max-image-preview:large, max-video-preview:-1\" \/>\n<link rel=\"canonical\" href=\"https:\/\/www.asajacyl.com\/segovia\/asaja-segovia-informa\/opinion-asaja\/asaja-segovia-valora-positivamente-las-medidas-propuestas-por-el-ministerio-en-cuanto-a-la-tuberculosis-bovina\" \/>\n<meta property=\"og:locale\" content=\"es_ES\" \/>\n<meta property=\"og:type\" content=\"article\" \/>\n<meta property=\"og:title\" content=\"ASAJA SEGOVIA valora positivamente las medidas propuestas por el ministerio en cuanto a la Tuberculosis Bovina - ASAJA Segovia\" \/>\n<meta property=\"og:description\" content=\"Se ha publicado el Programa Nacional de Erradicaci\u00f3n de Tuberculosis Bovina 2024. Este programa incluye las modificaciones acordadas en el Comit\u00e9 RASVE\" \/>\n<meta property=\"og:url\" content=\"https:\/\/www.asajacyl.com\/segovia\/asaja-segovia-informa\/opinion-asaja\/asaja-segovia-valora-positivamente-las-medidas-propuestas-por-el-ministerio-en-cuanto-a-la-tuberculosis-bovina\" \/>\n<meta property=\"og:site_name\" content=\"ASAJA Segovia\" \/>\n<meta property=\"article:published_time\" content=\"2024-07-12T11:58:52+00:00\" \/>\n<meta property=\"article:modified_time\" content=\"2024-07-12T11:58:54+00:00\" \/>\n<meta property=\"og:image\" content=\"https:\/\/www.asajacyl.com\/segovia\/wp-content\/uploads\/sites\/8\/2024\/07\/Foto.jpg\" \/>\n\t<meta property=\"og:image:width\" content=\"1140\" \/>\n\t<meta property=\"og:image:height\" content=\"660\" \/>\n\t<meta property=\"og:image:type\" content=\"image\/jpeg\" \/>\n<meta name=\"author\" content=\"Alicia\" \/>\n<meta name=\"twitter:card\" content=\"summary_large_image\" \/>\n<meta name=\"twitter:label1\" content=\"Escrito por\" \/>\n\t<meta name=\"twitter:data1\" content=\"Alicia\" \/>\n\t<meta name=\"twitter:label2\" content=\"Tiempo de lectura\" \/>\n\t<meta name=\"twitter:data2\" content=\"2 minutos\" \/>\n<script type=\"application\/ld+json\" class=\"yoast-schema-graph\">{\"@context\":\"https:\/\/schema.org\",\"@graph\":[{\"@type\":\"WebPage\",\"@id\":\"https:\/\/www.asajacyl.com\/segovia\/asaja-segovia-informa\/opinion-asaja\/asaja-segovia-valora-positivamente-las-medidas-propuestas-por-el-ministerio-en-cuanto-a-la-tuberculosis-bovina\",\"url\":\"https:\/\/www.asajacyl.com\/segovia\/asaja-segovia-informa\/opinion-asaja\/asaja-segovia-valora-positivamente-las-medidas-propuestas-por-el-ministerio-en-cuanto-a-la-tuberculosis-bovina\",\"name\":\"ASAJA SEGOVIA valora positivamente las medidas propuestas por el ministerio en cuanto a la Tuberculosis Bovina - ASAJA Segovia\",\"isPartOf\":{\"@id\":\"https:\/\/www.asajacyl.com\/segovia\/#website\"},\"primaryImageOfPage\":{\"@id\":\"https:\/\/www.asajacyl.com\/segovia\/asaja-segovia-informa\/opinion-asaja\/asaja-segovia-valora-positivamente-las-medidas-propuestas-por-el-ministerio-en-cuanto-a-la-tuberculosis-bovina#primaryimage\"},\"image\":{\"@id\":\"https:\/\/www.asajacyl.com\/segovia\/asaja-segovia-informa\/opinion-asaja\/asaja-segovia-valora-positivamente-las-medidas-propuestas-por-el-ministerio-en-cuanto-a-la-tuberculosis-bovina#primaryimage\"},\"thumbnailUrl\":\"https:\/\/www.asajacyl.com\/segovia\/wp-content\/uploads\/sites\/8\/2024\/07\/Foto.jpg\",\"datePublished\":\"2024-07-12T11:58:52+00:00\",\"dateModified\":\"2024-07-12T11:58:54+00:00\",\"author\":{\"@id\":\"https:\/\/www.asajacyl.com\/segovia\/#\/schema\/person\/f044fca5805bb46713e11715709aef4d\"},\"description\":\"Se ha publicado el Programa Nacional de Erradicaci\u00f3n de Tuberculosis Bovina 2024. Este programa incluye las modificaciones acordadas en el Comit\u00e9 RASVE\",\"breadcrumb\":{\"@id\":\"https:\/\/www.asajacyl.com\/segovia\/asaja-segovia-informa\/opinion-asaja\/asaja-segovia-valora-positivamente-las-medidas-propuestas-por-el-ministerio-en-cuanto-a-la-tuberculosis-bovina#breadcrumb\"},\"inLanguage\":\"es\",\"potentialAction\":[{\"@type\":\"ReadAction\",\"target\":[\"https:\/\/www.asajacyl.com\/segovia\/asaja-segovia-informa\/opinion-asaja\/asaja-segovia-valora-positivamente-las-medidas-propuestas-por-el-ministerio-en-cuanto-a-la-tuberculosis-bovina\"]}]},{\"@type\":\"ImageObject\",\"inLanguage\":\"es\",\"@id\":\"https:\/\/www.asajacyl.com\/segovia\/asaja-segovia-informa\/opinion-asaja\/asaja-segovia-valora-positivamente-las-medidas-propuestas-por-el-ministerio-en-cuanto-a-la-tuberculosis-bovina#primaryimage\",\"url\":\"https:\/\/www.asajacyl.com\/segovia\/wp-content\/uploads\/sites\/8\/2024\/07\/Foto.jpg\",\"contentUrl\":\"https:\/\/www.asajacyl.com\/segovia\/wp-content\/uploads\/sites\/8\/2024\/07\/Foto.jpg\",\"width\":1140,\"height\":660},{\"@type\":\"BreadcrumbList\",\"@id\":\"https:\/\/www.asajacyl.com\/segovia\/asaja-segovia-informa\/opinion-asaja\/asaja-segovia-valora-positivamente-las-medidas-propuestas-por-el-ministerio-en-cuanto-a-la-tuberculosis-bovina#breadcrumb\",\"itemListElement\":[{\"@type\":\"ListItem\",\"position\":1,\"name\":\"Portada\",\"item\":\"https:\/\/www.asajacyl.com\/segovia\/\"},{\"@type\":\"ListItem\",\"position\":2,\"name\":\"ASAJA SEGOVIA valora positivamente las medidas propuestas por el ministerio en cuanto a la Tuberculosis Bovina\"}]},{\"@type\":\"WebSite\",\"@id\":\"https:\/\/www.asajacyl.com\/segovia\/#website\",\"url\":\"https:\/\/www.asajacyl.com\/segovia\/\",\"name\":\"ASAJA Segovia\",\"description\":\"Otro sitio m\u00e1s de Provincias ASAJA Castilla y Le\u00f3n\",\"potentialAction\":[{\"@type\":\"SearchAction\",\"target\":{\"@type\":\"EntryPoint\",\"urlTemplate\":\"https:\/\/www.asajacyl.com\/segovia\/?s={search_term_string}\"},\"query-input\":{\"@type\":\"PropertyValueSpecification\",\"valueRequired\":true,\"valueName\":\"search_term_string\"}}],\"inLanguage\":\"es\"},{\"@type\":\"Person\",\"@id\":\"https:\/\/www.asajacyl.com\/segovia\/#\/schema\/person\/f044fca5805bb46713e11715709aef4d\",\"name\":\"Alicia\",\"image\":{\"@type\":\"ImageObject\",\"inLanguage\":\"es\",\"@id\":\"https:\/\/www.asajacyl.com\/segovia\/#\/schema\/person\/image\/\",\"url\":\"https:\/\/secure.gravatar.com\/avatar\/054cff43263e39aa6e74950dc4bb1690?s=96&d=mm&r=g\",\"contentUrl\":\"https:\/\/secure.gravatar.com\/avatar\/054cff43263e39aa6e74950dc4bb1690?s=96&d=mm&r=g\",\"caption\":\"Alicia\"},\"url\":\"https:\/\/www.asajacyl.com\/segovia\/author\/aliciasc\"}]}<\/script>\n<!-- \/ Yoast SEO plugin. -->","yoast_head_json":{"title":"ASAJA SEGOVIA valora positivamente las medidas propuestas por el ministerio en cuanto a la Tuberculosis Bovina - ASAJA Segovia","description":"Se ha publicado el Programa Nacional de Erradicaci\u00f3n de Tuberculosis Bovina 2024. Este programa incluye las modificaciones acordadas en el Comit\u00e9 RASVE","robots":{"index":"index","follow":"follow","max-snippet":"max-snippet:-1","max-image-preview":"max-image-preview:large","max-video-preview":"max-video-preview:-1"},"canonical":"https:\/\/www.asajacyl.com\/segovia\/asaja-segovia-informa\/opinion-asaja\/asaja-segovia-valora-positivamente-las-medidas-propuestas-por-el-ministerio-en-cuanto-a-la-tuberculosis-bovina","og_locale":"es_ES","og_type":"article","og_title":"ASAJA SEGOVIA valora positivamente las medidas propuestas por el ministerio en cuanto a la Tuberculosis Bovina - ASAJA Segovia","og_description":"Se ha publicado el Programa Nacional de Erradicaci\u00f3n de Tuberculosis Bovina 2024. Este programa incluye las modificaciones acordadas en el Comit\u00e9 RASVE","og_url":"https:\/\/www.asajacyl.com\/segovia\/asaja-segovia-informa\/opinion-asaja\/asaja-segovia-valora-positivamente-las-medidas-propuestas-por-el-ministerio-en-cuanto-a-la-tuberculosis-bovina","og_site_name":"ASAJA Segovia","article_published_time":"2024-07-12T11:58:52+00:00","article_modified_time":"2024-07-12T11:58:54+00:00","og_image":[{"width":1140,"height":660,"url":"https:\/\/www.asajacyl.com\/segovia\/wp-content\/uploads\/sites\/8\/2024\/07\/Foto.jpg","type":"image\/jpeg"}],"author":"Alicia","twitter_card":"summary_large_image","twitter_misc":{"Escrito por":"Alicia","Tiempo de lectura":"2 minutos"},"schema":{"@context":"https:\/\/schema.org","@graph":[{"@type":"WebPage","@id":"https:\/\/www.asajacyl.com\/segovia\/asaja-segovia-informa\/opinion-asaja\/asaja-segovia-valora-positivamente-las-medidas-propuestas-por-el-ministerio-en-cuanto-a-la-tuberculosis-bovina","url":"https:\/\/www.asajacyl.com\/segovia\/asaja-segovia-informa\/opinion-asaja\/asaja-segovia-valora-positivamente-las-medidas-propuestas-por-el-ministerio-en-cuanto-a-la-tuberculosis-bovina","name":"ASAJA SEGOVIA valora positivamente las medidas propuestas por el ministerio en cuanto a la Tuberculosis Bovina - ASAJA Segovia","isPartOf":{"@id":"https:\/\/www.asajacyl.com\/segovia\/#website"},"primaryImageOfPage":{"@id":"https:\/\/www.asajacyl.com\/segovia\/asaja-segovia-informa\/opinion-asaja\/asaja-segovia-valora-positivamente-las-medidas-propuestas-por-el-ministerio-en-cuanto-a-la-tuberculosis-bovina#primaryimage"},"image":{"@id":"https:\/\/www.asajacyl.com\/segovia\/asaja-segovia-informa\/opinion-asaja\/asaja-segovia-valora-positivamente-las-medidas-propuestas-por-el-ministerio-en-cuanto-a-la-tuberculosis-bovina#primaryimage"},"thumbnailUrl":"https:\/\/www.asajacyl.com\/segovia\/wp-content\/uploads\/sites\/8\/2024\/07\/Foto.jpg","datePublished":"2024-07-12T11:58:52+00:00","dateModified":"2024-07-12T11:58:54+00:00","author":{"@id":"https:\/\/www.asajacyl.com\/segovia\/#\/schema\/person\/f044fca5805bb46713e11715709aef4d"},"description":"Se ha publicado el Programa Nacional de Erradicaci\u00f3n de Tuberculosis Bovina 2024. Este programa incluye las modificaciones acordadas en el Comit\u00e9 RASVE","breadcrumb":{"@id":"https:\/\/www.asajacyl.com\/segovia\/asaja-segovia-informa\/opinion-asaja\/asaja-segovia-valora-positivamente-las-medidas-propuestas-por-el-ministerio-en-cuanto-a-la-tuberculosis-bovina#breadcrumb"},"inLanguage":"es","potentialAction":[{"@type":"ReadAction","target":["https:\/\/www.asajacyl.com\/segovia\/asaja-segovia-informa\/opinion-asaja\/asaja-segovia-valora-positivamente-las-medidas-propuestas-por-el-ministerio-en-cuanto-a-la-tuberculosis-bovina"]}]},{"@type":"ImageObject","inLanguage":"es","@id":"https:\/\/www.asajacyl.com\/segovia\/asaja-segovia-informa\/opinion-asaja\/asaja-segovia-valora-positivamente-las-medidas-propuestas-por-el-ministerio-en-cuanto-a-la-tuberculosis-bovina#primaryimage","url":"https:\/\/www.asajacyl.com\/segovia\/wp-content\/uploads\/sites\/8\/2024\/07\/Foto.jpg","contentUrl":"https:\/\/www.asajacyl.com\/segovia\/wp-content\/uploads\/sites\/8\/2024\/07\/Foto.jpg","width":1140,"height":660},{"@type":"BreadcrumbList","@id":"https:\/\/www.asajacyl.com\/segovia\/asaja-segovia-informa\/opinion-asaja\/asaja-segovia-valora-positivamente-las-medidas-propuestas-por-el-ministerio-en-cuanto-a-la-tuberculosis-bovina#breadcrumb","itemListElement":[{"@type":"ListItem","position":1,"name":"Portada","item":"https:\/\/www.asajacyl.com\/segovia\/"},{"@type":"ListItem","position":2,"name":"ASAJA SEGOVIA valora positivamente las medidas propuestas por el ministerio en cuanto a la Tuberculosis Bovina"}]},{"@type":"WebSite","@id":"https:\/\/www.asajacyl.com\/segovia\/#website","url":"https:\/\/www.asajacyl.com\/segovia\/","name":"ASAJA Segovia","description":"Otro sitio m\u00e1s de Provincias ASAJA Castilla y Le\u00f3n","potentialAction":[{"@type":"SearchAction","target":{"@type":"EntryPoint","urlTemplate":"https:\/\/www.asajacyl.com\/segovia\/?s={search_term_string}"},"query-input":{"@type":"PropertyValueSpecification","valueRequired":true,"valueName":"search_term_string"}}],"inLanguage":"es"},{"@type":"Person","@id":"https:\/\/www.asajacyl.com\/segovia\/#\/schema\/person\/f044fca5805bb46713e11715709aef4d","name":"Alicia","image":{"@type":"ImageObject","inLanguage":"es","@id":"https:\/\/www.asajacyl.com\/segovia\/#\/schema\/person\/image\/","url":"https:\/\/secure.gravatar.com\/avatar\/054cff43263e39aa6e74950dc4bb1690?s=96&d=mm&r=g","contentUrl":"https:\/\/secure.gravatar.com\/avatar\/054cff43263e39aa6e74950dc4bb1690?s=96&d=mm&r=g","caption":"Alicia"},"url":"https:\/\/www.asajacyl.com\/segovia\/author\/aliciasc"}]}},"_links":{"self":[{"href":"https:\/\/www.asajacyl.com\/segovia\/wp-json\/wp\/v2\/posts\/1721"}],"collection":[{"href":"https:\/\/www.asajacyl.com\/segovia\/wp-json\/wp\/v2\/posts"}],"about":[{"href":"https:\/\/www.asajacyl.com\/segovia\/wp-json\/wp\/v2\/types\/post"}],"author":[{"embeddable":true,"href":"https:\/\/www.asajacyl.com\/segovia\/wp-json\/wp\/v2\/users\/11"}],"replies":[{"embeddable":true,"href":"https:\/\/www.asajacyl.com\/segovia\/wp-json\/wp\/v2\/comments?post=1721"}],"version-history":[{"count":1,"href":"https:\/\/www.asajacyl.com\/segovia\/wp-json\/wp\/v2\/posts\/1721\/revisions"}],"predecessor-version":[{"id":1723,"href":"https:\/\/www.asajacyl.com\/segovia\/wp-json\/wp\/v2\/posts\/1721\/revisions\/1723"}],"wp:featuredmedia":[{"embeddable":true,"href":"https:\/\/www.asajacyl.com\/segovia\/wp-json\/wp\/v2\/media\/1722"}],"wp:attachment":[{"href":"https:\/\/www.asajacyl.com\/segovia\/wp-json\/wp\/v2\/media?parent=1721"}],"wp:term":[{"taxonomy":"category","embeddable":true,"href":"https:\/\/www.asajacyl.com\/segovia\/wp-json\/wp\/v2\/categories?post=1721"},{"taxonomy":"post_tag","embeddable":true,"href":"https:\/\/www.asajacyl.com\/segovia\/wp-json\/wp\/v2\/tags?post=1721"}],"curies":[{"name":"wp","href":"https:\/\/api.w.org\/{rel}","templated":true}]}}