{"id":1791,"date":"2024-11-28T13:16:20","date_gmt":"2024-11-28T12:16:20","guid":{"rendered":"https:\/\/www.asajacyl.com\/segovia\/?p=1791"},"modified":"2024-11-28T13:16:24","modified_gmt":"2024-11-28T12:16:24","slug":"jornada-sobre-mitigacion-de-los-gases-de-efecto-invernadero-creditos-de-carbono","status":"publish","type":"post","link":"https:\/\/www.asajacyl.com\/segovia\/servicios-socio\/cursos-jornadas\/jornada-sobre-mitigacion-de-los-gases-de-efecto-invernadero-creditos-de-carbono","title":{"rendered":"JORNADA SOBRE MITIGACI\u00d3N DE LOS GASES DE EFECTO INVERNADERO. CR\u00c9DITOS DE CARBONO"},"content":{"rendered":"\n<figure class=\"wp-block-image size-large\"><img loading=\"lazy\" decoding=\"async\" width=\"1024\" height=\"725\" src=\"https:\/\/www.asajacyl.com\/segovia\/wp-content\/uploads\/sites\/8\/2024\/11\/ANEXO-II-JORNADAS-JUNTA-2024-1024x725.jpg\" alt=\"\" class=\"wp-image-1792\" srcset=\"https:\/\/www.asajacyl.com\/segovia\/wp-content\/uploads\/sites\/8\/2024\/11\/ANEXO-II-JORNADAS-JUNTA-2024-1024x725.jpg 1024w, https:\/\/www.asajacyl.com\/segovia\/wp-content\/uploads\/sites\/8\/2024\/11\/ANEXO-II-JORNADAS-JUNTA-2024-300x212.jpg 300w, https:\/\/www.asajacyl.com\/segovia\/wp-content\/uploads\/sites\/8\/2024\/11\/ANEXO-II-JORNADAS-JUNTA-2024-768x544.jpg 768w, https:\/\/www.asajacyl.com\/segovia\/wp-content\/uploads\/sites\/8\/2024\/11\/ANEXO-II-JORNADAS-JUNTA-2024-1536x1087.jpg 1536w, https:\/\/www.asajacyl.com\/segovia\/wp-content\/uploads\/sites\/8\/2024\/11\/ANEXO-II-JORNADAS-JUNTA-2024-593x420.jpg 593w, https:\/\/www.asajacyl.com\/segovia\/wp-content\/uploads\/sites\/8\/2024\/11\/ANEXO-II-JORNADAS-JUNTA-2024-696x493.jpg 696w, https:\/\/www.asajacyl.com\/segovia\/wp-content\/uploads\/sites\/8\/2024\/11\/ANEXO-II-JORNADAS-JUNTA-2024-1068x756.jpg 1068w, https:\/\/www.asajacyl.com\/segovia\/wp-content\/uploads\/sites\/8\/2024\/11\/ANEXO-II-JORNADAS-JUNTA-2024.jpg 1755w\" sizes=\"(max-width: 1024px) 100vw, 1024px\" \/><\/figure>\n\n\n\n<p><strong>JORNADA FORMATIVA<\/strong><\/p>\n\n\n\n<p><strong>\u00abJORNADA SOBRE MITIGACI\u00d3N DE LOS GASES DE EFECTO INVERNADERO. CR\u00c9DITOS DE CARBONO\u00bb<\/strong><\/p>\n\n\n\n<p><strong>FECHA:<\/strong> 3-12-2024<\/p>\n\n\n\n<p><strong>LUGAR:<\/strong> CU\u00c9LLAR, SEGOVIA (PALACIO PEDRO I. CALLE COLEGIO,7)<\/p>\n\n\n\n<p><strong>DURACI\u00d3N:<\/strong> 4 HORAS, 1 D\u00cdA<\/p>\n\n\n\n<p><strong>HORARIO:<\/strong> DE 18:00 A 22:00 HORAS<\/p>\n\n\n\n<p><strong>DESTINATARIOS: <\/strong>Agricultores, ganaderos y profesionales del sector agroalimentario y forestal, dando preferencia a los j\u00f3venes que se incorporen y a las mujeres<\/p>\n\n\n\n<p><strong>DESCRIPCI\u00d3N DE LA ACCI\u00d3N FORMATIVA: <\/strong>La actividad formativa consiste en conocer las distintas pr\u00e1cticas agrarias beneficiosas para la gesti\u00f3n eficiente del suelo, el mercado de los cr\u00e9ditos de carbono e implementaci\u00f3n de sistemas para la gesti\u00f3n de carbono en el suelo.<\/p>\n\n\n\n<p><strong>OBJETIVOS: <\/strong><\/p>\n\n\n\n<p>&#8211; Reducci\u00f3n de la emisi\u00f3n de gases de efecto invernadero<\/p>\n\n\n\n<p>&#8211; Establecer programas de actuaci\u00f3n para la gesti\u00f3n eficiente del suelo en las diferentes labores relacionadas con la producci\u00f3n agraria<\/p>\n\n\n\n<p>&#8211; Definir y valorar los cambios necesarios en la actividad agraria para conseguir mejoras en la calidad medioambiental de la emisi\u00f3n de gases de efecto invernadero<\/p>\n\n\n\n<p>INSCRIPCIONES: Hasta el 2 de diciembre de 2024<\/p>\n\n\n\n<p><strong>INSCRIPCI\u00d3N GRATUITA EN ASAJA SEGOVIA <\/strong><\/p>\n\n\n\n<p><strong>Tel\u00e9fono:921430657\/ asajasegovia@asajasegovia.com<\/strong><\/p>\n\n\n\n<p><strong>OPERACI\u00d3N COFINANCIADA POR LA UNI\u00d3N EUROPEA A TRAV\u00c9S DEL FEADER EN UN 55%<\/strong><\/p>\n\n\n\n<p><strong>ORGANIZA E IMPARTE: ASAJA SEGOVIA <\/strong><\/p>\n\n\n\n<figure class=\"wp-block-image size-large\"><img loading=\"lazy\" decoding=\"async\" width=\"1024\" height=\"161\" src=\"https:\/\/www.asajacyl.com\/segovia\/wp-content\/uploads\/sites\/8\/2024\/11\/imagen-3-1024x161.jpg\" alt=\"\" class=\"wp-image-1793\" srcset=\"https:\/\/www.asajacyl.com\/segovia\/wp-content\/uploads\/sites\/8\/2024\/11\/imagen-3-1024x161.jpg 1024w, https:\/\/www.asajacyl.com\/segovia\/wp-content\/uploads\/sites\/8\/2024\/11\/imagen-3-300x47.jpg 300w, https:\/\/www.asajacyl.com\/segovia\/wp-content\/uploads\/sites\/8\/2024\/11\/imagen-3-768x121.jpg 768w, https:\/\/www.asajacyl.com\/segovia\/wp-content\/uploads\/sites\/8\/2024\/11\/imagen-3-1536x242.jpg 1536w, https:\/\/www.asajacyl.com\/segovia\/wp-content\/uploads\/sites\/8\/2024\/11\/imagen-3-696x109.jpg 696w, https:\/\/www.asajacyl.com\/segovia\/wp-content\/uploads\/sites\/8\/2024\/11\/imagen-3-1068x168.jpg 1068w, https:\/\/www.asajacyl.com\/segovia\/wp-content\/uploads\/sites\/8\/2024\/11\/imagen-3.jpg 1621w\" sizes=\"(max-width: 1024px) 100vw, 1024px\" \/><\/figure>\n","protected":false},"excerpt":{"rendered":"<p>JORNADA FORMATIVA \u00abJORNADA SOBRE MITIGACI\u00d3N DE LOS GASES DE EFECTO INVERNADERO. CR\u00c9DITOS DE CARBONO\u00bb FECHA: 3-12-2024 LUGAR: CU\u00c9LLAR, SEGOVIA (PALACIO PEDRO I. CALLE COLEGIO,7) DURACI\u00d3N: 4 HORAS, 1 D\u00cdA HORARIO: DE 18:00 A 22:00 HORAS DESTINATARIOS: Agricultores, ganaderos y profesionales del sector agroalimentario y forestal, dando preferencia a los j\u00f3venes que se incorporen y a [&hellip;]<\/p>\n","protected":false},"author":11,"featured_media":708,"comment_status":"open","ping_status":"open","sticky":false,"template":"","format":"standard","meta":{"footnotes":""},"categories":[37],"tags":[],"yoast_head":"<!-- This site is optimized with the Yoast SEO plugin v24.5 - https:\/\/yoast.com\/wordpress\/plugins\/seo\/ -->\n<title>JORNADA SOBRE MITIGACI\u00d3N DE LOS GASES DE EFECTO INVERNADERO. CR\u00c9DITOS DE CARBONO - ASAJA Segovia<\/title>\n<meta name=\"description\" content=\"JORNADA FORMATIVA &quot;JORNADA SOBRE MITIGACI\u00d3N DE LOS GASES DE EFECTO INVERNADERO. CR\u00c9DITOS DE CARBONO&quot; FECHA: 3-12-2024 LUGAR: CU\u00c9LLAR, SEGOVIA (PALACIO\" \/>\n<meta name=\"robots\" content=\"index, follow, max-snippet:-1, max-image-preview:large, max-video-preview:-1\" \/>\n<link rel=\"canonical\" href=\"https:\/\/www.asajacyl.com\/segovia\/servicios-socio\/cursos-jornadas\/jornada-sobre-mitigacion-de-los-gases-de-efecto-invernadero-creditos-de-carbono\" \/>\n<meta property=\"og:locale\" content=\"es_ES\" \/>\n<meta property=\"og:type\" content=\"article\" \/>\n<meta property=\"og:title\" content=\"JORNADA SOBRE MITIGACI\u00d3N DE LOS GASES DE EFECTO INVERNADERO. CR\u00c9DITOS DE CARBONO - ASAJA Segovia\" \/>\n<meta property=\"og:description\" content=\"JORNADA FORMATIVA &quot;JORNADA SOBRE MITIGACI\u00d3N DE LOS GASES DE EFECTO INVERNADERO. CR\u00c9DITOS DE CARBONO&quot; FECHA: 3-12-2024 LUGAR: CU\u00c9LLAR, SEGOVIA (PALACIO\" \/>\n<meta property=\"og:url\" content=\"https:\/\/www.asajacyl.com\/segovia\/servicios-socio\/cursos-jornadas\/jornada-sobre-mitigacion-de-los-gases-de-efecto-invernadero-creditos-de-carbono\" \/>\n<meta property=\"og:site_name\" content=\"ASAJA Segovia\" \/>\n<meta property=\"article:published_time\" content=\"2024-11-28T12:16:20+00:00\" \/>\n<meta property=\"article:modified_time\" content=\"2024-11-28T12:16:24+00:00\" \/>\n<meta property=\"og:image\" content=\"https:\/\/www.asajacyl.com\/segovia\/wp-content\/uploads\/sites\/8\/2024\/11\/ANEXO-II-JORNADAS-JUNTA-2024.jpg\" \/>\n\t<meta property=\"og:image:width\" content=\"1755\" \/>\n\t<meta property=\"og:image:height\" content=\"1242\" \/>\n\t<meta property=\"og:image:type\" content=\"image\/jpeg\" \/>\n<meta name=\"author\" content=\"Alicia\" \/>\n<meta name=\"twitter:card\" content=\"summary_large_image\" \/>\n<meta name=\"twitter:label1\" content=\"Escrito por\" \/>\n\t<meta name=\"twitter:data1\" content=\"Alicia\" \/>\n\t<meta name=\"twitter:label2\" content=\"Tiempo de lectura\" \/>\n\t<meta name=\"twitter:data2\" content=\"2 minutos\" \/>\n<script type=\"application\/ld+json\" class=\"yoast-schema-graph\">{\"@context\":\"https:\/\/schema.org\",\"@graph\":[{\"@type\":\"WebPage\",\"@id\":\"https:\/\/www.asajacyl.com\/segovia\/servicios-socio\/cursos-jornadas\/jornada-sobre-mitigacion-de-los-gases-de-efecto-invernadero-creditos-de-carbono\",\"url\":\"https:\/\/www.asajacyl.com\/segovia\/servicios-socio\/cursos-jornadas\/jornada-sobre-mitigacion-de-los-gases-de-efecto-invernadero-creditos-de-carbono\",\"name\":\"JORNADA SOBRE MITIGACI\u00d3N DE LOS GASES DE EFECTO INVERNADERO. CR\u00c9DITOS DE CARBONO - ASAJA Segovia\",\"isPartOf\":{\"@id\":\"https:\/\/www.asajacyl.com\/segovia\/#website\"},\"primaryImageOfPage\":{\"@id\":\"https:\/\/www.asajacyl.com\/segovia\/servicios-socio\/cursos-jornadas\/jornada-sobre-mitigacion-de-los-gases-de-efecto-invernadero-creditos-de-carbono#primaryimage\"},\"image\":{\"@id\":\"https:\/\/www.asajacyl.com\/segovia\/servicios-socio\/cursos-jornadas\/jornada-sobre-mitigacion-de-los-gases-de-efecto-invernadero-creditos-de-carbono#primaryimage\"},\"thumbnailUrl\":\"https:\/\/www.asajacyl.com\/segovia\/wp-content\/uploads\/sites\/8\/2017\/11\/im_predefinida_1920x1080.jpg\",\"datePublished\":\"2024-11-28T12:16:20+00:00\",\"dateModified\":\"2024-11-28T12:16:24+00:00\",\"author\":{\"@id\":\"https:\/\/www.asajacyl.com\/segovia\/#\/schema\/person\/f044fca5805bb46713e11715709aef4d\"},\"description\":\"JORNADA FORMATIVA \\\"JORNADA SOBRE MITIGACI\u00d3N DE LOS GASES DE EFECTO INVERNADERO. CR\u00c9DITOS DE CARBONO\\\" FECHA: 3-12-2024 LUGAR: CU\u00c9LLAR, SEGOVIA (PALACIO\",\"breadcrumb\":{\"@id\":\"https:\/\/www.asajacyl.com\/segovia\/servicios-socio\/cursos-jornadas\/jornada-sobre-mitigacion-de-los-gases-de-efecto-invernadero-creditos-de-carbono#breadcrumb\"},\"inLanguage\":\"es\",\"potentialAction\":[{\"@type\":\"ReadAction\",\"target\":[\"https:\/\/www.asajacyl.com\/segovia\/servicios-socio\/cursos-jornadas\/jornada-sobre-mitigacion-de-los-gases-de-efecto-invernadero-creditos-de-carbono\"]}]},{\"@type\":\"ImageObject\",\"inLanguage\":\"es\",\"@id\":\"https:\/\/www.asajacyl.com\/segovia\/servicios-socio\/cursos-jornadas\/jornada-sobre-mitigacion-de-los-gases-de-efecto-invernadero-creditos-de-carbono#primaryimage\",\"url\":\"https:\/\/www.asajacyl.com\/segovia\/wp-content\/uploads\/sites\/8\/2017\/11\/im_predefinida_1920x1080.jpg\",\"contentUrl\":\"https:\/\/www.asajacyl.com\/segovia\/wp-content\/uploads\/sites\/8\/2017\/11\/im_predefinida_1920x1080.jpg\",\"width\":1920,\"height\":1080,\"caption\":\"Logotipo ASAJA Segovia\"},{\"@type\":\"BreadcrumbList\",\"@id\":\"https:\/\/www.asajacyl.com\/segovia\/servicios-socio\/cursos-jornadas\/jornada-sobre-mitigacion-de-los-gases-de-efecto-invernadero-creditos-de-carbono#breadcrumb\",\"itemListElement\":[{\"@type\":\"ListItem\",\"position\":1,\"name\":\"Portada\",\"item\":\"https:\/\/www.asajacyl.com\/segovia\/\"},{\"@type\":\"ListItem\",\"position\":2,\"name\":\"JORNADA SOBRE MITIGACI\u00d3N DE LOS GASES DE EFECTO INVERNADERO. CR\u00c9DITOS DE CARBONO\"}]},{\"@type\":\"WebSite\",\"@id\":\"https:\/\/www.asajacyl.com\/segovia\/#website\",\"url\":\"https:\/\/www.asajacyl.com\/segovia\/\",\"name\":\"ASAJA Segovia\",\"description\":\"Otro sitio m\u00e1s de Provincias ASAJA Castilla y Le\u00f3n\",\"potentialAction\":[{\"@type\":\"SearchAction\",\"target\":{\"@type\":\"EntryPoint\",\"urlTemplate\":\"https:\/\/www.asajacyl.com\/segovia\/?s={search_term_string}\"},\"query-input\":{\"@type\":\"PropertyValueSpecification\",\"valueRequired\":true,\"valueName\":\"search_term_string\"}}],\"inLanguage\":\"es\"},{\"@type\":\"Person\",\"@id\":\"https:\/\/www.asajacyl.com\/segovia\/#\/schema\/person\/f044fca5805bb46713e11715709aef4d\",\"name\":\"Alicia\",\"image\":{\"@type\":\"ImageObject\",\"inLanguage\":\"es\",\"@id\":\"https:\/\/www.asajacyl.com\/segovia\/#\/schema\/person\/image\/\",\"url\":\"https:\/\/secure.gravatar.com\/avatar\/054cff43263e39aa6e74950dc4bb1690?s=96&d=mm&r=g\",\"contentUrl\":\"https:\/\/secure.gravatar.com\/avatar\/054cff43263e39aa6e74950dc4bb1690?s=96&d=mm&r=g\",\"caption\":\"Alicia\"},\"url\":\"https:\/\/www.asajacyl.com\/segovia\/author\/aliciasc\"}]}<\/script>\n<!-- \/ Yoast SEO plugin. -->","yoast_head_json":{"title":"JORNADA SOBRE MITIGACI\u00d3N DE LOS GASES DE EFECTO INVERNADERO. CR\u00c9DITOS DE CARBONO - ASAJA Segovia","description":"JORNADA FORMATIVA \"JORNADA SOBRE MITIGACI\u00d3N DE LOS GASES DE EFECTO INVERNADERO. CR\u00c9DITOS DE CARBONO\" FECHA: 3-12-2024 LUGAR: CU\u00c9LLAR, SEGOVIA (PALACIO","robots":{"index":"index","follow":"follow","max-snippet":"max-snippet:-1","max-image-preview":"max-image-preview:large","max-video-preview":"max-video-preview:-1"},"canonical":"https:\/\/www.asajacyl.com\/segovia\/servicios-socio\/cursos-jornadas\/jornada-sobre-mitigacion-de-los-gases-de-efecto-invernadero-creditos-de-carbono","og_locale":"es_ES","og_type":"article","og_title":"JORNADA SOBRE MITIGACI\u00d3N DE LOS GASES DE EFECTO INVERNADERO. CR\u00c9DITOS DE CARBONO - ASAJA Segovia","og_description":"JORNADA FORMATIVA \"JORNADA SOBRE MITIGACI\u00d3N DE LOS GASES DE EFECTO INVERNADERO. CR\u00c9DITOS DE CARBONO\" FECHA: 3-12-2024 LUGAR: CU\u00c9LLAR, SEGOVIA (PALACIO","og_url":"https:\/\/www.asajacyl.com\/segovia\/servicios-socio\/cursos-jornadas\/jornada-sobre-mitigacion-de-los-gases-de-efecto-invernadero-creditos-de-carbono","og_site_name":"ASAJA Segovia","article_published_time":"2024-11-28T12:16:20+00:00","article_modified_time":"2024-11-28T12:16:24+00:00","og_image":[{"width":1755,"height":1242,"url":"https:\/\/www.asajacyl.com\/segovia\/wp-content\/uploads\/sites\/8\/2024\/11\/ANEXO-II-JORNADAS-JUNTA-2024.jpg","type":"image\/jpeg"}],"author":"Alicia","twitter_card":"summary_large_image","twitter_misc":{"Escrito por":"Alicia","Tiempo de lectura":"2 minutos"},"schema":{"@context":"https:\/\/schema.org","@graph":[{"@type":"WebPage","@id":"https:\/\/www.asajacyl.com\/segovia\/servicios-socio\/cursos-jornadas\/jornada-sobre-mitigacion-de-los-gases-de-efecto-invernadero-creditos-de-carbono","url":"https:\/\/www.asajacyl.com\/segovia\/servicios-socio\/cursos-jornadas\/jornada-sobre-mitigacion-de-los-gases-de-efecto-invernadero-creditos-de-carbono","name":"JORNADA SOBRE MITIGACI\u00d3N DE LOS GASES DE EFECTO INVERNADERO. CR\u00c9DITOS DE CARBONO - ASAJA Segovia","isPartOf":{"@id":"https:\/\/www.asajacyl.com\/segovia\/#website"},"primaryImageOfPage":{"@id":"https:\/\/www.asajacyl.com\/segovia\/servicios-socio\/cursos-jornadas\/jornada-sobre-mitigacion-de-los-gases-de-efecto-invernadero-creditos-de-carbono#primaryimage"},"image":{"@id":"https:\/\/www.asajacyl.com\/segovia\/servicios-socio\/cursos-jornadas\/jornada-sobre-mitigacion-de-los-gases-de-efecto-invernadero-creditos-de-carbono#primaryimage"},"thumbnailUrl":"https:\/\/www.asajacyl.com\/segovia\/wp-content\/uploads\/sites\/8\/2017\/11\/im_predefinida_1920x1080.jpg","datePublished":"2024-11-28T12:16:20+00:00","dateModified":"2024-11-28T12:16:24+00:00","author":{"@id":"https:\/\/www.asajacyl.com\/segovia\/#\/schema\/person\/f044fca5805bb46713e11715709aef4d"},"description":"JORNADA FORMATIVA \"JORNADA SOBRE MITIGACI\u00d3N DE LOS GASES DE EFECTO INVERNADERO. CR\u00c9DITOS DE CARBONO\" FECHA: 3-12-2024 LUGAR: CU\u00c9LLAR, SEGOVIA (PALACIO","breadcrumb":{"@id":"https:\/\/www.asajacyl.com\/segovia\/servicios-socio\/cursos-jornadas\/jornada-sobre-mitigacion-de-los-gases-de-efecto-invernadero-creditos-de-carbono#breadcrumb"},"inLanguage":"es","potentialAction":[{"@type":"ReadAction","target":["https:\/\/www.asajacyl.com\/segovia\/servicios-socio\/cursos-jornadas\/jornada-sobre-mitigacion-de-los-gases-de-efecto-invernadero-creditos-de-carbono"]}]},{"@type":"ImageObject","inLanguage":"es","@id":"https:\/\/www.asajacyl.com\/segovia\/servicios-socio\/cursos-jornadas\/jornada-sobre-mitigacion-de-los-gases-de-efecto-invernadero-creditos-de-carbono#primaryimage","url":"https:\/\/www.asajacyl.com\/segovia\/wp-content\/uploads\/sites\/8\/2017\/11\/im_predefinida_1920x1080.jpg","contentUrl":"https:\/\/www.asajacyl.com\/segovia\/wp-content\/uploads\/sites\/8\/2017\/11\/im_predefinida_1920x1080.jpg","width":1920,"height":1080,"caption":"Logotipo ASAJA Segovia"},{"@type":"BreadcrumbList","@id":"https:\/\/www.asajacyl.com\/segovia\/servicios-socio\/cursos-jornadas\/jornada-sobre-mitigacion-de-los-gases-de-efecto-invernadero-creditos-de-carbono#breadcrumb","itemListElement":[{"@type":"ListItem","position":1,"name":"Portada","item":"https:\/\/www.asajacyl.com\/segovia\/"},{"@type":"ListItem","position":2,"name":"JORNADA SOBRE MITIGACI\u00d3N DE LOS GASES DE EFECTO INVERNADERO. CR\u00c9DITOS DE CARBONO"}]},{"@type":"WebSite","@id":"https:\/\/www.asajacyl.com\/segovia\/#website","url":"https:\/\/www.asajacyl.com\/segovia\/","name":"ASAJA Segovia","description":"Otro sitio m\u00e1s de Provincias ASAJA Castilla y Le\u00f3n","potentialAction":[{"@type":"SearchAction","target":{"@type":"EntryPoint","urlTemplate":"https:\/\/www.asajacyl.com\/segovia\/?s={search_term_string}"},"query-input":{"@type":"PropertyValueSpecification","valueRequired":true,"valueName":"search_term_string"}}],"inLanguage":"es"},{"@type":"Person","@id":"https:\/\/www.asajacyl.com\/segovia\/#\/schema\/person\/f044fca5805bb46713e11715709aef4d","name":"Alicia","image":{"@type":"ImageObject","inLanguage":"es","@id":"https:\/\/www.asajacyl.com\/segovia\/#\/schema\/person\/image\/","url":"https:\/\/secure.gravatar.com\/avatar\/054cff43263e39aa6e74950dc4bb1690?s=96&d=mm&r=g","contentUrl":"https:\/\/secure.gravatar.com\/avatar\/054cff43263e39aa6e74950dc4bb1690?s=96&d=mm&r=g","caption":"Alicia"},"url":"https:\/\/www.asajacyl.com\/segovia\/author\/aliciasc"}]}},"_links":{"self":[{"href":"https:\/\/www.asajacyl.com\/segovia\/wp-json\/wp\/v2\/posts\/1791"}],"collection":[{"href":"https:\/\/www.asajacyl.com\/segovia\/wp-json\/wp\/v2\/posts"}],"about":[{"href":"https:\/\/www.asajacyl.com\/segovia\/wp-json\/wp\/v2\/types\/post"}],"author":[{"embeddable":true,"href":"https:\/\/www.asajacyl.com\/segovia\/wp-json\/wp\/v2\/users\/11"}],"replies":[{"embeddable":true,"href":"https:\/\/www.asajacyl.com\/segovia\/wp-json\/wp\/v2\/comments?post=1791"}],"version-history":[{"count":1,"href":"https:\/\/www.asajacyl.com\/segovia\/wp-json\/wp\/v2\/posts\/1791\/revisions"}],"predecessor-version":[{"id":1794,"href":"https:\/\/www.asajacyl.com\/segovia\/wp-json\/wp\/v2\/posts\/1791\/revisions\/1794"}],"wp:featuredmedia":[{"embeddable":true,"href":"https:\/\/www.asajacyl.com\/segovia\/wp-json\/wp\/v2\/media\/708"}],"wp:attachment":[{"href":"https:\/\/www.asajacyl.com\/segovia\/wp-json\/wp\/v2\/media?parent=1791"}],"wp:term":[{"taxonomy":"category","embeddable":true,"href":"https:\/\/www.asajacyl.com\/segovia\/wp-json\/wp\/v2\/categories?post=1791"},{"taxonomy":"post_tag","embeddable":true,"href":"https:\/\/www.asajacyl.com\/segovia\/wp-json\/wp\/v2\/tags?post=1791"}],"curies":[{"name":"wp","href":"https:\/\/api.w.org\/{rel}","templated":true}]}}