{"id":1840,"date":"2025-02-18T14:32:01","date_gmt":"2025-02-18T13:32:01","guid":{"rendered":"https:\/\/www.asajacyl.com\/segovia\/?p=1840"},"modified":"2025-02-18T14:32:05","modified_gmt":"2025-02-18T13:32:05","slug":"asaja-alerta-de-una-nueva-oleada-de-robos-en-el-campo-en-las-provincias-de-segovia-valladolid-y-avila","status":"publish","type":"post","link":"https:\/\/www.asajacyl.com\/segovia\/asaja-segovia-informa\/asaja-alerta-de-una-nueva-oleada-de-robos-en-el-campo-en-las-provincias-de-segovia-valladolid-y-avila","title":{"rendered":"ASAJA alerta de una nueva oleada de robos en el campo en las provincias de Segovia, Valladolid y \u00c1vila."},"content":{"rendered":"\n<p><strong>Segovia, 18 de febrero de 2025.- <\/strong><a><em>ASAJA Segovia ha trasladado a la Guardia Civil una operaci\u00f3n especial por parte de los Equipos Roca y la Guardia Civil para atajar esta oleada de robos.<\/em><\/a><\/p>\n\n\n\n<p>ASAJA, alerta de una nueva oleada de robos en el campo en Valladolid, \u00c1vila y Segovia, que pr\u00e1cticamente est\u00e1n desvalijando a los agricultores de estas provincias.<\/p>\n\n\n\n<p>Este principio de a\u00f1o est\u00e1 siendo especialmente desesperanzador para los agricultores de esta zona que ven como, con total impunidad, como los ladrones roban y destrozan principalmente sus instalaciones de riego. Entre robos denunciados y no denunciados, esta organizaci\u00f3n calcula que en poco m\u00e1s de mes y medio se han sucedido m\u00e1s de 50 robos.<\/p>\n\n\n\n<p>Los pozos de riego, son su principal objetivo cogiendo materiales de todo tipo: bater\u00edas, cobre, bombas equipos electr\u00f3nicos, etc. Unos robos, que de media entre el material sustra\u00eddo y el destrozo realizado, no bajan de los 4.000 euros.<\/p>\n\n\n\n<p>ASAJA Segovia ha solicitado una operaci\u00f3n especial por parte de los Equipos Roca y la Guardia Civil para atajar esta oleada de robos por individuos y bandas organizadas que en una noche pueden cometer entre 3 y 4 robos.<\/p>\n\n\n\n<p>Esta organizaci\u00f3n reclama m\u00e1s medios humanos, tecnol\u00f3gicos y materiales para la guardia Civil ya que en la actualidad carecen de los agentes y medios necesarios para combatir esta delincuencia en zonas tan grandes de terreno.<\/p>\n\n\n\n<p>ASAJA Segovia reclama medidas de protecci\u00f3n para los habitantes del medio rural y sus empresas. \u201cEstas personas necesitas sentirse protegidas y tener la seguridad de que su actividad econ\u00f3mica puede desarrollarse sin miedo y sin que cada dos por tres, robos de tanta cuant\u00eda amenacen su supervivencia y por ende, su continuidad en los pueblos\u201d.<\/p>\n","protected":false},"excerpt":{"rendered":"<p>Segovia, 18 de febrero de 2025.- ASAJA Segovia ha trasladado a la Guardia Civil una operaci\u00f3n especial por parte de los Equipos Roca y la Guardia Civil para atajar esta oleada de robos. ASAJA, alerta de una nueva oleada de robos en el campo en Valladolid, \u00c1vila y Segovia, que pr\u00e1cticamente est\u00e1n desvalijando a los [&hellip;]<\/p>\n","protected":false},"author":11,"featured_media":1841,"comment_status":"open","ping_status":"open","sticky":false,"template":"","format":"standard","meta":{"footnotes":""},"categories":[10,27,26],"tags":[],"yoast_head":"<!-- This site is optimized with the Yoast SEO plugin v24.5 - https:\/\/yoast.com\/wordpress\/plugins\/seo\/ -->\n<title>ASAJA alerta de una nueva oleada de robos en el campo en las provincias de Segovia, Valladolid y \u00c1vila. - ASAJA Segovia<\/title>\n<meta name=\"description\" content=\"Segovia, 18 de febrero de 2025.- ASAJA Segovia ha trasladado a la Guardia Civil una operaci\u00f3n especial por parte de los Equipos Roca y la Guardia Civil\" \/>\n<meta name=\"robots\" content=\"index, follow, max-snippet:-1, max-image-preview:large, max-video-preview:-1\" \/>\n<link rel=\"canonical\" href=\"https:\/\/www.asajacyl.com\/segovia\/asaja-segovia-informa\/asaja-alerta-de-una-nueva-oleada-de-robos-en-el-campo-en-las-provincias-de-segovia-valladolid-y-avila\" \/>\n<meta property=\"og:locale\" content=\"es_ES\" \/>\n<meta property=\"og:type\" content=\"article\" \/>\n<meta property=\"og:title\" content=\"ASAJA alerta de una nueva oleada de robos en el campo en las provincias de Segovia, Valladolid y \u00c1vila. - ASAJA Segovia\" \/>\n<meta property=\"og:description\" content=\"Segovia, 18 de febrero de 2025.- ASAJA Segovia ha trasladado a la Guardia Civil una operaci\u00f3n especial por parte de los Equipos Roca y la Guardia Civil\" \/>\n<meta property=\"og:url\" content=\"https:\/\/www.asajacyl.com\/segovia\/asaja-segovia-informa\/asaja-alerta-de-una-nueva-oleada-de-robos-en-el-campo-en-las-provincias-de-segovia-valladolid-y-avila\" \/>\n<meta property=\"og:site_name\" content=\"ASAJA Segovia\" \/>\n<meta property=\"article:published_time\" content=\"2025-02-18T13:32:01+00:00\" \/>\n<meta property=\"article:modified_time\" content=\"2025-02-18T13:32:05+00:00\" \/>\n<meta property=\"og:image\" content=\"https:\/\/www.asajacyl.com\/segovia\/wp-content\/uploads\/sites\/8\/2025\/02\/descarga.jpg\" \/>\n\t<meta property=\"og:image:width\" content=\"260\" \/>\n\t<meta property=\"og:image:height\" content=\"194\" \/>\n\t<meta property=\"og:image:type\" content=\"image\/jpeg\" \/>\n<meta name=\"author\" content=\"Alicia\" \/>\n<meta name=\"twitter:card\" content=\"summary_large_image\" \/>\n<meta name=\"twitter:label1\" content=\"Escrito por\" \/>\n\t<meta name=\"twitter:data1\" content=\"Alicia\" \/>\n\t<meta name=\"twitter:label2\" content=\"Tiempo de lectura\" \/>\n\t<meta name=\"twitter:data2\" content=\"2 minutos\" \/>\n<script type=\"application\/ld+json\" class=\"yoast-schema-graph\">{\"@context\":\"https:\/\/schema.org\",\"@graph\":[{\"@type\":\"WebPage\",\"@id\":\"https:\/\/www.asajacyl.com\/segovia\/asaja-segovia-informa\/asaja-alerta-de-una-nueva-oleada-de-robos-en-el-campo-en-las-provincias-de-segovia-valladolid-y-avila\",\"url\":\"https:\/\/www.asajacyl.com\/segovia\/asaja-segovia-informa\/asaja-alerta-de-una-nueva-oleada-de-robos-en-el-campo-en-las-provincias-de-segovia-valladolid-y-avila\",\"name\":\"ASAJA alerta de una nueva oleada de robos en el campo en las provincias de Segovia, Valladolid y \u00c1vila. - ASAJA Segovia\",\"isPartOf\":{\"@id\":\"https:\/\/www.asajacyl.com\/segovia\/#website\"},\"primaryImageOfPage\":{\"@id\":\"https:\/\/www.asajacyl.com\/segovia\/asaja-segovia-informa\/asaja-alerta-de-una-nueva-oleada-de-robos-en-el-campo-en-las-provincias-de-segovia-valladolid-y-avila#primaryimage\"},\"image\":{\"@id\":\"https:\/\/www.asajacyl.com\/segovia\/asaja-segovia-informa\/asaja-alerta-de-una-nueva-oleada-de-robos-en-el-campo-en-las-provincias-de-segovia-valladolid-y-avila#primaryimage\"},\"thumbnailUrl\":\"https:\/\/www.asajacyl.com\/segovia\/wp-content\/uploads\/sites\/8\/2025\/02\/descarga.jpg\",\"datePublished\":\"2025-02-18T13:32:01+00:00\",\"dateModified\":\"2025-02-18T13:32:05+00:00\",\"author\":{\"@id\":\"https:\/\/www.asajacyl.com\/segovia\/#\/schema\/person\/f044fca5805bb46713e11715709aef4d\"},\"description\":\"Segovia, 18 de febrero de 2025.- ASAJA Segovia ha trasladado a la Guardia Civil una operaci\u00f3n especial por parte de los Equipos Roca y la Guardia Civil\",\"breadcrumb\":{\"@id\":\"https:\/\/www.asajacyl.com\/segovia\/asaja-segovia-informa\/asaja-alerta-de-una-nueva-oleada-de-robos-en-el-campo-en-las-provincias-de-segovia-valladolid-y-avila#breadcrumb\"},\"inLanguage\":\"es\",\"potentialAction\":[{\"@type\":\"ReadAction\",\"target\":[\"https:\/\/www.asajacyl.com\/segovia\/asaja-segovia-informa\/asaja-alerta-de-una-nueva-oleada-de-robos-en-el-campo-en-las-provincias-de-segovia-valladolid-y-avila\"]}]},{\"@type\":\"ImageObject\",\"inLanguage\":\"es\",\"@id\":\"https:\/\/www.asajacyl.com\/segovia\/asaja-segovia-informa\/asaja-alerta-de-una-nueva-oleada-de-robos-en-el-campo-en-las-provincias-de-segovia-valladolid-y-avila#primaryimage\",\"url\":\"https:\/\/www.asajacyl.com\/segovia\/wp-content\/uploads\/sites\/8\/2025\/02\/descarga.jpg\",\"contentUrl\":\"https:\/\/www.asajacyl.com\/segovia\/wp-content\/uploads\/sites\/8\/2025\/02\/descarga.jpg\",\"width\":260,\"height\":194},{\"@type\":\"BreadcrumbList\",\"@id\":\"https:\/\/www.asajacyl.com\/segovia\/asaja-segovia-informa\/asaja-alerta-de-una-nueva-oleada-de-robos-en-el-campo-en-las-provincias-de-segovia-valladolid-y-avila#breadcrumb\",\"itemListElement\":[{\"@type\":\"ListItem\",\"position\":1,\"name\":\"Portada\",\"item\":\"https:\/\/www.asajacyl.com\/segovia\/\"},{\"@type\":\"ListItem\",\"position\":2,\"name\":\"ASAJA alerta de una nueva oleada de robos en el campo en las provincias de Segovia, Valladolid y \u00c1vila.\"}]},{\"@type\":\"WebSite\",\"@id\":\"https:\/\/www.asajacyl.com\/segovia\/#website\",\"url\":\"https:\/\/www.asajacyl.com\/segovia\/\",\"name\":\"ASAJA Segovia\",\"description\":\"Otro sitio m\u00e1s de Provincias ASAJA Castilla y Le\u00f3n\",\"potentialAction\":[{\"@type\":\"SearchAction\",\"target\":{\"@type\":\"EntryPoint\",\"urlTemplate\":\"https:\/\/www.asajacyl.com\/segovia\/?s={search_term_string}\"},\"query-input\":{\"@type\":\"PropertyValueSpecification\",\"valueRequired\":true,\"valueName\":\"search_term_string\"}}],\"inLanguage\":\"es\"},{\"@type\":\"Person\",\"@id\":\"https:\/\/www.asajacyl.com\/segovia\/#\/schema\/person\/f044fca5805bb46713e11715709aef4d\",\"name\":\"Alicia\",\"image\":{\"@type\":\"ImageObject\",\"inLanguage\":\"es\",\"@id\":\"https:\/\/www.asajacyl.com\/segovia\/#\/schema\/person\/image\/\",\"url\":\"https:\/\/secure.gravatar.com\/avatar\/054cff43263e39aa6e74950dc4bb1690?s=96&d=mm&r=g\",\"contentUrl\":\"https:\/\/secure.gravatar.com\/avatar\/054cff43263e39aa6e74950dc4bb1690?s=96&d=mm&r=g\",\"caption\":\"Alicia\"},\"url\":\"https:\/\/www.asajacyl.com\/segovia\/author\/aliciasc\"}]}<\/script>\n<!-- \/ Yoast SEO plugin. -->","yoast_head_json":{"title":"ASAJA alerta de una nueva oleada de robos en el campo en las provincias de Segovia, Valladolid y \u00c1vila. - ASAJA Segovia","description":"Segovia, 18 de febrero de 2025.- ASAJA Segovia ha trasladado a la Guardia Civil una operaci\u00f3n especial por parte de los Equipos Roca y la Guardia Civil","robots":{"index":"index","follow":"follow","max-snippet":"max-snippet:-1","max-image-preview":"max-image-preview:large","max-video-preview":"max-video-preview:-1"},"canonical":"https:\/\/www.asajacyl.com\/segovia\/asaja-segovia-informa\/asaja-alerta-de-una-nueva-oleada-de-robos-en-el-campo-en-las-provincias-de-segovia-valladolid-y-avila","og_locale":"es_ES","og_type":"article","og_title":"ASAJA alerta de una nueva oleada de robos en el campo en las provincias de Segovia, Valladolid y \u00c1vila. - ASAJA Segovia","og_description":"Segovia, 18 de febrero de 2025.- ASAJA Segovia ha trasladado a la Guardia Civil una operaci\u00f3n especial por parte de los Equipos Roca y la Guardia Civil","og_url":"https:\/\/www.asajacyl.com\/segovia\/asaja-segovia-informa\/asaja-alerta-de-una-nueva-oleada-de-robos-en-el-campo-en-las-provincias-de-segovia-valladolid-y-avila","og_site_name":"ASAJA Segovia","article_published_time":"2025-02-18T13:32:01+00:00","article_modified_time":"2025-02-18T13:32:05+00:00","og_image":[{"width":260,"height":194,"url":"https:\/\/www.asajacyl.com\/segovia\/wp-content\/uploads\/sites\/8\/2025\/02\/descarga.jpg","type":"image\/jpeg"}],"author":"Alicia","twitter_card":"summary_large_image","twitter_misc":{"Escrito por":"Alicia","Tiempo de lectura":"2 minutos"},"schema":{"@context":"https:\/\/schema.org","@graph":[{"@type":"WebPage","@id":"https:\/\/www.asajacyl.com\/segovia\/asaja-segovia-informa\/asaja-alerta-de-una-nueva-oleada-de-robos-en-el-campo-en-las-provincias-de-segovia-valladolid-y-avila","url":"https:\/\/www.asajacyl.com\/segovia\/asaja-segovia-informa\/asaja-alerta-de-una-nueva-oleada-de-robos-en-el-campo-en-las-provincias-de-segovia-valladolid-y-avila","name":"ASAJA alerta de una nueva oleada de robos en el campo en las provincias de Segovia, Valladolid y \u00c1vila. - ASAJA Segovia","isPartOf":{"@id":"https:\/\/www.asajacyl.com\/segovia\/#website"},"primaryImageOfPage":{"@id":"https:\/\/www.asajacyl.com\/segovia\/asaja-segovia-informa\/asaja-alerta-de-una-nueva-oleada-de-robos-en-el-campo-en-las-provincias-de-segovia-valladolid-y-avila#primaryimage"},"image":{"@id":"https:\/\/www.asajacyl.com\/segovia\/asaja-segovia-informa\/asaja-alerta-de-una-nueva-oleada-de-robos-en-el-campo-en-las-provincias-de-segovia-valladolid-y-avila#primaryimage"},"thumbnailUrl":"https:\/\/www.asajacyl.com\/segovia\/wp-content\/uploads\/sites\/8\/2025\/02\/descarga.jpg","datePublished":"2025-02-18T13:32:01+00:00","dateModified":"2025-02-18T13:32:05+00:00","author":{"@id":"https:\/\/www.asajacyl.com\/segovia\/#\/schema\/person\/f044fca5805bb46713e11715709aef4d"},"description":"Segovia, 18 de febrero de 2025.- ASAJA Segovia ha trasladado a la Guardia Civil una operaci\u00f3n especial por parte de los Equipos Roca y la Guardia Civil","breadcrumb":{"@id":"https:\/\/www.asajacyl.com\/segovia\/asaja-segovia-informa\/asaja-alerta-de-una-nueva-oleada-de-robos-en-el-campo-en-las-provincias-de-segovia-valladolid-y-avila#breadcrumb"},"inLanguage":"es","potentialAction":[{"@type":"ReadAction","target":["https:\/\/www.asajacyl.com\/segovia\/asaja-segovia-informa\/asaja-alerta-de-una-nueva-oleada-de-robos-en-el-campo-en-las-provincias-de-segovia-valladolid-y-avila"]}]},{"@type":"ImageObject","inLanguage":"es","@id":"https:\/\/www.asajacyl.com\/segovia\/asaja-segovia-informa\/asaja-alerta-de-una-nueva-oleada-de-robos-en-el-campo-en-las-provincias-de-segovia-valladolid-y-avila#primaryimage","url":"https:\/\/www.asajacyl.com\/segovia\/wp-content\/uploads\/sites\/8\/2025\/02\/descarga.jpg","contentUrl":"https:\/\/www.asajacyl.com\/segovia\/wp-content\/uploads\/sites\/8\/2025\/02\/descarga.jpg","width":260,"height":194},{"@type":"BreadcrumbList","@id":"https:\/\/www.asajacyl.com\/segovia\/asaja-segovia-informa\/asaja-alerta-de-una-nueva-oleada-de-robos-en-el-campo-en-las-provincias-de-segovia-valladolid-y-avila#breadcrumb","itemListElement":[{"@type":"ListItem","position":1,"name":"Portada","item":"https:\/\/www.asajacyl.com\/segovia\/"},{"@type":"ListItem","position":2,"name":"ASAJA alerta de una nueva oleada de robos en el campo en las provincias de Segovia, Valladolid y \u00c1vila."}]},{"@type":"WebSite","@id":"https:\/\/www.asajacyl.com\/segovia\/#website","url":"https:\/\/www.asajacyl.com\/segovia\/","name":"ASAJA Segovia","description":"Otro sitio m\u00e1s de Provincias ASAJA Castilla y Le\u00f3n","potentialAction":[{"@type":"SearchAction","target":{"@type":"EntryPoint","urlTemplate":"https:\/\/www.asajacyl.com\/segovia\/?s={search_term_string}"},"query-input":{"@type":"PropertyValueSpecification","valueRequired":true,"valueName":"search_term_string"}}],"inLanguage":"es"},{"@type":"Person","@id":"https:\/\/www.asajacyl.com\/segovia\/#\/schema\/person\/f044fca5805bb46713e11715709aef4d","name":"Alicia","image":{"@type":"ImageObject","inLanguage":"es","@id":"https:\/\/www.asajacyl.com\/segovia\/#\/schema\/person\/image\/","url":"https:\/\/secure.gravatar.com\/avatar\/054cff43263e39aa6e74950dc4bb1690?s=96&d=mm&r=g","contentUrl":"https:\/\/secure.gravatar.com\/avatar\/054cff43263e39aa6e74950dc4bb1690?s=96&d=mm&r=g","caption":"Alicia"},"url":"https:\/\/www.asajacyl.com\/segovia\/author\/aliciasc"}]}},"_links":{"self":[{"href":"https:\/\/www.asajacyl.com\/segovia\/wp-json\/wp\/v2\/posts\/1840"}],"collection":[{"href":"https:\/\/www.asajacyl.com\/segovia\/wp-json\/wp\/v2\/posts"}],"about":[{"href":"https:\/\/www.asajacyl.com\/segovia\/wp-json\/wp\/v2\/types\/post"}],"author":[{"embeddable":true,"href":"https:\/\/www.asajacyl.com\/segovia\/wp-json\/wp\/v2\/users\/11"}],"replies":[{"embeddable":true,"href":"https:\/\/www.asajacyl.com\/segovia\/wp-json\/wp\/v2\/comments?post=1840"}],"version-history":[{"count":1,"href":"https:\/\/www.asajacyl.com\/segovia\/wp-json\/wp\/v2\/posts\/1840\/revisions"}],"predecessor-version":[{"id":1842,"href":"https:\/\/www.asajacyl.com\/segovia\/wp-json\/wp\/v2\/posts\/1840\/revisions\/1842"}],"wp:featuredmedia":[{"embeddable":true,"href":"https:\/\/www.asajacyl.com\/segovia\/wp-json\/wp\/v2\/media\/1841"}],"wp:attachment":[{"href":"https:\/\/www.asajacyl.com\/segovia\/wp-json\/wp\/v2\/media?parent=1840"}],"wp:term":[{"taxonomy":"category","embeddable":true,"href":"https:\/\/www.asajacyl.com\/segovia\/wp-json\/wp\/v2\/categories?post=1840"},{"taxonomy":"post_tag","embeddable":true,"href":"https:\/\/www.asajacyl.com\/segovia\/wp-json\/wp\/v2\/tags?post=1840"}],"curies":[{"name":"wp","href":"https:\/\/api.w.org\/{rel}","templated":true}]}}