{"id":1847,"date":"2025-02-27T14:14:38","date_gmt":"2025-02-27T13:14:38","guid":{"rendered":"https:\/\/www.asajacyl.com\/segovia\/?p=1847"},"modified":"2025-02-27T14:14:41","modified_gmt":"2025-02-27T13:14:41","slug":"asaja-segovia-traslada-al-ministerio-de-agricultura-que-haga-su-trabajo-para-poder-relanzar-el-valor-de-la-lana-ovina","status":"publish","type":"post","link":"https:\/\/www.asajacyl.com\/segovia\/asaja-segovia-informa\/asaja-segovia-traslada-al-ministerio-de-agricultura-que-haga-su-trabajo-para-poder-relanzar-el-valor-de-la-lana-ovina","title":{"rendered":"ASAJA SEGOVIA, traslada al Ministerio de Agricultura que haga su trabajo para poder relanzar el valor de la lana ovina."},"content":{"rendered":"\n<p><strong>Segovia, 27 de febrero de 2025.- <\/strong><a><em>ASAJA Segovia ha trasladado al Ministerio de Agricultura, que debe certificar que nuestro pa\u00eds se encuentra libre de \u201cVIRUELA OVINA\u201d, para poder comenzar de nueva la exportaci\u00f3n de la lana a China.<\/em><\/a><\/p>\n\n\n\n<p>Desde nuestra Organizaci\u00f3n provincial hemos solicitado que se certifique de forma oficial que nuestro pa\u00eds se encuentra libre de \u201cViruela Ovina\u201d y realicen la comunicaci\u00f3n pertinente aquellos pa\u00edses con los que tenemos relaci\u00f3n comercial, principalmente a China.<\/p>\n\n\n\n<p>El poder llevar esta labor ser\u00eda muy positivo para el ganado ovino de nuestro pa\u00eds. Puesto que ser\u00eda una palanca muy importante para que el precio de la lana vuelva a ser atractivo para ganaderos y comerciales.<\/p>\n\n\n\n<p>Nos encontramos en fechas pr\u00f3ximas a la nueva esquila del ganado y al movimiento del mercado de lana, por lo que las gestiones que haya que realizar se deben de hacer de forma r\u00e1pida y diligente.<\/p>\n\n\n\n<p>China ha sido el gran comprador de lana espa\u00f1ola y debido al problema que tuvimos con la \u201cViruela Ovina\u201d dejaron de comprar lana es nuestro pa\u00eds, hundiendo el precio en origen.<\/p>\n\n\n\n<p>Con la caba\u00f1a ovina que tiene nuestro pa\u00eds, puede ser un nicho de negocio muy importante, en el cual se pueden crear mucho puestos de trabajo en su entorno y conseguir un valor a\u00f1adido a un producto de alta calidad que hoy casi no tiene salida en el mercado.<\/p>\n\n\n\n<p>Otros pa\u00edses disponen de un mercado de lana muy atractivo, tanto para el sector primario como para el sector textil y es culpa en gran parte a las actuaciones de las Administraciones P\u00fablicas.<\/p>\n\n\n\n<p>Insistimos que nuestros gobernantes deben de legislar a favor de nuestro sector agr\u00edcola-ganadero lo que repercutir\u00eda en mayor rentabilidad de nuestras explotaciones y en un mayor nivel de poblaci\u00f3n en nuestro medio rural.<\/p>\n","protected":false},"excerpt":{"rendered":"<p>Segovia, 27 de febrero de 2025.- ASAJA Segovia ha trasladado al Ministerio de Agricultura, que debe certificar que nuestro pa\u00eds se encuentra libre de \u201cVIRUELA OVINA\u201d, para poder comenzar de nueva la exportaci\u00f3n de la lana a China. Desde nuestra Organizaci\u00f3n provincial hemos solicitado que se certifique de forma oficial que nuestro pa\u00eds se encuentra [&hellip;]<\/p>\n","protected":false},"author":11,"featured_media":1848,"comment_status":"open","ping_status":"open","sticky":false,"template":"","format":"standard","meta":{"footnotes":""},"categories":[10,27,26],"tags":[],"yoast_head":"<!-- This site is optimized with the Yoast SEO plugin v24.5 - https:\/\/yoast.com\/wordpress\/plugins\/seo\/ -->\n<title>ASAJA SEGOVIA, traslada al Ministerio de Agricultura que haga su trabajo para poder relanzar el valor de la lana ovina. - ASAJA Segovia<\/title>\n<meta name=\"description\" content=\"Segovia, 27 de febrero de 2025.- ASAJA Segovia ha trasladado al Ministerio de Agricultura, que debe certificar que nuestro pa\u00eds se encuentra libre de\" \/>\n<meta name=\"robots\" content=\"index, follow, max-snippet:-1, max-image-preview:large, max-video-preview:-1\" \/>\n<link rel=\"canonical\" href=\"https:\/\/www.asajacyl.com\/segovia\/asaja-segovia-informa\/asaja-segovia-traslada-al-ministerio-de-agricultura-que-haga-su-trabajo-para-poder-relanzar-el-valor-de-la-lana-ovina\" \/>\n<meta property=\"og:locale\" content=\"es_ES\" \/>\n<meta property=\"og:type\" content=\"article\" \/>\n<meta property=\"og:title\" content=\"ASAJA SEGOVIA, traslada al Ministerio de Agricultura que haga su trabajo para poder relanzar el valor de la lana ovina. - ASAJA Segovia\" \/>\n<meta property=\"og:description\" content=\"Segovia, 27 de febrero de 2025.- ASAJA Segovia ha trasladado al Ministerio de Agricultura, que debe certificar que nuestro pa\u00eds se encuentra libre de\" \/>\n<meta property=\"og:url\" content=\"https:\/\/www.asajacyl.com\/segovia\/asaja-segovia-informa\/asaja-segovia-traslada-al-ministerio-de-agricultura-que-haga-su-trabajo-para-poder-relanzar-el-valor-de-la-lana-ovina\" \/>\n<meta property=\"og:site_name\" content=\"ASAJA Segovia\" \/>\n<meta property=\"article:published_time\" content=\"2025-02-27T13:14:38+00:00\" \/>\n<meta property=\"article:modified_time\" content=\"2025-02-27T13:14:41+00:00\" \/>\n<meta property=\"og:image\" content=\"https:\/\/www.asajacyl.com\/segovia\/wp-content\/uploads\/sites\/8\/2025\/02\/1280px-Ovejas_merinas.jpg\" \/>\n\t<meta property=\"og:image:width\" content=\"1280\" \/>\n\t<meta property=\"og:image:height\" content=\"960\" \/>\n\t<meta property=\"og:image:type\" content=\"image\/jpeg\" \/>\n<meta name=\"author\" content=\"Alicia\" \/>\n<meta name=\"twitter:card\" content=\"summary_large_image\" \/>\n<meta name=\"twitter:label1\" content=\"Escrito por\" \/>\n\t<meta name=\"twitter:data1\" content=\"Alicia\" \/>\n\t<meta name=\"twitter:label2\" content=\"Tiempo de lectura\" \/>\n\t<meta name=\"twitter:data2\" content=\"2 minutos\" \/>\n<script type=\"application\/ld+json\" class=\"yoast-schema-graph\">{\"@context\":\"https:\/\/schema.org\",\"@graph\":[{\"@type\":\"WebPage\",\"@id\":\"https:\/\/www.asajacyl.com\/segovia\/asaja-segovia-informa\/asaja-segovia-traslada-al-ministerio-de-agricultura-que-haga-su-trabajo-para-poder-relanzar-el-valor-de-la-lana-ovina\",\"url\":\"https:\/\/www.asajacyl.com\/segovia\/asaja-segovia-informa\/asaja-segovia-traslada-al-ministerio-de-agricultura-que-haga-su-trabajo-para-poder-relanzar-el-valor-de-la-lana-ovina\",\"name\":\"ASAJA SEGOVIA, traslada al Ministerio de Agricultura que haga su trabajo para poder relanzar el valor de la lana ovina. - ASAJA Segovia\",\"isPartOf\":{\"@id\":\"https:\/\/www.asajacyl.com\/segovia\/#website\"},\"primaryImageOfPage\":{\"@id\":\"https:\/\/www.asajacyl.com\/segovia\/asaja-segovia-informa\/asaja-segovia-traslada-al-ministerio-de-agricultura-que-haga-su-trabajo-para-poder-relanzar-el-valor-de-la-lana-ovina#primaryimage\"},\"image\":{\"@id\":\"https:\/\/www.asajacyl.com\/segovia\/asaja-segovia-informa\/asaja-segovia-traslada-al-ministerio-de-agricultura-que-haga-su-trabajo-para-poder-relanzar-el-valor-de-la-lana-ovina#primaryimage\"},\"thumbnailUrl\":\"https:\/\/www.asajacyl.com\/segovia\/wp-content\/uploads\/sites\/8\/2025\/02\/1280px-Ovejas_merinas.jpg\",\"datePublished\":\"2025-02-27T13:14:38+00:00\",\"dateModified\":\"2025-02-27T13:14:41+00:00\",\"author\":{\"@id\":\"https:\/\/www.asajacyl.com\/segovia\/#\/schema\/person\/f044fca5805bb46713e11715709aef4d\"},\"description\":\"Segovia, 27 de febrero de 2025.- ASAJA Segovia ha trasladado al Ministerio de Agricultura, que debe certificar que nuestro pa\u00eds se encuentra libre de\",\"breadcrumb\":{\"@id\":\"https:\/\/www.asajacyl.com\/segovia\/asaja-segovia-informa\/asaja-segovia-traslada-al-ministerio-de-agricultura-que-haga-su-trabajo-para-poder-relanzar-el-valor-de-la-lana-ovina#breadcrumb\"},\"inLanguage\":\"es\",\"potentialAction\":[{\"@type\":\"ReadAction\",\"target\":[\"https:\/\/www.asajacyl.com\/segovia\/asaja-segovia-informa\/asaja-segovia-traslada-al-ministerio-de-agricultura-que-haga-su-trabajo-para-poder-relanzar-el-valor-de-la-lana-ovina\"]}]},{\"@type\":\"ImageObject\",\"inLanguage\":\"es\",\"@id\":\"https:\/\/www.asajacyl.com\/segovia\/asaja-segovia-informa\/asaja-segovia-traslada-al-ministerio-de-agricultura-que-haga-su-trabajo-para-poder-relanzar-el-valor-de-la-lana-ovina#primaryimage\",\"url\":\"https:\/\/www.asajacyl.com\/segovia\/wp-content\/uploads\/sites\/8\/2025\/02\/1280px-Ovejas_merinas.jpg\",\"contentUrl\":\"https:\/\/www.asajacyl.com\/segovia\/wp-content\/uploads\/sites\/8\/2025\/02\/1280px-Ovejas_merinas.jpg\",\"width\":1280,\"height\":960},{\"@type\":\"BreadcrumbList\",\"@id\":\"https:\/\/www.asajacyl.com\/segovia\/asaja-segovia-informa\/asaja-segovia-traslada-al-ministerio-de-agricultura-que-haga-su-trabajo-para-poder-relanzar-el-valor-de-la-lana-ovina#breadcrumb\",\"itemListElement\":[{\"@type\":\"ListItem\",\"position\":1,\"name\":\"Portada\",\"item\":\"https:\/\/www.asajacyl.com\/segovia\/\"},{\"@type\":\"ListItem\",\"position\":2,\"name\":\"ASAJA SEGOVIA, traslada al Ministerio de Agricultura que haga su trabajo para poder relanzar el valor de la lana ovina.\"}]},{\"@type\":\"WebSite\",\"@id\":\"https:\/\/www.asajacyl.com\/segovia\/#website\",\"url\":\"https:\/\/www.asajacyl.com\/segovia\/\",\"name\":\"ASAJA Segovia\",\"description\":\"Otro sitio m\u00e1s de Provincias ASAJA Castilla y Le\u00f3n\",\"potentialAction\":[{\"@type\":\"SearchAction\",\"target\":{\"@type\":\"EntryPoint\",\"urlTemplate\":\"https:\/\/www.asajacyl.com\/segovia\/?s={search_term_string}\"},\"query-input\":{\"@type\":\"PropertyValueSpecification\",\"valueRequired\":true,\"valueName\":\"search_term_string\"}}],\"inLanguage\":\"es\"},{\"@type\":\"Person\",\"@id\":\"https:\/\/www.asajacyl.com\/segovia\/#\/schema\/person\/f044fca5805bb46713e11715709aef4d\",\"name\":\"Alicia\",\"image\":{\"@type\":\"ImageObject\",\"inLanguage\":\"es\",\"@id\":\"https:\/\/www.asajacyl.com\/segovia\/#\/schema\/person\/image\/\",\"url\":\"https:\/\/secure.gravatar.com\/avatar\/054cff43263e39aa6e74950dc4bb1690?s=96&d=mm&r=g\",\"contentUrl\":\"https:\/\/secure.gravatar.com\/avatar\/054cff43263e39aa6e74950dc4bb1690?s=96&d=mm&r=g\",\"caption\":\"Alicia\"},\"url\":\"https:\/\/www.asajacyl.com\/segovia\/author\/aliciasc\"}]}<\/script>\n<!-- \/ Yoast SEO plugin. -->","yoast_head_json":{"title":"ASAJA SEGOVIA, traslada al Ministerio de Agricultura que haga su trabajo para poder relanzar el valor de la lana ovina. - ASAJA Segovia","description":"Segovia, 27 de febrero de 2025.- ASAJA Segovia ha trasladado al Ministerio de Agricultura, que debe certificar que nuestro pa\u00eds se encuentra libre de","robots":{"index":"index","follow":"follow","max-snippet":"max-snippet:-1","max-image-preview":"max-image-preview:large","max-video-preview":"max-video-preview:-1"},"canonical":"https:\/\/www.asajacyl.com\/segovia\/asaja-segovia-informa\/asaja-segovia-traslada-al-ministerio-de-agricultura-que-haga-su-trabajo-para-poder-relanzar-el-valor-de-la-lana-ovina","og_locale":"es_ES","og_type":"article","og_title":"ASAJA SEGOVIA, traslada al Ministerio de Agricultura que haga su trabajo para poder relanzar el valor de la lana ovina. - ASAJA Segovia","og_description":"Segovia, 27 de febrero de 2025.- ASAJA Segovia ha trasladado al Ministerio de Agricultura, que debe certificar que nuestro pa\u00eds se encuentra libre de","og_url":"https:\/\/www.asajacyl.com\/segovia\/asaja-segovia-informa\/asaja-segovia-traslada-al-ministerio-de-agricultura-que-haga-su-trabajo-para-poder-relanzar-el-valor-de-la-lana-ovina","og_site_name":"ASAJA Segovia","article_published_time":"2025-02-27T13:14:38+00:00","article_modified_time":"2025-02-27T13:14:41+00:00","og_image":[{"width":1280,"height":960,"url":"https:\/\/www.asajacyl.com\/segovia\/wp-content\/uploads\/sites\/8\/2025\/02\/1280px-Ovejas_merinas.jpg","type":"image\/jpeg"}],"author":"Alicia","twitter_card":"summary_large_image","twitter_misc":{"Escrito por":"Alicia","Tiempo de lectura":"2 minutos"},"schema":{"@context":"https:\/\/schema.org","@graph":[{"@type":"WebPage","@id":"https:\/\/www.asajacyl.com\/segovia\/asaja-segovia-informa\/asaja-segovia-traslada-al-ministerio-de-agricultura-que-haga-su-trabajo-para-poder-relanzar-el-valor-de-la-lana-ovina","url":"https:\/\/www.asajacyl.com\/segovia\/asaja-segovia-informa\/asaja-segovia-traslada-al-ministerio-de-agricultura-que-haga-su-trabajo-para-poder-relanzar-el-valor-de-la-lana-ovina","name":"ASAJA SEGOVIA, traslada al Ministerio de Agricultura que haga su trabajo para poder relanzar el valor de la lana ovina. - ASAJA Segovia","isPartOf":{"@id":"https:\/\/www.asajacyl.com\/segovia\/#website"},"primaryImageOfPage":{"@id":"https:\/\/www.asajacyl.com\/segovia\/asaja-segovia-informa\/asaja-segovia-traslada-al-ministerio-de-agricultura-que-haga-su-trabajo-para-poder-relanzar-el-valor-de-la-lana-ovina#primaryimage"},"image":{"@id":"https:\/\/www.asajacyl.com\/segovia\/asaja-segovia-informa\/asaja-segovia-traslada-al-ministerio-de-agricultura-que-haga-su-trabajo-para-poder-relanzar-el-valor-de-la-lana-ovina#primaryimage"},"thumbnailUrl":"https:\/\/www.asajacyl.com\/segovia\/wp-content\/uploads\/sites\/8\/2025\/02\/1280px-Ovejas_merinas.jpg","datePublished":"2025-02-27T13:14:38+00:00","dateModified":"2025-02-27T13:14:41+00:00","author":{"@id":"https:\/\/www.asajacyl.com\/segovia\/#\/schema\/person\/f044fca5805bb46713e11715709aef4d"},"description":"Segovia, 27 de febrero de 2025.- ASAJA Segovia ha trasladado al Ministerio de Agricultura, que debe certificar que nuestro pa\u00eds se encuentra libre de","breadcrumb":{"@id":"https:\/\/www.asajacyl.com\/segovia\/asaja-segovia-informa\/asaja-segovia-traslada-al-ministerio-de-agricultura-que-haga-su-trabajo-para-poder-relanzar-el-valor-de-la-lana-ovina#breadcrumb"},"inLanguage":"es","potentialAction":[{"@type":"ReadAction","target":["https:\/\/www.asajacyl.com\/segovia\/asaja-segovia-informa\/asaja-segovia-traslada-al-ministerio-de-agricultura-que-haga-su-trabajo-para-poder-relanzar-el-valor-de-la-lana-ovina"]}]},{"@type":"ImageObject","inLanguage":"es","@id":"https:\/\/www.asajacyl.com\/segovia\/asaja-segovia-informa\/asaja-segovia-traslada-al-ministerio-de-agricultura-que-haga-su-trabajo-para-poder-relanzar-el-valor-de-la-lana-ovina#primaryimage","url":"https:\/\/www.asajacyl.com\/segovia\/wp-content\/uploads\/sites\/8\/2025\/02\/1280px-Ovejas_merinas.jpg","contentUrl":"https:\/\/www.asajacyl.com\/segovia\/wp-content\/uploads\/sites\/8\/2025\/02\/1280px-Ovejas_merinas.jpg","width":1280,"height":960},{"@type":"BreadcrumbList","@id":"https:\/\/www.asajacyl.com\/segovia\/asaja-segovia-informa\/asaja-segovia-traslada-al-ministerio-de-agricultura-que-haga-su-trabajo-para-poder-relanzar-el-valor-de-la-lana-ovina#breadcrumb","itemListElement":[{"@type":"ListItem","position":1,"name":"Portada","item":"https:\/\/www.asajacyl.com\/segovia\/"},{"@type":"ListItem","position":2,"name":"ASAJA SEGOVIA, traslada al Ministerio de Agricultura que haga su trabajo para poder relanzar el valor de la lana ovina."}]},{"@type":"WebSite","@id":"https:\/\/www.asajacyl.com\/segovia\/#website","url":"https:\/\/www.asajacyl.com\/segovia\/","name":"ASAJA Segovia","description":"Otro sitio m\u00e1s de Provincias ASAJA Castilla y Le\u00f3n","potentialAction":[{"@type":"SearchAction","target":{"@type":"EntryPoint","urlTemplate":"https:\/\/www.asajacyl.com\/segovia\/?s={search_term_string}"},"query-input":{"@type":"PropertyValueSpecification","valueRequired":true,"valueName":"search_term_string"}}],"inLanguage":"es"},{"@type":"Person","@id":"https:\/\/www.asajacyl.com\/segovia\/#\/schema\/person\/f044fca5805bb46713e11715709aef4d","name":"Alicia","image":{"@type":"ImageObject","inLanguage":"es","@id":"https:\/\/www.asajacyl.com\/segovia\/#\/schema\/person\/image\/","url":"https:\/\/secure.gravatar.com\/avatar\/054cff43263e39aa6e74950dc4bb1690?s=96&d=mm&r=g","contentUrl":"https:\/\/secure.gravatar.com\/avatar\/054cff43263e39aa6e74950dc4bb1690?s=96&d=mm&r=g","caption":"Alicia"},"url":"https:\/\/www.asajacyl.com\/segovia\/author\/aliciasc"}]}},"_links":{"self":[{"href":"https:\/\/www.asajacyl.com\/segovia\/wp-json\/wp\/v2\/posts\/1847"}],"collection":[{"href":"https:\/\/www.asajacyl.com\/segovia\/wp-json\/wp\/v2\/posts"}],"about":[{"href":"https:\/\/www.asajacyl.com\/segovia\/wp-json\/wp\/v2\/types\/post"}],"author":[{"embeddable":true,"href":"https:\/\/www.asajacyl.com\/segovia\/wp-json\/wp\/v2\/users\/11"}],"replies":[{"embeddable":true,"href":"https:\/\/www.asajacyl.com\/segovia\/wp-json\/wp\/v2\/comments?post=1847"}],"version-history":[{"count":1,"href":"https:\/\/www.asajacyl.com\/segovia\/wp-json\/wp\/v2\/posts\/1847\/revisions"}],"predecessor-version":[{"id":1849,"href":"https:\/\/www.asajacyl.com\/segovia\/wp-json\/wp\/v2\/posts\/1847\/revisions\/1849"}],"wp:featuredmedia":[{"embeddable":true,"href":"https:\/\/www.asajacyl.com\/segovia\/wp-json\/wp\/v2\/media\/1848"}],"wp:attachment":[{"href":"https:\/\/www.asajacyl.com\/segovia\/wp-json\/wp\/v2\/media?parent=1847"}],"wp:term":[{"taxonomy":"category","embeddable":true,"href":"https:\/\/www.asajacyl.com\/segovia\/wp-json\/wp\/v2\/categories?post=1847"},{"taxonomy":"post_tag","embeddable":true,"href":"https:\/\/www.asajacyl.com\/segovia\/wp-json\/wp\/v2\/tags?post=1847"}],"curies":[{"name":"wp","href":"https:\/\/api.w.org\/{rel}","templated":true}]}}