{"id":1880,"date":"2025-06-13T11:23:45","date_gmt":"2025-06-13T09:23:45","guid":{"rendered":"https:\/\/www.asajacyl.com\/segovia\/?p=1880"},"modified":"2025-06-13T11:23:48","modified_gmt":"2025-06-13T09:23:48","slug":"ha-comenzado-la-campana-de-siega-de-cereal-en-nuestra-provincia","status":"publish","type":"post","link":"https:\/\/www.asajacyl.com\/segovia\/asaja-segovia-informa\/ha-comenzado-la-campana-de-siega-de-cereal-en-nuestra-provincia","title":{"rendered":"Ha comenzado la campa\u00f1a de siega de cereal en nuestra provincia."},"content":{"rendered":"\n<p>Debido a las altas temperaturas de finales del mes de mayo ha adelantado m\u00e1s de lo esperado el inicio de campa\u00f1a de cereal 2025.<\/p>\n\n\n\n<p><strong>ASAJA-Segovia denuncia la situaci\u00f3n de precariedad del sector cerealista: Un a\u00f1o de una cosecha bien presentada, en la que no se va a ganar dinero debido al precio ruinoso del cereal.<\/strong><\/p>\n\n\n\n<p>Desde nuestra organizaci\u00f3n provincial solicitamos de manera urgente un plan que evite la desaparici\u00f3n de sector cerealista. Se necesitan medidas de car\u00e1cter estructural y contundente para estabilizar y hacer viable el sector en un medio-largo plazo.<\/p>\n\n\n\n<p>Ha comenzado la campa\u00f1a de siega de cereal en nuestra provincia, la m\u00e1s importante en nuestra provincia desde el punto de vista de superficie de cultivos agr\u00edcolas y el n\u00famero de empresas y agricultores dedicados a este sector.<\/p>\n\n\n\n<p>Los calores tan fuertes de \u00faltimos del mes de mayo han menguado una cosecha que se presentaba casi hist\u00f3rica. De forma general hay mejor cosecha en cebada que en trigo; los trigos se han visto muy afectados por la presencia de hongos, que ha disminuido de forma muy importante la producci\u00f3n. Desde ASAJA Segovia demandamos poder quemar ciertas parcelas de cereal para disminuir la carga f\u00fangica de los cultivos. La quema de rastrojos se realizar\u00eda despu\u00e9s del aprovechamiento por el ganado extensivo y en \u00e9poca fuera de peligro de incendio cumplimiento con todas las medidas de seguridad pertinentes.<\/p>\n\n\n\n<p>Las tormentas acompa\u00f1adas de granizo de esta semana han afectado en ciertas comarcas de nuestra provincia, como ha sido en la zona de Cabezuela y Losana de Pir\u00f3n. No habido da\u00f1os de mucha relevancia pero siempre causan ciertos da\u00f1os en los cultivos.<\/p>\n\n\n\n<p>Est\u00e1 campa\u00f1a de cereal se extender\u00e1 hasta principios del mes de agosto,<\/p>\n\n\n\n<p>El principal problema de la cosecha del a\u00f1o 2025, son los precios. No se puede producir cereal con los costes de producci\u00f3n que tenemos (en torno a 750 \u20ac\/Hect\u00e1rea). El precio del cereal debe de evolucionar igual que evolucionan los precios de los costes de producci\u00f3n para hace viable nuestra actividad econ\u00f3micamente.<\/p>\n\n\n\n<p>Para poder hacer rentable el sector cerealista hay que actuar de forma inmediata para poder salvar la coyuntura por la que estamos atravesando, que se lleva haciendo estructural desde finales de 2022.<\/p>\n\n\n\n<p>Este plan de choque debe tocar varios puntos de forma inmediata que palie la situaci\u00f3n del sector.<\/p>\n\n\n\n<ul>\n<li>Imponer aranceles de forma inmediata a la importaci\u00f3n de cereal de pa\u00edses terceros.<\/li>\n\n\n\n<li>Ayudas directas para compensar las p\u00e9rdidas producidas por la normativa vigente.<\/li>\n\n\n\n<li>Imposici\u00f3n de cl\u00e1usulas espejo.<\/li>\n\n\n\n<li>Modificaci\u00f3n de la normativa y facilitar el abonado org\u00e1nico (eliminaci\u00f3n de restricciones).<\/li>\n\n\n\n<li>Se debe permitir la quema de rastrojos controlada a partir del 12 de octubre, en la \u00e9poca de riesgo bajo de incendios. Esto mejorar\u00eda el control de plagas y malas hierbas y har\u00eda una mejora importante de medio ambiente porque se usar\u00edan menos productos fitosanitarias.<\/li>\n\n\n\n<li>Aumento de la subvenci\u00f3n y condiciones de Agroseguro para cubrir nuestras producciones a mejor precio. Se debe asegurar como m\u00ednimo los costes de producci\u00f3n.<\/li>\n\n\n\n<li>Recuperar ciertas materias activas que eran \u00fatiles en agricultura, que facilitaban las producciones de cereal y oleaginosas.<\/li>\n\n\n\n<li>Mayor retorno en la devoluci\u00f3n del impuesto de hidrocarburos.<\/li>\n<\/ul>\n\n\n\n<p>Las medidas propuestas, son medidas de car\u00e1cter urgente y estructural.<\/p>\n\n\n\n<p>Desde ASAJA, le insistimos a nuestro Gobierno que oiga a nuestro sector e implemente medidas reales y eficaces para solucionar la situaci\u00f3n del precio del cereal.<\/p>\n","protected":false},"excerpt":{"rendered":"<p>Debido a las altas temperaturas de finales del mes de mayo ha adelantado m\u00e1s de lo esperado el inicio de campa\u00f1a de cereal 2025. ASAJA-Segovia denuncia la situaci\u00f3n de precariedad del sector cerealista: Un a\u00f1o de una cosecha bien presentada, en la que no se va a ganar dinero debido al precio ruinoso del cereal. [&hellip;]<\/p>\n","protected":false},"author":11,"featured_media":1881,"comment_status":"open","ping_status":"open","sticky":false,"template":"","format":"standard","meta":{"footnotes":""},"categories":[10,27,26],"tags":[],"yoast_head":"<!-- This site is optimized with the Yoast SEO plugin v24.5 - https:\/\/yoast.com\/wordpress\/plugins\/seo\/ -->\n<title>Ha comenzado la campa\u00f1a de siega de cereal en nuestra provincia. - ASAJA Segovia<\/title>\n<meta name=\"description\" content=\"Debido a las altas temperaturas de finales del mes de mayo ha adelantado m\u00e1s de lo esperado el inicio de campa\u00f1a de cereal 2025. ASAJA-Segovia denuncia la\" \/>\n<meta name=\"robots\" content=\"index, follow, max-snippet:-1, max-image-preview:large, max-video-preview:-1\" \/>\n<link rel=\"canonical\" href=\"https:\/\/www.asajacyl.com\/segovia\/asaja-segovia-informa\/ha-comenzado-la-campana-de-siega-de-cereal-en-nuestra-provincia\" \/>\n<meta property=\"og:locale\" content=\"es_ES\" \/>\n<meta property=\"og:type\" content=\"article\" \/>\n<meta property=\"og:title\" content=\"Ha comenzado la campa\u00f1a de siega de cereal en nuestra provincia. - ASAJA Segovia\" \/>\n<meta property=\"og:description\" content=\"Debido a las altas temperaturas de finales del mes de mayo ha adelantado m\u00e1s de lo esperado el inicio de campa\u00f1a de cereal 2025. ASAJA-Segovia denuncia la\" \/>\n<meta property=\"og:url\" content=\"https:\/\/www.asajacyl.com\/segovia\/asaja-segovia-informa\/ha-comenzado-la-campana-de-siega-de-cereal-en-nuestra-provincia\" \/>\n<meta property=\"og:site_name\" content=\"ASAJA Segovia\" \/>\n<meta property=\"article:published_time\" content=\"2025-06-13T09:23:45+00:00\" \/>\n<meta property=\"article:modified_time\" content=\"2025-06-13T09:23:48+00:00\" \/>\n<meta property=\"og:image\" content=\"https:\/\/www.asajacyl.com\/segovia\/wp-content\/uploads\/sites\/8\/2025\/06\/Foto-cosechadora.jpg\" \/>\n\t<meta property=\"og:image:width\" content=\"1080\" \/>\n\t<meta property=\"og:image:height\" content=\"420\" \/>\n\t<meta property=\"og:image:type\" content=\"image\/jpeg\" \/>\n<meta name=\"author\" content=\"Alicia\" \/>\n<meta name=\"twitter:card\" content=\"summary_large_image\" \/>\n<meta name=\"twitter:label1\" content=\"Escrito por\" \/>\n\t<meta name=\"twitter:data1\" content=\"Alicia\" \/>\n\t<meta name=\"twitter:label2\" content=\"Tiempo de lectura\" \/>\n\t<meta name=\"twitter:data2\" content=\"3 minutos\" \/>\n<script type=\"application\/ld+json\" class=\"yoast-schema-graph\">{\"@context\":\"https:\/\/schema.org\",\"@graph\":[{\"@type\":\"WebPage\",\"@id\":\"https:\/\/www.asajacyl.com\/segovia\/asaja-segovia-informa\/ha-comenzado-la-campana-de-siega-de-cereal-en-nuestra-provincia\",\"url\":\"https:\/\/www.asajacyl.com\/segovia\/asaja-segovia-informa\/ha-comenzado-la-campana-de-siega-de-cereal-en-nuestra-provincia\",\"name\":\"Ha comenzado la campa\u00f1a de siega de cereal en nuestra provincia. - ASAJA Segovia\",\"isPartOf\":{\"@id\":\"https:\/\/www.asajacyl.com\/segovia\/#website\"},\"primaryImageOfPage\":{\"@id\":\"https:\/\/www.asajacyl.com\/segovia\/asaja-segovia-informa\/ha-comenzado-la-campana-de-siega-de-cereal-en-nuestra-provincia#primaryimage\"},\"image\":{\"@id\":\"https:\/\/www.asajacyl.com\/segovia\/asaja-segovia-informa\/ha-comenzado-la-campana-de-siega-de-cereal-en-nuestra-provincia#primaryimage\"},\"thumbnailUrl\":\"https:\/\/www.asajacyl.com\/segovia\/wp-content\/uploads\/sites\/8\/2025\/06\/Foto-cosechadora.jpg\",\"datePublished\":\"2025-06-13T09:23:45+00:00\",\"dateModified\":\"2025-06-13T09:23:48+00:00\",\"author\":{\"@id\":\"https:\/\/www.asajacyl.com\/segovia\/#\/schema\/person\/f044fca5805bb46713e11715709aef4d\"},\"description\":\"Debido a las altas temperaturas de finales del mes de mayo ha adelantado m\u00e1s de lo esperado el inicio de campa\u00f1a de cereal 2025. ASAJA-Segovia denuncia la\",\"breadcrumb\":{\"@id\":\"https:\/\/www.asajacyl.com\/segovia\/asaja-segovia-informa\/ha-comenzado-la-campana-de-siega-de-cereal-en-nuestra-provincia#breadcrumb\"},\"inLanguage\":\"es\",\"potentialAction\":[{\"@type\":\"ReadAction\",\"target\":[\"https:\/\/www.asajacyl.com\/segovia\/asaja-segovia-informa\/ha-comenzado-la-campana-de-siega-de-cereal-en-nuestra-provincia\"]}]},{\"@type\":\"ImageObject\",\"inLanguage\":\"es\",\"@id\":\"https:\/\/www.asajacyl.com\/segovia\/asaja-segovia-informa\/ha-comenzado-la-campana-de-siega-de-cereal-en-nuestra-provincia#primaryimage\",\"url\":\"https:\/\/www.asajacyl.com\/segovia\/wp-content\/uploads\/sites\/8\/2025\/06\/Foto-cosechadora.jpg\",\"contentUrl\":\"https:\/\/www.asajacyl.com\/segovia\/wp-content\/uploads\/sites\/8\/2025\/06\/Foto-cosechadora.jpg\",\"width\":1080,\"height\":420,\"caption\":\"Dise\u00f1o sin t\u00edtulo - 1\"},{\"@type\":\"BreadcrumbList\",\"@id\":\"https:\/\/www.asajacyl.com\/segovia\/asaja-segovia-informa\/ha-comenzado-la-campana-de-siega-de-cereal-en-nuestra-provincia#breadcrumb\",\"itemListElement\":[{\"@type\":\"ListItem\",\"position\":1,\"name\":\"Portada\",\"item\":\"https:\/\/www.asajacyl.com\/segovia\/\"},{\"@type\":\"ListItem\",\"position\":2,\"name\":\"Ha comenzado la campa\u00f1a de siega de cereal en nuestra provincia.\"}]},{\"@type\":\"WebSite\",\"@id\":\"https:\/\/www.asajacyl.com\/segovia\/#website\",\"url\":\"https:\/\/www.asajacyl.com\/segovia\/\",\"name\":\"ASAJA Segovia\",\"description\":\"Otro sitio m\u00e1s de Provincias ASAJA Castilla y Le\u00f3n\",\"potentialAction\":[{\"@type\":\"SearchAction\",\"target\":{\"@type\":\"EntryPoint\",\"urlTemplate\":\"https:\/\/www.asajacyl.com\/segovia\/?s={search_term_string}\"},\"query-input\":{\"@type\":\"PropertyValueSpecification\",\"valueRequired\":true,\"valueName\":\"search_term_string\"}}],\"inLanguage\":\"es\"},{\"@type\":\"Person\",\"@id\":\"https:\/\/www.asajacyl.com\/segovia\/#\/schema\/person\/f044fca5805bb46713e11715709aef4d\",\"name\":\"Alicia\",\"image\":{\"@type\":\"ImageObject\",\"inLanguage\":\"es\",\"@id\":\"https:\/\/www.asajacyl.com\/segovia\/#\/schema\/person\/image\/\",\"url\":\"https:\/\/secure.gravatar.com\/avatar\/054cff43263e39aa6e74950dc4bb1690?s=96&d=mm&r=g\",\"contentUrl\":\"https:\/\/secure.gravatar.com\/avatar\/054cff43263e39aa6e74950dc4bb1690?s=96&d=mm&r=g\",\"caption\":\"Alicia\"},\"url\":\"https:\/\/www.asajacyl.com\/segovia\/author\/aliciasc\"}]}<\/script>\n<!-- \/ Yoast SEO plugin. -->","yoast_head_json":{"title":"Ha comenzado la campa\u00f1a de siega de cereal en nuestra provincia. - ASAJA Segovia","description":"Debido a las altas temperaturas de finales del mes de mayo ha adelantado m\u00e1s de lo esperado el inicio de campa\u00f1a de cereal 2025. ASAJA-Segovia denuncia la","robots":{"index":"index","follow":"follow","max-snippet":"max-snippet:-1","max-image-preview":"max-image-preview:large","max-video-preview":"max-video-preview:-1"},"canonical":"https:\/\/www.asajacyl.com\/segovia\/asaja-segovia-informa\/ha-comenzado-la-campana-de-siega-de-cereal-en-nuestra-provincia","og_locale":"es_ES","og_type":"article","og_title":"Ha comenzado la campa\u00f1a de siega de cereal en nuestra provincia. - ASAJA Segovia","og_description":"Debido a las altas temperaturas de finales del mes de mayo ha adelantado m\u00e1s de lo esperado el inicio de campa\u00f1a de cereal 2025. ASAJA-Segovia denuncia la","og_url":"https:\/\/www.asajacyl.com\/segovia\/asaja-segovia-informa\/ha-comenzado-la-campana-de-siega-de-cereal-en-nuestra-provincia","og_site_name":"ASAJA Segovia","article_published_time":"2025-06-13T09:23:45+00:00","article_modified_time":"2025-06-13T09:23:48+00:00","og_image":[{"width":1080,"height":420,"url":"https:\/\/www.asajacyl.com\/segovia\/wp-content\/uploads\/sites\/8\/2025\/06\/Foto-cosechadora.jpg","type":"image\/jpeg"}],"author":"Alicia","twitter_card":"summary_large_image","twitter_misc":{"Escrito por":"Alicia","Tiempo de lectura":"3 minutos"},"schema":{"@context":"https:\/\/schema.org","@graph":[{"@type":"WebPage","@id":"https:\/\/www.asajacyl.com\/segovia\/asaja-segovia-informa\/ha-comenzado-la-campana-de-siega-de-cereal-en-nuestra-provincia","url":"https:\/\/www.asajacyl.com\/segovia\/asaja-segovia-informa\/ha-comenzado-la-campana-de-siega-de-cereal-en-nuestra-provincia","name":"Ha comenzado la campa\u00f1a de siega de cereal en nuestra provincia. - ASAJA Segovia","isPartOf":{"@id":"https:\/\/www.asajacyl.com\/segovia\/#website"},"primaryImageOfPage":{"@id":"https:\/\/www.asajacyl.com\/segovia\/asaja-segovia-informa\/ha-comenzado-la-campana-de-siega-de-cereal-en-nuestra-provincia#primaryimage"},"image":{"@id":"https:\/\/www.asajacyl.com\/segovia\/asaja-segovia-informa\/ha-comenzado-la-campana-de-siega-de-cereal-en-nuestra-provincia#primaryimage"},"thumbnailUrl":"https:\/\/www.asajacyl.com\/segovia\/wp-content\/uploads\/sites\/8\/2025\/06\/Foto-cosechadora.jpg","datePublished":"2025-06-13T09:23:45+00:00","dateModified":"2025-06-13T09:23:48+00:00","author":{"@id":"https:\/\/www.asajacyl.com\/segovia\/#\/schema\/person\/f044fca5805bb46713e11715709aef4d"},"description":"Debido a las altas temperaturas de finales del mes de mayo ha adelantado m\u00e1s de lo esperado el inicio de campa\u00f1a de cereal 2025. ASAJA-Segovia denuncia la","breadcrumb":{"@id":"https:\/\/www.asajacyl.com\/segovia\/asaja-segovia-informa\/ha-comenzado-la-campana-de-siega-de-cereal-en-nuestra-provincia#breadcrumb"},"inLanguage":"es","potentialAction":[{"@type":"ReadAction","target":["https:\/\/www.asajacyl.com\/segovia\/asaja-segovia-informa\/ha-comenzado-la-campana-de-siega-de-cereal-en-nuestra-provincia"]}]},{"@type":"ImageObject","inLanguage":"es","@id":"https:\/\/www.asajacyl.com\/segovia\/asaja-segovia-informa\/ha-comenzado-la-campana-de-siega-de-cereal-en-nuestra-provincia#primaryimage","url":"https:\/\/www.asajacyl.com\/segovia\/wp-content\/uploads\/sites\/8\/2025\/06\/Foto-cosechadora.jpg","contentUrl":"https:\/\/www.asajacyl.com\/segovia\/wp-content\/uploads\/sites\/8\/2025\/06\/Foto-cosechadora.jpg","width":1080,"height":420,"caption":"Dise\u00f1o sin t\u00edtulo - 1"},{"@type":"BreadcrumbList","@id":"https:\/\/www.asajacyl.com\/segovia\/asaja-segovia-informa\/ha-comenzado-la-campana-de-siega-de-cereal-en-nuestra-provincia#breadcrumb","itemListElement":[{"@type":"ListItem","position":1,"name":"Portada","item":"https:\/\/www.asajacyl.com\/segovia\/"},{"@type":"ListItem","position":2,"name":"Ha comenzado la campa\u00f1a de siega de cereal en nuestra provincia."}]},{"@type":"WebSite","@id":"https:\/\/www.asajacyl.com\/segovia\/#website","url":"https:\/\/www.asajacyl.com\/segovia\/","name":"ASAJA Segovia","description":"Otro sitio m\u00e1s de Provincias ASAJA Castilla y Le\u00f3n","potentialAction":[{"@type":"SearchAction","target":{"@type":"EntryPoint","urlTemplate":"https:\/\/www.asajacyl.com\/segovia\/?s={search_term_string}"},"query-input":{"@type":"PropertyValueSpecification","valueRequired":true,"valueName":"search_term_string"}}],"inLanguage":"es"},{"@type":"Person","@id":"https:\/\/www.asajacyl.com\/segovia\/#\/schema\/person\/f044fca5805bb46713e11715709aef4d","name":"Alicia","image":{"@type":"ImageObject","inLanguage":"es","@id":"https:\/\/www.asajacyl.com\/segovia\/#\/schema\/person\/image\/","url":"https:\/\/secure.gravatar.com\/avatar\/054cff43263e39aa6e74950dc4bb1690?s=96&d=mm&r=g","contentUrl":"https:\/\/secure.gravatar.com\/avatar\/054cff43263e39aa6e74950dc4bb1690?s=96&d=mm&r=g","caption":"Alicia"},"url":"https:\/\/www.asajacyl.com\/segovia\/author\/aliciasc"}]}},"_links":{"self":[{"href":"https:\/\/www.asajacyl.com\/segovia\/wp-json\/wp\/v2\/posts\/1880"}],"collection":[{"href":"https:\/\/www.asajacyl.com\/segovia\/wp-json\/wp\/v2\/posts"}],"about":[{"href":"https:\/\/www.asajacyl.com\/segovia\/wp-json\/wp\/v2\/types\/post"}],"author":[{"embeddable":true,"href":"https:\/\/www.asajacyl.com\/segovia\/wp-json\/wp\/v2\/users\/11"}],"replies":[{"embeddable":true,"href":"https:\/\/www.asajacyl.com\/segovia\/wp-json\/wp\/v2\/comments?post=1880"}],"version-history":[{"count":1,"href":"https:\/\/www.asajacyl.com\/segovia\/wp-json\/wp\/v2\/posts\/1880\/revisions"}],"predecessor-version":[{"id":1882,"href":"https:\/\/www.asajacyl.com\/segovia\/wp-json\/wp\/v2\/posts\/1880\/revisions\/1882"}],"wp:featuredmedia":[{"embeddable":true,"href":"https:\/\/www.asajacyl.com\/segovia\/wp-json\/wp\/v2\/media\/1881"}],"wp:attachment":[{"href":"https:\/\/www.asajacyl.com\/segovia\/wp-json\/wp\/v2\/media?parent=1880"}],"wp:term":[{"taxonomy":"category","embeddable":true,"href":"https:\/\/www.asajacyl.com\/segovia\/wp-json\/wp\/v2\/categories?post=1880"},{"taxonomy":"post_tag","embeddable":true,"href":"https:\/\/www.asajacyl.com\/segovia\/wp-json\/wp\/v2\/tags?post=1880"}],"curies":[{"name":"wp","href":"https:\/\/api.w.org\/{rel}","templated":true}]}}