{"id":1928,"date":"2025-07-17T11:46:30","date_gmt":"2025-07-17T09:46:30","guid":{"rendered":"https:\/\/www.asajacyl.com\/segovia\/?p=1928"},"modified":"2025-07-17T11:46:32","modified_gmt":"2025-07-17T09:46:32","slug":"asaja-segovia-denuncia-la-situacion-de-incendios-provocados-que-se-estan-ocasionando-en-nuestra-provincia","status":"publish","type":"post","link":"https:\/\/www.asajacyl.com\/segovia\/asaja-segovia-informa\/asaja-segovia-denuncia-la-situacion-de-incendios-provocados-que-se-estan-ocasionando-en-nuestra-provincia","title":{"rendered":"ASAJA-Segovia denuncia la situaci\u00f3n de incendios provocados que se est\u00e1n ocasionando en nuestra provincia."},"content":{"rendered":"\n<p><strong>Segovia, 17 de julio de 2025.- <\/strong>Asaja Segovia se ha dirigido a: a la Subdelegaci\u00f3n del Gobierno, a la Junta de Castilla y a la Guardia Civil para denunciar la situaci\u00f3n que se est\u00e1 dando en nuestra provincia, en cuanto a los fuegos supuestamente provocados en parcelas agr\u00edcolas sin cosechar y en hacinas de paquetes, principalmente.<\/p>\n\n\n\n<p>Desde nuestra Organizaci\u00f3n provincial hemos solicitado a las Administraciones P\u00fablicas implicadas en esta \u00e1rea, que pongan el foco de atenci\u00f3n sobre estos hechos para que no vayan a m\u00e1s los incendios y lamentemos males mayores.<\/p>\n\n\n\n<p>Entendemos que desde el \u00c1rea de Medio Ambiente en Segovia, se deben implementar los medios suficientes para atender los fuegos provocados y poder controlar de forma adecuada los posibles conatos para que no vayan a m\u00e1s y se produzcan situaciones indeseables.<\/p>\n\n\n\n<p>Desde ASAJA Segovia realizamos un llamamiento a la colaboraci\u00f3n ciudadana para evitar este tipo de situaciones indeseables y cuando se aprecien movimientos extra\u00f1os se ponga atenci\u00f3n intentando localizar y visualizar los veh\u00edculos y personas sospechosas.<\/p>\n","protected":false},"excerpt":{"rendered":"<p>Segovia, 17 de julio de 2025.- Asaja Segovia se ha dirigido a: a la Subdelegaci\u00f3n del Gobierno, a la Junta de Castilla y a la Guardia Civil para denunciar la situaci\u00f3n que se est\u00e1 dando en nuestra provincia, en cuanto a los fuegos supuestamente provocados en parcelas agr\u00edcolas sin cosechar y en hacinas de paquetes, [&hellip;]<\/p>\n","protected":false},"author":11,"featured_media":1929,"comment_status":"open","ping_status":"open","sticky":false,"template":"","format":"standard","meta":{"footnotes":""},"categories":[10,27,26],"tags":[],"yoast_head":"<!-- This site is optimized with the Yoast SEO plugin v24.5 - https:\/\/yoast.com\/wordpress\/plugins\/seo\/ -->\n<title>ASAJA-Segovia denuncia la situaci\u00f3n de incendios provocados que se est\u00e1n ocasionando en nuestra provincia. - ASAJA Segovia<\/title>\n<meta name=\"description\" content=\"Segovia, 17 de julio de 2025.- Asaja Segovia se ha dirigido a: a la Subdelegaci\u00f3n del Gobierno, a la Junta de Castilla y a la Guardia Civil para denunciar\" \/>\n<meta name=\"robots\" content=\"index, follow, max-snippet:-1, max-image-preview:large, max-video-preview:-1\" \/>\n<link rel=\"canonical\" href=\"https:\/\/www.asajacyl.com\/segovia\/asaja-segovia-informa\/asaja-segovia-denuncia-la-situacion-de-incendios-provocados-que-se-estan-ocasionando-en-nuestra-provincia\" \/>\n<meta property=\"og:locale\" content=\"es_ES\" \/>\n<meta property=\"og:type\" content=\"article\" \/>\n<meta property=\"og:title\" content=\"ASAJA-Segovia denuncia la situaci\u00f3n de incendios provocados que se est\u00e1n ocasionando en nuestra provincia. - ASAJA Segovia\" \/>\n<meta property=\"og:description\" content=\"Segovia, 17 de julio de 2025.- Asaja Segovia se ha dirigido a: a la Subdelegaci\u00f3n del Gobierno, a la Junta de Castilla y a la Guardia Civil para denunciar\" \/>\n<meta property=\"og:url\" content=\"https:\/\/www.asajacyl.com\/segovia\/asaja-segovia-informa\/asaja-segovia-denuncia-la-situacion-de-incendios-provocados-que-se-estan-ocasionando-en-nuestra-provincia\" \/>\n<meta property=\"og:site_name\" content=\"ASAJA Segovia\" \/>\n<meta property=\"article:published_time\" content=\"2025-07-17T09:46:30+00:00\" \/>\n<meta property=\"article:modified_time\" content=\"2025-07-17T09:46:32+00:00\" \/>\n<meta property=\"og:image\" content=\"https:\/\/www.asajacyl.com\/segovia\/wp-content\/uploads\/sites\/8\/2025\/07\/foto-incencios.jpg\" \/>\n\t<meta property=\"og:image:width\" content=\"2500\" \/>\n\t<meta property=\"og:image:height\" content=\"754\" \/>\n\t<meta property=\"og:image:type\" content=\"image\/jpeg\" \/>\n<meta name=\"author\" content=\"Alicia\" \/>\n<meta name=\"twitter:card\" content=\"summary_large_image\" \/>\n<meta name=\"twitter:label1\" content=\"Escrito por\" \/>\n\t<meta name=\"twitter:data1\" content=\"Alicia\" \/>\n\t<meta name=\"twitter:label2\" content=\"Tiempo de lectura\" \/>\n\t<meta name=\"twitter:data2\" content=\"1 minuto\" \/>\n<script type=\"application\/ld+json\" class=\"yoast-schema-graph\">{\"@context\":\"https:\/\/schema.org\",\"@graph\":[{\"@type\":\"WebPage\",\"@id\":\"https:\/\/www.asajacyl.com\/segovia\/asaja-segovia-informa\/asaja-segovia-denuncia-la-situacion-de-incendios-provocados-que-se-estan-ocasionando-en-nuestra-provincia\",\"url\":\"https:\/\/www.asajacyl.com\/segovia\/asaja-segovia-informa\/asaja-segovia-denuncia-la-situacion-de-incendios-provocados-que-se-estan-ocasionando-en-nuestra-provincia\",\"name\":\"ASAJA-Segovia denuncia la situaci\u00f3n de incendios provocados que se est\u00e1n ocasionando en nuestra provincia. - ASAJA Segovia\",\"isPartOf\":{\"@id\":\"https:\/\/www.asajacyl.com\/segovia\/#website\"},\"primaryImageOfPage\":{\"@id\":\"https:\/\/www.asajacyl.com\/segovia\/asaja-segovia-informa\/asaja-segovia-denuncia-la-situacion-de-incendios-provocados-que-se-estan-ocasionando-en-nuestra-provincia#primaryimage\"},\"image\":{\"@id\":\"https:\/\/www.asajacyl.com\/segovia\/asaja-segovia-informa\/asaja-segovia-denuncia-la-situacion-de-incendios-provocados-que-se-estan-ocasionando-en-nuestra-provincia#primaryimage\"},\"thumbnailUrl\":\"https:\/\/www.asajacyl.com\/segovia\/wp-content\/uploads\/sites\/8\/2025\/07\/foto-incencios.jpg\",\"datePublished\":\"2025-07-17T09:46:30+00:00\",\"dateModified\":\"2025-07-17T09:46:32+00:00\",\"author\":{\"@id\":\"https:\/\/www.asajacyl.com\/segovia\/#\/schema\/person\/f044fca5805bb46713e11715709aef4d\"},\"description\":\"Segovia, 17 de julio de 2025.- Asaja Segovia se ha dirigido a: a la Subdelegaci\u00f3n del Gobierno, a la Junta de Castilla y a la Guardia Civil para denunciar\",\"breadcrumb\":{\"@id\":\"https:\/\/www.asajacyl.com\/segovia\/asaja-segovia-informa\/asaja-segovia-denuncia-la-situacion-de-incendios-provocados-que-se-estan-ocasionando-en-nuestra-provincia#breadcrumb\"},\"inLanguage\":\"es\",\"potentialAction\":[{\"@type\":\"ReadAction\",\"target\":[\"https:\/\/www.asajacyl.com\/segovia\/asaja-segovia-informa\/asaja-segovia-denuncia-la-situacion-de-incendios-provocados-que-se-estan-ocasionando-en-nuestra-provincia\"]}]},{\"@type\":\"ImageObject\",\"inLanguage\":\"es\",\"@id\":\"https:\/\/www.asajacyl.com\/segovia\/asaja-segovia-informa\/asaja-segovia-denuncia-la-situacion-de-incendios-provocados-que-se-estan-ocasionando-en-nuestra-provincia#primaryimage\",\"url\":\"https:\/\/www.asajacyl.com\/segovia\/wp-content\/uploads\/sites\/8\/2025\/07\/foto-incencios.jpg\",\"contentUrl\":\"https:\/\/www.asajacyl.com\/segovia\/wp-content\/uploads\/sites\/8\/2025\/07\/foto-incencios.jpg\",\"width\":2500,\"height\":754},{\"@type\":\"BreadcrumbList\",\"@id\":\"https:\/\/www.asajacyl.com\/segovia\/asaja-segovia-informa\/asaja-segovia-denuncia-la-situacion-de-incendios-provocados-que-se-estan-ocasionando-en-nuestra-provincia#breadcrumb\",\"itemListElement\":[{\"@type\":\"ListItem\",\"position\":1,\"name\":\"Portada\",\"item\":\"https:\/\/www.asajacyl.com\/segovia\/\"},{\"@type\":\"ListItem\",\"position\":2,\"name\":\"ASAJA-Segovia denuncia la situaci\u00f3n de incendios provocados que se est\u00e1n ocasionando en nuestra provincia.\"}]},{\"@type\":\"WebSite\",\"@id\":\"https:\/\/www.asajacyl.com\/segovia\/#website\",\"url\":\"https:\/\/www.asajacyl.com\/segovia\/\",\"name\":\"ASAJA Segovia\",\"description\":\"Otro sitio m\u00e1s de Provincias ASAJA Castilla y Le\u00f3n\",\"potentialAction\":[{\"@type\":\"SearchAction\",\"target\":{\"@type\":\"EntryPoint\",\"urlTemplate\":\"https:\/\/www.asajacyl.com\/segovia\/?s={search_term_string}\"},\"query-input\":{\"@type\":\"PropertyValueSpecification\",\"valueRequired\":true,\"valueName\":\"search_term_string\"}}],\"inLanguage\":\"es\"},{\"@type\":\"Person\",\"@id\":\"https:\/\/www.asajacyl.com\/segovia\/#\/schema\/person\/f044fca5805bb46713e11715709aef4d\",\"name\":\"Alicia\",\"image\":{\"@type\":\"ImageObject\",\"inLanguage\":\"es\",\"@id\":\"https:\/\/www.asajacyl.com\/segovia\/#\/schema\/person\/image\/\",\"url\":\"https:\/\/secure.gravatar.com\/avatar\/054cff43263e39aa6e74950dc4bb1690?s=96&d=mm&r=g\",\"contentUrl\":\"https:\/\/secure.gravatar.com\/avatar\/054cff43263e39aa6e74950dc4bb1690?s=96&d=mm&r=g\",\"caption\":\"Alicia\"},\"url\":\"https:\/\/www.asajacyl.com\/segovia\/author\/aliciasc\"}]}<\/script>\n<!-- \/ Yoast SEO plugin. -->","yoast_head_json":{"title":"ASAJA-Segovia denuncia la situaci\u00f3n de incendios provocados que se est\u00e1n ocasionando en nuestra provincia. - ASAJA Segovia","description":"Segovia, 17 de julio de 2025.- Asaja Segovia se ha dirigido a: a la Subdelegaci\u00f3n del Gobierno, a la Junta de Castilla y a la Guardia Civil para denunciar","robots":{"index":"index","follow":"follow","max-snippet":"max-snippet:-1","max-image-preview":"max-image-preview:large","max-video-preview":"max-video-preview:-1"},"canonical":"https:\/\/www.asajacyl.com\/segovia\/asaja-segovia-informa\/asaja-segovia-denuncia-la-situacion-de-incendios-provocados-que-se-estan-ocasionando-en-nuestra-provincia","og_locale":"es_ES","og_type":"article","og_title":"ASAJA-Segovia denuncia la situaci\u00f3n de incendios provocados que se est\u00e1n ocasionando en nuestra provincia. - ASAJA Segovia","og_description":"Segovia, 17 de julio de 2025.- Asaja Segovia se ha dirigido a: a la Subdelegaci\u00f3n del Gobierno, a la Junta de Castilla y a la Guardia Civil para denunciar","og_url":"https:\/\/www.asajacyl.com\/segovia\/asaja-segovia-informa\/asaja-segovia-denuncia-la-situacion-de-incendios-provocados-que-se-estan-ocasionando-en-nuestra-provincia","og_site_name":"ASAJA Segovia","article_published_time":"2025-07-17T09:46:30+00:00","article_modified_time":"2025-07-17T09:46:32+00:00","og_image":[{"width":2500,"height":754,"url":"https:\/\/www.asajacyl.com\/segovia\/wp-content\/uploads\/sites\/8\/2025\/07\/foto-incencios.jpg","type":"image\/jpeg"}],"author":"Alicia","twitter_card":"summary_large_image","twitter_misc":{"Escrito por":"Alicia","Tiempo de lectura":"1 minuto"},"schema":{"@context":"https:\/\/schema.org","@graph":[{"@type":"WebPage","@id":"https:\/\/www.asajacyl.com\/segovia\/asaja-segovia-informa\/asaja-segovia-denuncia-la-situacion-de-incendios-provocados-que-se-estan-ocasionando-en-nuestra-provincia","url":"https:\/\/www.asajacyl.com\/segovia\/asaja-segovia-informa\/asaja-segovia-denuncia-la-situacion-de-incendios-provocados-que-se-estan-ocasionando-en-nuestra-provincia","name":"ASAJA-Segovia denuncia la situaci\u00f3n de incendios provocados que se est\u00e1n ocasionando en nuestra provincia. - ASAJA Segovia","isPartOf":{"@id":"https:\/\/www.asajacyl.com\/segovia\/#website"},"primaryImageOfPage":{"@id":"https:\/\/www.asajacyl.com\/segovia\/asaja-segovia-informa\/asaja-segovia-denuncia-la-situacion-de-incendios-provocados-que-se-estan-ocasionando-en-nuestra-provincia#primaryimage"},"image":{"@id":"https:\/\/www.asajacyl.com\/segovia\/asaja-segovia-informa\/asaja-segovia-denuncia-la-situacion-de-incendios-provocados-que-se-estan-ocasionando-en-nuestra-provincia#primaryimage"},"thumbnailUrl":"https:\/\/www.asajacyl.com\/segovia\/wp-content\/uploads\/sites\/8\/2025\/07\/foto-incencios.jpg","datePublished":"2025-07-17T09:46:30+00:00","dateModified":"2025-07-17T09:46:32+00:00","author":{"@id":"https:\/\/www.asajacyl.com\/segovia\/#\/schema\/person\/f044fca5805bb46713e11715709aef4d"},"description":"Segovia, 17 de julio de 2025.- Asaja Segovia se ha dirigido a: a la Subdelegaci\u00f3n del Gobierno, a la Junta de Castilla y a la Guardia Civil para denunciar","breadcrumb":{"@id":"https:\/\/www.asajacyl.com\/segovia\/asaja-segovia-informa\/asaja-segovia-denuncia-la-situacion-de-incendios-provocados-que-se-estan-ocasionando-en-nuestra-provincia#breadcrumb"},"inLanguage":"es","potentialAction":[{"@type":"ReadAction","target":["https:\/\/www.asajacyl.com\/segovia\/asaja-segovia-informa\/asaja-segovia-denuncia-la-situacion-de-incendios-provocados-que-se-estan-ocasionando-en-nuestra-provincia"]}]},{"@type":"ImageObject","inLanguage":"es","@id":"https:\/\/www.asajacyl.com\/segovia\/asaja-segovia-informa\/asaja-segovia-denuncia-la-situacion-de-incendios-provocados-que-se-estan-ocasionando-en-nuestra-provincia#primaryimage","url":"https:\/\/www.asajacyl.com\/segovia\/wp-content\/uploads\/sites\/8\/2025\/07\/foto-incencios.jpg","contentUrl":"https:\/\/www.asajacyl.com\/segovia\/wp-content\/uploads\/sites\/8\/2025\/07\/foto-incencios.jpg","width":2500,"height":754},{"@type":"BreadcrumbList","@id":"https:\/\/www.asajacyl.com\/segovia\/asaja-segovia-informa\/asaja-segovia-denuncia-la-situacion-de-incendios-provocados-que-se-estan-ocasionando-en-nuestra-provincia#breadcrumb","itemListElement":[{"@type":"ListItem","position":1,"name":"Portada","item":"https:\/\/www.asajacyl.com\/segovia\/"},{"@type":"ListItem","position":2,"name":"ASAJA-Segovia denuncia la situaci\u00f3n de incendios provocados que se est\u00e1n ocasionando en nuestra provincia."}]},{"@type":"WebSite","@id":"https:\/\/www.asajacyl.com\/segovia\/#website","url":"https:\/\/www.asajacyl.com\/segovia\/","name":"ASAJA Segovia","description":"Otro sitio m\u00e1s de Provincias ASAJA Castilla y Le\u00f3n","potentialAction":[{"@type":"SearchAction","target":{"@type":"EntryPoint","urlTemplate":"https:\/\/www.asajacyl.com\/segovia\/?s={search_term_string}"},"query-input":{"@type":"PropertyValueSpecification","valueRequired":true,"valueName":"search_term_string"}}],"inLanguage":"es"},{"@type":"Person","@id":"https:\/\/www.asajacyl.com\/segovia\/#\/schema\/person\/f044fca5805bb46713e11715709aef4d","name":"Alicia","image":{"@type":"ImageObject","inLanguage":"es","@id":"https:\/\/www.asajacyl.com\/segovia\/#\/schema\/person\/image\/","url":"https:\/\/secure.gravatar.com\/avatar\/054cff43263e39aa6e74950dc4bb1690?s=96&d=mm&r=g","contentUrl":"https:\/\/secure.gravatar.com\/avatar\/054cff43263e39aa6e74950dc4bb1690?s=96&d=mm&r=g","caption":"Alicia"},"url":"https:\/\/www.asajacyl.com\/segovia\/author\/aliciasc"}]}},"_links":{"self":[{"href":"https:\/\/www.asajacyl.com\/segovia\/wp-json\/wp\/v2\/posts\/1928"}],"collection":[{"href":"https:\/\/www.asajacyl.com\/segovia\/wp-json\/wp\/v2\/posts"}],"about":[{"href":"https:\/\/www.asajacyl.com\/segovia\/wp-json\/wp\/v2\/types\/post"}],"author":[{"embeddable":true,"href":"https:\/\/www.asajacyl.com\/segovia\/wp-json\/wp\/v2\/users\/11"}],"replies":[{"embeddable":true,"href":"https:\/\/www.asajacyl.com\/segovia\/wp-json\/wp\/v2\/comments?post=1928"}],"version-history":[{"count":1,"href":"https:\/\/www.asajacyl.com\/segovia\/wp-json\/wp\/v2\/posts\/1928\/revisions"}],"predecessor-version":[{"id":1930,"href":"https:\/\/www.asajacyl.com\/segovia\/wp-json\/wp\/v2\/posts\/1928\/revisions\/1930"}],"wp:featuredmedia":[{"embeddable":true,"href":"https:\/\/www.asajacyl.com\/segovia\/wp-json\/wp\/v2\/media\/1929"}],"wp:attachment":[{"href":"https:\/\/www.asajacyl.com\/segovia\/wp-json\/wp\/v2\/media?parent=1928"}],"wp:term":[{"taxonomy":"category","embeddable":true,"href":"https:\/\/www.asajacyl.com\/segovia\/wp-json\/wp\/v2\/categories?post=1928"},{"taxonomy":"post_tag","embeddable":true,"href":"https:\/\/www.asajacyl.com\/segovia\/wp-json\/wp\/v2\/tags?post=1928"}],"curies":[{"name":"wp","href":"https:\/\/api.w.org\/{rel}","templated":true}]}}