{"id":1939,"date":"2025-08-22T14:17:01","date_gmt":"2025-08-22T12:17:01","guid":{"rendered":"https:\/\/www.asajacyl.com\/segovia\/?p=1939"},"modified":"2025-08-22T14:17:03","modified_gmt":"2025-08-22T12:17:03","slug":"mucho-grano-y-poco-dinero","status":"publish","type":"post","link":"https:\/\/www.asajacyl.com\/segovia\/asaja-segovia-informa\/mucho-grano-y-poco-dinero","title":{"rendered":"MUCHO GRANO Y POCO DINERO"},"content":{"rendered":"\n<p><strong>Acaba la siega ordinaria de cereal &nbsp;en nuestra provincia.<\/strong><\/p>\n\n\n\n<p><strong>ASAJA-Segovia 22 de agosto de 2025: denuncia la situaci\u00f3n insostenible del sector cerealista: <\/strong>El precio ruinoso del cereal aboca a los n\u00fameros rojos a muchos agricultores ya hace m\u00e1s dif\u00edcil para semencera 2025-2026.<strong><\/strong><\/p>\n\n\n\n<p>A falta de las parcelas de Biodiversidad se ha completado la siega de cereal en nuestra provincia. Estas de biodiversidad hemos solicitado que se puedan segar antes del 1 de septiembre debido a que tienen producci\u00f3n y la fauna silvestre est\u00e1 haciendo bastante da\u00f1o.<\/p>\n\n\n\n<p>A mediados de mayo el precio del trigo en el enlace de campa\u00f1as baj\u00f3 de 20 c\u00e9ntimos kilo y se encendieron todas las alarmas para dar la bienvenida al nuevo grano. No son las t\u00edpicas quejas que se achacan desde siempre a los hombres del campo. Es la realidad tozuda que se puede comprobar con las facturas en la mano. Las cuentas no salen. La subida de los costes de producci\u00f3n se ha ralentizado este a\u00f1o, pero sus precios siguen disparados: semillas, fitosanitarios, fertilizantes, maquinaria, energ\u00eda\u2026 El coste de cultivar una hect\u00e1rea en secano supera los 800 euros.<\/p>\n\n\n\n<p>En muchas ocasiones los productores se ven obligados a vender a p\u00e9rdidas.&nbsp;<strong>Los industriales y los almacenistas se saltan a la torera la Ley de la Cadena Alimentaria y a nadie parece importarle.<\/strong><\/p>\n\n\n\n<p>Con todo ello,&nbsp;<strong>Espa\u00f1a redujo sus importaciones de cereal el pasado a\u00f1o en m\u00e1s del 27 por ciento, despu\u00e9s de una buena cosecha.<\/strong>&nbsp;En la UE no parece que la competencia vaya a ser intensa. En Francia y Alemania apenas habr\u00e1 variaciones en sus cosechas, mientras se prev\u00e9 un descenso importante en los pa\u00edses b\u00e1lticos, donde han hecho estragos las inclemencias meteorol\u00f3gicas, desde las inundaciones a la sequ\u00eda. Es l\u00f3gico pensar que si la producci\u00f3n actual vuelve a ser buena las compras en el extranjero se reduzcan de nuevo y el grano nacional vuelva a ganar mercado en el territorio interior, y con ello que la mayor demanda impulse los precios o, al menos, impida una persistente bajada.<\/p>\n\n\n\n<p>Desde nuestra Organizaci\u00f3n seguiremos peleando para que se legisle a favor de nuestros agricultores y ganaderos.<\/p>\n\n\n\n<p>Ahora el sector cerealista necesita ayuda coyuntural y estructural: La Comunidad Aut\u00f3noma, el Estado y la UE deben poner toda la carne en el asador para salvar un sector fundamental de nuestra agricultura.<\/p>\n","protected":false},"excerpt":{"rendered":"<p>Acaba la siega ordinaria de cereal &nbsp;en nuestra provincia. ASAJA-Segovia 22 de agosto de 2025: denuncia la situaci\u00f3n insostenible del sector cerealista: El precio ruinoso del cereal aboca a los n\u00fameros rojos a muchos agricultores ya hace m\u00e1s dif\u00edcil para semencera 2025-2026. A falta de las parcelas de Biodiversidad se ha completado la siega de [&hellip;]<\/p>\n","protected":false},"author":11,"featured_media":1940,"comment_status":"open","ping_status":"open","sticky":false,"template":"","format":"standard","meta":{"footnotes":""},"categories":[10,27,26],"tags":[],"yoast_head":"<!-- This site is optimized with the Yoast SEO plugin v24.5 - https:\/\/yoast.com\/wordpress\/plugins\/seo\/ -->\n<title>MUCHO GRANO Y POCO DINERO - ASAJA Segovia<\/title>\n<meta name=\"description\" content=\"Acaba la siega ordinaria de cereal &nbsp;en nuestra provincia. ASAJA-Segovia 22 de agosto de 2025: denuncia la situaci\u00f3n insostenible del sector\" \/>\n<meta name=\"robots\" content=\"index, follow, max-snippet:-1, max-image-preview:large, max-video-preview:-1\" \/>\n<link rel=\"canonical\" href=\"https:\/\/www.asajacyl.com\/segovia\/asaja-segovia-informa\/mucho-grano-y-poco-dinero\" \/>\n<meta property=\"og:locale\" content=\"es_ES\" \/>\n<meta property=\"og:type\" content=\"article\" \/>\n<meta property=\"og:title\" content=\"MUCHO GRANO Y POCO DINERO - ASAJA Segovia\" \/>\n<meta property=\"og:description\" content=\"Acaba la siega ordinaria de cereal &nbsp;en nuestra provincia. ASAJA-Segovia 22 de agosto de 2025: denuncia la situaci\u00f3n insostenible del sector\" \/>\n<meta property=\"og:url\" content=\"https:\/\/www.asajacyl.com\/segovia\/asaja-segovia-informa\/mucho-grano-y-poco-dinero\" \/>\n<meta property=\"og:site_name\" content=\"ASAJA Segovia\" \/>\n<meta property=\"article:published_time\" content=\"2025-08-22T12:17:01+00:00\" \/>\n<meta property=\"article:modified_time\" content=\"2025-08-22T12:17:03+00:00\" \/>\n<meta property=\"og:image\" content=\"https:\/\/www.asajacyl.com\/segovia\/wp-content\/uploads\/sites\/8\/2025\/08\/foto-nota-22-agosto-2025.jpg\" \/>\n\t<meta property=\"og:image:width\" content=\"519\" \/>\n\t<meta property=\"og:image:height\" content=\"182\" \/>\n\t<meta property=\"og:image:type\" content=\"image\/jpeg\" \/>\n<meta name=\"author\" content=\"Alicia\" \/>\n<meta name=\"twitter:card\" content=\"summary_large_image\" \/>\n<meta name=\"twitter:label1\" content=\"Escrito por\" \/>\n\t<meta name=\"twitter:data1\" content=\"Alicia\" \/>\n\t<meta name=\"twitter:label2\" content=\"Tiempo de lectura\" \/>\n\t<meta name=\"twitter:data2\" content=\"2 minutos\" \/>\n<script type=\"application\/ld+json\" class=\"yoast-schema-graph\">{\"@context\":\"https:\/\/schema.org\",\"@graph\":[{\"@type\":\"WebPage\",\"@id\":\"https:\/\/www.asajacyl.com\/segovia\/asaja-segovia-informa\/mucho-grano-y-poco-dinero\",\"url\":\"https:\/\/www.asajacyl.com\/segovia\/asaja-segovia-informa\/mucho-grano-y-poco-dinero\",\"name\":\"MUCHO GRANO Y POCO DINERO - ASAJA Segovia\",\"isPartOf\":{\"@id\":\"https:\/\/www.asajacyl.com\/segovia\/#website\"},\"primaryImageOfPage\":{\"@id\":\"https:\/\/www.asajacyl.com\/segovia\/asaja-segovia-informa\/mucho-grano-y-poco-dinero#primaryimage\"},\"image\":{\"@id\":\"https:\/\/www.asajacyl.com\/segovia\/asaja-segovia-informa\/mucho-grano-y-poco-dinero#primaryimage\"},\"thumbnailUrl\":\"https:\/\/www.asajacyl.com\/segovia\/wp-content\/uploads\/sites\/8\/2025\/08\/foto-nota-22-agosto-2025.jpg\",\"datePublished\":\"2025-08-22T12:17:01+00:00\",\"dateModified\":\"2025-08-22T12:17:03+00:00\",\"author\":{\"@id\":\"https:\/\/www.asajacyl.com\/segovia\/#\/schema\/person\/f044fca5805bb46713e11715709aef4d\"},\"description\":\"Acaba la siega ordinaria de cereal &nbsp;en nuestra provincia. ASAJA-Segovia 22 de agosto de 2025: denuncia la situaci\u00f3n insostenible del sector\",\"breadcrumb\":{\"@id\":\"https:\/\/www.asajacyl.com\/segovia\/asaja-segovia-informa\/mucho-grano-y-poco-dinero#breadcrumb\"},\"inLanguage\":\"es\",\"potentialAction\":[{\"@type\":\"ReadAction\",\"target\":[\"https:\/\/www.asajacyl.com\/segovia\/asaja-segovia-informa\/mucho-grano-y-poco-dinero\"]}]},{\"@type\":\"ImageObject\",\"inLanguage\":\"es\",\"@id\":\"https:\/\/www.asajacyl.com\/segovia\/asaja-segovia-informa\/mucho-grano-y-poco-dinero#primaryimage\",\"url\":\"https:\/\/www.asajacyl.com\/segovia\/wp-content\/uploads\/sites\/8\/2025\/08\/foto-nota-22-agosto-2025.jpg\",\"contentUrl\":\"https:\/\/www.asajacyl.com\/segovia\/wp-content\/uploads\/sites\/8\/2025\/08\/foto-nota-22-agosto-2025.jpg\",\"width\":519,\"height\":182},{\"@type\":\"BreadcrumbList\",\"@id\":\"https:\/\/www.asajacyl.com\/segovia\/asaja-segovia-informa\/mucho-grano-y-poco-dinero#breadcrumb\",\"itemListElement\":[{\"@type\":\"ListItem\",\"position\":1,\"name\":\"Portada\",\"item\":\"https:\/\/www.asajacyl.com\/segovia\/\"},{\"@type\":\"ListItem\",\"position\":2,\"name\":\"MUCHO GRANO Y POCO DINERO\"}]},{\"@type\":\"WebSite\",\"@id\":\"https:\/\/www.asajacyl.com\/segovia\/#website\",\"url\":\"https:\/\/www.asajacyl.com\/segovia\/\",\"name\":\"ASAJA Segovia\",\"description\":\"Otro sitio m\u00e1s de Provincias ASAJA Castilla y Le\u00f3n\",\"potentialAction\":[{\"@type\":\"SearchAction\",\"target\":{\"@type\":\"EntryPoint\",\"urlTemplate\":\"https:\/\/www.asajacyl.com\/segovia\/?s={search_term_string}\"},\"query-input\":{\"@type\":\"PropertyValueSpecification\",\"valueRequired\":true,\"valueName\":\"search_term_string\"}}],\"inLanguage\":\"es\"},{\"@type\":\"Person\",\"@id\":\"https:\/\/www.asajacyl.com\/segovia\/#\/schema\/person\/f044fca5805bb46713e11715709aef4d\",\"name\":\"Alicia\",\"image\":{\"@type\":\"ImageObject\",\"inLanguage\":\"es\",\"@id\":\"https:\/\/www.asajacyl.com\/segovia\/#\/schema\/person\/image\/\",\"url\":\"https:\/\/secure.gravatar.com\/avatar\/054cff43263e39aa6e74950dc4bb1690?s=96&d=mm&r=g\",\"contentUrl\":\"https:\/\/secure.gravatar.com\/avatar\/054cff43263e39aa6e74950dc4bb1690?s=96&d=mm&r=g\",\"caption\":\"Alicia\"},\"url\":\"https:\/\/www.asajacyl.com\/segovia\/author\/aliciasc\"}]}<\/script>\n<!-- \/ Yoast SEO plugin. -->","yoast_head_json":{"title":"MUCHO GRANO Y POCO DINERO - ASAJA Segovia","description":"Acaba la siega ordinaria de cereal &nbsp;en nuestra provincia. ASAJA-Segovia 22 de agosto de 2025: denuncia la situaci\u00f3n insostenible del sector","robots":{"index":"index","follow":"follow","max-snippet":"max-snippet:-1","max-image-preview":"max-image-preview:large","max-video-preview":"max-video-preview:-1"},"canonical":"https:\/\/www.asajacyl.com\/segovia\/asaja-segovia-informa\/mucho-grano-y-poco-dinero","og_locale":"es_ES","og_type":"article","og_title":"MUCHO GRANO Y POCO DINERO - ASAJA Segovia","og_description":"Acaba la siega ordinaria de cereal &nbsp;en nuestra provincia. ASAJA-Segovia 22 de agosto de 2025: denuncia la situaci\u00f3n insostenible del sector","og_url":"https:\/\/www.asajacyl.com\/segovia\/asaja-segovia-informa\/mucho-grano-y-poco-dinero","og_site_name":"ASAJA Segovia","article_published_time":"2025-08-22T12:17:01+00:00","article_modified_time":"2025-08-22T12:17:03+00:00","og_image":[{"width":519,"height":182,"url":"https:\/\/www.asajacyl.com\/segovia\/wp-content\/uploads\/sites\/8\/2025\/08\/foto-nota-22-agosto-2025.jpg","type":"image\/jpeg"}],"author":"Alicia","twitter_card":"summary_large_image","twitter_misc":{"Escrito por":"Alicia","Tiempo de lectura":"2 minutos"},"schema":{"@context":"https:\/\/schema.org","@graph":[{"@type":"WebPage","@id":"https:\/\/www.asajacyl.com\/segovia\/asaja-segovia-informa\/mucho-grano-y-poco-dinero","url":"https:\/\/www.asajacyl.com\/segovia\/asaja-segovia-informa\/mucho-grano-y-poco-dinero","name":"MUCHO GRANO Y POCO DINERO - ASAJA Segovia","isPartOf":{"@id":"https:\/\/www.asajacyl.com\/segovia\/#website"},"primaryImageOfPage":{"@id":"https:\/\/www.asajacyl.com\/segovia\/asaja-segovia-informa\/mucho-grano-y-poco-dinero#primaryimage"},"image":{"@id":"https:\/\/www.asajacyl.com\/segovia\/asaja-segovia-informa\/mucho-grano-y-poco-dinero#primaryimage"},"thumbnailUrl":"https:\/\/www.asajacyl.com\/segovia\/wp-content\/uploads\/sites\/8\/2025\/08\/foto-nota-22-agosto-2025.jpg","datePublished":"2025-08-22T12:17:01+00:00","dateModified":"2025-08-22T12:17:03+00:00","author":{"@id":"https:\/\/www.asajacyl.com\/segovia\/#\/schema\/person\/f044fca5805bb46713e11715709aef4d"},"description":"Acaba la siega ordinaria de cereal &nbsp;en nuestra provincia. ASAJA-Segovia 22 de agosto de 2025: denuncia la situaci\u00f3n insostenible del sector","breadcrumb":{"@id":"https:\/\/www.asajacyl.com\/segovia\/asaja-segovia-informa\/mucho-grano-y-poco-dinero#breadcrumb"},"inLanguage":"es","potentialAction":[{"@type":"ReadAction","target":["https:\/\/www.asajacyl.com\/segovia\/asaja-segovia-informa\/mucho-grano-y-poco-dinero"]}]},{"@type":"ImageObject","inLanguage":"es","@id":"https:\/\/www.asajacyl.com\/segovia\/asaja-segovia-informa\/mucho-grano-y-poco-dinero#primaryimage","url":"https:\/\/www.asajacyl.com\/segovia\/wp-content\/uploads\/sites\/8\/2025\/08\/foto-nota-22-agosto-2025.jpg","contentUrl":"https:\/\/www.asajacyl.com\/segovia\/wp-content\/uploads\/sites\/8\/2025\/08\/foto-nota-22-agosto-2025.jpg","width":519,"height":182},{"@type":"BreadcrumbList","@id":"https:\/\/www.asajacyl.com\/segovia\/asaja-segovia-informa\/mucho-grano-y-poco-dinero#breadcrumb","itemListElement":[{"@type":"ListItem","position":1,"name":"Portada","item":"https:\/\/www.asajacyl.com\/segovia\/"},{"@type":"ListItem","position":2,"name":"MUCHO GRANO Y POCO DINERO"}]},{"@type":"WebSite","@id":"https:\/\/www.asajacyl.com\/segovia\/#website","url":"https:\/\/www.asajacyl.com\/segovia\/","name":"ASAJA Segovia","description":"Otro sitio m\u00e1s de Provincias ASAJA Castilla y Le\u00f3n","potentialAction":[{"@type":"SearchAction","target":{"@type":"EntryPoint","urlTemplate":"https:\/\/www.asajacyl.com\/segovia\/?s={search_term_string}"},"query-input":{"@type":"PropertyValueSpecification","valueRequired":true,"valueName":"search_term_string"}}],"inLanguage":"es"},{"@type":"Person","@id":"https:\/\/www.asajacyl.com\/segovia\/#\/schema\/person\/f044fca5805bb46713e11715709aef4d","name":"Alicia","image":{"@type":"ImageObject","inLanguage":"es","@id":"https:\/\/www.asajacyl.com\/segovia\/#\/schema\/person\/image\/","url":"https:\/\/secure.gravatar.com\/avatar\/054cff43263e39aa6e74950dc4bb1690?s=96&d=mm&r=g","contentUrl":"https:\/\/secure.gravatar.com\/avatar\/054cff43263e39aa6e74950dc4bb1690?s=96&d=mm&r=g","caption":"Alicia"},"url":"https:\/\/www.asajacyl.com\/segovia\/author\/aliciasc"}]}},"_links":{"self":[{"href":"https:\/\/www.asajacyl.com\/segovia\/wp-json\/wp\/v2\/posts\/1939"}],"collection":[{"href":"https:\/\/www.asajacyl.com\/segovia\/wp-json\/wp\/v2\/posts"}],"about":[{"href":"https:\/\/www.asajacyl.com\/segovia\/wp-json\/wp\/v2\/types\/post"}],"author":[{"embeddable":true,"href":"https:\/\/www.asajacyl.com\/segovia\/wp-json\/wp\/v2\/users\/11"}],"replies":[{"embeddable":true,"href":"https:\/\/www.asajacyl.com\/segovia\/wp-json\/wp\/v2\/comments?post=1939"}],"version-history":[{"count":1,"href":"https:\/\/www.asajacyl.com\/segovia\/wp-json\/wp\/v2\/posts\/1939\/revisions"}],"predecessor-version":[{"id":1941,"href":"https:\/\/www.asajacyl.com\/segovia\/wp-json\/wp\/v2\/posts\/1939\/revisions\/1941"}],"wp:featuredmedia":[{"embeddable":true,"href":"https:\/\/www.asajacyl.com\/segovia\/wp-json\/wp\/v2\/media\/1940"}],"wp:attachment":[{"href":"https:\/\/www.asajacyl.com\/segovia\/wp-json\/wp\/v2\/media?parent=1939"}],"wp:term":[{"taxonomy":"category","embeddable":true,"href":"https:\/\/www.asajacyl.com\/segovia\/wp-json\/wp\/v2\/categories?post=1939"},{"taxonomy":"post_tag","embeddable":true,"href":"https:\/\/www.asajacyl.com\/segovia\/wp-json\/wp\/v2\/tags?post=1939"}],"curies":[{"name":"wp","href":"https:\/\/api.w.org\/{rel}","templated":true}]}}