{"id":1963,"date":"2025-10-01T14:10:47","date_gmt":"2025-10-01T12:10:47","guid":{"rendered":"https:\/\/www.asajacyl.com\/segovia\/?p=1963"},"modified":"2025-10-01T14:10:49","modified_gmt":"2025-10-01T12:10:49","slug":"la-inaccion-del-ministerio-de-agricultura-y-junta-de-castilla-y-leon-condenan-a-la-ruina-al-cereal-espanol-frente-al-dumping-ucraniano","status":"publish","type":"post","link":"https:\/\/www.asajacyl.com\/segovia\/asaja-segovia-informa\/la-inaccion-del-ministerio-de-agricultura-y-junta-de-castilla-y-leon-condenan-a-la-ruina-al-cereal-espanol-frente-al-dumping-ucraniano","title":{"rendered":"La inacci\u00f3n del Ministerio de Agricultura y Junta de Castilla y Le\u00f3n condenan a la ruina al cereal espa\u00f1ol frente al \u2018dumping ucraniano\u2019"},"content":{"rendered":"\n<p><em>ASAJA acusa al Gobierno de abrir las fronteras al cereal ucraniano y dejar morir a los agricultores espa\u00f1oles<\/em><\/p>\n\n\n\n<p><em>Valladolid, 1 de octubre de 2025.<\/em><\/p>\n\n\n\n<p>ASAJA \u00c1vila, Segovia y Valladolid denuncian con la m\u00e1xima contundencia la <strong>situaci\u00f3n de emergencia<\/strong> que viven los cerealistas de Castilla y Le\u00f3n y de Espa\u00f1a. La avalancha de cereal importado -fundamentalmente procedente de Ucrania- est\u00e1 hundiendo los precios en origen y empujando a miles de explotaciones familiares a la ruina, mientras el Ministerio de Agricultura, Pesca y Alimentaci\u00f3n y la Consejer\u00eda de Agricultura de la Junta de Castilla y Le\u00f3n mantienen una inaceptable pasividad en fronteras y mercados interiores.<\/p>\n\n\n\n<p>Espa\u00f1a se ha convertido en el principal <strong>receptor masivo de grano ucraniano <\/strong>en la Uni\u00f3n Europea. Solo en 2024 se importaron m\u00e1s de 10 millones de toneladas, tras la eliminaci\u00f3n de aranceles decidida por Bruselas para favorecer a Ucrania. <strong>Esta avalancha ha hundido los precios en origen, saturado los puertos y desbordado cualquier capacidad de control.<\/strong><\/p>\n\n\n\n<p>Las autoridades europeas ya tuvieron que articular medidas de emergencia en 2023 para Bulgaria, Hungr\u00eda, Polonia, Ruman\u00eda y Eslovaquia, con un <strong>paquete de apoyo extraordinario<\/strong> aprobado por la Comisi\u00f3n Europea precisamente para compensar la distorsi\u00f3n provocada por el aumento de las exportaciones ucranianas. Que esos pa\u00edses recibieran ayudas y medidas excepcionales es el precedente que ahora <strong>exigimos para Espa\u00f1a<\/strong>. Adem\u00e1s, algunos Estados miembros como Polonia y Hungr\u00eda adoptaron medidas nacionales adicionales, demostrando que la respuesta es posible cuando hay voluntad pol\u00edtica.<\/p>\n\n\n\n<p>No podemos tolerar la entrada masiva de cereal producido bajo marcos de exigencia fitosanitaria, ambiental y laboral mucho m\u00e1s laxos que los impuestos a nuestros agricultores europeos. Esa competencia desleal est\u00e1 <strong>devaluando el producto nacional<\/strong> y menoscabando la viabilidad de las explotaciones espa\u00f1olas. El MAPA debe ejercer controles estrictos en puertos y fronteras para impedir la entrada de partidas que vulneren requisitos y garanticen que no se permita la comercializaci\u00f3n a precios de dumping. La Consejer\u00eda de Agricultura de la Junta de Castilla y Le\u00f3n tiene la obligaci\u00f3n de aplicar la <strong>Ley de la Cadena Alimentaria<\/strong> y de impedir la venta por debajo de los costes de producci\u00f3n mediante inspecciones y sanciones ejemplares.<\/p>\n\n\n\n<p>Por todo ello, ASAJA \u00c1vila, Segovia y Valladolid reclaman medidas inmediatas y concretas:<\/p>\n\n\n\n<ol start=\"1\">\n<li><strong>Controles fitosanitarios y administrativos f\u00e9rreos<\/strong> en los puntos de entrada, reforzando el servicio de inspecci\u00f3n de sanidad vegetal en frontera, que asegure igualdad de condiciones con el cereal nacional.<\/li>\n\n\n\n<li><strong>Aplicaci\u00f3n estricta e inmediata de la Ley de la Cadena Alimentaria<\/strong>, sancionando las ventas a p\u00e9rdidas que hoy son norma en el mercado.<\/li>\n\n\n\n<li><strong>Apertura de un expediente de ayudas directas al cereal espa\u00f1ol<\/strong>, de manera an\u00e1loga a lo aprobado en 2023 para Polonia y Hungr\u00eda, para compensar la distorsi\u00f3n competitiva causada por las importaciones excepcionales.<\/li>\n\n\n\n<li><strong>Convocatoria urgente, por parte del MAPA, de una mesa de crisis<\/strong> con organizaciones agrarias, cooperativas, industria, Comunidades Aut\u00f3nomas y Administraci\u00f3n General del Estado para articular medidas de estabilizaci\u00f3n de precios, almacenamiento y valorizaci\u00f3n.<\/li>\n<\/ol>\n\n\n\n<p>ASAJA \u00c1vila, Segovia y Valladolid advierten con rotundidad: sin una intervenci\u00f3n decidida y r\u00e1pida del Gobierno de Espa\u00f1a y de la Uni\u00f3n Europea, asistiremos a la desaparici\u00f3n de un sector estrat\u00e9gico para la <strong>soberan\u00eda alimentaria, la conservaci\u00f3n del territorio y el tejido socioecon\u00f3mico rural<\/strong>. La pasividad actual no solo es inaceptable desde el punto de vista econ\u00f3mico, es una negligencia pol\u00edtica que multiplica la dependencia exterior y acelera el abandono del campo.<\/p>\n\n\n\n<p>Esta situaci\u00f3n l\u00edmite est\u00e1 llevando a que los agricultores se planten no sembrar ya que las cuentas no salen. Desde ASAJA, si no cambia la situaci\u00f3n en las pr\u00f3ximas fechas, y comprometidos con la viabilidad de las explotaciones, va a pedir a los agricultores que no se siembre.<\/p>\n\n\n\n<p>El campo de Castilla y Le\u00f3n actualmente est\u00e1 parado y las m\u00e1quinas no se mueven y la previsi\u00f3n es que no lo hagan pr\u00f3ximamente, porque el sector no puede aguantar m\u00e1s esta situaci\u00f3n tan injusta.<\/p>\n\n\n\n<p><strong>Exigimos respuestas ahora, no parches tard\u00edos ni discursos vac\u00edos. O se protege y se compensa al cereal espa\u00f1ol con las mismas herramientas que ya se han aplicado en otros Estados miembros, o las consecuencias ser\u00e1n irreversibles<\/strong>.<\/p>\n\n\n\n<p><\/p>\n","protected":false},"excerpt":{"rendered":"<p>ASAJA acusa al Gobierno de abrir las fronteras al cereal ucraniano y dejar morir a los agricultores espa\u00f1oles Valladolid, 1 de octubre de 2025. ASAJA \u00c1vila, Segovia y Valladolid denuncian con la m\u00e1xima contundencia la situaci\u00f3n de emergencia que viven los cerealistas de Castilla y Le\u00f3n y de Espa\u00f1a. La avalancha de cereal importado -fundamentalmente [&hellip;]<\/p>\n","protected":false},"author":11,"featured_media":1964,"comment_status":"open","ping_status":"open","sticky":false,"template":"","format":"standard","meta":{"footnotes":""},"categories":[10,27,26],"tags":[],"yoast_head":"<!-- This site is optimized with the Yoast SEO plugin v24.5 - https:\/\/yoast.com\/wordpress\/plugins\/seo\/ -->\n<title>La inacci\u00f3n del Ministerio de Agricultura y Junta de Castilla y Le\u00f3n condenan a la ruina al cereal espa\u00f1ol frente al \u2018dumping ucraniano\u2019 - ASAJA Segovia<\/title>\n<meta name=\"description\" content=\"ASAJA acusa al Gobierno de abrir las fronteras al cereal ucraniano y dejar morir a los agricultores espa\u00f1oles Valladolid, 1 de octubre de 2025. ASAJA\" \/>\n<meta name=\"robots\" content=\"index, follow, max-snippet:-1, max-image-preview:large, max-video-preview:-1\" \/>\n<link rel=\"canonical\" href=\"https:\/\/www.asajacyl.com\/segovia\/asaja-segovia-informa\/la-inaccion-del-ministerio-de-agricultura-y-junta-de-castilla-y-leon-condenan-a-la-ruina-al-cereal-espanol-frente-al-dumping-ucraniano\" \/>\n<meta property=\"og:locale\" content=\"es_ES\" \/>\n<meta property=\"og:type\" content=\"article\" \/>\n<meta property=\"og:title\" content=\"La inacci\u00f3n del Ministerio de Agricultura y Junta de Castilla y Le\u00f3n condenan a la ruina al cereal espa\u00f1ol frente al \u2018dumping ucraniano\u2019 - ASAJA Segovia\" \/>\n<meta property=\"og:description\" content=\"ASAJA acusa al Gobierno de abrir las fronteras al cereal ucraniano y dejar morir a los agricultores espa\u00f1oles Valladolid, 1 de octubre de 2025. ASAJA\" \/>\n<meta property=\"og:url\" content=\"https:\/\/www.asajacyl.com\/segovia\/asaja-segovia-informa\/la-inaccion-del-ministerio-de-agricultura-y-junta-de-castilla-y-leon-condenan-a-la-ruina-al-cereal-espanol-frente-al-dumping-ucraniano\" \/>\n<meta property=\"og:site_name\" content=\"ASAJA Segovia\" \/>\n<meta property=\"article:published_time\" content=\"2025-10-01T12:10:47+00:00\" \/>\n<meta property=\"article:modified_time\" content=\"2025-10-01T12:10:49+00:00\" \/>\n<meta property=\"og:image\" content=\"https:\/\/www.asajacyl.com\/segovia\/wp-content\/uploads\/sites\/8\/2025\/10\/cereal.jpg\" \/>\n\t<meta property=\"og:image:width\" content=\"1232\" \/>\n\t<meta property=\"og:image:height\" content=\"821\" \/>\n\t<meta property=\"og:image:type\" content=\"image\/jpeg\" \/>\n<meta name=\"author\" content=\"Alicia\" \/>\n<meta name=\"twitter:card\" content=\"summary_large_image\" \/>\n<meta name=\"twitter:label1\" content=\"Escrito por\" \/>\n\t<meta name=\"twitter:data1\" content=\"Alicia\" \/>\n\t<meta name=\"twitter:label2\" content=\"Tiempo de lectura\" \/>\n\t<meta name=\"twitter:data2\" content=\"4 minutos\" \/>\n<script type=\"application\/ld+json\" class=\"yoast-schema-graph\">{\"@context\":\"https:\/\/schema.org\",\"@graph\":[{\"@type\":\"WebPage\",\"@id\":\"https:\/\/www.asajacyl.com\/segovia\/asaja-segovia-informa\/la-inaccion-del-ministerio-de-agricultura-y-junta-de-castilla-y-leon-condenan-a-la-ruina-al-cereal-espanol-frente-al-dumping-ucraniano\",\"url\":\"https:\/\/www.asajacyl.com\/segovia\/asaja-segovia-informa\/la-inaccion-del-ministerio-de-agricultura-y-junta-de-castilla-y-leon-condenan-a-la-ruina-al-cereal-espanol-frente-al-dumping-ucraniano\",\"name\":\"La inacci\u00f3n del Ministerio de Agricultura y Junta de Castilla y Le\u00f3n condenan a la ruina al cereal espa\u00f1ol frente al \u2018dumping ucraniano\u2019 - ASAJA Segovia\",\"isPartOf\":{\"@id\":\"https:\/\/www.asajacyl.com\/segovia\/#website\"},\"primaryImageOfPage\":{\"@id\":\"https:\/\/www.asajacyl.com\/segovia\/asaja-segovia-informa\/la-inaccion-del-ministerio-de-agricultura-y-junta-de-castilla-y-leon-condenan-a-la-ruina-al-cereal-espanol-frente-al-dumping-ucraniano#primaryimage\"},\"image\":{\"@id\":\"https:\/\/www.asajacyl.com\/segovia\/asaja-segovia-informa\/la-inaccion-del-ministerio-de-agricultura-y-junta-de-castilla-y-leon-condenan-a-la-ruina-al-cereal-espanol-frente-al-dumping-ucraniano#primaryimage\"},\"thumbnailUrl\":\"https:\/\/www.asajacyl.com\/segovia\/wp-content\/uploads\/sites\/8\/2025\/10\/cereal.jpg\",\"datePublished\":\"2025-10-01T12:10:47+00:00\",\"dateModified\":\"2025-10-01T12:10:49+00:00\",\"author\":{\"@id\":\"https:\/\/www.asajacyl.com\/segovia\/#\/schema\/person\/f044fca5805bb46713e11715709aef4d\"},\"description\":\"ASAJA acusa al Gobierno de abrir las fronteras al cereal ucraniano y dejar morir a los agricultores espa\u00f1oles Valladolid, 1 de octubre de 2025. ASAJA\",\"breadcrumb\":{\"@id\":\"https:\/\/www.asajacyl.com\/segovia\/asaja-segovia-informa\/la-inaccion-del-ministerio-de-agricultura-y-junta-de-castilla-y-leon-condenan-a-la-ruina-al-cereal-espanol-frente-al-dumping-ucraniano#breadcrumb\"},\"inLanguage\":\"es\",\"potentialAction\":[{\"@type\":\"ReadAction\",\"target\":[\"https:\/\/www.asajacyl.com\/segovia\/asaja-segovia-informa\/la-inaccion-del-ministerio-de-agricultura-y-junta-de-castilla-y-leon-condenan-a-la-ruina-al-cereal-espanol-frente-al-dumping-ucraniano\"]}]},{\"@type\":\"ImageObject\",\"inLanguage\":\"es\",\"@id\":\"https:\/\/www.asajacyl.com\/segovia\/asaja-segovia-informa\/la-inaccion-del-ministerio-de-agricultura-y-junta-de-castilla-y-leon-condenan-a-la-ruina-al-cereal-espanol-frente-al-dumping-ucraniano#primaryimage\",\"url\":\"https:\/\/www.asajacyl.com\/segovia\/wp-content\/uploads\/sites\/8\/2025\/10\/cereal.jpg\",\"contentUrl\":\"https:\/\/www.asajacyl.com\/segovia\/wp-content\/uploads\/sites\/8\/2025\/10\/cereal.jpg\",\"width\":1232,\"height\":821,\"caption\":\"Industrial combine harvester unloading dried yellow grains into trailer in agricultural field with green trees on summer day in countryside\"},{\"@type\":\"BreadcrumbList\",\"@id\":\"https:\/\/www.asajacyl.com\/segovia\/asaja-segovia-informa\/la-inaccion-del-ministerio-de-agricultura-y-junta-de-castilla-y-leon-condenan-a-la-ruina-al-cereal-espanol-frente-al-dumping-ucraniano#breadcrumb\",\"itemListElement\":[{\"@type\":\"ListItem\",\"position\":1,\"name\":\"Portada\",\"item\":\"https:\/\/www.asajacyl.com\/segovia\/\"},{\"@type\":\"ListItem\",\"position\":2,\"name\":\"La inacci\u00f3n del Ministerio de Agricultura y Junta de Castilla y Le\u00f3n condenan a la ruina al cereal espa\u00f1ol frente al \u2018dumping ucraniano\u2019\"}]},{\"@type\":\"WebSite\",\"@id\":\"https:\/\/www.asajacyl.com\/segovia\/#website\",\"url\":\"https:\/\/www.asajacyl.com\/segovia\/\",\"name\":\"ASAJA Segovia\",\"description\":\"Otro sitio m\u00e1s de Provincias ASAJA Castilla y Le\u00f3n\",\"potentialAction\":[{\"@type\":\"SearchAction\",\"target\":{\"@type\":\"EntryPoint\",\"urlTemplate\":\"https:\/\/www.asajacyl.com\/segovia\/?s={search_term_string}\"},\"query-input\":{\"@type\":\"PropertyValueSpecification\",\"valueRequired\":true,\"valueName\":\"search_term_string\"}}],\"inLanguage\":\"es\"},{\"@type\":\"Person\",\"@id\":\"https:\/\/www.asajacyl.com\/segovia\/#\/schema\/person\/f044fca5805bb46713e11715709aef4d\",\"name\":\"Alicia\",\"image\":{\"@type\":\"ImageObject\",\"inLanguage\":\"es\",\"@id\":\"https:\/\/www.asajacyl.com\/segovia\/#\/schema\/person\/image\/\",\"url\":\"https:\/\/secure.gravatar.com\/avatar\/054cff43263e39aa6e74950dc4bb1690?s=96&d=mm&r=g\",\"contentUrl\":\"https:\/\/secure.gravatar.com\/avatar\/054cff43263e39aa6e74950dc4bb1690?s=96&d=mm&r=g\",\"caption\":\"Alicia\"},\"url\":\"https:\/\/www.asajacyl.com\/segovia\/author\/aliciasc\"}]}<\/script>\n<!-- \/ Yoast SEO plugin. -->","yoast_head_json":{"title":"La inacci\u00f3n del Ministerio de Agricultura y Junta de Castilla y Le\u00f3n condenan a la ruina al cereal espa\u00f1ol frente al \u2018dumping ucraniano\u2019 - ASAJA Segovia","description":"ASAJA acusa al Gobierno de abrir las fronteras al cereal ucraniano y dejar morir a los agricultores espa\u00f1oles Valladolid, 1 de octubre de 2025. ASAJA","robots":{"index":"index","follow":"follow","max-snippet":"max-snippet:-1","max-image-preview":"max-image-preview:large","max-video-preview":"max-video-preview:-1"},"canonical":"https:\/\/www.asajacyl.com\/segovia\/asaja-segovia-informa\/la-inaccion-del-ministerio-de-agricultura-y-junta-de-castilla-y-leon-condenan-a-la-ruina-al-cereal-espanol-frente-al-dumping-ucraniano","og_locale":"es_ES","og_type":"article","og_title":"La inacci\u00f3n del Ministerio de Agricultura y Junta de Castilla y Le\u00f3n condenan a la ruina al cereal espa\u00f1ol frente al \u2018dumping ucraniano\u2019 - ASAJA Segovia","og_description":"ASAJA acusa al Gobierno de abrir las fronteras al cereal ucraniano y dejar morir a los agricultores espa\u00f1oles Valladolid, 1 de octubre de 2025. ASAJA","og_url":"https:\/\/www.asajacyl.com\/segovia\/asaja-segovia-informa\/la-inaccion-del-ministerio-de-agricultura-y-junta-de-castilla-y-leon-condenan-a-la-ruina-al-cereal-espanol-frente-al-dumping-ucraniano","og_site_name":"ASAJA Segovia","article_published_time":"2025-10-01T12:10:47+00:00","article_modified_time":"2025-10-01T12:10:49+00:00","og_image":[{"width":1232,"height":821,"url":"https:\/\/www.asajacyl.com\/segovia\/wp-content\/uploads\/sites\/8\/2025\/10\/cereal.jpg","type":"image\/jpeg"}],"author":"Alicia","twitter_card":"summary_large_image","twitter_misc":{"Escrito por":"Alicia","Tiempo de lectura":"4 minutos"},"schema":{"@context":"https:\/\/schema.org","@graph":[{"@type":"WebPage","@id":"https:\/\/www.asajacyl.com\/segovia\/asaja-segovia-informa\/la-inaccion-del-ministerio-de-agricultura-y-junta-de-castilla-y-leon-condenan-a-la-ruina-al-cereal-espanol-frente-al-dumping-ucraniano","url":"https:\/\/www.asajacyl.com\/segovia\/asaja-segovia-informa\/la-inaccion-del-ministerio-de-agricultura-y-junta-de-castilla-y-leon-condenan-a-la-ruina-al-cereal-espanol-frente-al-dumping-ucraniano","name":"La inacci\u00f3n del Ministerio de Agricultura y Junta de Castilla y Le\u00f3n condenan a la ruina al cereal espa\u00f1ol frente al \u2018dumping ucraniano\u2019 - ASAJA Segovia","isPartOf":{"@id":"https:\/\/www.asajacyl.com\/segovia\/#website"},"primaryImageOfPage":{"@id":"https:\/\/www.asajacyl.com\/segovia\/asaja-segovia-informa\/la-inaccion-del-ministerio-de-agricultura-y-junta-de-castilla-y-leon-condenan-a-la-ruina-al-cereal-espanol-frente-al-dumping-ucraniano#primaryimage"},"image":{"@id":"https:\/\/www.asajacyl.com\/segovia\/asaja-segovia-informa\/la-inaccion-del-ministerio-de-agricultura-y-junta-de-castilla-y-leon-condenan-a-la-ruina-al-cereal-espanol-frente-al-dumping-ucraniano#primaryimage"},"thumbnailUrl":"https:\/\/www.asajacyl.com\/segovia\/wp-content\/uploads\/sites\/8\/2025\/10\/cereal.jpg","datePublished":"2025-10-01T12:10:47+00:00","dateModified":"2025-10-01T12:10:49+00:00","author":{"@id":"https:\/\/www.asajacyl.com\/segovia\/#\/schema\/person\/f044fca5805bb46713e11715709aef4d"},"description":"ASAJA acusa al Gobierno de abrir las fronteras al cereal ucraniano y dejar morir a los agricultores espa\u00f1oles Valladolid, 1 de octubre de 2025. ASAJA","breadcrumb":{"@id":"https:\/\/www.asajacyl.com\/segovia\/asaja-segovia-informa\/la-inaccion-del-ministerio-de-agricultura-y-junta-de-castilla-y-leon-condenan-a-la-ruina-al-cereal-espanol-frente-al-dumping-ucraniano#breadcrumb"},"inLanguage":"es","potentialAction":[{"@type":"ReadAction","target":["https:\/\/www.asajacyl.com\/segovia\/asaja-segovia-informa\/la-inaccion-del-ministerio-de-agricultura-y-junta-de-castilla-y-leon-condenan-a-la-ruina-al-cereal-espanol-frente-al-dumping-ucraniano"]}]},{"@type":"ImageObject","inLanguage":"es","@id":"https:\/\/www.asajacyl.com\/segovia\/asaja-segovia-informa\/la-inaccion-del-ministerio-de-agricultura-y-junta-de-castilla-y-leon-condenan-a-la-ruina-al-cereal-espanol-frente-al-dumping-ucraniano#primaryimage","url":"https:\/\/www.asajacyl.com\/segovia\/wp-content\/uploads\/sites\/8\/2025\/10\/cereal.jpg","contentUrl":"https:\/\/www.asajacyl.com\/segovia\/wp-content\/uploads\/sites\/8\/2025\/10\/cereal.jpg","width":1232,"height":821,"caption":"Industrial combine harvester unloading dried yellow grains into trailer in agricultural field with green trees on summer day in countryside"},{"@type":"BreadcrumbList","@id":"https:\/\/www.asajacyl.com\/segovia\/asaja-segovia-informa\/la-inaccion-del-ministerio-de-agricultura-y-junta-de-castilla-y-leon-condenan-a-la-ruina-al-cereal-espanol-frente-al-dumping-ucraniano#breadcrumb","itemListElement":[{"@type":"ListItem","position":1,"name":"Portada","item":"https:\/\/www.asajacyl.com\/segovia\/"},{"@type":"ListItem","position":2,"name":"La inacci\u00f3n del Ministerio de Agricultura y Junta de Castilla y Le\u00f3n condenan a la ruina al cereal espa\u00f1ol frente al \u2018dumping ucraniano\u2019"}]},{"@type":"WebSite","@id":"https:\/\/www.asajacyl.com\/segovia\/#website","url":"https:\/\/www.asajacyl.com\/segovia\/","name":"ASAJA Segovia","description":"Otro sitio m\u00e1s de Provincias ASAJA Castilla y Le\u00f3n","potentialAction":[{"@type":"SearchAction","target":{"@type":"EntryPoint","urlTemplate":"https:\/\/www.asajacyl.com\/segovia\/?s={search_term_string}"},"query-input":{"@type":"PropertyValueSpecification","valueRequired":true,"valueName":"search_term_string"}}],"inLanguage":"es"},{"@type":"Person","@id":"https:\/\/www.asajacyl.com\/segovia\/#\/schema\/person\/f044fca5805bb46713e11715709aef4d","name":"Alicia","image":{"@type":"ImageObject","inLanguage":"es","@id":"https:\/\/www.asajacyl.com\/segovia\/#\/schema\/person\/image\/","url":"https:\/\/secure.gravatar.com\/avatar\/054cff43263e39aa6e74950dc4bb1690?s=96&d=mm&r=g","contentUrl":"https:\/\/secure.gravatar.com\/avatar\/054cff43263e39aa6e74950dc4bb1690?s=96&d=mm&r=g","caption":"Alicia"},"url":"https:\/\/www.asajacyl.com\/segovia\/author\/aliciasc"}]}},"_links":{"self":[{"href":"https:\/\/www.asajacyl.com\/segovia\/wp-json\/wp\/v2\/posts\/1963"}],"collection":[{"href":"https:\/\/www.asajacyl.com\/segovia\/wp-json\/wp\/v2\/posts"}],"about":[{"href":"https:\/\/www.asajacyl.com\/segovia\/wp-json\/wp\/v2\/types\/post"}],"author":[{"embeddable":true,"href":"https:\/\/www.asajacyl.com\/segovia\/wp-json\/wp\/v2\/users\/11"}],"replies":[{"embeddable":true,"href":"https:\/\/www.asajacyl.com\/segovia\/wp-json\/wp\/v2\/comments?post=1963"}],"version-history":[{"count":1,"href":"https:\/\/www.asajacyl.com\/segovia\/wp-json\/wp\/v2\/posts\/1963\/revisions"}],"predecessor-version":[{"id":1965,"href":"https:\/\/www.asajacyl.com\/segovia\/wp-json\/wp\/v2\/posts\/1963\/revisions\/1965"}],"wp:featuredmedia":[{"embeddable":true,"href":"https:\/\/www.asajacyl.com\/segovia\/wp-json\/wp\/v2\/media\/1964"}],"wp:attachment":[{"href":"https:\/\/www.asajacyl.com\/segovia\/wp-json\/wp\/v2\/media?parent=1963"}],"wp:term":[{"taxonomy":"category","embeddable":true,"href":"https:\/\/www.asajacyl.com\/segovia\/wp-json\/wp\/v2\/categories?post=1963"},{"taxonomy":"post_tag","embeddable":true,"href":"https:\/\/www.asajacyl.com\/segovia\/wp-json\/wp\/v2\/tags?post=1963"}],"curies":[{"name":"wp","href":"https:\/\/api.w.org\/{rel}","templated":true}]}}