{"id":1966,"date":"2025-10-04T16:13:00","date_gmt":"2025-10-04T14:13:00","guid":{"rendered":"https:\/\/www.asajacyl.com\/segovia\/?p=1966"},"modified":"2025-10-04T16:13:02","modified_gmt":"2025-10-04T14:13:02","slug":"asaja-exige-al-ministerio-que-garantice-la-regionalizacion-del-foco-de-dermatosis-nodular-contagiosa-detectado-en-cataluna-y-el-mantenimiento-de-las-exportaciones-de-vacuno","status":"publish","type":"post","link":"https:\/\/www.asajacyl.com\/segovia\/asaja-segovia-informa\/asaja-exige-al-ministerio-que-garantice-la-regionalizacion-del-foco-de-dermatosis-nodular-contagiosa-detectado-en-cataluna-y-el-mantenimiento-de-las-exportaciones-de-vacuno","title":{"rendered":"ASAJA exige al Ministerio que garantice la \u201cregionalizaci\u00f3n\u201d del foco de Dermatosis Nodular Contagiosa detectado en Catalu\u00f1a y el mantenimiento de las exportaciones de vacuno"},"content":{"rendered":"\n<p><em>La sanidad animal es una cuesti\u00f3n de Estado y de sentido com\u00fan. Espa\u00f1a debe actuar con firmeza, pero tambi\u00e9n con proporcionalidad. El cierre de fronteras no ser\u00eda una medida sanitaria, sino un castigo econ\u00f3mico para un sector que ya soporta demasiadas incertidumbres<\/em><\/p>\n\n\n\n<p><em>Valladolid, 4 de octubre de 2025.<\/em><\/p>\n\n\n\n<p>Coincidiendo con la festividad de San Francisco de As\u00eds, patr\u00f3n de la profesi\u00f3n veterinaria y de los profesionales forestales, ASAJA \u00c1vila, Segovia y Valladolid quieren reconocer el trabajo y compromiso de los veterinarios y de los t\u00e9cnicos y agentes que, d\u00eda a d\u00eda, velan por la salud animal y por la sanidad de nuestras explotaciones ganaderas y montes. Hoy, su labor cobra m\u00e1s relevancia que nunca tras confirmarse el primer foco de Dermatosis Nodular Contagiosa (DNC) en Espa\u00f1a, en una explotaci\u00f3n bovina de la regi\u00f3n espa\u00f1ola de Catalu\u00f1a.<\/p>\n\n\n\n<p>Seg\u00fan ha comunicado oficialmente el Ministerio de Agricultura, Pesca y Alimentaci\u00f3n (MAPA), el foco se localiza en una granja de recr\u00eda de vacuno de leche en Castell\u00f3n de Ampurias\u200b (Gerona), donde los Servicios Veterinarios Oficiales de la Generalidad de Catalu\u00f1a han confirmado la presencia del virus tras los an\u00e1lisis realizados en el Laboratorio Central de Veterinaria de Algete. La DNC es una enfermedad v\u00edrica de categor\u00eda A en la Uni\u00f3n Europea, de car\u00e1cter exclusivamente animal, que no afecta a las personas, pero que obliga a activar protocolos de contenci\u00f3n y restricci\u00f3n en la zona afectada.<\/p>\n\n\n\n<p>Ante esta situaci\u00f3n, ASAJA exige al MAPA que defienda ante las instituciones pertinentes la aplicaci\u00f3n del principio de regionalizaci\u00f3n, recogido en el Manual Pr\u00e1ctico de Operaciones en la Lucha contra la Dermatosis Nodular Contagiosa del propio Ministerio. Este principio permite limitar las restricciones comerciales \u00fanicamente a los territorios afectados, evitando el cierre generalizado de los mercados y las exportaciones de animales y productos de origen vacuno de todo el pa\u00eds.<\/p>\n\n\n\n<p>El cierre de las exportaciones supondr\u00eda un golpe econ\u00f3mico inasumible para el sector vacuno espa\u00f1ol, altamente dependiente del comercio exterior para mantener la estabilidad de precios en el mercado nacional. Espa\u00f1a produce m\u00e1s carne de vacuno de la que consume internamente y, por tanto, necesita mantener abiertas las fronteras para garantizar la viabilidad de miles de explotaciones ganaderas.<\/p>\n\n\n\n<p>ASAJA recuerda que la experiencia reciente con enfermedades vectoriales como la Lengua Azul o la Fiebre del Nilo Occidental ha demostrado que la regionalizaci\u00f3n es la herramienta m\u00e1s eficaz y justa, pues permite mantener el comercio desde zonas libres, garantizando al mismo tiempo la contenci\u00f3n sanitaria en las \u00e1reas afectadas.<\/p>\n\n\n\n<p>Asimismo, la organizaci\u00f3n agraria urge a la Junta de Castilla y Le\u00f3n a intensificar de manera inmediata las medidas de vigilancia, prevenci\u00f3n, bioseguridad y control de vectores en todo el territorio auton\u00f3mico, poniendo especial atenci\u00f3n en las partidas de ganado procedentes de Catalu\u00f1a o de otros pa\u00edses de la Uni\u00f3n Europea donde la enfermedad ya ha sido declarada. La detecci\u00f3n temprana y la vigilancia constante ser\u00e1n esenciales para evitar la entrada y propagaci\u00f3n de la DNC en Castilla y Le\u00f3n.<\/p>\n\n\n\n<p>ASAJA reitera su confianza en los Servicios Veterinarios Oficiales y en la colaboraci\u00f3n del sector ganadero, que una vez m\u00e1s demuestra su compromiso con la sanidad animal y la seguridad alimentaria. La organizaci\u00f3n subraya que no existe riesgo alguno para el consumidor, ni por contacto directo ni por consumo de carne, leche u otros productos derivados del ganado vacuno.<\/p>\n","protected":false},"excerpt":{"rendered":"<p>La sanidad animal es una cuesti\u00f3n de Estado y de sentido com\u00fan. Espa\u00f1a debe actuar con firmeza, pero tambi\u00e9n con proporcionalidad. El cierre de fronteras no ser\u00eda una medida sanitaria, sino un castigo econ\u00f3mico para un sector que ya soporta demasiadas incertidumbres Valladolid, 4 de octubre de 2025. Coincidiendo con la festividad de San Francisco [&hellip;]<\/p>\n","protected":false},"author":11,"featured_media":1967,"comment_status":"open","ping_status":"open","sticky":false,"template":"","format":"standard","meta":{"footnotes":""},"categories":[10,27,26],"tags":[],"yoast_head":"<!-- This site is optimized with the Yoast SEO plugin v24.5 - https:\/\/yoast.com\/wordpress\/plugins\/seo\/ -->\n<title>ASAJA exige al Ministerio que garantice la \u201cregionalizaci\u00f3n\u201d del foco de Dermatosis Nodular Contagiosa detectado en Catalu\u00f1a y el mantenimiento de las exportaciones de vacuno - ASAJA Segovia<\/title>\n<meta name=\"description\" content=\"La sanidad animal es una cuesti\u00f3n de Estado y de sentido com\u00fan. Espa\u00f1a debe actuar con firmeza, pero tambi\u00e9n con proporcionalidad. El cierre de fronteras\" \/>\n<meta name=\"robots\" content=\"index, follow, max-snippet:-1, max-image-preview:large, max-video-preview:-1\" \/>\n<link rel=\"canonical\" href=\"https:\/\/www.asajacyl.com\/segovia\/asaja-segovia-informa\/asaja-exige-al-ministerio-que-garantice-la-regionalizacion-del-foco-de-dermatosis-nodular-contagiosa-detectado-en-cataluna-y-el-mantenimiento-de-las-exportaciones-de-vacuno\" \/>\n<meta property=\"og:locale\" content=\"es_ES\" \/>\n<meta property=\"og:type\" content=\"article\" \/>\n<meta property=\"og:title\" content=\"ASAJA exige al Ministerio que garantice la \u201cregionalizaci\u00f3n\u201d del foco de Dermatosis Nodular Contagiosa detectado en Catalu\u00f1a y el mantenimiento de las exportaciones de vacuno - ASAJA Segovia\" \/>\n<meta property=\"og:description\" content=\"La sanidad animal es una cuesti\u00f3n de Estado y de sentido com\u00fan. Espa\u00f1a debe actuar con firmeza, pero tambi\u00e9n con proporcionalidad. El cierre de fronteras\" \/>\n<meta property=\"og:url\" content=\"https:\/\/www.asajacyl.com\/segovia\/asaja-segovia-informa\/asaja-exige-al-ministerio-que-garantice-la-regionalizacion-del-foco-de-dermatosis-nodular-contagiosa-detectado-en-cataluna-y-el-mantenimiento-de-las-exportaciones-de-vacuno\" \/>\n<meta property=\"og:site_name\" content=\"ASAJA Segovia\" \/>\n<meta property=\"article:published_time\" content=\"2025-10-04T14:13:00+00:00\" \/>\n<meta property=\"article:modified_time\" content=\"2025-10-04T14:13:02+00:00\" \/>\n<meta property=\"og:image\" content=\"https:\/\/www.asajacyl.com\/segovia\/wp-content\/uploads\/sites\/8\/2025\/10\/ganado-vacuno.jpg\" \/>\n\t<meta property=\"og:image:width\" content=\"804\" \/>\n\t<meta property=\"og:image:height\" content=\"423\" \/>\n\t<meta property=\"og:image:type\" content=\"image\/jpeg\" \/>\n<meta name=\"author\" content=\"Alicia\" \/>\n<meta name=\"twitter:card\" content=\"summary_large_image\" \/>\n<meta name=\"twitter:label1\" content=\"Escrito por\" \/>\n\t<meta name=\"twitter:data1\" content=\"Alicia\" \/>\n\t<meta name=\"twitter:label2\" content=\"Tiempo de lectura\" \/>\n\t<meta name=\"twitter:data2\" content=\"3 minutos\" \/>\n<script type=\"application\/ld+json\" class=\"yoast-schema-graph\">{\"@context\":\"https:\/\/schema.org\",\"@graph\":[{\"@type\":\"WebPage\",\"@id\":\"https:\/\/www.asajacyl.com\/segovia\/asaja-segovia-informa\/asaja-exige-al-ministerio-que-garantice-la-regionalizacion-del-foco-de-dermatosis-nodular-contagiosa-detectado-en-cataluna-y-el-mantenimiento-de-las-exportaciones-de-vacuno\",\"url\":\"https:\/\/www.asajacyl.com\/segovia\/asaja-segovia-informa\/asaja-exige-al-ministerio-que-garantice-la-regionalizacion-del-foco-de-dermatosis-nodular-contagiosa-detectado-en-cataluna-y-el-mantenimiento-de-las-exportaciones-de-vacuno\",\"name\":\"ASAJA exige al Ministerio que garantice la \u201cregionalizaci\u00f3n\u201d del foco de Dermatosis Nodular Contagiosa detectado en Catalu\u00f1a y el mantenimiento de las exportaciones de vacuno - ASAJA Segovia\",\"isPartOf\":{\"@id\":\"https:\/\/www.asajacyl.com\/segovia\/#website\"},\"primaryImageOfPage\":{\"@id\":\"https:\/\/www.asajacyl.com\/segovia\/asaja-segovia-informa\/asaja-exige-al-ministerio-que-garantice-la-regionalizacion-del-foco-de-dermatosis-nodular-contagiosa-detectado-en-cataluna-y-el-mantenimiento-de-las-exportaciones-de-vacuno#primaryimage\"},\"image\":{\"@id\":\"https:\/\/www.asajacyl.com\/segovia\/asaja-segovia-informa\/asaja-exige-al-ministerio-que-garantice-la-regionalizacion-del-foco-de-dermatosis-nodular-contagiosa-detectado-en-cataluna-y-el-mantenimiento-de-las-exportaciones-de-vacuno#primaryimage\"},\"thumbnailUrl\":\"https:\/\/www.asajacyl.com\/segovia\/wp-content\/uploads\/sites\/8\/2025\/10\/ganado-vacuno.jpg\",\"datePublished\":\"2025-10-04T14:13:00+00:00\",\"dateModified\":\"2025-10-04T14:13:02+00:00\",\"author\":{\"@id\":\"https:\/\/www.asajacyl.com\/segovia\/#\/schema\/person\/f044fca5805bb46713e11715709aef4d\"},\"description\":\"La sanidad animal es una cuesti\u00f3n de Estado y de sentido com\u00fan. Espa\u00f1a debe actuar con firmeza, pero tambi\u00e9n con proporcionalidad. El cierre de fronteras\",\"breadcrumb\":{\"@id\":\"https:\/\/www.asajacyl.com\/segovia\/asaja-segovia-informa\/asaja-exige-al-ministerio-que-garantice-la-regionalizacion-del-foco-de-dermatosis-nodular-contagiosa-detectado-en-cataluna-y-el-mantenimiento-de-las-exportaciones-de-vacuno#breadcrumb\"},\"inLanguage\":\"es\",\"potentialAction\":[{\"@type\":\"ReadAction\",\"target\":[\"https:\/\/www.asajacyl.com\/segovia\/asaja-segovia-informa\/asaja-exige-al-ministerio-que-garantice-la-regionalizacion-del-foco-de-dermatosis-nodular-contagiosa-detectado-en-cataluna-y-el-mantenimiento-de-las-exportaciones-de-vacuno\"]}]},{\"@type\":\"ImageObject\",\"inLanguage\":\"es\",\"@id\":\"https:\/\/www.asajacyl.com\/segovia\/asaja-segovia-informa\/asaja-exige-al-ministerio-que-garantice-la-regionalizacion-del-foco-de-dermatosis-nodular-contagiosa-detectado-en-cataluna-y-el-mantenimiento-de-las-exportaciones-de-vacuno#primaryimage\",\"url\":\"https:\/\/www.asajacyl.com\/segovia\/wp-content\/uploads\/sites\/8\/2025\/10\/ganado-vacuno.jpg\",\"contentUrl\":\"https:\/\/www.asajacyl.com\/segovia\/wp-content\/uploads\/sites\/8\/2025\/10\/ganado-vacuno.jpg\",\"width\":804,\"height\":423},{\"@type\":\"BreadcrumbList\",\"@id\":\"https:\/\/www.asajacyl.com\/segovia\/asaja-segovia-informa\/asaja-exige-al-ministerio-que-garantice-la-regionalizacion-del-foco-de-dermatosis-nodular-contagiosa-detectado-en-cataluna-y-el-mantenimiento-de-las-exportaciones-de-vacuno#breadcrumb\",\"itemListElement\":[{\"@type\":\"ListItem\",\"position\":1,\"name\":\"Portada\",\"item\":\"https:\/\/www.asajacyl.com\/segovia\/\"},{\"@type\":\"ListItem\",\"position\":2,\"name\":\"ASAJA exige al Ministerio que garantice la \u201cregionalizaci\u00f3n\u201d del foco de Dermatosis Nodular Contagiosa detectado en Catalu\u00f1a y el mantenimiento de las exportaciones de vacuno\"}]},{\"@type\":\"WebSite\",\"@id\":\"https:\/\/www.asajacyl.com\/segovia\/#website\",\"url\":\"https:\/\/www.asajacyl.com\/segovia\/\",\"name\":\"ASAJA Segovia\",\"description\":\"Otro sitio m\u00e1s de Provincias ASAJA Castilla y Le\u00f3n\",\"potentialAction\":[{\"@type\":\"SearchAction\",\"target\":{\"@type\":\"EntryPoint\",\"urlTemplate\":\"https:\/\/www.asajacyl.com\/segovia\/?s={search_term_string}\"},\"query-input\":{\"@type\":\"PropertyValueSpecification\",\"valueRequired\":true,\"valueName\":\"search_term_string\"}}],\"inLanguage\":\"es\"},{\"@type\":\"Person\",\"@id\":\"https:\/\/www.asajacyl.com\/segovia\/#\/schema\/person\/f044fca5805bb46713e11715709aef4d\",\"name\":\"Alicia\",\"image\":{\"@type\":\"ImageObject\",\"inLanguage\":\"es\",\"@id\":\"https:\/\/www.asajacyl.com\/segovia\/#\/schema\/person\/image\/\",\"url\":\"https:\/\/secure.gravatar.com\/avatar\/054cff43263e39aa6e74950dc4bb1690?s=96&d=mm&r=g\",\"contentUrl\":\"https:\/\/secure.gravatar.com\/avatar\/054cff43263e39aa6e74950dc4bb1690?s=96&d=mm&r=g\",\"caption\":\"Alicia\"},\"url\":\"https:\/\/www.asajacyl.com\/segovia\/author\/aliciasc\"}]}<\/script>\n<!-- \/ Yoast SEO plugin. -->","yoast_head_json":{"title":"ASAJA exige al Ministerio que garantice la \u201cregionalizaci\u00f3n\u201d del foco de Dermatosis Nodular Contagiosa detectado en Catalu\u00f1a y el mantenimiento de las exportaciones de vacuno - ASAJA Segovia","description":"La sanidad animal es una cuesti\u00f3n de Estado y de sentido com\u00fan. Espa\u00f1a debe actuar con firmeza, pero tambi\u00e9n con proporcionalidad. El cierre de fronteras","robots":{"index":"index","follow":"follow","max-snippet":"max-snippet:-1","max-image-preview":"max-image-preview:large","max-video-preview":"max-video-preview:-1"},"canonical":"https:\/\/www.asajacyl.com\/segovia\/asaja-segovia-informa\/asaja-exige-al-ministerio-que-garantice-la-regionalizacion-del-foco-de-dermatosis-nodular-contagiosa-detectado-en-cataluna-y-el-mantenimiento-de-las-exportaciones-de-vacuno","og_locale":"es_ES","og_type":"article","og_title":"ASAJA exige al Ministerio que garantice la \u201cregionalizaci\u00f3n\u201d del foco de Dermatosis Nodular Contagiosa detectado en Catalu\u00f1a y el mantenimiento de las exportaciones de vacuno - ASAJA Segovia","og_description":"La sanidad animal es una cuesti\u00f3n de Estado y de sentido com\u00fan. Espa\u00f1a debe actuar con firmeza, pero tambi\u00e9n con proporcionalidad. El cierre de fronteras","og_url":"https:\/\/www.asajacyl.com\/segovia\/asaja-segovia-informa\/asaja-exige-al-ministerio-que-garantice-la-regionalizacion-del-foco-de-dermatosis-nodular-contagiosa-detectado-en-cataluna-y-el-mantenimiento-de-las-exportaciones-de-vacuno","og_site_name":"ASAJA Segovia","article_published_time":"2025-10-04T14:13:00+00:00","article_modified_time":"2025-10-04T14:13:02+00:00","og_image":[{"width":804,"height":423,"url":"https:\/\/www.asajacyl.com\/segovia\/wp-content\/uploads\/sites\/8\/2025\/10\/ganado-vacuno.jpg","type":"image\/jpeg"}],"author":"Alicia","twitter_card":"summary_large_image","twitter_misc":{"Escrito por":"Alicia","Tiempo de lectura":"3 minutos"},"schema":{"@context":"https:\/\/schema.org","@graph":[{"@type":"WebPage","@id":"https:\/\/www.asajacyl.com\/segovia\/asaja-segovia-informa\/asaja-exige-al-ministerio-que-garantice-la-regionalizacion-del-foco-de-dermatosis-nodular-contagiosa-detectado-en-cataluna-y-el-mantenimiento-de-las-exportaciones-de-vacuno","url":"https:\/\/www.asajacyl.com\/segovia\/asaja-segovia-informa\/asaja-exige-al-ministerio-que-garantice-la-regionalizacion-del-foco-de-dermatosis-nodular-contagiosa-detectado-en-cataluna-y-el-mantenimiento-de-las-exportaciones-de-vacuno","name":"ASAJA exige al Ministerio que garantice la \u201cregionalizaci\u00f3n\u201d del foco de Dermatosis Nodular Contagiosa detectado en Catalu\u00f1a y el mantenimiento de las exportaciones de vacuno - ASAJA Segovia","isPartOf":{"@id":"https:\/\/www.asajacyl.com\/segovia\/#website"},"primaryImageOfPage":{"@id":"https:\/\/www.asajacyl.com\/segovia\/asaja-segovia-informa\/asaja-exige-al-ministerio-que-garantice-la-regionalizacion-del-foco-de-dermatosis-nodular-contagiosa-detectado-en-cataluna-y-el-mantenimiento-de-las-exportaciones-de-vacuno#primaryimage"},"image":{"@id":"https:\/\/www.asajacyl.com\/segovia\/asaja-segovia-informa\/asaja-exige-al-ministerio-que-garantice-la-regionalizacion-del-foco-de-dermatosis-nodular-contagiosa-detectado-en-cataluna-y-el-mantenimiento-de-las-exportaciones-de-vacuno#primaryimage"},"thumbnailUrl":"https:\/\/www.asajacyl.com\/segovia\/wp-content\/uploads\/sites\/8\/2025\/10\/ganado-vacuno.jpg","datePublished":"2025-10-04T14:13:00+00:00","dateModified":"2025-10-04T14:13:02+00:00","author":{"@id":"https:\/\/www.asajacyl.com\/segovia\/#\/schema\/person\/f044fca5805bb46713e11715709aef4d"},"description":"La sanidad animal es una cuesti\u00f3n de Estado y de sentido com\u00fan. Espa\u00f1a debe actuar con firmeza, pero tambi\u00e9n con proporcionalidad. El cierre de fronteras","breadcrumb":{"@id":"https:\/\/www.asajacyl.com\/segovia\/asaja-segovia-informa\/asaja-exige-al-ministerio-que-garantice-la-regionalizacion-del-foco-de-dermatosis-nodular-contagiosa-detectado-en-cataluna-y-el-mantenimiento-de-las-exportaciones-de-vacuno#breadcrumb"},"inLanguage":"es","potentialAction":[{"@type":"ReadAction","target":["https:\/\/www.asajacyl.com\/segovia\/asaja-segovia-informa\/asaja-exige-al-ministerio-que-garantice-la-regionalizacion-del-foco-de-dermatosis-nodular-contagiosa-detectado-en-cataluna-y-el-mantenimiento-de-las-exportaciones-de-vacuno"]}]},{"@type":"ImageObject","inLanguage":"es","@id":"https:\/\/www.asajacyl.com\/segovia\/asaja-segovia-informa\/asaja-exige-al-ministerio-que-garantice-la-regionalizacion-del-foco-de-dermatosis-nodular-contagiosa-detectado-en-cataluna-y-el-mantenimiento-de-las-exportaciones-de-vacuno#primaryimage","url":"https:\/\/www.asajacyl.com\/segovia\/wp-content\/uploads\/sites\/8\/2025\/10\/ganado-vacuno.jpg","contentUrl":"https:\/\/www.asajacyl.com\/segovia\/wp-content\/uploads\/sites\/8\/2025\/10\/ganado-vacuno.jpg","width":804,"height":423},{"@type":"BreadcrumbList","@id":"https:\/\/www.asajacyl.com\/segovia\/asaja-segovia-informa\/asaja-exige-al-ministerio-que-garantice-la-regionalizacion-del-foco-de-dermatosis-nodular-contagiosa-detectado-en-cataluna-y-el-mantenimiento-de-las-exportaciones-de-vacuno#breadcrumb","itemListElement":[{"@type":"ListItem","position":1,"name":"Portada","item":"https:\/\/www.asajacyl.com\/segovia\/"},{"@type":"ListItem","position":2,"name":"ASAJA exige al Ministerio que garantice la \u201cregionalizaci\u00f3n\u201d del foco de Dermatosis Nodular Contagiosa detectado en Catalu\u00f1a y el mantenimiento de las exportaciones de vacuno"}]},{"@type":"WebSite","@id":"https:\/\/www.asajacyl.com\/segovia\/#website","url":"https:\/\/www.asajacyl.com\/segovia\/","name":"ASAJA Segovia","description":"Otro sitio m\u00e1s de Provincias ASAJA Castilla y Le\u00f3n","potentialAction":[{"@type":"SearchAction","target":{"@type":"EntryPoint","urlTemplate":"https:\/\/www.asajacyl.com\/segovia\/?s={search_term_string}"},"query-input":{"@type":"PropertyValueSpecification","valueRequired":true,"valueName":"search_term_string"}}],"inLanguage":"es"},{"@type":"Person","@id":"https:\/\/www.asajacyl.com\/segovia\/#\/schema\/person\/f044fca5805bb46713e11715709aef4d","name":"Alicia","image":{"@type":"ImageObject","inLanguage":"es","@id":"https:\/\/www.asajacyl.com\/segovia\/#\/schema\/person\/image\/","url":"https:\/\/secure.gravatar.com\/avatar\/054cff43263e39aa6e74950dc4bb1690?s=96&d=mm&r=g","contentUrl":"https:\/\/secure.gravatar.com\/avatar\/054cff43263e39aa6e74950dc4bb1690?s=96&d=mm&r=g","caption":"Alicia"},"url":"https:\/\/www.asajacyl.com\/segovia\/author\/aliciasc"}]}},"_links":{"self":[{"href":"https:\/\/www.asajacyl.com\/segovia\/wp-json\/wp\/v2\/posts\/1966"}],"collection":[{"href":"https:\/\/www.asajacyl.com\/segovia\/wp-json\/wp\/v2\/posts"}],"about":[{"href":"https:\/\/www.asajacyl.com\/segovia\/wp-json\/wp\/v2\/types\/post"}],"author":[{"embeddable":true,"href":"https:\/\/www.asajacyl.com\/segovia\/wp-json\/wp\/v2\/users\/11"}],"replies":[{"embeddable":true,"href":"https:\/\/www.asajacyl.com\/segovia\/wp-json\/wp\/v2\/comments?post=1966"}],"version-history":[{"count":1,"href":"https:\/\/www.asajacyl.com\/segovia\/wp-json\/wp\/v2\/posts\/1966\/revisions"}],"predecessor-version":[{"id":1968,"href":"https:\/\/www.asajacyl.com\/segovia\/wp-json\/wp\/v2\/posts\/1966\/revisions\/1968"}],"wp:featuredmedia":[{"embeddable":true,"href":"https:\/\/www.asajacyl.com\/segovia\/wp-json\/wp\/v2\/media\/1967"}],"wp:attachment":[{"href":"https:\/\/www.asajacyl.com\/segovia\/wp-json\/wp\/v2\/media?parent=1966"}],"wp:term":[{"taxonomy":"category","embeddable":true,"href":"https:\/\/www.asajacyl.com\/segovia\/wp-json\/wp\/v2\/categories?post=1966"},{"taxonomy":"post_tag","embeddable":true,"href":"https:\/\/www.asajacyl.com\/segovia\/wp-json\/wp\/v2\/tags?post=1966"}],"curies":[{"name":"wp","href":"https:\/\/api.w.org\/{rel}","templated":true}]}}