{"id":1969,"date":"2025-10-06T17:04:55","date_gmt":"2025-10-06T15:04:55","guid":{"rendered":"https:\/\/www.asajacyl.com\/segovia\/?p=1969"},"modified":"2025-10-06T17:04:57","modified_gmt":"2025-10-06T15:04:57","slug":"la-lana-espanola-podra-volver-a-exportarse-a-china","status":"publish","type":"post","link":"https:\/\/www.asajacyl.com\/segovia\/asaja-segovia-informa\/la-lana-espanola-podra-volver-a-exportarse-a-china","title":{"rendered":"La lana Espa\u00f1ola podr\u00e1 volver a exportarse a China"},"content":{"rendered":"\n<p><strong>Segovia, 6 de octubre de 2025.- <\/strong><a><em>Llevamos m\u00e1s de 3 a\u00f1os para poder exportar la lana a China y hoy se abre la puerta para poder volver a enviar lana a China y que el valor de esta materia prima vuelva a ser el que debe de tener.<\/em><\/a><\/p>\n\n\n\n<p>Desde nuestra Organizaci\u00f3n provincial nos sentimos muy orgullos del trabajo realizado en este \u00e1mbito, se presion\u00f3 mucho para poder enviar lana a China lo antes posible y que el sector pudiera obtener una rentabilidad algo mayor. En nuestra provincia el sector ovino es un sector clave desde el punto de vista de: desarrollo rural, mantenimiento de medio ambiente, producci\u00f3n de alimentos de calidad, prevenci\u00f3n de incendios, creaci\u00f3n de puestos de trabajo, aprovechamiento de recursos vegetales y preservaci\u00f3n de manejo ganadero y cultural.<\/p>\n\n\n\n<p>Esta apertura abre la puerta tambi\u00e9n a la exportaci\u00f3n de productos c\u00e1rnico de ovino, lo que puede afianzar el valor de la carne y leche de ovino y caprino y dinamizar el sector en nuestro pa\u00eds.&nbsp;<\/p>\n\n\n\n<p>Desde las Administraciones P\u00fablicas se debe impulsar y promover este sector esencial en el mantenimiento de medio ambiente y desde el punto de visto del aprovechamiento de recursos naturales que solo puede aprovechar nuestro ganado ovino y caprino.<\/p>\n\n\n\n<p>Datos del sector:<\/p>\n\n\n\n<p>El sector ovino y caprino represent\u00f3 en 2024 un <strong>3,7% de la Producci\u00f3n Final Agraria (2.474 M\u20ac)<\/strong>, siendo la carne el 1,8% de la PFA (1.226 M\u20ac).<\/p>\n\n\n\n<ul>\n<li><strong>Censos<\/strong>:\n<ul>\n<li>Ovino: 13,5 millones de cabezas (-0,8% vs 2023). Espa\u00f1a es l\u00edder de la UE (24% del censo comunitario), destacando Extremadura, Castilla-La Mancha, Castilla y Le\u00f3n, Andaluc\u00eda y Arag\u00f3n.<\/li>\n\n\n\n<li>Caprino: 2,3 millones (+2,9%), segundo pa\u00eds de la UE tras Grecia. Andaluc\u00eda concentra el 35%.<\/li>\n<\/ul>\n<\/li>\n\n\n\n<li><strong>Explotaciones<\/strong>:\n<ul>\n<li>Ovino: 109.756 explotaciones (-1,6%). Predomina la orientaci\u00f3n c\u00e1rnica (80%). Galicia presenta gran atomizaci\u00f3n.<\/li>\n\n\n\n<li>Caprino: 70.251 explotaciones (-1,6%), la mayor\u00eda clasificadas para carne, aunque la producci\u00f3n real es mayoritariamente l\u00e1ctea.<\/li>\n<\/ul>\n<\/li>\n\n\n\n<li><strong>Producci\u00f3n de carne<\/strong>:\n<ul>\n<li>Ovino: 98.530 t (-6%), con predominio del cordero pascual. Crecen producciones con <strong>IGP<\/strong>\u00a0(Ternasco de Arag\u00f3n, Lechazo de Castilla y Le\u00f3n, etc.) y en <strong>ecol\u00f3gico<\/strong>\u00a0(10% del total, liderado por Andaluc\u00eda).<\/li>\n\n\n\n<li>Caprino: 8.706 t (-9%), el 76% cabritos lechales. Surge la IGP Cabrito de Extremadura. Producci\u00f3n ecol\u00f3gica: 558 t (+15%).<\/li>\n<\/ul>\n<\/li>\n\n\n\n<li><strong>Lana<\/strong>: 20.670 t, en descenso. Problemas de mercado por restricciones de China y ca\u00edda de precios.<\/li>\n\n\n\n<li><strong>Consumo interno<\/strong>:\n<ul>\n<li>En hogares: 0,76 kg\/persona\/a\u00f1o (-9%).<\/li>\n\n\n\n<li>Fuera del hogar: 8.560 t (+12%).<\/li>\n\n\n\n<li>Consumo aparente: 1,41 kg\/persona\/a\u00f1o (+2,8%).<\/li>\n<\/ul>\n<\/li>\n\n\n\n<li><strong>Comercio exterior<\/strong>:\n<ul>\n<li>Exportaciones: 563 M\u20ac (positivo frente a 98 M\u20ac importados).<\/li>\n\n\n\n<li>El 46% de la carne producida se exporta, principalmente a la UE (Francia, Italia, Portugal). Destacan tambi\u00e9n destinos extracomunitarios como Argelia, Israel o EAU.<\/li>\n\n\n\n<li>Exportaci\u00f3n de vivos: 1,55 M cabezas (233 M\u20ac), principalmente a Marruecos.<\/li>\n\n\n\n<li>Importaciones: 10.967 t de carne (+56%), sobre todo desde Italia y Francia.<\/li>\n<\/ul>\n<\/li>\n<\/ul>\n","protected":false},"excerpt":{"rendered":"<p>Segovia, 6 de octubre de 2025.- Llevamos m\u00e1s de 3 a\u00f1os para poder exportar la lana a China y hoy se abre la puerta para poder volver a enviar lana a China y que el valor de esta materia prima vuelva a ser el que debe de tener. Desde nuestra Organizaci\u00f3n provincial nos sentimos muy [&hellip;]<\/p>\n","protected":false},"author":11,"featured_media":1970,"comment_status":"open","ping_status":"open","sticky":false,"template":"","format":"standard","meta":{"footnotes":""},"categories":[10,27,26],"tags":[],"yoast_head":"<!-- This site is optimized with the Yoast SEO plugin v24.5 - https:\/\/yoast.com\/wordpress\/plugins\/seo\/ -->\n<title>La lana Espa\u00f1ola podr\u00e1 volver a exportarse a China - ASAJA Segovia<\/title>\n<meta name=\"description\" content=\"Segovia, 6 de octubre de 2025.- Llevamos m\u00e1s de 3 a\u00f1os para poder exportar la lana a China y hoy se abre la puerta para poder volver a enviar lana a China\" \/>\n<meta name=\"robots\" content=\"index, follow, max-snippet:-1, max-image-preview:large, max-video-preview:-1\" \/>\n<link rel=\"canonical\" href=\"https:\/\/www.asajacyl.com\/segovia\/asaja-segovia-informa\/la-lana-espanola-podra-volver-a-exportarse-a-china\" \/>\n<meta property=\"og:locale\" content=\"es_ES\" \/>\n<meta property=\"og:type\" content=\"article\" \/>\n<meta property=\"og:title\" content=\"La lana Espa\u00f1ola podr\u00e1 volver a exportarse a China - ASAJA Segovia\" \/>\n<meta property=\"og:description\" content=\"Segovia, 6 de octubre de 2025.- Llevamos m\u00e1s de 3 a\u00f1os para poder exportar la lana a China y hoy se abre la puerta para poder volver a enviar lana a China\" \/>\n<meta property=\"og:url\" content=\"https:\/\/www.asajacyl.com\/segovia\/asaja-segovia-informa\/la-lana-espanola-podra-volver-a-exportarse-a-china\" \/>\n<meta property=\"og:site_name\" content=\"ASAJA Segovia\" \/>\n<meta property=\"article:published_time\" content=\"2025-10-06T15:04:55+00:00\" \/>\n<meta property=\"article:modified_time\" content=\"2025-10-06T15:04:57+00:00\" \/>\n<meta property=\"og:image\" content=\"https:\/\/www.asajacyl.com\/segovia\/wp-content\/uploads\/sites\/8\/2025\/10\/GANADO-OVINO.jpg\" \/>\n\t<meta property=\"og:image:width\" content=\"640\" \/>\n\t<meta property=\"og:image:height\" content=\"400\" \/>\n\t<meta property=\"og:image:type\" content=\"image\/jpeg\" \/>\n<meta name=\"author\" content=\"Alicia\" \/>\n<meta name=\"twitter:card\" content=\"summary_large_image\" \/>\n<meta name=\"twitter:label1\" content=\"Escrito por\" \/>\n\t<meta name=\"twitter:data1\" content=\"Alicia\" \/>\n\t<meta name=\"twitter:label2\" content=\"Tiempo de lectura\" \/>\n\t<meta name=\"twitter:data2\" content=\"3 minutos\" \/>\n<script type=\"application\/ld+json\" class=\"yoast-schema-graph\">{\"@context\":\"https:\/\/schema.org\",\"@graph\":[{\"@type\":\"WebPage\",\"@id\":\"https:\/\/www.asajacyl.com\/segovia\/asaja-segovia-informa\/la-lana-espanola-podra-volver-a-exportarse-a-china\",\"url\":\"https:\/\/www.asajacyl.com\/segovia\/asaja-segovia-informa\/la-lana-espanola-podra-volver-a-exportarse-a-china\",\"name\":\"La lana Espa\u00f1ola podr\u00e1 volver a exportarse a China - ASAJA Segovia\",\"isPartOf\":{\"@id\":\"https:\/\/www.asajacyl.com\/segovia\/#website\"},\"primaryImageOfPage\":{\"@id\":\"https:\/\/www.asajacyl.com\/segovia\/asaja-segovia-informa\/la-lana-espanola-podra-volver-a-exportarse-a-china#primaryimage\"},\"image\":{\"@id\":\"https:\/\/www.asajacyl.com\/segovia\/asaja-segovia-informa\/la-lana-espanola-podra-volver-a-exportarse-a-china#primaryimage\"},\"thumbnailUrl\":\"https:\/\/www.asajacyl.com\/segovia\/wp-content\/uploads\/sites\/8\/2025\/10\/GANADO-OVINO.jpg\",\"datePublished\":\"2025-10-06T15:04:55+00:00\",\"dateModified\":\"2025-10-06T15:04:57+00:00\",\"author\":{\"@id\":\"https:\/\/www.asajacyl.com\/segovia\/#\/schema\/person\/f044fca5805bb46713e11715709aef4d\"},\"description\":\"Segovia, 6 de octubre de 2025.- Llevamos m\u00e1s de 3 a\u00f1os para poder exportar la lana a China y hoy se abre la puerta para poder volver a enviar lana a China\",\"breadcrumb\":{\"@id\":\"https:\/\/www.asajacyl.com\/segovia\/asaja-segovia-informa\/la-lana-espanola-podra-volver-a-exportarse-a-china#breadcrumb\"},\"inLanguage\":\"es\",\"potentialAction\":[{\"@type\":\"ReadAction\",\"target\":[\"https:\/\/www.asajacyl.com\/segovia\/asaja-segovia-informa\/la-lana-espanola-podra-volver-a-exportarse-a-china\"]}]},{\"@type\":\"ImageObject\",\"inLanguage\":\"es\",\"@id\":\"https:\/\/www.asajacyl.com\/segovia\/asaja-segovia-informa\/la-lana-espanola-podra-volver-a-exportarse-a-china#primaryimage\",\"url\":\"https:\/\/www.asajacyl.com\/segovia\/wp-content\/uploads\/sites\/8\/2025\/10\/GANADO-OVINO.jpg\",\"contentUrl\":\"https:\/\/www.asajacyl.com\/segovia\/wp-content\/uploads\/sites\/8\/2025\/10\/GANADO-OVINO.jpg\",\"width\":640,\"height\":400},{\"@type\":\"BreadcrumbList\",\"@id\":\"https:\/\/www.asajacyl.com\/segovia\/asaja-segovia-informa\/la-lana-espanola-podra-volver-a-exportarse-a-china#breadcrumb\",\"itemListElement\":[{\"@type\":\"ListItem\",\"position\":1,\"name\":\"Portada\",\"item\":\"https:\/\/www.asajacyl.com\/segovia\/\"},{\"@type\":\"ListItem\",\"position\":2,\"name\":\"La lana Espa\u00f1ola podr\u00e1 volver a exportarse a China\"}]},{\"@type\":\"WebSite\",\"@id\":\"https:\/\/www.asajacyl.com\/segovia\/#website\",\"url\":\"https:\/\/www.asajacyl.com\/segovia\/\",\"name\":\"ASAJA Segovia\",\"description\":\"Otro sitio m\u00e1s de Provincias ASAJA Castilla y Le\u00f3n\",\"potentialAction\":[{\"@type\":\"SearchAction\",\"target\":{\"@type\":\"EntryPoint\",\"urlTemplate\":\"https:\/\/www.asajacyl.com\/segovia\/?s={search_term_string}\"},\"query-input\":{\"@type\":\"PropertyValueSpecification\",\"valueRequired\":true,\"valueName\":\"search_term_string\"}}],\"inLanguage\":\"es\"},{\"@type\":\"Person\",\"@id\":\"https:\/\/www.asajacyl.com\/segovia\/#\/schema\/person\/f044fca5805bb46713e11715709aef4d\",\"name\":\"Alicia\",\"image\":{\"@type\":\"ImageObject\",\"inLanguage\":\"es\",\"@id\":\"https:\/\/www.asajacyl.com\/segovia\/#\/schema\/person\/image\/\",\"url\":\"https:\/\/secure.gravatar.com\/avatar\/054cff43263e39aa6e74950dc4bb1690?s=96&d=mm&r=g\",\"contentUrl\":\"https:\/\/secure.gravatar.com\/avatar\/054cff43263e39aa6e74950dc4bb1690?s=96&d=mm&r=g\",\"caption\":\"Alicia\"},\"url\":\"https:\/\/www.asajacyl.com\/segovia\/author\/aliciasc\"}]}<\/script>\n<!-- \/ Yoast SEO plugin. -->","yoast_head_json":{"title":"La lana Espa\u00f1ola podr\u00e1 volver a exportarse a China - ASAJA Segovia","description":"Segovia, 6 de octubre de 2025.- Llevamos m\u00e1s de 3 a\u00f1os para poder exportar la lana a China y hoy se abre la puerta para poder volver a enviar lana a China","robots":{"index":"index","follow":"follow","max-snippet":"max-snippet:-1","max-image-preview":"max-image-preview:large","max-video-preview":"max-video-preview:-1"},"canonical":"https:\/\/www.asajacyl.com\/segovia\/asaja-segovia-informa\/la-lana-espanola-podra-volver-a-exportarse-a-china","og_locale":"es_ES","og_type":"article","og_title":"La lana Espa\u00f1ola podr\u00e1 volver a exportarse a China - ASAJA Segovia","og_description":"Segovia, 6 de octubre de 2025.- Llevamos m\u00e1s de 3 a\u00f1os para poder exportar la lana a China y hoy se abre la puerta para poder volver a enviar lana a China","og_url":"https:\/\/www.asajacyl.com\/segovia\/asaja-segovia-informa\/la-lana-espanola-podra-volver-a-exportarse-a-china","og_site_name":"ASAJA Segovia","article_published_time":"2025-10-06T15:04:55+00:00","article_modified_time":"2025-10-06T15:04:57+00:00","og_image":[{"width":640,"height":400,"url":"https:\/\/www.asajacyl.com\/segovia\/wp-content\/uploads\/sites\/8\/2025\/10\/GANADO-OVINO.jpg","type":"image\/jpeg"}],"author":"Alicia","twitter_card":"summary_large_image","twitter_misc":{"Escrito por":"Alicia","Tiempo de lectura":"3 minutos"},"schema":{"@context":"https:\/\/schema.org","@graph":[{"@type":"WebPage","@id":"https:\/\/www.asajacyl.com\/segovia\/asaja-segovia-informa\/la-lana-espanola-podra-volver-a-exportarse-a-china","url":"https:\/\/www.asajacyl.com\/segovia\/asaja-segovia-informa\/la-lana-espanola-podra-volver-a-exportarse-a-china","name":"La lana Espa\u00f1ola podr\u00e1 volver a exportarse a China - ASAJA Segovia","isPartOf":{"@id":"https:\/\/www.asajacyl.com\/segovia\/#website"},"primaryImageOfPage":{"@id":"https:\/\/www.asajacyl.com\/segovia\/asaja-segovia-informa\/la-lana-espanola-podra-volver-a-exportarse-a-china#primaryimage"},"image":{"@id":"https:\/\/www.asajacyl.com\/segovia\/asaja-segovia-informa\/la-lana-espanola-podra-volver-a-exportarse-a-china#primaryimage"},"thumbnailUrl":"https:\/\/www.asajacyl.com\/segovia\/wp-content\/uploads\/sites\/8\/2025\/10\/GANADO-OVINO.jpg","datePublished":"2025-10-06T15:04:55+00:00","dateModified":"2025-10-06T15:04:57+00:00","author":{"@id":"https:\/\/www.asajacyl.com\/segovia\/#\/schema\/person\/f044fca5805bb46713e11715709aef4d"},"description":"Segovia, 6 de octubre de 2025.- Llevamos m\u00e1s de 3 a\u00f1os para poder exportar la lana a China y hoy se abre la puerta para poder volver a enviar lana a China","breadcrumb":{"@id":"https:\/\/www.asajacyl.com\/segovia\/asaja-segovia-informa\/la-lana-espanola-podra-volver-a-exportarse-a-china#breadcrumb"},"inLanguage":"es","potentialAction":[{"@type":"ReadAction","target":["https:\/\/www.asajacyl.com\/segovia\/asaja-segovia-informa\/la-lana-espanola-podra-volver-a-exportarse-a-china"]}]},{"@type":"ImageObject","inLanguage":"es","@id":"https:\/\/www.asajacyl.com\/segovia\/asaja-segovia-informa\/la-lana-espanola-podra-volver-a-exportarse-a-china#primaryimage","url":"https:\/\/www.asajacyl.com\/segovia\/wp-content\/uploads\/sites\/8\/2025\/10\/GANADO-OVINO.jpg","contentUrl":"https:\/\/www.asajacyl.com\/segovia\/wp-content\/uploads\/sites\/8\/2025\/10\/GANADO-OVINO.jpg","width":640,"height":400},{"@type":"BreadcrumbList","@id":"https:\/\/www.asajacyl.com\/segovia\/asaja-segovia-informa\/la-lana-espanola-podra-volver-a-exportarse-a-china#breadcrumb","itemListElement":[{"@type":"ListItem","position":1,"name":"Portada","item":"https:\/\/www.asajacyl.com\/segovia\/"},{"@type":"ListItem","position":2,"name":"La lana Espa\u00f1ola podr\u00e1 volver a exportarse a China"}]},{"@type":"WebSite","@id":"https:\/\/www.asajacyl.com\/segovia\/#website","url":"https:\/\/www.asajacyl.com\/segovia\/","name":"ASAJA Segovia","description":"Otro sitio m\u00e1s de Provincias ASAJA Castilla y Le\u00f3n","potentialAction":[{"@type":"SearchAction","target":{"@type":"EntryPoint","urlTemplate":"https:\/\/www.asajacyl.com\/segovia\/?s={search_term_string}"},"query-input":{"@type":"PropertyValueSpecification","valueRequired":true,"valueName":"search_term_string"}}],"inLanguage":"es"},{"@type":"Person","@id":"https:\/\/www.asajacyl.com\/segovia\/#\/schema\/person\/f044fca5805bb46713e11715709aef4d","name":"Alicia","image":{"@type":"ImageObject","inLanguage":"es","@id":"https:\/\/www.asajacyl.com\/segovia\/#\/schema\/person\/image\/","url":"https:\/\/secure.gravatar.com\/avatar\/054cff43263e39aa6e74950dc4bb1690?s=96&d=mm&r=g","contentUrl":"https:\/\/secure.gravatar.com\/avatar\/054cff43263e39aa6e74950dc4bb1690?s=96&d=mm&r=g","caption":"Alicia"},"url":"https:\/\/www.asajacyl.com\/segovia\/author\/aliciasc"}]}},"_links":{"self":[{"href":"https:\/\/www.asajacyl.com\/segovia\/wp-json\/wp\/v2\/posts\/1969"}],"collection":[{"href":"https:\/\/www.asajacyl.com\/segovia\/wp-json\/wp\/v2\/posts"}],"about":[{"href":"https:\/\/www.asajacyl.com\/segovia\/wp-json\/wp\/v2\/types\/post"}],"author":[{"embeddable":true,"href":"https:\/\/www.asajacyl.com\/segovia\/wp-json\/wp\/v2\/users\/11"}],"replies":[{"embeddable":true,"href":"https:\/\/www.asajacyl.com\/segovia\/wp-json\/wp\/v2\/comments?post=1969"}],"version-history":[{"count":1,"href":"https:\/\/www.asajacyl.com\/segovia\/wp-json\/wp\/v2\/posts\/1969\/revisions"}],"predecessor-version":[{"id":1971,"href":"https:\/\/www.asajacyl.com\/segovia\/wp-json\/wp\/v2\/posts\/1969\/revisions\/1971"}],"wp:featuredmedia":[{"embeddable":true,"href":"https:\/\/www.asajacyl.com\/segovia\/wp-json\/wp\/v2\/media\/1970"}],"wp:attachment":[{"href":"https:\/\/www.asajacyl.com\/segovia\/wp-json\/wp\/v2\/media?parent=1969"}],"wp:term":[{"taxonomy":"category","embeddable":true,"href":"https:\/\/www.asajacyl.com\/segovia\/wp-json\/wp\/v2\/categories?post=1969"},{"taxonomy":"post_tag","embeddable":true,"href":"https:\/\/www.asajacyl.com\/segovia\/wp-json\/wp\/v2\/tags?post=1969"}],"curies":[{"name":"wp","href":"https:\/\/api.w.org\/{rel}","templated":true}]}}