{"id":1973,"date":"2025-10-07T12:15:09","date_gmt":"2025-10-07T10:15:09","guid":{"rendered":"https:\/\/www.asajacyl.com\/segovia\/?p=1973"},"modified":"2025-10-07T12:15:11","modified_gmt":"2025-10-07T10:15:11","slug":"el12-de-octubre-ultimo-dia-para-presentarse-candidato-a-los-premios-chaleco-agricultor-2025","status":"publish","type":"post","link":"https:\/\/www.asajacyl.com\/segovia\/asaja-segovia-informa\/el12-de-octubre-ultimo-dia-para-presentarse-candidato-a-los-premios-chaleco-agricultor-2025","title":{"rendered":"El12 de octubre, \u00faltimo d\u00eda para presentarse candidato a los Premios Chaleco Agricultor 2025"},"content":{"rendered":"\n<h2 class=\"wp-block-heading\">ASAJA y Expo AgriTech, la feria nacional dedicada a la innovaci\u00f3n en el sector agr\u00edcola, han creado los Premios Chaleco Agricultor 2025, que aspiran a ser los \u2018Estrella Michel\u00edn\u2019 del sector primario y se proponen reconocer experiencias innovadoras dentro de la agricultura y la ganader\u00eda.&nbsp;Hasta el domingo 12 de octubre&nbsp;pueden presentarse candidaturas a estos galardones, dirigidos tanto a explotaciones de gran tama\u00f1o como a las peque\u00f1as y aut\u00f3nomos del sector agroganadero.<\/h2>\n\n\n\n<p>La entrega de premios se celebrar\u00e1 el 30 de octubre de 2025 en M\u00e1laga, coincidiendo con la \u00faltima jornada de la feria Expo AgriTech, que se desarrollar\u00e1&nbsp;<strong>del 28 al 30 de octubre en el Palacio de Ferias y Congresos de M\u00e1laga<\/strong>&nbsp;(FYCMA), donde se dar\u00e1n cita agricultores, ganaderos, empresas tecnol\u00f3gicas y expertos para mostrar maquinaria puntera, soluciones digitales y proyectos de agricultura 4.0.<\/p>\n\n\n\n<p>Los ganadores nacionales&nbsp;<strong>recibir\u00e1n un cheque de 4000 euros&nbsp;para invertir<\/strong>&nbsp;en maquinaria, sistemas de riego, equipos de cosecha, seguros o nutrientes vegetales entre los expositores. Todos los finalistas obtendr\u00e1n, adem\u00e1s, un chaleco conmemorativo. Se entregar\u00e1 un premio por cada una de las tres categor\u00edas previstas.<\/p>\n\n\n\n<p>Mediante los Premios Chaleco Agricultor, ASAJA y la feria \u2014de la que nuestra organizaci\u00f3n es socia estrat\u00e9gica\u2014 buscan dar visibilidad y reconocimiento p\u00fablico a la acciones innovadoras, sostenibles y tecnol\u00f3gicas aplicadas en el d\u00eda a d\u00eda del campo, que adem\u00e1s pueden servir de modelo para otros profesionales agroganaderos.<\/p>\n\n\n\n<p>Adem\u00e1s del reconocimiento p\u00fablico,<strong>&nbsp;los premios ofrecen recursos econ\u00f3micos directos y la posibilidad de conectar con proveedores tecnol\u00f3gicos presentes en la feria<\/strong>. Esto permitir\u00e1 a los finalistas invertir en mejoras concretas para sus explotaciones y aprovechar la presencia de empresas y expertos durante la feria.<\/p>\n\n\n\n<p>Sergio Fabregat, director de la feria, ha animado al conjunto de los profesionales agrarios a participar en la convocatoria porque&nbsp;\u00abson el coraz\u00f3n de nuestra sociedad, los responsables de que podamos comer de forma saludable y con productos de alt\u00edsima calidad\u00bb.&nbsp;<\/p>\n\n\n\n<p>Hasta el 12 de octubre pueden presentarse candidaturas a trav\u00e9s de este&nbsp;<a href=\"https:\/\/nebext.typeform.com\/to\/n67I9ElM?typeform-source=www.expoagritech.com\" target=\"_blank\" rel=\"noreferrer noopener\">formulario<\/a>&nbsp;en las tres categor\u00edas previstas:<\/p>\n\n\n\n<ul>\n<li><strong>Innovaci\u00f3n en cultivos<\/strong>, para pioneros en nuevas variedades, cultivos adaptados al cambio clim\u00e1tico o insumos innovadores como derivados de larvas de insectos o algas.<\/li>\n\n\n\n<li><strong>Sostenibilidad<\/strong>, para proyectos que reduzcan el impacto ambiental, con uso eficiente de recursos, conservaci\u00f3n del suelo o medidas de econom\u00eda circular.<\/li>\n\n\n\n<li><strong>Aplicaci\u00f3n de la tecnolog\u00eda<\/strong>, para quienes han introducido soluciones avanzadas de agricultura 4.0: drones, sensores, inteligencia artificial, automatizaci\u00f3n o digitalizaci\u00f3n de operaciones.<\/li>\n<\/ul>\n\n\n\n<p><strong>De cada provincia espa\u00f1ola se seleccionar\u00e1n tres finalistas<\/strong>&nbsp;(uno por cada categor\u00eda). Estos competir\u00e1n a nivel nacional en la gran gala del 30 de octubre, donde se decidir\u00e1n los ganadores.<\/p>\n\n\n\n<p>El proceso de evaluaci\u00f3n estar\u00e1 a cargo de un comit\u00e9 t\u00e9cnico de expertos del sector, innovaci\u00f3n tecnol\u00f3gica y sostenibilidad, que analizar\u00e1n el impacto, la originalidad, el equipo implicado y el potencial&nbsp;de crecimiento de cada proyecto.<\/p>\n\n\n\n<p><strong>SEGUNDA EDICI\u00d3N.&nbsp;<\/strong>La II Expo AgriTech 2025&nbsp;reunir\u00e1 durante tres d\u00edas a empresas tecnol\u00f3gicas, centros de innovaci\u00f3n y profesionales del sector agr\u00edcola y&nbsp;llega tras el \u00e9xito de la primera edici\u00f3n, en la que participaron miles de profesionales del sector agroalimentario de toda Espa\u00f1a, m\u00e1s de un centenar de firmas expositoras y centenares de expertos que debatieron sobre inteligencia artificial, drones, robotizaci\u00f3n, agricultura regenerativa y nuevas fuentes de energ\u00eda para el campo.&nbsp;<\/p>\n\n\n\n<p>Aquel encuentro sirvi\u00f3 para mostrar&nbsp;innovaciones como tractores aut\u00f3nomos, robots de recogida, drones de monitorizaci\u00f3n o equipos electr\u00f3nicos para capturar plagas.<\/p>\n\n\n\n<p>En este entorno, los agricultores asistentes podr\u00e1n<strong>&nbsp;conocer maquinaria, sistemas de riego de \u00faltima generaci\u00f3n, soluciones de conectividad y herramientas digitales&nbsp;<\/strong>para mejorar la productividad y sostenibilidad de sus explotaciones.&nbsp;<\/p>\n\n\n\n<p>M\u00e1s informaci\u00f3n sobre el premio, bases y formulario de participaci\u00f3n en&nbsp;<a href=\"https:\/\/www.expoagritech.com\/premios-chaleco-agricultor-2025\">https:\/\/www.expoagritech.com\/premios-chaleco-agricultor-2025<\/a><\/p>\n","protected":false},"excerpt":{"rendered":"<p>ASAJA y Expo AgriTech, la feria nacional dedicada a la innovaci\u00f3n en el sector agr\u00edcola, han creado los Premios Chaleco Agricultor 2025, que aspiran a ser los \u2018Estrella Michel\u00edn\u2019 del sector primario y se proponen reconocer experiencias innovadoras dentro de la agricultura y la ganader\u00eda.&nbsp;Hasta el domingo 12 de octubre&nbsp;pueden presentarse candidaturas a estos galardones, [&hellip;]<\/p>\n","protected":false},"author":11,"featured_media":1974,"comment_status":"open","ping_status":"open","sticky":false,"template":"","format":"standard","meta":{"footnotes":""},"categories":[10,27,26],"tags":[],"yoast_head":"<!-- This site is optimized with the Yoast SEO plugin v24.5 - https:\/\/yoast.com\/wordpress\/plugins\/seo\/ -->\n<title>El12 de octubre, \u00faltimo d\u00eda para presentarse candidato a los Premios Chaleco Agricultor 2025 - ASAJA Segovia<\/title>\n<meta name=\"description\" content=\"ASAJA y Expo AgriTech, la feria nacional dedicada a la innovaci\u00f3n en el sector agr\u00edcola, han creado los Premios Chaleco Agricultor 2025, que aspiran a ser\" \/>\n<meta name=\"robots\" content=\"index, follow, max-snippet:-1, max-image-preview:large, max-video-preview:-1\" \/>\n<link rel=\"canonical\" href=\"https:\/\/www.asajacyl.com\/segovia\/asaja-segovia-informa\/el12-de-octubre-ultimo-dia-para-presentarse-candidato-a-los-premios-chaleco-agricultor-2025\" \/>\n<meta property=\"og:locale\" content=\"es_ES\" \/>\n<meta property=\"og:type\" content=\"article\" \/>\n<meta property=\"og:title\" content=\"El12 de octubre, \u00faltimo d\u00eda para presentarse candidato a los Premios Chaleco Agricultor 2025 - ASAJA Segovia\" \/>\n<meta property=\"og:description\" content=\"ASAJA y Expo AgriTech, la feria nacional dedicada a la innovaci\u00f3n en el sector agr\u00edcola, han creado los Premios Chaleco Agricultor 2025, que aspiran a ser\" \/>\n<meta property=\"og:url\" content=\"https:\/\/www.asajacyl.com\/segovia\/asaja-segovia-informa\/el12-de-octubre-ultimo-dia-para-presentarse-candidato-a-los-premios-chaleco-agricultor-2025\" \/>\n<meta property=\"og:site_name\" content=\"ASAJA Segovia\" \/>\n<meta property=\"article:published_time\" content=\"2025-10-07T10:15:09+00:00\" \/>\n<meta property=\"article:modified_time\" content=\"2025-10-07T10:15:11+00:00\" \/>\n<meta property=\"og:image\" content=\"https:\/\/www.asajacyl.com\/segovia\/wp-content\/uploads\/sites\/8\/2025\/10\/Premios-Chalecos-Agricultor-2025.jpg\" \/>\n\t<meta property=\"og:image:width\" content=\"1890\" \/>\n\t<meta property=\"og:image:height\" content=\"1654\" \/>\n\t<meta property=\"og:image:type\" content=\"image\/jpeg\" \/>\n<meta name=\"author\" content=\"Alicia\" \/>\n<meta name=\"twitter:card\" content=\"summary_large_image\" \/>\n<meta name=\"twitter:label1\" content=\"Escrito por\" \/>\n\t<meta name=\"twitter:data1\" content=\"Alicia\" \/>\n\t<meta name=\"twitter:label2\" content=\"Tiempo de lectura\" \/>\n\t<meta name=\"twitter:data2\" content=\"3 minutos\" \/>\n<script type=\"application\/ld+json\" class=\"yoast-schema-graph\">{\"@context\":\"https:\/\/schema.org\",\"@graph\":[{\"@type\":\"WebPage\",\"@id\":\"https:\/\/www.asajacyl.com\/segovia\/asaja-segovia-informa\/el12-de-octubre-ultimo-dia-para-presentarse-candidato-a-los-premios-chaleco-agricultor-2025\",\"url\":\"https:\/\/www.asajacyl.com\/segovia\/asaja-segovia-informa\/el12-de-octubre-ultimo-dia-para-presentarse-candidato-a-los-premios-chaleco-agricultor-2025\",\"name\":\"El12 de octubre, \u00faltimo d\u00eda para presentarse candidato a los Premios Chaleco Agricultor 2025 - ASAJA Segovia\",\"isPartOf\":{\"@id\":\"https:\/\/www.asajacyl.com\/segovia\/#website\"},\"primaryImageOfPage\":{\"@id\":\"https:\/\/www.asajacyl.com\/segovia\/asaja-segovia-informa\/el12-de-octubre-ultimo-dia-para-presentarse-candidato-a-los-premios-chaleco-agricultor-2025#primaryimage\"},\"image\":{\"@id\":\"https:\/\/www.asajacyl.com\/segovia\/asaja-segovia-informa\/el12-de-octubre-ultimo-dia-para-presentarse-candidato-a-los-premios-chaleco-agricultor-2025#primaryimage\"},\"thumbnailUrl\":\"https:\/\/www.asajacyl.com\/segovia\/wp-content\/uploads\/sites\/8\/2025\/10\/Premios-Chalecos-Agricultor-2025.jpg\",\"datePublished\":\"2025-10-07T10:15:09+00:00\",\"dateModified\":\"2025-10-07T10:15:11+00:00\",\"author\":{\"@id\":\"https:\/\/www.asajacyl.com\/segovia\/#\/schema\/person\/f044fca5805bb46713e11715709aef4d\"},\"description\":\"ASAJA y Expo AgriTech, la feria nacional dedicada a la innovaci\u00f3n en el sector agr\u00edcola, han creado los Premios Chaleco Agricultor 2025, que aspiran a ser\",\"breadcrumb\":{\"@id\":\"https:\/\/www.asajacyl.com\/segovia\/asaja-segovia-informa\/el12-de-octubre-ultimo-dia-para-presentarse-candidato-a-los-premios-chaleco-agricultor-2025#breadcrumb\"},\"inLanguage\":\"es\",\"potentialAction\":[{\"@type\":\"ReadAction\",\"target\":[\"https:\/\/www.asajacyl.com\/segovia\/asaja-segovia-informa\/el12-de-octubre-ultimo-dia-para-presentarse-candidato-a-los-premios-chaleco-agricultor-2025\"]}]},{\"@type\":\"ImageObject\",\"inLanguage\":\"es\",\"@id\":\"https:\/\/www.asajacyl.com\/segovia\/asaja-segovia-informa\/el12-de-octubre-ultimo-dia-para-presentarse-candidato-a-los-premios-chaleco-agricultor-2025#primaryimage\",\"url\":\"https:\/\/www.asajacyl.com\/segovia\/wp-content\/uploads\/sites\/8\/2025\/10\/Premios-Chalecos-Agricultor-2025.jpg\",\"contentUrl\":\"https:\/\/www.asajacyl.com\/segovia\/wp-content\/uploads\/sites\/8\/2025\/10\/Premios-Chalecos-Agricultor-2025.jpg\",\"width\":1890,\"height\":1654},{\"@type\":\"BreadcrumbList\",\"@id\":\"https:\/\/www.asajacyl.com\/segovia\/asaja-segovia-informa\/el12-de-octubre-ultimo-dia-para-presentarse-candidato-a-los-premios-chaleco-agricultor-2025#breadcrumb\",\"itemListElement\":[{\"@type\":\"ListItem\",\"position\":1,\"name\":\"Portada\",\"item\":\"https:\/\/www.asajacyl.com\/segovia\/\"},{\"@type\":\"ListItem\",\"position\":2,\"name\":\"El12 de octubre, \u00faltimo d\u00eda para presentarse candidato a los Premios Chaleco Agricultor 2025\"}]},{\"@type\":\"WebSite\",\"@id\":\"https:\/\/www.asajacyl.com\/segovia\/#website\",\"url\":\"https:\/\/www.asajacyl.com\/segovia\/\",\"name\":\"ASAJA Segovia\",\"description\":\"Otro sitio m\u00e1s de Provincias ASAJA Castilla y Le\u00f3n\",\"potentialAction\":[{\"@type\":\"SearchAction\",\"target\":{\"@type\":\"EntryPoint\",\"urlTemplate\":\"https:\/\/www.asajacyl.com\/segovia\/?s={search_term_string}\"},\"query-input\":{\"@type\":\"PropertyValueSpecification\",\"valueRequired\":true,\"valueName\":\"search_term_string\"}}],\"inLanguage\":\"es\"},{\"@type\":\"Person\",\"@id\":\"https:\/\/www.asajacyl.com\/segovia\/#\/schema\/person\/f044fca5805bb46713e11715709aef4d\",\"name\":\"Alicia\",\"image\":{\"@type\":\"ImageObject\",\"inLanguage\":\"es\",\"@id\":\"https:\/\/www.asajacyl.com\/segovia\/#\/schema\/person\/image\/\",\"url\":\"https:\/\/secure.gravatar.com\/avatar\/054cff43263e39aa6e74950dc4bb1690?s=96&d=mm&r=g\",\"contentUrl\":\"https:\/\/secure.gravatar.com\/avatar\/054cff43263e39aa6e74950dc4bb1690?s=96&d=mm&r=g\",\"caption\":\"Alicia\"},\"url\":\"https:\/\/www.asajacyl.com\/segovia\/author\/aliciasc\"}]}<\/script>\n<!-- \/ Yoast SEO plugin. -->","yoast_head_json":{"title":"El12 de octubre, \u00faltimo d\u00eda para presentarse candidato a los Premios Chaleco Agricultor 2025 - ASAJA Segovia","description":"ASAJA y Expo AgriTech, la feria nacional dedicada a la innovaci\u00f3n en el sector agr\u00edcola, han creado los Premios Chaleco Agricultor 2025, que aspiran a ser","robots":{"index":"index","follow":"follow","max-snippet":"max-snippet:-1","max-image-preview":"max-image-preview:large","max-video-preview":"max-video-preview:-1"},"canonical":"https:\/\/www.asajacyl.com\/segovia\/asaja-segovia-informa\/el12-de-octubre-ultimo-dia-para-presentarse-candidato-a-los-premios-chaleco-agricultor-2025","og_locale":"es_ES","og_type":"article","og_title":"El12 de octubre, \u00faltimo d\u00eda para presentarse candidato a los Premios Chaleco Agricultor 2025 - ASAJA Segovia","og_description":"ASAJA y Expo AgriTech, la feria nacional dedicada a la innovaci\u00f3n en el sector agr\u00edcola, han creado los Premios Chaleco Agricultor 2025, que aspiran a ser","og_url":"https:\/\/www.asajacyl.com\/segovia\/asaja-segovia-informa\/el12-de-octubre-ultimo-dia-para-presentarse-candidato-a-los-premios-chaleco-agricultor-2025","og_site_name":"ASAJA Segovia","article_published_time":"2025-10-07T10:15:09+00:00","article_modified_time":"2025-10-07T10:15:11+00:00","og_image":[{"width":1890,"height":1654,"url":"https:\/\/www.asajacyl.com\/segovia\/wp-content\/uploads\/sites\/8\/2025\/10\/Premios-Chalecos-Agricultor-2025.jpg","type":"image\/jpeg"}],"author":"Alicia","twitter_card":"summary_large_image","twitter_misc":{"Escrito por":"Alicia","Tiempo de lectura":"3 minutos"},"schema":{"@context":"https:\/\/schema.org","@graph":[{"@type":"WebPage","@id":"https:\/\/www.asajacyl.com\/segovia\/asaja-segovia-informa\/el12-de-octubre-ultimo-dia-para-presentarse-candidato-a-los-premios-chaleco-agricultor-2025","url":"https:\/\/www.asajacyl.com\/segovia\/asaja-segovia-informa\/el12-de-octubre-ultimo-dia-para-presentarse-candidato-a-los-premios-chaleco-agricultor-2025","name":"El12 de octubre, \u00faltimo d\u00eda para presentarse candidato a los Premios Chaleco Agricultor 2025 - ASAJA Segovia","isPartOf":{"@id":"https:\/\/www.asajacyl.com\/segovia\/#website"},"primaryImageOfPage":{"@id":"https:\/\/www.asajacyl.com\/segovia\/asaja-segovia-informa\/el12-de-octubre-ultimo-dia-para-presentarse-candidato-a-los-premios-chaleco-agricultor-2025#primaryimage"},"image":{"@id":"https:\/\/www.asajacyl.com\/segovia\/asaja-segovia-informa\/el12-de-octubre-ultimo-dia-para-presentarse-candidato-a-los-premios-chaleco-agricultor-2025#primaryimage"},"thumbnailUrl":"https:\/\/www.asajacyl.com\/segovia\/wp-content\/uploads\/sites\/8\/2025\/10\/Premios-Chalecos-Agricultor-2025.jpg","datePublished":"2025-10-07T10:15:09+00:00","dateModified":"2025-10-07T10:15:11+00:00","author":{"@id":"https:\/\/www.asajacyl.com\/segovia\/#\/schema\/person\/f044fca5805bb46713e11715709aef4d"},"description":"ASAJA y Expo AgriTech, la feria nacional dedicada a la innovaci\u00f3n en el sector agr\u00edcola, han creado los Premios Chaleco Agricultor 2025, que aspiran a ser","breadcrumb":{"@id":"https:\/\/www.asajacyl.com\/segovia\/asaja-segovia-informa\/el12-de-octubre-ultimo-dia-para-presentarse-candidato-a-los-premios-chaleco-agricultor-2025#breadcrumb"},"inLanguage":"es","potentialAction":[{"@type":"ReadAction","target":["https:\/\/www.asajacyl.com\/segovia\/asaja-segovia-informa\/el12-de-octubre-ultimo-dia-para-presentarse-candidato-a-los-premios-chaleco-agricultor-2025"]}]},{"@type":"ImageObject","inLanguage":"es","@id":"https:\/\/www.asajacyl.com\/segovia\/asaja-segovia-informa\/el12-de-octubre-ultimo-dia-para-presentarse-candidato-a-los-premios-chaleco-agricultor-2025#primaryimage","url":"https:\/\/www.asajacyl.com\/segovia\/wp-content\/uploads\/sites\/8\/2025\/10\/Premios-Chalecos-Agricultor-2025.jpg","contentUrl":"https:\/\/www.asajacyl.com\/segovia\/wp-content\/uploads\/sites\/8\/2025\/10\/Premios-Chalecos-Agricultor-2025.jpg","width":1890,"height":1654},{"@type":"BreadcrumbList","@id":"https:\/\/www.asajacyl.com\/segovia\/asaja-segovia-informa\/el12-de-octubre-ultimo-dia-para-presentarse-candidato-a-los-premios-chaleco-agricultor-2025#breadcrumb","itemListElement":[{"@type":"ListItem","position":1,"name":"Portada","item":"https:\/\/www.asajacyl.com\/segovia\/"},{"@type":"ListItem","position":2,"name":"El12 de octubre, \u00faltimo d\u00eda para presentarse candidato a los Premios Chaleco Agricultor 2025"}]},{"@type":"WebSite","@id":"https:\/\/www.asajacyl.com\/segovia\/#website","url":"https:\/\/www.asajacyl.com\/segovia\/","name":"ASAJA Segovia","description":"Otro sitio m\u00e1s de Provincias ASAJA Castilla y Le\u00f3n","potentialAction":[{"@type":"SearchAction","target":{"@type":"EntryPoint","urlTemplate":"https:\/\/www.asajacyl.com\/segovia\/?s={search_term_string}"},"query-input":{"@type":"PropertyValueSpecification","valueRequired":true,"valueName":"search_term_string"}}],"inLanguage":"es"},{"@type":"Person","@id":"https:\/\/www.asajacyl.com\/segovia\/#\/schema\/person\/f044fca5805bb46713e11715709aef4d","name":"Alicia","image":{"@type":"ImageObject","inLanguage":"es","@id":"https:\/\/www.asajacyl.com\/segovia\/#\/schema\/person\/image\/","url":"https:\/\/secure.gravatar.com\/avatar\/054cff43263e39aa6e74950dc4bb1690?s=96&d=mm&r=g","contentUrl":"https:\/\/secure.gravatar.com\/avatar\/054cff43263e39aa6e74950dc4bb1690?s=96&d=mm&r=g","caption":"Alicia"},"url":"https:\/\/www.asajacyl.com\/segovia\/author\/aliciasc"}]}},"_links":{"self":[{"href":"https:\/\/www.asajacyl.com\/segovia\/wp-json\/wp\/v2\/posts\/1973"}],"collection":[{"href":"https:\/\/www.asajacyl.com\/segovia\/wp-json\/wp\/v2\/posts"}],"about":[{"href":"https:\/\/www.asajacyl.com\/segovia\/wp-json\/wp\/v2\/types\/post"}],"author":[{"embeddable":true,"href":"https:\/\/www.asajacyl.com\/segovia\/wp-json\/wp\/v2\/users\/11"}],"replies":[{"embeddable":true,"href":"https:\/\/www.asajacyl.com\/segovia\/wp-json\/wp\/v2\/comments?post=1973"}],"version-history":[{"count":1,"href":"https:\/\/www.asajacyl.com\/segovia\/wp-json\/wp\/v2\/posts\/1973\/revisions"}],"predecessor-version":[{"id":1975,"href":"https:\/\/www.asajacyl.com\/segovia\/wp-json\/wp\/v2\/posts\/1973\/revisions\/1975"}],"wp:featuredmedia":[{"embeddable":true,"href":"https:\/\/www.asajacyl.com\/segovia\/wp-json\/wp\/v2\/media\/1974"}],"wp:attachment":[{"href":"https:\/\/www.asajacyl.com\/segovia\/wp-json\/wp\/v2\/media?parent=1973"}],"wp:term":[{"taxonomy":"category","embeddable":true,"href":"https:\/\/www.asajacyl.com\/segovia\/wp-json\/wp\/v2\/categories?post=1973"},{"taxonomy":"post_tag","embeddable":true,"href":"https:\/\/www.asajacyl.com\/segovia\/wp-json\/wp\/v2\/tags?post=1973"}],"curies":[{"name":"wp","href":"https:\/\/api.w.org\/{rel}","templated":true}]}}