{"id":1978,"date":"2025-10-10T14:02:23","date_gmt":"2025-10-10T12:02:23","guid":{"rendered":"https:\/\/www.asajacyl.com\/segovia\/?p=1978"},"modified":"2025-10-10T14:02:25","modified_gmt":"2025-10-10T12:02:25","slug":"campana-de-siega-de-girasol-en-segovia-2025","status":"publish","type":"post","link":"https:\/\/www.asajacyl.com\/segovia\/asaja-segovia-informa\/campana-de-siega-de-girasol-en-segovia-2025","title":{"rendered":"Campa\u00f1a de siega de girasol en Segovia 2025."},"content":{"rendered":"\n<p><strong>Segovia, 10 de octubre de 2025.- <\/strong><a><em>Nos encontramos en plena campa\u00f1a de cosecha de girasol en nuestra provincia con producciones muy desiguales.<\/em><\/a><\/p>\n\n\n\n<p>EL girasol es uno de los principales cultivos extensivos en nuestra provincia; en cuanto importancia desde el punto de vista de hect\u00e1reas, es el tercer cultivo detr\u00e1s del trigo y la cebada.<\/p>\n\n\n\n<ul>\n<li><strong>La OPA recuerda a la Administraci\u00f3n que la Ley de Cadena Alimentaria est\u00e1 para ser cumplida y frenar ventas por debajo de costes.<\/strong><\/li>\n<\/ul>\n\n\n\n<p>ASAJA exige que se mantenga una remuneraci\u00f3n justa para los agricultores que siembran girasoles, el precio es mayor que el del a\u00f1o pasado, con expectativas de que pueda ir al alza; ayer la lonja de Segovia cerro a 435 \u20ac\/tn; es un precio a\u00fan insuficiente para poder hacer el cultivo rentable. Las producciones son muy desiguales al largo de nuestra provincia, habido zonas con producciones muy buenas de 1.500 Kg\/Ha y zonas muy malas de 500 kg\/Ha, ha influido mucho la fecha de siembra y la nascencia de las parcelas, pero lo determinante ha sido las caracter\u00edsticas agron\u00f3micas de las parcelas. Si queremos hablar de producciones medias en nuestra provincia, estamos en torno a 750 kg\/Ha. Hay que destacas que existen t\u00e9rminos municipales con producciones muy malas, que van salvar los muebles debido al seguro agrario.<\/p>\n\n\n\n<p>En Segovia se han sembrado 31.000 hect\u00e1reas de girasoles frente a las 44.500 hect\u00e1reas del 2024.<\/p>\n\n\n\n<p>Es un cultivo caracter\u00edstico en nuestra provincia que cada vez est\u00e1 cogiendo m\u00e1s auge debido a los condicionantes de la PAC y a poder introducirlo como rotaci\u00f3n en muchas explotaciones agr\u00edcolas.<\/p>\n\n\n\n<p>Desde ASAJA queremos que de cara a la nueva PAC el girasol vuelva a tener un pago asociado por la importancia del cultivo y lo que ayudar\u00eda a nuestros agricultores aumentar un poco los ingresos v\u00eda PAC<\/p>\n\n\n\n<p>En esta campa\u00f1a se ha apreciado un da\u00f1o importante de la fauna silvestre, principalmente jabal\u00edes y corzos que mermado bastantes producciones en muchos pueblos de nuestra provincia.<\/p>\n\n\n\n<p>Se debe proponer un Plan Estrat\u00e9gico en nuestra CC.AA, para proteger el cultivo del girasol, se debe implicar a: Sector Primario, Industria y Administraci\u00f3n, para procurar hacer viable y rentable el cultivo, con una visi\u00f3n a largo plazo.<\/p>\n\n\n\n<p>A partir de ahora comienza la nueva sementera con el principal problema del precio del cereal y los costes de producci\u00f3n disparados (el precio del fertilizante en inasumible). Desde ASAJA estamos demandando de forma permanente un plan estrat\u00e9gico para proteger los cultivos extensivos y hacerles rentables, para que nuestros agricultores de secano tengan futuro y la sociedad alimentos de calidad.<\/p>\n","protected":false},"excerpt":{"rendered":"<p>Segovia, 10 de octubre de 2025.- Nos encontramos en plena campa\u00f1a de cosecha de girasol en nuestra provincia con producciones muy desiguales. EL girasol es uno de los principales cultivos extensivos en nuestra provincia; en cuanto importancia desde el punto de vista de hect\u00e1reas, es el tercer cultivo detr\u00e1s del trigo y la cebada. ASAJA [&hellip;]<\/p>\n","protected":false},"author":11,"featured_media":1979,"comment_status":"open","ping_status":"open","sticky":false,"template":"","format":"standard","meta":{"footnotes":""},"categories":[10,27,26],"tags":[],"yoast_head":"<!-- This site is optimized with the Yoast SEO plugin v24.5 - https:\/\/yoast.com\/wordpress\/plugins\/seo\/ -->\n<title>Campa\u00f1a de siega de girasol en Segovia 2025. - ASAJA Segovia<\/title>\n<meta name=\"description\" content=\"Segovia, 10 de octubre de 2025.- Nos encontramos en plena campa\u00f1a de cosecha de girasol en nuestra provincia con producciones muy desiguales. EL girasol\" \/>\n<meta name=\"robots\" content=\"index, follow, max-snippet:-1, max-image-preview:large, max-video-preview:-1\" \/>\n<link rel=\"canonical\" href=\"https:\/\/www.asajacyl.com\/segovia\/asaja-segovia-informa\/campana-de-siega-de-girasol-en-segovia-2025\" \/>\n<meta property=\"og:locale\" content=\"es_ES\" \/>\n<meta property=\"og:type\" content=\"article\" \/>\n<meta property=\"og:title\" content=\"Campa\u00f1a de siega de girasol en Segovia 2025. - ASAJA Segovia\" \/>\n<meta property=\"og:description\" content=\"Segovia, 10 de octubre de 2025.- Nos encontramos en plena campa\u00f1a de cosecha de girasol en nuestra provincia con producciones muy desiguales. EL girasol\" \/>\n<meta property=\"og:url\" content=\"https:\/\/www.asajacyl.com\/segovia\/asaja-segovia-informa\/campana-de-siega-de-girasol-en-segovia-2025\" \/>\n<meta property=\"og:site_name\" content=\"ASAJA Segovia\" \/>\n<meta property=\"article:published_time\" content=\"2025-10-10T12:02:23+00:00\" \/>\n<meta property=\"article:modified_time\" content=\"2025-10-10T12:02:25+00:00\" \/>\n<meta property=\"og:image\" content=\"https:\/\/www.asajacyl.com\/segovia\/wp-content\/uploads\/sites\/8\/2025\/10\/COSECHADORA-GIRASOL.jpg\" \/>\n\t<meta property=\"og:image:width\" content=\"727\" \/>\n\t<meta property=\"og:image:height\" content=\"290\" \/>\n\t<meta property=\"og:image:type\" content=\"image\/jpeg\" \/>\n<meta name=\"author\" content=\"Alicia\" \/>\n<meta name=\"twitter:card\" content=\"summary_large_image\" \/>\n<meta name=\"twitter:label1\" content=\"Escrito por\" \/>\n\t<meta name=\"twitter:data1\" content=\"Alicia\" \/>\n\t<meta name=\"twitter:label2\" content=\"Tiempo de lectura\" \/>\n\t<meta name=\"twitter:data2\" content=\"3 minutos\" \/>\n<script type=\"application\/ld+json\" class=\"yoast-schema-graph\">{\"@context\":\"https:\/\/schema.org\",\"@graph\":[{\"@type\":\"WebPage\",\"@id\":\"https:\/\/www.asajacyl.com\/segovia\/asaja-segovia-informa\/campana-de-siega-de-girasol-en-segovia-2025\",\"url\":\"https:\/\/www.asajacyl.com\/segovia\/asaja-segovia-informa\/campana-de-siega-de-girasol-en-segovia-2025\",\"name\":\"Campa\u00f1a de siega de girasol en Segovia 2025. - ASAJA Segovia\",\"isPartOf\":{\"@id\":\"https:\/\/www.asajacyl.com\/segovia\/#website\"},\"primaryImageOfPage\":{\"@id\":\"https:\/\/www.asajacyl.com\/segovia\/asaja-segovia-informa\/campana-de-siega-de-girasol-en-segovia-2025#primaryimage\"},\"image\":{\"@id\":\"https:\/\/www.asajacyl.com\/segovia\/asaja-segovia-informa\/campana-de-siega-de-girasol-en-segovia-2025#primaryimage\"},\"thumbnailUrl\":\"https:\/\/www.asajacyl.com\/segovia\/wp-content\/uploads\/sites\/8\/2025\/10\/COSECHADORA-GIRASOL.jpg\",\"datePublished\":\"2025-10-10T12:02:23+00:00\",\"dateModified\":\"2025-10-10T12:02:25+00:00\",\"author\":{\"@id\":\"https:\/\/www.asajacyl.com\/segovia\/#\/schema\/person\/f044fca5805bb46713e11715709aef4d\"},\"description\":\"Segovia, 10 de octubre de 2025.- Nos encontramos en plena campa\u00f1a de cosecha de girasol en nuestra provincia con producciones muy desiguales. EL girasol\",\"breadcrumb\":{\"@id\":\"https:\/\/www.asajacyl.com\/segovia\/asaja-segovia-informa\/campana-de-siega-de-girasol-en-segovia-2025#breadcrumb\"},\"inLanguage\":\"es\",\"potentialAction\":[{\"@type\":\"ReadAction\",\"target\":[\"https:\/\/www.asajacyl.com\/segovia\/asaja-segovia-informa\/campana-de-siega-de-girasol-en-segovia-2025\"]}]},{\"@type\":\"ImageObject\",\"inLanguage\":\"es\",\"@id\":\"https:\/\/www.asajacyl.com\/segovia\/asaja-segovia-informa\/campana-de-siega-de-girasol-en-segovia-2025#primaryimage\",\"url\":\"https:\/\/www.asajacyl.com\/segovia\/wp-content\/uploads\/sites\/8\/2025\/10\/COSECHADORA-GIRASOL.jpg\",\"contentUrl\":\"https:\/\/www.asajacyl.com\/segovia\/wp-content\/uploads\/sites\/8\/2025\/10\/COSECHADORA-GIRASOL.jpg\",\"width\":727,\"height\":290},{\"@type\":\"BreadcrumbList\",\"@id\":\"https:\/\/www.asajacyl.com\/segovia\/asaja-segovia-informa\/campana-de-siega-de-girasol-en-segovia-2025#breadcrumb\",\"itemListElement\":[{\"@type\":\"ListItem\",\"position\":1,\"name\":\"Portada\",\"item\":\"https:\/\/www.asajacyl.com\/segovia\/\"},{\"@type\":\"ListItem\",\"position\":2,\"name\":\"Campa\u00f1a de siega de girasol en Segovia 2025.\"}]},{\"@type\":\"WebSite\",\"@id\":\"https:\/\/www.asajacyl.com\/segovia\/#website\",\"url\":\"https:\/\/www.asajacyl.com\/segovia\/\",\"name\":\"ASAJA Segovia\",\"description\":\"Otro sitio m\u00e1s de Provincias ASAJA Castilla y Le\u00f3n\",\"potentialAction\":[{\"@type\":\"SearchAction\",\"target\":{\"@type\":\"EntryPoint\",\"urlTemplate\":\"https:\/\/www.asajacyl.com\/segovia\/?s={search_term_string}\"},\"query-input\":{\"@type\":\"PropertyValueSpecification\",\"valueRequired\":true,\"valueName\":\"search_term_string\"}}],\"inLanguage\":\"es\"},{\"@type\":\"Person\",\"@id\":\"https:\/\/www.asajacyl.com\/segovia\/#\/schema\/person\/f044fca5805bb46713e11715709aef4d\",\"name\":\"Alicia\",\"image\":{\"@type\":\"ImageObject\",\"inLanguage\":\"es\",\"@id\":\"https:\/\/www.asajacyl.com\/segovia\/#\/schema\/person\/image\/\",\"url\":\"https:\/\/secure.gravatar.com\/avatar\/054cff43263e39aa6e74950dc4bb1690?s=96&d=mm&r=g\",\"contentUrl\":\"https:\/\/secure.gravatar.com\/avatar\/054cff43263e39aa6e74950dc4bb1690?s=96&d=mm&r=g\",\"caption\":\"Alicia\"},\"url\":\"https:\/\/www.asajacyl.com\/segovia\/author\/aliciasc\"}]}<\/script>\n<!-- \/ Yoast SEO plugin. -->","yoast_head_json":{"title":"Campa\u00f1a de siega de girasol en Segovia 2025. - ASAJA Segovia","description":"Segovia, 10 de octubre de 2025.- Nos encontramos en plena campa\u00f1a de cosecha de girasol en nuestra provincia con producciones muy desiguales. EL girasol","robots":{"index":"index","follow":"follow","max-snippet":"max-snippet:-1","max-image-preview":"max-image-preview:large","max-video-preview":"max-video-preview:-1"},"canonical":"https:\/\/www.asajacyl.com\/segovia\/asaja-segovia-informa\/campana-de-siega-de-girasol-en-segovia-2025","og_locale":"es_ES","og_type":"article","og_title":"Campa\u00f1a de siega de girasol en Segovia 2025. - ASAJA Segovia","og_description":"Segovia, 10 de octubre de 2025.- Nos encontramos en plena campa\u00f1a de cosecha de girasol en nuestra provincia con producciones muy desiguales. EL girasol","og_url":"https:\/\/www.asajacyl.com\/segovia\/asaja-segovia-informa\/campana-de-siega-de-girasol-en-segovia-2025","og_site_name":"ASAJA Segovia","article_published_time":"2025-10-10T12:02:23+00:00","article_modified_time":"2025-10-10T12:02:25+00:00","og_image":[{"width":727,"height":290,"url":"https:\/\/www.asajacyl.com\/segovia\/wp-content\/uploads\/sites\/8\/2025\/10\/COSECHADORA-GIRASOL.jpg","type":"image\/jpeg"}],"author":"Alicia","twitter_card":"summary_large_image","twitter_misc":{"Escrito por":"Alicia","Tiempo de lectura":"3 minutos"},"schema":{"@context":"https:\/\/schema.org","@graph":[{"@type":"WebPage","@id":"https:\/\/www.asajacyl.com\/segovia\/asaja-segovia-informa\/campana-de-siega-de-girasol-en-segovia-2025","url":"https:\/\/www.asajacyl.com\/segovia\/asaja-segovia-informa\/campana-de-siega-de-girasol-en-segovia-2025","name":"Campa\u00f1a de siega de girasol en Segovia 2025. - ASAJA Segovia","isPartOf":{"@id":"https:\/\/www.asajacyl.com\/segovia\/#website"},"primaryImageOfPage":{"@id":"https:\/\/www.asajacyl.com\/segovia\/asaja-segovia-informa\/campana-de-siega-de-girasol-en-segovia-2025#primaryimage"},"image":{"@id":"https:\/\/www.asajacyl.com\/segovia\/asaja-segovia-informa\/campana-de-siega-de-girasol-en-segovia-2025#primaryimage"},"thumbnailUrl":"https:\/\/www.asajacyl.com\/segovia\/wp-content\/uploads\/sites\/8\/2025\/10\/COSECHADORA-GIRASOL.jpg","datePublished":"2025-10-10T12:02:23+00:00","dateModified":"2025-10-10T12:02:25+00:00","author":{"@id":"https:\/\/www.asajacyl.com\/segovia\/#\/schema\/person\/f044fca5805bb46713e11715709aef4d"},"description":"Segovia, 10 de octubre de 2025.- Nos encontramos en plena campa\u00f1a de cosecha de girasol en nuestra provincia con producciones muy desiguales. EL girasol","breadcrumb":{"@id":"https:\/\/www.asajacyl.com\/segovia\/asaja-segovia-informa\/campana-de-siega-de-girasol-en-segovia-2025#breadcrumb"},"inLanguage":"es","potentialAction":[{"@type":"ReadAction","target":["https:\/\/www.asajacyl.com\/segovia\/asaja-segovia-informa\/campana-de-siega-de-girasol-en-segovia-2025"]}]},{"@type":"ImageObject","inLanguage":"es","@id":"https:\/\/www.asajacyl.com\/segovia\/asaja-segovia-informa\/campana-de-siega-de-girasol-en-segovia-2025#primaryimage","url":"https:\/\/www.asajacyl.com\/segovia\/wp-content\/uploads\/sites\/8\/2025\/10\/COSECHADORA-GIRASOL.jpg","contentUrl":"https:\/\/www.asajacyl.com\/segovia\/wp-content\/uploads\/sites\/8\/2025\/10\/COSECHADORA-GIRASOL.jpg","width":727,"height":290},{"@type":"BreadcrumbList","@id":"https:\/\/www.asajacyl.com\/segovia\/asaja-segovia-informa\/campana-de-siega-de-girasol-en-segovia-2025#breadcrumb","itemListElement":[{"@type":"ListItem","position":1,"name":"Portada","item":"https:\/\/www.asajacyl.com\/segovia\/"},{"@type":"ListItem","position":2,"name":"Campa\u00f1a de siega de girasol en Segovia 2025."}]},{"@type":"WebSite","@id":"https:\/\/www.asajacyl.com\/segovia\/#website","url":"https:\/\/www.asajacyl.com\/segovia\/","name":"ASAJA Segovia","description":"Otro sitio m\u00e1s de Provincias ASAJA Castilla y Le\u00f3n","potentialAction":[{"@type":"SearchAction","target":{"@type":"EntryPoint","urlTemplate":"https:\/\/www.asajacyl.com\/segovia\/?s={search_term_string}"},"query-input":{"@type":"PropertyValueSpecification","valueRequired":true,"valueName":"search_term_string"}}],"inLanguage":"es"},{"@type":"Person","@id":"https:\/\/www.asajacyl.com\/segovia\/#\/schema\/person\/f044fca5805bb46713e11715709aef4d","name":"Alicia","image":{"@type":"ImageObject","inLanguage":"es","@id":"https:\/\/www.asajacyl.com\/segovia\/#\/schema\/person\/image\/","url":"https:\/\/secure.gravatar.com\/avatar\/054cff43263e39aa6e74950dc4bb1690?s=96&d=mm&r=g","contentUrl":"https:\/\/secure.gravatar.com\/avatar\/054cff43263e39aa6e74950dc4bb1690?s=96&d=mm&r=g","caption":"Alicia"},"url":"https:\/\/www.asajacyl.com\/segovia\/author\/aliciasc"}]}},"_links":{"self":[{"href":"https:\/\/www.asajacyl.com\/segovia\/wp-json\/wp\/v2\/posts\/1978"}],"collection":[{"href":"https:\/\/www.asajacyl.com\/segovia\/wp-json\/wp\/v2\/posts"}],"about":[{"href":"https:\/\/www.asajacyl.com\/segovia\/wp-json\/wp\/v2\/types\/post"}],"author":[{"embeddable":true,"href":"https:\/\/www.asajacyl.com\/segovia\/wp-json\/wp\/v2\/users\/11"}],"replies":[{"embeddable":true,"href":"https:\/\/www.asajacyl.com\/segovia\/wp-json\/wp\/v2\/comments?post=1978"}],"version-history":[{"count":1,"href":"https:\/\/www.asajacyl.com\/segovia\/wp-json\/wp\/v2\/posts\/1978\/revisions"}],"predecessor-version":[{"id":1980,"href":"https:\/\/www.asajacyl.com\/segovia\/wp-json\/wp\/v2\/posts\/1978\/revisions\/1980"}],"wp:featuredmedia":[{"embeddable":true,"href":"https:\/\/www.asajacyl.com\/segovia\/wp-json\/wp\/v2\/media\/1979"}],"wp:attachment":[{"href":"https:\/\/www.asajacyl.com\/segovia\/wp-json\/wp\/v2\/media?parent=1978"}],"wp:term":[{"taxonomy":"category","embeddable":true,"href":"https:\/\/www.asajacyl.com\/segovia\/wp-json\/wp\/v2\/categories?post=1978"},{"taxonomy":"post_tag","embeddable":true,"href":"https:\/\/www.asajacyl.com\/segovia\/wp-json\/wp\/v2\/tags?post=1978"}],"curies":[{"name":"wp","href":"https:\/\/api.w.org\/{rel}","templated":true}]}}