{"id":1982,"date":"2025-10-17T13:47:34","date_gmt":"2025-10-17T11:47:34","guid":{"rendered":"https:\/\/www.asajacyl.com\/segovia\/?p=1982"},"modified":"2025-10-17T13:47:36","modified_gmt":"2025-10-17T11:47:36","slug":"comienzo-de-los-pagos-de-la-pac-2025","status":"publish","type":"post","link":"https:\/\/www.asajacyl.com\/segovia\/asaja-segovia-informa\/comienzo-de-los-pagos-de-la-pac-2025","title":{"rendered":"Comienzo de los pagos de la PAC 2025"},"content":{"rendered":"\n<p><strong>Segovia, 17 de octubre de 2025.- <\/strong><a><em>Hoy a comenzado a pagarse los adelantos de los expedientes PACs 2025 en Castilla y Le\u00f3n.<\/em><\/a><\/p>\n\n\n\n<p>A partir de hoy y hasta el 30 de noviembre, los organismos pagadores de las comunidades aut\u00f3nomas que hayan solicitado fondos al FEGA, podr\u00e1n comenzar a realizar el pago de los anticipos (de hasta el 70% del importe de la Ayuda B\u00e1sica a la Renta (ABRS), las ayudas asociadas (excepto el engorde de ganado bovino). A partir del 1 de diciembre, que comienza el periodo ordinario, los pagos podr\u00e1n llegar hasta el 90% y a partir del 15 de mayo, una vez se conozcan los importes definitivos, se proceder\u00e1 a pagar el saldo.&nbsp;<\/p>\n\n\n\n<p>Las comunidades aut\u00f3nomas que participan en el sistema de prefinanciaci\u00f3n de los fondos de la PAC, coordinado por el Fondo Espa\u00f1ol de Garant\u00eda Agraria (FEGA), han comunicado sus estimaciones de pago anticipado por una cantidad ligeramente inferior a los 2.600 millones de euros, y prev\u00e9n que en la segunda quincena de octubre se podr\u00e1n pagar en torno a 1.800 millones de euros.<\/p>\n\n\n\n<p>Para Castilla y Le\u00f3n hay una estimaci\u00f3n de pagos hasta el 30 de noviembre de 663 millones de euros, segunda CC.AA con m\u00e1s fondos detr\u00e1s de Andaluc\u00eda.<\/p>\n\n\n\n<p>La Comisi\u00f3n Europea ha autorizado, tras la petici\u00f3n de Espa\u00f1a y otros Estados miembros, el incremento del pago anticipado de hasta el 70 % del importe de ayudas directas en forma de anticipo, con el fin de dotar de una mayor liquidez a los agricultores y ganaderos de la UE en el comienzo de la campa\u00f1a agr\u00edcola y ayudarles as\u00ed a hacer frente al impacto de los actuales conflictos en Ucrania y en Oriente Pr\u00f3ximo y de las condiciones clim\u00e1ticas adversas en distintas zonas. El plazo ordinario de pagos de las ayudas directas comenzar\u00e1 el 1 de diciembre, fecha a partir de la cual las comunidades aut\u00f3nomas podr\u00e1n pagar hasta el 90 %. El pago del 100% de la ayuda se autorizar\u00e1 a partir del 15 de mayo, una vez calculados los importes unitarios definitivos de las ayudas directas. Este plazo ordinario finalizar\u00e1 el 30 de junio de 2026 aunque se podr\u00e1n realizar pagos residuales hasta el 15 de octubre de 2026, fecha en la que finaliza el ejercicio del Fondo Europeo Europea Agr\u00edcola de Garant\u00eda Agraria (FEAGA) y en la que se habr\u00e1n abonado los 4.889 millones de euros en concepto de ayudas directas al sector.<\/p>\n\n\n\n<p>Ayer se celebr\u00f3 el Consejo Provincial Agrario, donde se trataron los principales temas agrarios de la provincia. Desde nuestra Organizaci\u00f3n demandamos predisposici\u00f3n por parte de la Junta de Castilla y Le\u00f3n en Segovia, para agilizar los expedientes PACs, las Ayudas de Zona con Limitaciones e intentar permitir la quema de rastrojos y caceras. Se trataron muchos m\u00e1s temas como: concentraciones parcelarias, ataque de lobos, regad\u00edos, ganader\u00eda, gesti\u00f3n de purines y esti\u00e9rcoles, sanidad animal, \u2026 Se fijaron los precios de los pastos para la campa\u00f1a 2026, sin existir ninguna variaci\u00f3n respecto a los precios de 2025.<\/p>\n\n\n\n<p>A partir de ahora comienza la nueva sementera con el principal problema del precio del cereal y los costes de producci\u00f3n disparados (el precio del fertilizante en inasumible). Desde ASAJA estamos demandando de forma permanente un plan estrat\u00e9gico para proteger los cultivos extensivos y hacerles rentables, para que nuestros agricultores de secano tengan futuro y la sociedad alimentos de calidad.<\/p>\n","protected":false},"excerpt":{"rendered":"<p>Segovia, 17 de octubre de 2025.- Hoy a comenzado a pagarse los adelantos de los expedientes PACs 2025 en Castilla y Le\u00f3n. A partir de hoy y hasta el 30 de noviembre, los organismos pagadores de las comunidades aut\u00f3nomas que hayan solicitado fondos al FEGA, podr\u00e1n comenzar a realizar el pago de los anticipos (de [&hellip;]<\/p>\n","protected":false},"author":11,"featured_media":1983,"comment_status":"open","ping_status":"open","sticky":false,"template":"","format":"standard","meta":{"footnotes":""},"categories":[10,27,26],"tags":[],"yoast_head":"<!-- This site is optimized with the Yoast SEO plugin v24.5 - https:\/\/yoast.com\/wordpress\/plugins\/seo\/ -->\n<title>Comienzo de los pagos de la PAC 2025 - ASAJA Segovia<\/title>\n<meta name=\"description\" content=\"Segovia, 17 de octubre de 2025.- Hoy a comenzado a pagarse los adelantos de los expedientes PACs 2025 en Castilla y Le\u00f3n. A partir de hoy y hasta el 30 de\" \/>\n<meta name=\"robots\" content=\"index, follow, max-snippet:-1, max-image-preview:large, max-video-preview:-1\" \/>\n<link rel=\"canonical\" href=\"https:\/\/www.asajacyl.com\/segovia\/asaja-segovia-informa\/comienzo-de-los-pagos-de-la-pac-2025\" \/>\n<meta property=\"og:locale\" content=\"es_ES\" \/>\n<meta property=\"og:type\" content=\"article\" \/>\n<meta property=\"og:title\" content=\"Comienzo de los pagos de la PAC 2025 - ASAJA Segovia\" \/>\n<meta property=\"og:description\" content=\"Segovia, 17 de octubre de 2025.- Hoy a comenzado a pagarse los adelantos de los expedientes PACs 2025 en Castilla y Le\u00f3n. A partir de hoy y hasta el 30 de\" \/>\n<meta property=\"og:url\" content=\"https:\/\/www.asajacyl.com\/segovia\/asaja-segovia-informa\/comienzo-de-los-pagos-de-la-pac-2025\" \/>\n<meta property=\"og:site_name\" content=\"ASAJA Segovia\" \/>\n<meta property=\"article:published_time\" content=\"2025-10-17T11:47:34+00:00\" \/>\n<meta property=\"article:modified_time\" content=\"2025-10-17T11:47:36+00:00\" \/>\n<meta property=\"og:image\" content=\"https:\/\/www.asajacyl.com\/segovia\/wp-content\/uploads\/sites\/8\/2025\/10\/tractor-arando-1.jpg\" \/>\n\t<meta property=\"og:image:width\" content=\"1280\" \/>\n\t<meta property=\"og:image:height\" content=\"720\" \/>\n\t<meta property=\"og:image:type\" content=\"image\/jpeg\" \/>\n<meta name=\"author\" content=\"Alicia\" \/>\n<meta name=\"twitter:card\" content=\"summary_large_image\" \/>\n<meta name=\"twitter:label1\" content=\"Escrito por\" \/>\n\t<meta name=\"twitter:data1\" content=\"Alicia\" \/>\n\t<meta name=\"twitter:label2\" content=\"Tiempo de lectura\" \/>\n\t<meta name=\"twitter:data2\" content=\"3 minutos\" \/>\n<script type=\"application\/ld+json\" class=\"yoast-schema-graph\">{\"@context\":\"https:\/\/schema.org\",\"@graph\":[{\"@type\":\"WebPage\",\"@id\":\"https:\/\/www.asajacyl.com\/segovia\/asaja-segovia-informa\/comienzo-de-los-pagos-de-la-pac-2025\",\"url\":\"https:\/\/www.asajacyl.com\/segovia\/asaja-segovia-informa\/comienzo-de-los-pagos-de-la-pac-2025\",\"name\":\"Comienzo de los pagos de la PAC 2025 - ASAJA Segovia\",\"isPartOf\":{\"@id\":\"https:\/\/www.asajacyl.com\/segovia\/#website\"},\"primaryImageOfPage\":{\"@id\":\"https:\/\/www.asajacyl.com\/segovia\/asaja-segovia-informa\/comienzo-de-los-pagos-de-la-pac-2025#primaryimage\"},\"image\":{\"@id\":\"https:\/\/www.asajacyl.com\/segovia\/asaja-segovia-informa\/comienzo-de-los-pagos-de-la-pac-2025#primaryimage\"},\"thumbnailUrl\":\"https:\/\/www.asajacyl.com\/segovia\/wp-content\/uploads\/sites\/8\/2025\/10\/tractor-arando-1.jpg\",\"datePublished\":\"2025-10-17T11:47:34+00:00\",\"dateModified\":\"2025-10-17T11:47:36+00:00\",\"author\":{\"@id\":\"https:\/\/www.asajacyl.com\/segovia\/#\/schema\/person\/f044fca5805bb46713e11715709aef4d\"},\"description\":\"Segovia, 17 de octubre de 2025.- Hoy a comenzado a pagarse los adelantos de los expedientes PACs 2025 en Castilla y Le\u00f3n. A partir de hoy y hasta el 30 de\",\"breadcrumb\":{\"@id\":\"https:\/\/www.asajacyl.com\/segovia\/asaja-segovia-informa\/comienzo-de-los-pagos-de-la-pac-2025#breadcrumb\"},\"inLanguage\":\"es\",\"potentialAction\":[{\"@type\":\"ReadAction\",\"target\":[\"https:\/\/www.asajacyl.com\/segovia\/asaja-segovia-informa\/comienzo-de-los-pagos-de-la-pac-2025\"]}]},{\"@type\":\"ImageObject\",\"inLanguage\":\"es\",\"@id\":\"https:\/\/www.asajacyl.com\/segovia\/asaja-segovia-informa\/comienzo-de-los-pagos-de-la-pac-2025#primaryimage\",\"url\":\"https:\/\/www.asajacyl.com\/segovia\/wp-content\/uploads\/sites\/8\/2025\/10\/tractor-arando-1.jpg\",\"contentUrl\":\"https:\/\/www.asajacyl.com\/segovia\/wp-content\/uploads\/sites\/8\/2025\/10\/tractor-arando-1.jpg\",\"width\":1280,\"height\":720},{\"@type\":\"BreadcrumbList\",\"@id\":\"https:\/\/www.asajacyl.com\/segovia\/asaja-segovia-informa\/comienzo-de-los-pagos-de-la-pac-2025#breadcrumb\",\"itemListElement\":[{\"@type\":\"ListItem\",\"position\":1,\"name\":\"Portada\",\"item\":\"https:\/\/www.asajacyl.com\/segovia\/\"},{\"@type\":\"ListItem\",\"position\":2,\"name\":\"Comienzo de los pagos de la PAC 2025\"}]},{\"@type\":\"WebSite\",\"@id\":\"https:\/\/www.asajacyl.com\/segovia\/#website\",\"url\":\"https:\/\/www.asajacyl.com\/segovia\/\",\"name\":\"ASAJA Segovia\",\"description\":\"Otro sitio m\u00e1s de Provincias ASAJA Castilla y Le\u00f3n\",\"potentialAction\":[{\"@type\":\"SearchAction\",\"target\":{\"@type\":\"EntryPoint\",\"urlTemplate\":\"https:\/\/www.asajacyl.com\/segovia\/?s={search_term_string}\"},\"query-input\":{\"@type\":\"PropertyValueSpecification\",\"valueRequired\":true,\"valueName\":\"search_term_string\"}}],\"inLanguage\":\"es\"},{\"@type\":\"Person\",\"@id\":\"https:\/\/www.asajacyl.com\/segovia\/#\/schema\/person\/f044fca5805bb46713e11715709aef4d\",\"name\":\"Alicia\",\"image\":{\"@type\":\"ImageObject\",\"inLanguage\":\"es\",\"@id\":\"https:\/\/www.asajacyl.com\/segovia\/#\/schema\/person\/image\/\",\"url\":\"https:\/\/secure.gravatar.com\/avatar\/054cff43263e39aa6e74950dc4bb1690?s=96&d=mm&r=g\",\"contentUrl\":\"https:\/\/secure.gravatar.com\/avatar\/054cff43263e39aa6e74950dc4bb1690?s=96&d=mm&r=g\",\"caption\":\"Alicia\"},\"url\":\"https:\/\/www.asajacyl.com\/segovia\/author\/aliciasc\"}]}<\/script>\n<!-- \/ Yoast SEO plugin. -->","yoast_head_json":{"title":"Comienzo de los pagos de la PAC 2025 - ASAJA Segovia","description":"Segovia, 17 de octubre de 2025.- Hoy a comenzado a pagarse los adelantos de los expedientes PACs 2025 en Castilla y Le\u00f3n. A partir de hoy y hasta el 30 de","robots":{"index":"index","follow":"follow","max-snippet":"max-snippet:-1","max-image-preview":"max-image-preview:large","max-video-preview":"max-video-preview:-1"},"canonical":"https:\/\/www.asajacyl.com\/segovia\/asaja-segovia-informa\/comienzo-de-los-pagos-de-la-pac-2025","og_locale":"es_ES","og_type":"article","og_title":"Comienzo de los pagos de la PAC 2025 - ASAJA Segovia","og_description":"Segovia, 17 de octubre de 2025.- Hoy a comenzado a pagarse los adelantos de los expedientes PACs 2025 en Castilla y Le\u00f3n. A partir de hoy y hasta el 30 de","og_url":"https:\/\/www.asajacyl.com\/segovia\/asaja-segovia-informa\/comienzo-de-los-pagos-de-la-pac-2025","og_site_name":"ASAJA Segovia","article_published_time":"2025-10-17T11:47:34+00:00","article_modified_time":"2025-10-17T11:47:36+00:00","og_image":[{"width":1280,"height":720,"url":"https:\/\/www.asajacyl.com\/segovia\/wp-content\/uploads\/sites\/8\/2025\/10\/tractor-arando-1.jpg","type":"image\/jpeg"}],"author":"Alicia","twitter_card":"summary_large_image","twitter_misc":{"Escrito por":"Alicia","Tiempo de lectura":"3 minutos"},"schema":{"@context":"https:\/\/schema.org","@graph":[{"@type":"WebPage","@id":"https:\/\/www.asajacyl.com\/segovia\/asaja-segovia-informa\/comienzo-de-los-pagos-de-la-pac-2025","url":"https:\/\/www.asajacyl.com\/segovia\/asaja-segovia-informa\/comienzo-de-los-pagos-de-la-pac-2025","name":"Comienzo de los pagos de la PAC 2025 - ASAJA Segovia","isPartOf":{"@id":"https:\/\/www.asajacyl.com\/segovia\/#website"},"primaryImageOfPage":{"@id":"https:\/\/www.asajacyl.com\/segovia\/asaja-segovia-informa\/comienzo-de-los-pagos-de-la-pac-2025#primaryimage"},"image":{"@id":"https:\/\/www.asajacyl.com\/segovia\/asaja-segovia-informa\/comienzo-de-los-pagos-de-la-pac-2025#primaryimage"},"thumbnailUrl":"https:\/\/www.asajacyl.com\/segovia\/wp-content\/uploads\/sites\/8\/2025\/10\/tractor-arando-1.jpg","datePublished":"2025-10-17T11:47:34+00:00","dateModified":"2025-10-17T11:47:36+00:00","author":{"@id":"https:\/\/www.asajacyl.com\/segovia\/#\/schema\/person\/f044fca5805bb46713e11715709aef4d"},"description":"Segovia, 17 de octubre de 2025.- Hoy a comenzado a pagarse los adelantos de los expedientes PACs 2025 en Castilla y Le\u00f3n. A partir de hoy y hasta el 30 de","breadcrumb":{"@id":"https:\/\/www.asajacyl.com\/segovia\/asaja-segovia-informa\/comienzo-de-los-pagos-de-la-pac-2025#breadcrumb"},"inLanguage":"es","potentialAction":[{"@type":"ReadAction","target":["https:\/\/www.asajacyl.com\/segovia\/asaja-segovia-informa\/comienzo-de-los-pagos-de-la-pac-2025"]}]},{"@type":"ImageObject","inLanguage":"es","@id":"https:\/\/www.asajacyl.com\/segovia\/asaja-segovia-informa\/comienzo-de-los-pagos-de-la-pac-2025#primaryimage","url":"https:\/\/www.asajacyl.com\/segovia\/wp-content\/uploads\/sites\/8\/2025\/10\/tractor-arando-1.jpg","contentUrl":"https:\/\/www.asajacyl.com\/segovia\/wp-content\/uploads\/sites\/8\/2025\/10\/tractor-arando-1.jpg","width":1280,"height":720},{"@type":"BreadcrumbList","@id":"https:\/\/www.asajacyl.com\/segovia\/asaja-segovia-informa\/comienzo-de-los-pagos-de-la-pac-2025#breadcrumb","itemListElement":[{"@type":"ListItem","position":1,"name":"Portada","item":"https:\/\/www.asajacyl.com\/segovia\/"},{"@type":"ListItem","position":2,"name":"Comienzo de los pagos de la PAC 2025"}]},{"@type":"WebSite","@id":"https:\/\/www.asajacyl.com\/segovia\/#website","url":"https:\/\/www.asajacyl.com\/segovia\/","name":"ASAJA Segovia","description":"Otro sitio m\u00e1s de Provincias ASAJA Castilla y Le\u00f3n","potentialAction":[{"@type":"SearchAction","target":{"@type":"EntryPoint","urlTemplate":"https:\/\/www.asajacyl.com\/segovia\/?s={search_term_string}"},"query-input":{"@type":"PropertyValueSpecification","valueRequired":true,"valueName":"search_term_string"}}],"inLanguage":"es"},{"@type":"Person","@id":"https:\/\/www.asajacyl.com\/segovia\/#\/schema\/person\/f044fca5805bb46713e11715709aef4d","name":"Alicia","image":{"@type":"ImageObject","inLanguage":"es","@id":"https:\/\/www.asajacyl.com\/segovia\/#\/schema\/person\/image\/","url":"https:\/\/secure.gravatar.com\/avatar\/054cff43263e39aa6e74950dc4bb1690?s=96&d=mm&r=g","contentUrl":"https:\/\/secure.gravatar.com\/avatar\/054cff43263e39aa6e74950dc4bb1690?s=96&d=mm&r=g","caption":"Alicia"},"url":"https:\/\/www.asajacyl.com\/segovia\/author\/aliciasc"}]}},"_links":{"self":[{"href":"https:\/\/www.asajacyl.com\/segovia\/wp-json\/wp\/v2\/posts\/1982"}],"collection":[{"href":"https:\/\/www.asajacyl.com\/segovia\/wp-json\/wp\/v2\/posts"}],"about":[{"href":"https:\/\/www.asajacyl.com\/segovia\/wp-json\/wp\/v2\/types\/post"}],"author":[{"embeddable":true,"href":"https:\/\/www.asajacyl.com\/segovia\/wp-json\/wp\/v2\/users\/11"}],"replies":[{"embeddable":true,"href":"https:\/\/www.asajacyl.com\/segovia\/wp-json\/wp\/v2\/comments?post=1982"}],"version-history":[{"count":1,"href":"https:\/\/www.asajacyl.com\/segovia\/wp-json\/wp\/v2\/posts\/1982\/revisions"}],"predecessor-version":[{"id":1984,"href":"https:\/\/www.asajacyl.com\/segovia\/wp-json\/wp\/v2\/posts\/1982\/revisions\/1984"}],"wp:featuredmedia":[{"embeddable":true,"href":"https:\/\/www.asajacyl.com\/segovia\/wp-json\/wp\/v2\/media\/1983"}],"wp:attachment":[{"href":"https:\/\/www.asajacyl.com\/segovia\/wp-json\/wp\/v2\/media?parent=1982"}],"wp:term":[{"taxonomy":"category","embeddable":true,"href":"https:\/\/www.asajacyl.com\/segovia\/wp-json\/wp\/v2\/categories?post=1982"},{"taxonomy":"post_tag","embeddable":true,"href":"https:\/\/www.asajacyl.com\/segovia\/wp-json\/wp\/v2\/tags?post=1982"}],"curies":[{"name":"wp","href":"https:\/\/api.w.org\/{rel}","templated":true}]}}