{"id":1986,"date":"2025-10-23T14:21:29","date_gmt":"2025-10-23T12:21:29","guid":{"rendered":"https:\/\/www.asajacyl.com\/segovia\/?p=1986"},"modified":"2025-10-23T14:21:31","modified_gmt":"2025-10-23T12:21:31","slug":"la-junta-suspende-ferias-y-mercados-de-ganado-por-prevencion-frente-a-la-dermatosis-nodular-contagiosa","status":"publish","type":"post","link":"https:\/\/www.asajacyl.com\/segovia\/asaja-segovia-informa\/la-junta-suspende-ferias-y-mercados-de-ganado-por-prevencion-frente-a-la-dermatosis-nodular-contagiosa","title":{"rendered":"La Junta suspende ferias y mercados de ganado por prevenci\u00f3n frente a la Dermatosis Nodular Contagiosa"},"content":{"rendered":"\n<p>La Junta de Castilla y Le\u00f3n ha decidido suspender, a partir del pr\u00f3ximo s\u00e1bado y por un plazo de quince d\u00edas naturales, todas las ferias, mercados y concentraciones de ganado en la Comunidad. La medida tiene como objetivo&nbsp;<strong>reforzar las acciones preventivas frente a la Dermatosis Nodular Contagiosa (DNC)<\/strong>, una enfermedad v\u00edrica que afecta al ganado vacuno y que se transmite principalmente por vectores como insectos.<\/p>\n\n\n\n<p>La suspensi\u00f3n, de car\u00e1cter&nbsp;<strong>temporal, proporcionado y consensuado con los representantes del sector ganadero<\/strong>, responde al&nbsp;<strong>principio de m\u00e1xima precauci\u00f3n<\/strong>&nbsp;y busca&nbsp;<strong>proteger la sanidad animal y garantizar la estabilidad del sector<\/strong>. La decisi\u00f3n fue adoptada con el respaldo de las&nbsp;<strong>Organizaciones Profesionales Agrarias (OPAs)<\/strong>, la&nbsp;<strong>Uni\u00f3n Regional de Cooperativas Agrarias de Castilla y Le\u00f3n (URCACyL)<\/strong>&nbsp;y otras entidades del \u00e1mbito ganadero.<br><br>La resoluci\u00f3n oficial se publicar\u00e1 este viernes, 24 de octubre, en el&nbsp;<strong>Bolet\u00edn Oficial de Castilla y Le\u00f3n (BOCYL)<\/strong>, y estar\u00e1 sujeta a una&nbsp;<strong>revisi\u00f3n continua<\/strong>&nbsp;en funci\u00f3n de la evoluci\u00f3n epidemiol\u00f3gica. Esta actuaci\u00f3n se suma a las medidas adoptadas recientemente en comunidades vecinas como&nbsp;<strong>Cantabria y Asturias<\/strong>, donde tambi\u00e9n se han suspendido concentraciones ganaderas y reforzado los controles de movimientos y desinsectaci\u00f3n.<\/p>\n\n\n\n<h4 class=\"wp-block-heading\">Refuerzo de la bioseguridad<\/h4>\n\n\n\n<p>Junto a la suspensi\u00f3n de los eventos ganaderos, la Junta ha instado a los ganaderos, operadores y transportistas a&nbsp;<strong>extremar las medidas de bioseguridad<\/strong>&nbsp;en las explotaciones y durante los desplazamientos de animales.<br>Entre las recomendaciones principales destacan la&nbsp;<strong>limpieza, desinfecci\u00f3n y desinsectaci\u00f3n de los veh\u00edculos<\/strong>&nbsp;antes y despu\u00e9s de cada movimiento, el&nbsp;<strong>control de vectores en las explotaciones<\/strong>&nbsp;(mediante mosquiteras, manejo adecuado de esti\u00e9rcoles y control de zonas encharcadas), as\u00ed como la&nbsp;<strong>reducci\u00f3n de paradas y contactos innecesarios<\/strong>&nbsp;durante los traslados.<\/p>\n\n\n\n<p>Adem\u00e1s, se recuerda la importancia de&nbsp;<strong>mantener actualizados los registros de entrada y salida de animales<\/strong>, y de&nbsp;<strong>notificar de forma inmediata a los Servicios Veterinarios Oficiales<\/strong>&nbsp;cualquier sospecha o s\u00edntoma compatible con la enfermedad.<\/p>\n\n\n\n<h4 class=\"wp-block-heading\">Coordinaci\u00f3n nacional<\/h4>\n\n\n\n<p>La consejera de Agricultura, Ganader\u00eda y Desarrollo Rural,&nbsp;<strong>Mar\u00eda Gonz\u00e1lez Corral<\/strong>, traslad\u00f3 este martes al&nbsp;<strong>Ministerio de Agricultura, Pesca y Alimentaci\u00f3n (MAPA)<\/strong>&nbsp;la necesidad de que el Gobierno lidere una&nbsp;<strong>respuesta coordinada a nivel nacional<\/strong>&nbsp;frente a la DNC, con el fin de evitar su propagaci\u00f3n y armonizar las medidas preventivas entre territorios.<\/p>\n","protected":false},"excerpt":{"rendered":"<p>La Junta de Castilla y Le\u00f3n ha decidido suspender, a partir del pr\u00f3ximo s\u00e1bado y por un plazo de quince d\u00edas naturales, todas las ferias, mercados y concentraciones de ganado en la Comunidad. La medida tiene como objetivo&nbsp;reforzar las acciones preventivas frente a la Dermatosis Nodular Contagiosa (DNC), una enfermedad v\u00edrica que afecta al ganado [&hellip;]<\/p>\n","protected":false},"author":11,"featured_media":1987,"comment_status":"open","ping_status":"open","sticky":false,"template":"","format":"standard","meta":{"footnotes":""},"categories":[10,27,26],"tags":[],"yoast_head":"<!-- This site is optimized with the Yoast SEO plugin v24.5 - https:\/\/yoast.com\/wordpress\/plugins\/seo\/ -->\n<title>La Junta suspende ferias y mercados de ganado por prevenci\u00f3n frente a la Dermatosis Nodular Contagiosa - ASAJA Segovia<\/title>\n<meta name=\"description\" content=\"La Junta de Castilla y Le\u00f3n ha decidido suspender, a partir del pr\u00f3ximo s\u00e1bado y por un plazo de quince d\u00edas naturales, todas las ferias, mercados y\" \/>\n<meta name=\"robots\" content=\"index, follow, max-snippet:-1, max-image-preview:large, max-video-preview:-1\" \/>\n<link rel=\"canonical\" href=\"https:\/\/www.asajacyl.com\/segovia\/asaja-segovia-informa\/la-junta-suspende-ferias-y-mercados-de-ganado-por-prevencion-frente-a-la-dermatosis-nodular-contagiosa\" \/>\n<meta property=\"og:locale\" content=\"es_ES\" \/>\n<meta property=\"og:type\" content=\"article\" \/>\n<meta property=\"og:title\" content=\"La Junta suspende ferias y mercados de ganado por prevenci\u00f3n frente a la Dermatosis Nodular Contagiosa - ASAJA Segovia\" \/>\n<meta property=\"og:description\" content=\"La Junta de Castilla y Le\u00f3n ha decidido suspender, a partir del pr\u00f3ximo s\u00e1bado y por un plazo de quince d\u00edas naturales, todas las ferias, mercados y\" \/>\n<meta property=\"og:url\" content=\"https:\/\/www.asajacyl.com\/segovia\/asaja-segovia-informa\/la-junta-suspende-ferias-y-mercados-de-ganado-por-prevencion-frente-a-la-dermatosis-nodular-contagiosa\" \/>\n<meta property=\"og:site_name\" content=\"ASAJA Segovia\" \/>\n<meta property=\"article:published_time\" content=\"2025-10-23T12:21:29+00:00\" \/>\n<meta property=\"article:modified_time\" content=\"2025-10-23T12:21:31+00:00\" \/>\n<meta property=\"og:image\" content=\"https:\/\/www.asajacyl.com\/segovia\/wp-content\/uploads\/sites\/8\/2025\/10\/04.-Nodulos-en-ubres-fotografia-de-Tsviatko-Alexandrov.jpg\" \/>\n\t<meta property=\"og:image:width\" content=\"1280\" \/>\n\t<meta property=\"og:image:height\" content=\"720\" \/>\n\t<meta property=\"og:image:type\" content=\"image\/jpeg\" \/>\n<meta name=\"author\" content=\"Alicia\" \/>\n<meta name=\"twitter:card\" content=\"summary_large_image\" \/>\n<meta name=\"twitter:label1\" content=\"Escrito por\" \/>\n\t<meta name=\"twitter:data1\" content=\"Alicia\" \/>\n\t<meta name=\"twitter:label2\" content=\"Tiempo de lectura\" \/>\n\t<meta name=\"twitter:data2\" content=\"2 minutos\" \/>\n<script type=\"application\/ld+json\" class=\"yoast-schema-graph\">{\"@context\":\"https:\/\/schema.org\",\"@graph\":[{\"@type\":\"WebPage\",\"@id\":\"https:\/\/www.asajacyl.com\/segovia\/asaja-segovia-informa\/la-junta-suspende-ferias-y-mercados-de-ganado-por-prevencion-frente-a-la-dermatosis-nodular-contagiosa\",\"url\":\"https:\/\/www.asajacyl.com\/segovia\/asaja-segovia-informa\/la-junta-suspende-ferias-y-mercados-de-ganado-por-prevencion-frente-a-la-dermatosis-nodular-contagiosa\",\"name\":\"La Junta suspende ferias y mercados de ganado por prevenci\u00f3n frente a la Dermatosis Nodular Contagiosa - ASAJA Segovia\",\"isPartOf\":{\"@id\":\"https:\/\/www.asajacyl.com\/segovia\/#website\"},\"primaryImageOfPage\":{\"@id\":\"https:\/\/www.asajacyl.com\/segovia\/asaja-segovia-informa\/la-junta-suspende-ferias-y-mercados-de-ganado-por-prevencion-frente-a-la-dermatosis-nodular-contagiosa#primaryimage\"},\"image\":{\"@id\":\"https:\/\/www.asajacyl.com\/segovia\/asaja-segovia-informa\/la-junta-suspende-ferias-y-mercados-de-ganado-por-prevencion-frente-a-la-dermatosis-nodular-contagiosa#primaryimage\"},\"thumbnailUrl\":\"https:\/\/www.asajacyl.com\/segovia\/wp-content\/uploads\/sites\/8\/2025\/10\/04.-Nodulos-en-ubres-fotografia-de-Tsviatko-Alexandrov.jpg\",\"datePublished\":\"2025-10-23T12:21:29+00:00\",\"dateModified\":\"2025-10-23T12:21:31+00:00\",\"author\":{\"@id\":\"https:\/\/www.asajacyl.com\/segovia\/#\/schema\/person\/f044fca5805bb46713e11715709aef4d\"},\"description\":\"La Junta de Castilla y Le\u00f3n ha decidido suspender, a partir del pr\u00f3ximo s\u00e1bado y por un plazo de quince d\u00edas naturales, todas las ferias, mercados y\",\"breadcrumb\":{\"@id\":\"https:\/\/www.asajacyl.com\/segovia\/asaja-segovia-informa\/la-junta-suspende-ferias-y-mercados-de-ganado-por-prevencion-frente-a-la-dermatosis-nodular-contagiosa#breadcrumb\"},\"inLanguage\":\"es\",\"potentialAction\":[{\"@type\":\"ReadAction\",\"target\":[\"https:\/\/www.asajacyl.com\/segovia\/asaja-segovia-informa\/la-junta-suspende-ferias-y-mercados-de-ganado-por-prevencion-frente-a-la-dermatosis-nodular-contagiosa\"]}]},{\"@type\":\"ImageObject\",\"inLanguage\":\"es\",\"@id\":\"https:\/\/www.asajacyl.com\/segovia\/asaja-segovia-informa\/la-junta-suspende-ferias-y-mercados-de-ganado-por-prevencion-frente-a-la-dermatosis-nodular-contagiosa#primaryimage\",\"url\":\"https:\/\/www.asajacyl.com\/segovia\/wp-content\/uploads\/sites\/8\/2025\/10\/04.-Nodulos-en-ubres-fotografia-de-Tsviatko-Alexandrov.jpg\",\"contentUrl\":\"https:\/\/www.asajacyl.com\/segovia\/wp-content\/uploads\/sites\/8\/2025\/10\/04.-Nodulos-en-ubres-fotografia-de-Tsviatko-Alexandrov.jpg\",\"width\":1280,\"height\":720},{\"@type\":\"BreadcrumbList\",\"@id\":\"https:\/\/www.asajacyl.com\/segovia\/asaja-segovia-informa\/la-junta-suspende-ferias-y-mercados-de-ganado-por-prevencion-frente-a-la-dermatosis-nodular-contagiosa#breadcrumb\",\"itemListElement\":[{\"@type\":\"ListItem\",\"position\":1,\"name\":\"Portada\",\"item\":\"https:\/\/www.asajacyl.com\/segovia\/\"},{\"@type\":\"ListItem\",\"position\":2,\"name\":\"La Junta suspende ferias y mercados de ganado por prevenci\u00f3n frente a la Dermatosis Nodular Contagiosa\"}]},{\"@type\":\"WebSite\",\"@id\":\"https:\/\/www.asajacyl.com\/segovia\/#website\",\"url\":\"https:\/\/www.asajacyl.com\/segovia\/\",\"name\":\"ASAJA Segovia\",\"description\":\"Otro sitio m\u00e1s de Provincias ASAJA Castilla y Le\u00f3n\",\"potentialAction\":[{\"@type\":\"SearchAction\",\"target\":{\"@type\":\"EntryPoint\",\"urlTemplate\":\"https:\/\/www.asajacyl.com\/segovia\/?s={search_term_string}\"},\"query-input\":{\"@type\":\"PropertyValueSpecification\",\"valueRequired\":true,\"valueName\":\"search_term_string\"}}],\"inLanguage\":\"es\"},{\"@type\":\"Person\",\"@id\":\"https:\/\/www.asajacyl.com\/segovia\/#\/schema\/person\/f044fca5805bb46713e11715709aef4d\",\"name\":\"Alicia\",\"image\":{\"@type\":\"ImageObject\",\"inLanguage\":\"es\",\"@id\":\"https:\/\/www.asajacyl.com\/segovia\/#\/schema\/person\/image\/\",\"url\":\"https:\/\/secure.gravatar.com\/avatar\/054cff43263e39aa6e74950dc4bb1690?s=96&d=mm&r=g\",\"contentUrl\":\"https:\/\/secure.gravatar.com\/avatar\/054cff43263e39aa6e74950dc4bb1690?s=96&d=mm&r=g\",\"caption\":\"Alicia\"},\"url\":\"https:\/\/www.asajacyl.com\/segovia\/author\/aliciasc\"}]}<\/script>\n<!-- \/ Yoast SEO plugin. -->","yoast_head_json":{"title":"La Junta suspende ferias y mercados de ganado por prevenci\u00f3n frente a la Dermatosis Nodular Contagiosa - ASAJA Segovia","description":"La Junta de Castilla y Le\u00f3n ha decidido suspender, a partir del pr\u00f3ximo s\u00e1bado y por un plazo de quince d\u00edas naturales, todas las ferias, mercados y","robots":{"index":"index","follow":"follow","max-snippet":"max-snippet:-1","max-image-preview":"max-image-preview:large","max-video-preview":"max-video-preview:-1"},"canonical":"https:\/\/www.asajacyl.com\/segovia\/asaja-segovia-informa\/la-junta-suspende-ferias-y-mercados-de-ganado-por-prevencion-frente-a-la-dermatosis-nodular-contagiosa","og_locale":"es_ES","og_type":"article","og_title":"La Junta suspende ferias y mercados de ganado por prevenci\u00f3n frente a la Dermatosis Nodular Contagiosa - ASAJA Segovia","og_description":"La Junta de Castilla y Le\u00f3n ha decidido suspender, a partir del pr\u00f3ximo s\u00e1bado y por un plazo de quince d\u00edas naturales, todas las ferias, mercados y","og_url":"https:\/\/www.asajacyl.com\/segovia\/asaja-segovia-informa\/la-junta-suspende-ferias-y-mercados-de-ganado-por-prevencion-frente-a-la-dermatosis-nodular-contagiosa","og_site_name":"ASAJA Segovia","article_published_time":"2025-10-23T12:21:29+00:00","article_modified_time":"2025-10-23T12:21:31+00:00","og_image":[{"width":1280,"height":720,"url":"https:\/\/www.asajacyl.com\/segovia\/wp-content\/uploads\/sites\/8\/2025\/10\/04.-Nodulos-en-ubres-fotografia-de-Tsviatko-Alexandrov.jpg","type":"image\/jpeg"}],"author":"Alicia","twitter_card":"summary_large_image","twitter_misc":{"Escrito por":"Alicia","Tiempo de lectura":"2 minutos"},"schema":{"@context":"https:\/\/schema.org","@graph":[{"@type":"WebPage","@id":"https:\/\/www.asajacyl.com\/segovia\/asaja-segovia-informa\/la-junta-suspende-ferias-y-mercados-de-ganado-por-prevencion-frente-a-la-dermatosis-nodular-contagiosa","url":"https:\/\/www.asajacyl.com\/segovia\/asaja-segovia-informa\/la-junta-suspende-ferias-y-mercados-de-ganado-por-prevencion-frente-a-la-dermatosis-nodular-contagiosa","name":"La Junta suspende ferias y mercados de ganado por prevenci\u00f3n frente a la Dermatosis Nodular Contagiosa - ASAJA Segovia","isPartOf":{"@id":"https:\/\/www.asajacyl.com\/segovia\/#website"},"primaryImageOfPage":{"@id":"https:\/\/www.asajacyl.com\/segovia\/asaja-segovia-informa\/la-junta-suspende-ferias-y-mercados-de-ganado-por-prevencion-frente-a-la-dermatosis-nodular-contagiosa#primaryimage"},"image":{"@id":"https:\/\/www.asajacyl.com\/segovia\/asaja-segovia-informa\/la-junta-suspende-ferias-y-mercados-de-ganado-por-prevencion-frente-a-la-dermatosis-nodular-contagiosa#primaryimage"},"thumbnailUrl":"https:\/\/www.asajacyl.com\/segovia\/wp-content\/uploads\/sites\/8\/2025\/10\/04.-Nodulos-en-ubres-fotografia-de-Tsviatko-Alexandrov.jpg","datePublished":"2025-10-23T12:21:29+00:00","dateModified":"2025-10-23T12:21:31+00:00","author":{"@id":"https:\/\/www.asajacyl.com\/segovia\/#\/schema\/person\/f044fca5805bb46713e11715709aef4d"},"description":"La Junta de Castilla y Le\u00f3n ha decidido suspender, a partir del pr\u00f3ximo s\u00e1bado y por un plazo de quince d\u00edas naturales, todas las ferias, mercados y","breadcrumb":{"@id":"https:\/\/www.asajacyl.com\/segovia\/asaja-segovia-informa\/la-junta-suspende-ferias-y-mercados-de-ganado-por-prevencion-frente-a-la-dermatosis-nodular-contagiosa#breadcrumb"},"inLanguage":"es","potentialAction":[{"@type":"ReadAction","target":["https:\/\/www.asajacyl.com\/segovia\/asaja-segovia-informa\/la-junta-suspende-ferias-y-mercados-de-ganado-por-prevencion-frente-a-la-dermatosis-nodular-contagiosa"]}]},{"@type":"ImageObject","inLanguage":"es","@id":"https:\/\/www.asajacyl.com\/segovia\/asaja-segovia-informa\/la-junta-suspende-ferias-y-mercados-de-ganado-por-prevencion-frente-a-la-dermatosis-nodular-contagiosa#primaryimage","url":"https:\/\/www.asajacyl.com\/segovia\/wp-content\/uploads\/sites\/8\/2025\/10\/04.-Nodulos-en-ubres-fotografia-de-Tsviatko-Alexandrov.jpg","contentUrl":"https:\/\/www.asajacyl.com\/segovia\/wp-content\/uploads\/sites\/8\/2025\/10\/04.-Nodulos-en-ubres-fotografia-de-Tsviatko-Alexandrov.jpg","width":1280,"height":720},{"@type":"BreadcrumbList","@id":"https:\/\/www.asajacyl.com\/segovia\/asaja-segovia-informa\/la-junta-suspende-ferias-y-mercados-de-ganado-por-prevencion-frente-a-la-dermatosis-nodular-contagiosa#breadcrumb","itemListElement":[{"@type":"ListItem","position":1,"name":"Portada","item":"https:\/\/www.asajacyl.com\/segovia\/"},{"@type":"ListItem","position":2,"name":"La Junta suspende ferias y mercados de ganado por prevenci\u00f3n frente a la Dermatosis Nodular Contagiosa"}]},{"@type":"WebSite","@id":"https:\/\/www.asajacyl.com\/segovia\/#website","url":"https:\/\/www.asajacyl.com\/segovia\/","name":"ASAJA Segovia","description":"Otro sitio m\u00e1s de Provincias ASAJA Castilla y Le\u00f3n","potentialAction":[{"@type":"SearchAction","target":{"@type":"EntryPoint","urlTemplate":"https:\/\/www.asajacyl.com\/segovia\/?s={search_term_string}"},"query-input":{"@type":"PropertyValueSpecification","valueRequired":true,"valueName":"search_term_string"}}],"inLanguage":"es"},{"@type":"Person","@id":"https:\/\/www.asajacyl.com\/segovia\/#\/schema\/person\/f044fca5805bb46713e11715709aef4d","name":"Alicia","image":{"@type":"ImageObject","inLanguage":"es","@id":"https:\/\/www.asajacyl.com\/segovia\/#\/schema\/person\/image\/","url":"https:\/\/secure.gravatar.com\/avatar\/054cff43263e39aa6e74950dc4bb1690?s=96&d=mm&r=g","contentUrl":"https:\/\/secure.gravatar.com\/avatar\/054cff43263e39aa6e74950dc4bb1690?s=96&d=mm&r=g","caption":"Alicia"},"url":"https:\/\/www.asajacyl.com\/segovia\/author\/aliciasc"}]}},"_links":{"self":[{"href":"https:\/\/www.asajacyl.com\/segovia\/wp-json\/wp\/v2\/posts\/1986"}],"collection":[{"href":"https:\/\/www.asajacyl.com\/segovia\/wp-json\/wp\/v2\/posts"}],"about":[{"href":"https:\/\/www.asajacyl.com\/segovia\/wp-json\/wp\/v2\/types\/post"}],"author":[{"embeddable":true,"href":"https:\/\/www.asajacyl.com\/segovia\/wp-json\/wp\/v2\/users\/11"}],"replies":[{"embeddable":true,"href":"https:\/\/www.asajacyl.com\/segovia\/wp-json\/wp\/v2\/comments?post=1986"}],"version-history":[{"count":1,"href":"https:\/\/www.asajacyl.com\/segovia\/wp-json\/wp\/v2\/posts\/1986\/revisions"}],"predecessor-version":[{"id":1988,"href":"https:\/\/www.asajacyl.com\/segovia\/wp-json\/wp\/v2\/posts\/1986\/revisions\/1988"}],"wp:featuredmedia":[{"embeddable":true,"href":"https:\/\/www.asajacyl.com\/segovia\/wp-json\/wp\/v2\/media\/1987"}],"wp:attachment":[{"href":"https:\/\/www.asajacyl.com\/segovia\/wp-json\/wp\/v2\/media?parent=1986"}],"wp:term":[{"taxonomy":"category","embeddable":true,"href":"https:\/\/www.asajacyl.com\/segovia\/wp-json\/wp\/v2\/categories?post=1986"},{"taxonomy":"post_tag","embeddable":true,"href":"https:\/\/www.asajacyl.com\/segovia\/wp-json\/wp\/v2\/tags?post=1986"}],"curies":[{"name":"wp","href":"https:\/\/api.w.org\/{rel}","templated":true}]}}